{"id":30241,"date":"2024-09-27T11:56:11","date_gmt":"2024-09-27T14:56:11","guid":{"rendered":"https:\/\/portalmf.com.br\/?p=30241"},"modified":"2024-09-27T11:56:12","modified_gmt":"2024-09-27T14:56:12","slug":"mpt-alerta-para-crescimento-do-assedio-eleitoral-no-trabalho-em-2024","status":"publish","type":"post","link":"https:\/\/portalmf.com.br\/index.php\/2024\/09\/27\/mpt-alerta-para-crescimento-do-assedio-eleitoral-no-trabalho-em-2024\/","title":{"rendered":"MPT alerta para crescimento do ass\u00e9dio eleitoral no trabalho em 2024"},"content":{"rendered":"\n<p>Ass\u00e9dio eleitoral neste ano. \u00c9 mais de quatro vezes o n\u00famero do primeiro turno das elei\u00e7\u00f5es de 2022, com 68 queixas. Do total, 265 foram feitos por pessoas distintas, sem repeti\u00e7\u00e3o, refor\u00e7ando a gravidade do problema.<\/p>\n\n\n\n<p><em>\u201cNosso pa\u00eds tem uma heran\u00e7a de trabalho baseada na escravid\u00e3o. Esse pensamento ainda se reflete nas pr\u00e1ticas de muitos empregadores, que acreditam ter o direito de controlar as escolhas pessoais de seus funcion\u00e1rios, como o voto. Isso \u00e9 crime e deve ser denunciado\u201d<\/em>, afirma o advogado especialista em Direito do Trabalho, Giovanni Cesar. Para ele, al\u00e9m de ferir o direito \u00e0 liberdade de escolha, o ass\u00e9dio eleitoral afeta diretamente a dignidade do trabalhador, de acordo com o especialista.<\/p>\n\n\n\n<p><strong>SAIBA O QUE FAZER<\/strong><\/p>\n\n\n\n<p>Segundo o MPT, diante de uma situa\u00e7\u00e3o de ass\u00e9dio eleitoral, trabalhadores e trabalhadoras podem denunciar ao Minist\u00e9rio ou a sindicatos&nbsp;<a href=\"https:\/\/centraissindicais.org.br\/ae\/\" target=\"_blank\" rel=\"noreferrer noopener\"><strong>AQUI.<\/strong><\/a>&nbsp;Recentemente, foi lan\u00e7ado um aplicativo que permite o envio de den\u00fancias de maneira r\u00e1pida e pr\u00e1tica, por meio de um QR Code dispon\u00edvel nos sites das entidades sindicais.<\/p>\n\n\n\n<p>Al\u00e9m da den\u00fancia, \u00e9 poss\u00edvel de buscar repara\u00e7\u00e3o judicial, pois o ass\u00e9dio eleitoral pode causar danos morais e gerar a\u00e7\u00f5es trabalhistas, nas quais o empregado pode pedir indeniza\u00e7\u00e3o. Veja como fazer, segundo Giovanni Cesar:<\/p>\n\n\n\n<p><strong>&gt;&gt; Documentar tudo:&nbsp;<\/strong>Guardar&nbsp;provas&nbsp;como mensagens, e-mails e conversas que possam evidenciar a press\u00e3o.<\/p>\n\n\n\n<p><strong>&gt;&gt; Buscar apoio dos demais:&nbsp;<\/strong>Se outros funcion\u00e1rios tamb\u00e9m estiverem sendo pressionados, denunciem em conjunto para fortalecer a queixa.<\/p>\n\n\n\n<p><strong>&gt;&gt; Procurar ajuda: &nbsp;<\/strong>N\u00e3o deixe o problema se agravar. O MPT e os sindicatos est\u00e3o \u00e0 disposi\u00e7\u00e3o para dar suporte.<\/p>\n\n\n\n<p><strong>&gt;&gt; Manter sigilo:&nbsp;<\/strong>O voto \u00e9 secreto, e o empregador n\u00e3o pode exigir que voc\u00ea revele em quem votou. Mantenha sua escolha confidencial.<\/p>\n\n\n\n<p><em>Fonte: Portal CTB, com informa\u00e7\u00f5es do MPT<\/em><\/p>\n","protected":false},"excerpt":{"rendered":"<p>Ass\u00e9dio eleitoral neste ano. \u00c9 mais de quatro vezes o n\u00famero do primeiro turno das elei\u00e7\u00f5es de 2022, com 68 queixas. Do total, 265 foram feitos por pessoas distintas, sem repeti\u00e7\u00e3o, refor\u00e7ando a gravidade do problema. \u201cNosso pa\u00eds tem uma heran\u00e7a de trabalho baseada na escravid\u00e3o. Esse pensamento ainda se reflete nas pr\u00e1ticas de muitos [&hellip;]<\/p>\n","protected":false},"author":3,"featured_media":5531,"comment_status":"open","ping_status":"open","sticky":false,"template":"","format":"standard","meta":{"_monsterinsights_skip_tracking":false,"_monsterinsights_sitenote_active":false,"_monsterinsights_sitenote_note":"","_monsterinsights_sitenote_category":0,"footnotes":""},"categories":[301,34],"tags":[],"yoast_head":"<!-- This site is optimized with the Yoast SEO plugin v22.9 - https:\/\/yoast.com\/wordpress\/plugins\/seo\/ -->\n<title>MPT alerta para crescimento do ass\u00e9dio eleitoral no trabalho em 2024 - Portal MF<\/title>\n<meta name=\"robots\" content=\"index, follow, max-snippet:-1, max-image-preview:large, max-video-preview:-1\" \/>\n<link rel=\"canonical\" href=\"https:\/\/portalmf.com.br\/index.php\/2024\/09\/27\/mpt-alerta-para-crescimento-do-assedio-eleitoral-no-trabalho-em-2024\/\" \/>\n<meta property=\"og:locale\" content=\"pt_BR\" \/>\n<meta property=\"og:type\" content=\"article\" \/>\n<meta property=\"og:title\" content=\"MPT alerta para crescimento do ass\u00e9dio eleitoral no trabalho em 2024 - Portal MF\" \/>\n<meta property=\"og:description\" content=\"Ass\u00e9dio eleitoral neste ano. \u00c9 mais de quatro vezes o n\u00famero do primeiro turno das elei\u00e7\u00f5es de 2022, com 68 queixas. Do total, 265 foram feitos por pessoas distintas, sem repeti\u00e7\u00e3o, refor\u00e7ando a gravidade do problema. \u201cNosso pa\u00eds tem uma heran\u00e7a de trabalho baseada na escravid\u00e3o. Esse pensamento ainda se reflete nas pr\u00e1ticas de muitos [&hellip;]\" \/>\n<meta property=\"og:url\" content=\"https:\/\/portalmf.com.br\/index.php\/2024\/09\/27\/mpt-alerta-para-crescimento-do-assedio-eleitoral-no-trabalho-em-2024\/\" \/>\n<meta property=\"og:site_name\" content=\"Portal MF\" \/>\n<meta property=\"article:author\" content=\"https:\/\/www.facebook.com\/portalmfoficial\" \/>\n<meta property=\"article:published_time\" content=\"2024-09-27T14:56:11+00:00\" \/>\n<meta property=\"article:modified_time\" content=\"2024-09-27T14:56:12+00:00\" \/>\n<meta property=\"og:image\" content=\"https:\/\/portalmf.com.br\/wp-content\/uploads\/2022\/10\/urna-eletronica.jpg\" \/>\n\t<meta property=\"og:image:width\" content=\"1170\" \/>\n\t<meta property=\"og:image:height\" content=\"700\" \/>\n\t<meta property=\"og:image:type\" content=\"image\/jpeg\" \/>\n<meta name=\"author\" content=\"Reda\u00e7\u00e3o Portal MF\" \/>\n<meta name=\"twitter:card\" content=\"summary_large_image\" \/>\n<meta name=\"twitter:creator\" content=\"@https:\/\/x.com\/portalmfoficial\" \/>\n<meta name=\"twitter:label1\" content=\"Escrito por\" \/>\n\t<meta name=\"twitter:data1\" content=\"Reda\u00e7\u00e3o Portal MF\" \/>\n\t<meta name=\"twitter:label2\" content=\"Est. tempo de leitura\" \/>\n\t<meta name=\"twitter:data2\" content=\"2 minutos\" \/>\n<script type=\"application\/ld+json\" class=\"yoast-schema-graph\">{\"@context\":\"https:\/\/schema.org\",\"@graph\":[{\"@type\":\"WebPage\",\"@id\":\"https:\/\/portalmf.com.br\/index.php\/2024\/09\/27\/mpt-alerta-para-crescimento-do-assedio-eleitoral-no-trabalho-em-2024\/\",\"url\":\"https:\/\/portalmf.com.br\/index.php\/2024\/09\/27\/mpt-alerta-para-crescimento-do-assedio-eleitoral-no-trabalho-em-2024\/\",\"name\":\"MPT alerta para crescimento do ass\u00e9dio eleitoral no trabalho em 2024 - Portal MF\",\"isPartOf\":{\"@id\":\"https:\/\/portalmf.com.br\/#website\"},\"primaryImageOfPage\":{\"@id\":\"https:\/\/portalmf.com.br\/index.php\/2024\/09\/27\/mpt-alerta-para-crescimento-do-assedio-eleitoral-no-trabalho-em-2024\/#primaryimage\"},\"image\":{\"@id\":\"https:\/\/portalmf.com.br\/index.php\/2024\/09\/27\/mpt-alerta-para-crescimento-do-assedio-eleitoral-no-trabalho-em-2024\/#primaryimage\"},\"thumbnailUrl\":\"https:\/\/portalmf.com.br\/wp-content\/uploads\/2022\/10\/urna-eletronica.jpg\",\"datePublished\":\"2024-09-27T14:56:11+00:00\",\"dateModified\":\"2024-09-27T14:56:12+00:00\",\"author\":{\"@id\":\"https:\/\/portalmf.com.br\/#\/schema\/person\/9ec101baf56233e53520c26de5d6f6f0\"},\"breadcrumb\":{\"@id\":\"https:\/\/portalmf.com.br\/index.php\/2024\/09\/27\/mpt-alerta-para-crescimento-do-assedio-eleitoral-no-trabalho-em-2024\/#breadcrumb\"},\"inLanguage\":\"pt-BR\",\"potentialAction\":[{\"@type\":\"ReadAction\",\"target\":[\"https:\/\/portalmf.com.br\/index.php\/2024\/09\/27\/mpt-alerta-para-crescimento-do-assedio-eleitoral-no-trabalho-em-2024\/\"]}]},{\"@type\":\"ImageObject\",\"inLanguage\":\"pt-BR\",\"@id\":\"https:\/\/portalmf.com.br\/index.php\/2024\/09\/27\/mpt-alerta-para-crescimento-do-assedio-eleitoral-no-trabalho-em-2024\/#primaryimage\",\"url\":\"https:\/\/portalmf.com.br\/wp-content\/uploads\/2022\/10\/urna-eletronica.jpg\",\"contentUrl\":\"https:\/\/portalmf.com.br\/wp-content\/uploads\/2022\/10\/urna-eletronica.jpg\",\"width\":1170,\"height\":700,\"caption\":\"TSE - Tribunal Superior Eleitoral Urna eletr\u00f4nica\"},{\"@type\":\"BreadcrumbList\",\"@id\":\"https:\/\/portalmf.com.br\/index.php\/2024\/09\/27\/mpt-alerta-para-crescimento-do-assedio-eleitoral-no-trabalho-em-2024\/#breadcrumb\",\"itemListElement\":[{\"@type\":\"ListItem\",\"position\":1,\"name\":\"In\u00edcio\",\"item\":\"https:\/\/portalmf.com.br\/\"},{\"@type\":\"ListItem\",\"position\":2,\"name\":\"MPT alerta para crescimento do ass\u00e9dio eleitoral no trabalho em 2024\"}]},{\"@type\":\"WebSite\",\"@id\":\"https:\/\/portalmf.com.br\/#website\",\"url\":\"https:\/\/portalmf.com.br\/\",\"name\":\"Portal MF\",\"description\":\"Voc\u00ea conectado com a informa\u00e7\u00e3o\",\"potentialAction\":[{\"@type\":\"SearchAction\",\"target\":{\"@type\":\"EntryPoint\",\"urlTemplate\":\"https:\/\/portalmf.com.br\/?s={search_term_string}\"},\"query-input\":\"required name=search_term_string\"}],\"inLanguage\":\"pt-BR\"},{\"@type\":\"Person\",\"@id\":\"https:\/\/portalmf.com.br\/#\/schema\/person\/9ec101baf56233e53520c26de5d6f6f0\",\"name\":\"Reda\u00e7\u00e3o Portal MF\",\"image\":{\"@type\":\"ImageObject\",\"inLanguage\":\"pt-BR\",\"@id\":\"https:\/\/portalmf.com.br\/#\/schema\/person\/image\/\",\"url\":\"https:\/\/secure.gravatar.com\/avatar\/41b9aaeb2100835f7c64362330f74c7f?s=96&d=mm&r=g\",\"contentUrl\":\"https:\/\/secure.gravatar.com\/avatar\/41b9aaeb2100835f7c64362330f74c7f?s=96&d=mm&r=g\",\"caption\":\"Reda\u00e7\u00e3o Portal MF\"},\"description\":\"Sejam bem-vindos o portal de informa\u00e7\u00f5es de entretenimento de Feira de Santana, desde 2006 realiza coberturas dos principais eventos com entrevistas exclusivas com as principais personalidades mundiais. Fique conectado tamb\u00e9m nas redes sociais.\",\"sameAs\":[\"http:\/\/www.portalmf.com.br\/\",\"https:\/\/www.facebook.com\/portalmfoficial\",\"https:\/\/www.instagram.com\/portalmf\/\",\"https:\/\/x.com\/https:\/\/x.com\/portalmfoficial\",\"https:\/\/www.youtube.com\/@portalmfoficial\"],\"url\":\"https:\/\/portalmf.com.br\/index.php\/author\/junior\/\"}]}<\/script>\n<!-- \/ Yoast SEO plugin. -->","yoast_head_json":{"title":"MPT alerta para crescimento do ass\u00e9dio eleitoral no trabalho em 2024 - Portal MF","robots":{"index":"index","follow":"follow","max-snippet":"max-snippet:-1","max-image-preview":"max-image-preview:large","max-video-preview":"max-video-preview:-1"},"canonical":"https:\/\/portalmf.com.br\/index.php\/2024\/09\/27\/mpt-alerta-para-crescimento-do-assedio-eleitoral-no-trabalho-em-2024\/","og_locale":"pt_BR","og_type":"article","og_title":"MPT alerta para crescimento do ass\u00e9dio eleitoral no trabalho em 2024 - Portal MF","og_description":"Ass\u00e9dio eleitoral neste ano. \u00c9 mais de quatro vezes o n\u00famero do primeiro turno das elei\u00e7\u00f5es de 2022, com 68 queixas. Do total, 265 foram feitos por pessoas distintas, sem repeti\u00e7\u00e3o, refor\u00e7ando a gravidade do problema. \u201cNosso pa\u00eds tem uma heran\u00e7a de trabalho baseada na escravid\u00e3o. Esse pensamento ainda se reflete nas pr\u00e1ticas de muitos [&hellip;]","og_url":"https:\/\/portalmf.com.br\/index.php\/2024\/09\/27\/mpt-alerta-para-crescimento-do-assedio-eleitoral-no-trabalho-em-2024\/","og_site_name":"Portal MF","article_author":"https:\/\/www.facebook.com\/portalmfoficial","article_published_time":"2024-09-27T14:56:11+00:00","article_modified_time":"2024-09-27T14:56:12+00:00","og_image":[{"width":1170,"height":700,"url":"https:\/\/portalmf.com.br\/wp-content\/uploads\/2022\/10\/urna-eletronica.jpg","type":"image\/jpeg"}],"author":"Reda\u00e7\u00e3o Portal MF","twitter_card":"summary_large_image","twitter_creator":"@https:\/\/x.com\/portalmfoficial","twitter_misc":{"Escrito por":"Reda\u00e7\u00e3o Portal MF","Est. tempo de leitura":"2 minutos"},"schema":{"@context":"https:\/\/schema.org","@graph":[{"@type":"WebPage","@id":"https:\/\/portalmf.com.br\/index.php\/2024\/09\/27\/mpt-alerta-para-crescimento-do-assedio-eleitoral-no-trabalho-em-2024\/","url":"https:\/\/portalmf.com.br\/index.php\/2024\/09\/27\/mpt-alerta-para-crescimento-do-assedio-eleitoral-no-trabalho-em-2024\/","name":"MPT alerta para crescimento do ass\u00e9dio eleitoral no trabalho em 2024 - Portal MF","isPartOf":{"@id":"https:\/\/portalmf.com.br\/#website"},"primaryImageOfPage":{"@id":"https:\/\/portalmf.com.br\/index.php\/2024\/09\/27\/mpt-alerta-para-crescimento-do-assedio-eleitoral-no-trabalho-em-2024\/#primaryimage"},"image":{"@id":"https:\/\/portalmf.com.br\/index.php\/2024\/09\/27\/mpt-alerta-para-crescimento-do-assedio-eleitoral-no-trabalho-em-2024\/#primaryimage"},"thumbnailUrl":"https:\/\/portalmf.com.br\/wp-content\/uploads\/2022\/10\/urna-eletronica.jpg","datePublished":"2024-09-27T14:56:11+00:00","dateModified":"2024-09-27T14:56:12+00:00","author":{"@id":"https:\/\/portalmf.com.br\/#\/schema\/person\/9ec101baf56233e53520c26de5d6f6f0"},"breadcrumb":{"@id":"https:\/\/portalmf.com.br\/index.php\/2024\/09\/27\/mpt-alerta-para-crescimento-do-assedio-eleitoral-no-trabalho-em-2024\/#breadcrumb"},"inLanguage":"pt-BR","potentialAction":[{"@type":"ReadAction","target":["https:\/\/portalmf.com.br\/index.php\/2024\/09\/27\/mpt-alerta-para-crescimento-do-assedio-eleitoral-no-trabalho-em-2024\/"]}]},{"@type":"ImageObject","inLanguage":"pt-BR","@id":"https:\/\/portalmf.com.br\/index.php\/2024\/09\/27\/mpt-alerta-para-crescimento-do-assedio-eleitoral-no-trabalho-em-2024\/#primaryimage","url":"https:\/\/portalmf.com.br\/wp-content\/uploads\/2022\/10\/urna-eletronica.jpg","contentUrl":"https:\/\/portalmf.com.br\/wp-content\/uploads\/2022\/10\/urna-eletronica.jpg","width":1170,"height":700,"caption":"TSE - Tribunal Superior Eleitoral Urna eletr\u00f4nica"},{"@type":"BreadcrumbList","@id":"https:\/\/portalmf.com.br\/index.php\/2024\/09\/27\/mpt-alerta-para-crescimento-do-assedio-eleitoral-no-trabalho-em-2024\/#breadcrumb","itemListElement":[{"@type":"ListItem","position":1,"name":"In\u00edcio","item":"https:\/\/portalmf.com.br\/"},{"@type":"ListItem","position":2,"name":"MPT alerta para crescimento do ass\u00e9dio eleitoral no trabalho em 2024"}]},{"@type":"WebSite","@id":"https:\/\/portalmf.com.br\/#website","url":"https:\/\/portalmf.com.br\/","name":"Portal MF","description":"Voc\u00ea conectado com a informa\u00e7\u00e3o","potentialAction":[{"@type":"SearchAction","target":{"@type":"EntryPoint","urlTemplate":"https:\/\/portalmf.com.br\/?s={search_term_string}"},"query-input":"required name=search_term_string"}],"inLanguage":"pt-BR"},{"@type":"Person","@id":"https:\/\/portalmf.com.br\/#\/schema\/person\/9ec101baf56233e53520c26de5d6f6f0","name":"Reda\u00e7\u00e3o Portal MF","image":{"@type":"ImageObject","inLanguage":"pt-BR","@id":"https:\/\/portalmf.com.br\/#\/schema\/person\/image\/","url":"https:\/\/secure.gravatar.com\/avatar\/41b9aaeb2100835f7c64362330f74c7f?s=96&d=mm&r=g","contentUrl":"https:\/\/secure.gravatar.com\/avatar\/41b9aaeb2100835f7c64362330f74c7f?s=96&d=mm&r=g","caption":"Reda\u00e7\u00e3o Portal MF"},"description":"Sejam bem-vindos o portal de informa\u00e7\u00f5es de entretenimento de Feira de Santana, desde 2006 realiza coberturas dos principais eventos com entrevistas exclusivas com as principais personalidades mundiais. Fique conectado tamb\u00e9m nas redes sociais.","sameAs":["http:\/\/www.portalmf.com.br\/","https:\/\/www.facebook.com\/portalmfoficial","https:\/\/www.instagram.com\/portalmf\/","https:\/\/x.com\/https:\/\/x.com\/portalmfoficial","https:\/\/www.youtube.com\/@portalmfoficial"],"url":"https:\/\/portalmf.com.br\/index.php\/author\/junior\/"}]}},"_links":{"self":[{"href":"https:\/\/portalmf.com.br\/index.php\/wp-json\/wp\/v2\/posts\/30241"}],"collection":[{"href":"https:\/\/portalmf.com.br\/index.php\/wp-json\/wp\/v2\/posts"}],"about":[{"href":"https:\/\/portalmf.com.br\/index.php\/wp-json\/wp\/v2\/types\/post"}],"author":[{"embeddable":true,"href":"https:\/\/portalmf.com.br\/index.php\/wp-json\/wp\/v2\/users\/3"}],"replies":[{"embeddable":true,"href":"https:\/\/portalmf.com.br\/index.php\/wp-json\/wp\/v2\/comments?post=30241"}],"version-history":[{"count":1,"href":"https:\/\/portalmf.com.br\/index.php\/wp-json\/wp\/v2\/posts\/30241\/revisions"}],"predecessor-version":[{"id":30242,"href":"https:\/\/portalmf.com.br\/index.php\/wp-json\/wp\/v2\/posts\/30241\/revisions\/30242"}],"wp:featuredmedia":[{"embeddable":true,"href":"https:\/\/portalmf.com.br\/index.php\/wp-json\/wp\/v2\/media\/5531"}],"wp:attachment":[{"href":"https:\/\/portalmf.com.br\/index.php\/wp-json\/wp\/v2\/media?parent=30241"}],"wp:term":[{"taxonomy":"category","embeddable":true,"href":"https:\/\/portalmf.com.br\/index.php\/wp-json\/wp\/v2\/categories?post=30241"},{"taxonomy":"post_tag","embeddable":true,"href":"https:\/\/portalmf.com.br\/index.php\/wp-json\/wp\/v2\/tags?post=30241"}],"curies":[{"name":"wp","href":"https:\/\/api.w.org\/{rel}","templated":true}]}}