{"id":30204,"date":"2024-09-26T17:31:31","date_gmt":"2024-09-26T20:31:31","guid":{"rendered":"https:\/\/portalmf.com.br\/?p=30204"},"modified":"2024-09-26T17:31:32","modified_gmt":"2024-09-26T20:31:32","slug":"ze-neto-lamenta-cancelamento-de-debate-da-princesa-fm","status":"publish","type":"post","link":"https:\/\/portalmf.com.br\/index.php\/2024\/09\/26\/ze-neto-lamenta-cancelamento-de-debate-da-princesa-fm\/","title":{"rendered":"Z\u00e9 Neto lamenta cancelamento de debate da Princesa FM"},"content":{"rendered":"\n<p>O candidato a prefeito de Feira de Santana pela Coliga\u00e7\u00e3o Pra Fazer o Futuro Acontecer, Z\u00e9 Neto (PT), lamentou, nesta quinta (26), o cancelamento do debate da r\u00e1dio Princesa FM, que seria promovido pelos programas Bom Dia Feira e Jornal do Meio Dia, nesta sexta (27).<\/p>\n\n\n\n<p>A data para realiza\u00e7\u00e3o do debate tinha sido previamente definida em reuni\u00e3o com os representantes dos candidatos, no \u00faltimo dia 22 de julho, mas, o mesmo n\u00e3o acontecer\u00e1, \u201cpor decis\u00e3o dos programas organizadores\u201d, conforme informou a equipe dos programas.<\/p>\n\n\n\n<p><em>\u201cEu sigo \u00e0 disposi\u00e7\u00e3o para debater a cidade e apresentar as nossas propostas para que Feira saia do abandono desses mais de 24 anos. Tamb\u00e9m lamento que n\u00e3o ocorra o debate na r\u00e1dio, esse importante espa\u00e7o de comunica\u00e7\u00e3o, t\u00e3o respeitado e com tanta credibilidade na vida dos feirenses e na constru\u00e7\u00e3o da cidade\u201d<\/em>.<\/p>\n\n\n\n<p>Com informa\u00e7\u00f5es da Ascom \/  Z\u00e9 Neto<\/p>\n","protected":false},"excerpt":{"rendered":"<p>O candidato a prefeito de Feira de Santana pela Coliga\u00e7\u00e3o Pra Fazer o Futuro Acontecer, Z\u00e9 Neto (PT), lamentou, nesta quinta (26), o cancelamento do debate da r\u00e1dio Princesa FM, que seria promovido pelos programas Bom Dia Feira e Jornal do Meio Dia, nesta sexta (27). A data para realiza\u00e7\u00e3o do debate tinha sido previamente [&hellip;]<\/p>\n","protected":false},"author":3,"featured_media":30205,"comment_status":"open","ping_status":"open","sticky":false,"template":"","format":"standard","meta":{"_monsterinsights_skip_tracking":false,"_monsterinsights_sitenote_active":false,"_monsterinsights_sitenote_note":"","_monsterinsights_sitenote_category":0,"footnotes":""},"categories":[301,34],"tags":[],"yoast_head":"<!-- This site is optimized with the Yoast SEO plugin v22.9 - https:\/\/yoast.com\/wordpress\/plugins\/seo\/ -->\n<title>Z\u00e9 Neto lamenta cancelamento de debate da Princesa FM - Portal MF<\/title>\n<meta name=\"robots\" content=\"index, follow, max-snippet:-1, max-image-preview:large, max-video-preview:-1\" \/>\n<link rel=\"canonical\" href=\"https:\/\/portalmf.com.br\/index.php\/2024\/09\/26\/ze-neto-lamenta-cancelamento-de-debate-da-princesa-fm\/\" \/>\n<meta property=\"og:locale\" content=\"pt_BR\" \/>\n<meta property=\"og:type\" content=\"article\" \/>\n<meta property=\"og:title\" content=\"Z\u00e9 Neto lamenta cancelamento de debate da Princesa FM - Portal MF\" \/>\n<meta property=\"og:description\" content=\"O candidato a prefeito de Feira de Santana pela Coliga\u00e7\u00e3o Pra Fazer o Futuro Acontecer, Z\u00e9 Neto (PT), lamentou, nesta quinta (26), o cancelamento do debate da r\u00e1dio Princesa FM, que seria promovido pelos programas Bom Dia Feira e Jornal do Meio Dia, nesta sexta (27). A data para realiza\u00e7\u00e3o do debate tinha sido previamente [&hellip;]\" \/>\n<meta property=\"og:url\" content=\"https:\/\/portalmf.com.br\/index.php\/2024\/09\/26\/ze-neto-lamenta-cancelamento-de-debate-da-princesa-fm\/\" \/>\n<meta property=\"og:site_name\" content=\"Portal MF\" \/>\n<meta property=\"article:author\" content=\"https:\/\/www.facebook.com\/portalmfoficial\" \/>\n<meta property=\"article:published_time\" content=\"2024-09-26T20:31:31+00:00\" \/>\n<meta property=\"article:modified_time\" content=\"2024-09-26T20:31:32+00:00\" \/>\n<meta property=\"og:image\" content=\"https:\/\/portalmf.com.br\/wp-content\/uploads\/2024\/09\/Ze-Neto-lamenta-cancelamento-de-debate-da-Princesa-FM.jpg\" \/>\n\t<meta property=\"og:image:width\" content=\"533\" \/>\n\t<meta property=\"og:image:height\" content=\"475\" \/>\n\t<meta property=\"og:image:type\" content=\"image\/jpeg\" \/>\n<meta name=\"author\" content=\"Reda\u00e7\u00e3o Portal MF\" \/>\n<meta name=\"twitter:card\" content=\"summary_large_image\" \/>\n<meta name=\"twitter:creator\" content=\"@https:\/\/x.com\/portalmfoficial\" \/>\n<meta name=\"twitter:label1\" content=\"Escrito por\" \/>\n\t<meta name=\"twitter:data1\" content=\"Reda\u00e7\u00e3o Portal MF\" \/>\n\t<meta name=\"twitter:label2\" content=\"Est. tempo de leitura\" \/>\n\t<meta name=\"twitter:data2\" content=\"2 minutos\" \/>\n<script type=\"application\/ld+json\" class=\"yoast-schema-graph\">{\"@context\":\"https:\/\/schema.org\",\"@graph\":[{\"@type\":\"WebPage\",\"@id\":\"https:\/\/portalmf.com.br\/index.php\/2024\/09\/26\/ze-neto-lamenta-cancelamento-de-debate-da-princesa-fm\/\",\"url\":\"https:\/\/portalmf.com.br\/index.php\/2024\/09\/26\/ze-neto-lamenta-cancelamento-de-debate-da-princesa-fm\/\",\"name\":\"Z\u00e9 Neto lamenta cancelamento de debate da Princesa FM - Portal MF\",\"isPartOf\":{\"@id\":\"https:\/\/portalmf.com.br\/#website\"},\"primaryImageOfPage\":{\"@id\":\"https:\/\/portalmf.com.br\/index.php\/2024\/09\/26\/ze-neto-lamenta-cancelamento-de-debate-da-princesa-fm\/#primaryimage\"},\"image\":{\"@id\":\"https:\/\/portalmf.com.br\/index.php\/2024\/09\/26\/ze-neto-lamenta-cancelamento-de-debate-da-princesa-fm\/#primaryimage\"},\"thumbnailUrl\":\"https:\/\/portalmf.com.br\/wp-content\/uploads\/2024\/09\/Ze-Neto-lamenta-cancelamento-de-debate-da-Princesa-FM.jpg\",\"datePublished\":\"2024-09-26T20:31:31+00:00\",\"dateModified\":\"2024-09-26T20:31:32+00:00\",\"author\":{\"@id\":\"https:\/\/portalmf.com.br\/#\/schema\/person\/9ec101baf56233e53520c26de5d6f6f0\"},\"breadcrumb\":{\"@id\":\"https:\/\/portalmf.com.br\/index.php\/2024\/09\/26\/ze-neto-lamenta-cancelamento-de-debate-da-princesa-fm\/#breadcrumb\"},\"inLanguage\":\"pt-BR\",\"potentialAction\":[{\"@type\":\"ReadAction\",\"target\":[\"https:\/\/portalmf.com.br\/index.php\/2024\/09\/26\/ze-neto-lamenta-cancelamento-de-debate-da-princesa-fm\/\"]}]},{\"@type\":\"ImageObject\",\"inLanguage\":\"pt-BR\",\"@id\":\"https:\/\/portalmf.com.br\/index.php\/2024\/09\/26\/ze-neto-lamenta-cancelamento-de-debate-da-princesa-fm\/#primaryimage\",\"url\":\"https:\/\/portalmf.com.br\/wp-content\/uploads\/2024\/09\/Ze-Neto-lamenta-cancelamento-de-debate-da-Princesa-FM.jpg\",\"contentUrl\":\"https:\/\/portalmf.com.br\/wp-content\/uploads\/2024\/09\/Ze-Neto-lamenta-cancelamento-de-debate-da-Princesa-FM.jpg\",\"width\":533,\"height\":475},{\"@type\":\"BreadcrumbList\",\"@id\":\"https:\/\/portalmf.com.br\/index.php\/2024\/09\/26\/ze-neto-lamenta-cancelamento-de-debate-da-princesa-fm\/#breadcrumb\",\"itemListElement\":[{\"@type\":\"ListItem\",\"position\":1,\"name\":\"In\u00edcio\",\"item\":\"https:\/\/portalmf.com.br\/\"},{\"@type\":\"ListItem\",\"position\":2,\"name\":\"Z\u00e9 Neto lamenta cancelamento de debate da Princesa FM\"}]},{\"@type\":\"WebSite\",\"@id\":\"https:\/\/portalmf.com.br\/#website\",\"url\":\"https:\/\/portalmf.com.br\/\",\"name\":\"Portal MF\",\"description\":\"Voc\u00ea conectado com a informa\u00e7\u00e3o\",\"potentialAction\":[{\"@type\":\"SearchAction\",\"target\":{\"@type\":\"EntryPoint\",\"urlTemplate\":\"https:\/\/portalmf.com.br\/?s={search_term_string}\"},\"query-input\":\"required name=search_term_string\"}],\"inLanguage\":\"pt-BR\"},{\"@type\":\"Person\",\"@id\":\"https:\/\/portalmf.com.br\/#\/schema\/person\/9ec101baf56233e53520c26de5d6f6f0\",\"name\":\"Reda\u00e7\u00e3o Portal MF\",\"image\":{\"@type\":\"ImageObject\",\"inLanguage\":\"pt-BR\",\"@id\":\"https:\/\/portalmf.com.br\/#\/schema\/person\/image\/\",\"url\":\"https:\/\/secure.gravatar.com\/avatar\/41b9aaeb2100835f7c64362330f74c7f?s=96&d=mm&r=g\",\"contentUrl\":\"https:\/\/secure.gravatar.com\/avatar\/41b9aaeb2100835f7c64362330f74c7f?s=96&d=mm&r=g\",\"caption\":\"Reda\u00e7\u00e3o Portal MF\"},\"description\":\"Sejam bem-vindos o portal de informa\u00e7\u00f5es de entretenimento de Feira de Santana, desde 2006 realiza coberturas dos principais eventos com entrevistas exclusivas com as principais personalidades mundiais. Fique conectado tamb\u00e9m nas redes sociais.\",\"sameAs\":[\"http:\/\/www.portalmf.com.br\/\",\"https:\/\/www.facebook.com\/portalmfoficial\",\"https:\/\/www.instagram.com\/portalmf\/\",\"https:\/\/x.com\/https:\/\/x.com\/portalmfoficial\",\"https:\/\/www.youtube.com\/@portalmfoficial\"],\"url\":\"https:\/\/portalmf.com.br\/index.php\/author\/junior\/\"}]}<\/script>\n<!-- \/ Yoast SEO plugin. -->","yoast_head_json":{"title":"Z\u00e9 Neto lamenta cancelamento de debate da Princesa FM - Portal MF","robots":{"index":"index","follow":"follow","max-snippet":"max-snippet:-1","max-image-preview":"max-image-preview:large","max-video-preview":"max-video-preview:-1"},"canonical":"https:\/\/portalmf.com.br\/index.php\/2024\/09\/26\/ze-neto-lamenta-cancelamento-de-debate-da-princesa-fm\/","og_locale":"pt_BR","og_type":"article","og_title":"Z\u00e9 Neto lamenta cancelamento de debate da Princesa FM - Portal MF","og_description":"O candidato a prefeito de Feira de Santana pela Coliga\u00e7\u00e3o Pra Fazer o Futuro Acontecer, Z\u00e9 Neto (PT), lamentou, nesta quinta (26), o cancelamento do debate da r\u00e1dio Princesa FM, que seria promovido pelos programas Bom Dia Feira e Jornal do Meio Dia, nesta sexta (27). A data para realiza\u00e7\u00e3o do debate tinha sido previamente [&hellip;]","og_url":"https:\/\/portalmf.com.br\/index.php\/2024\/09\/26\/ze-neto-lamenta-cancelamento-de-debate-da-princesa-fm\/","og_site_name":"Portal MF","article_author":"https:\/\/www.facebook.com\/portalmfoficial","article_published_time":"2024-09-26T20:31:31+00:00","article_modified_time":"2024-09-26T20:31:32+00:00","og_image":[{"width":533,"height":475,"url":"https:\/\/portalmf.com.br\/wp-content\/uploads\/2024\/09\/Ze-Neto-lamenta-cancelamento-de-debate-da-Princesa-FM.jpg","type":"image\/jpeg"}],"author":"Reda\u00e7\u00e3o Portal MF","twitter_card":"summary_large_image","twitter_creator":"@https:\/\/x.com\/portalmfoficial","twitter_misc":{"Escrito por":"Reda\u00e7\u00e3o Portal MF","Est. tempo de leitura":"2 minutos"},"schema":{"@context":"https:\/\/schema.org","@graph":[{"@type":"WebPage","@id":"https:\/\/portalmf.com.br\/index.php\/2024\/09\/26\/ze-neto-lamenta-cancelamento-de-debate-da-princesa-fm\/","url":"https:\/\/portalmf.com.br\/index.php\/2024\/09\/26\/ze-neto-lamenta-cancelamento-de-debate-da-princesa-fm\/","name":"Z\u00e9 Neto lamenta cancelamento de debate da Princesa FM - Portal MF","isPartOf":{"@id":"https:\/\/portalmf.com.br\/#website"},"primaryImageOfPage":{"@id":"https:\/\/portalmf.com.br\/index.php\/2024\/09\/26\/ze-neto-lamenta-cancelamento-de-debate-da-princesa-fm\/#primaryimage"},"image":{"@id":"https:\/\/portalmf.com.br\/index.php\/2024\/09\/26\/ze-neto-lamenta-cancelamento-de-debate-da-princesa-fm\/#primaryimage"},"thumbnailUrl":"https:\/\/portalmf.com.br\/wp-content\/uploads\/2024\/09\/Ze-Neto-lamenta-cancelamento-de-debate-da-Princesa-FM.jpg","datePublished":"2024-09-26T20:31:31+00:00","dateModified":"2024-09-26T20:31:32+00:00","author":{"@id":"https:\/\/portalmf.com.br\/#\/schema\/person\/9ec101baf56233e53520c26de5d6f6f0"},"breadcrumb":{"@id":"https:\/\/portalmf.com.br\/index.php\/2024\/09\/26\/ze-neto-lamenta-cancelamento-de-debate-da-princesa-fm\/#breadcrumb"},"inLanguage":"pt-BR","potentialAction":[{"@type":"ReadAction","target":["https:\/\/portalmf.com.br\/index.php\/2024\/09\/26\/ze-neto-lamenta-cancelamento-de-debate-da-princesa-fm\/"]}]},{"@type":"ImageObject","inLanguage":"pt-BR","@id":"https:\/\/portalmf.com.br\/index.php\/2024\/09\/26\/ze-neto-lamenta-cancelamento-de-debate-da-princesa-fm\/#primaryimage","url":"https:\/\/portalmf.com.br\/wp-content\/uploads\/2024\/09\/Ze-Neto-lamenta-cancelamento-de-debate-da-Princesa-FM.jpg","contentUrl":"https:\/\/portalmf.com.br\/wp-content\/uploads\/2024\/09\/Ze-Neto-lamenta-cancelamento-de-debate-da-Princesa-FM.jpg","width":533,"height":475},{"@type":"BreadcrumbList","@id":"https:\/\/portalmf.com.br\/index.php\/2024\/09\/26\/ze-neto-lamenta-cancelamento-de-debate-da-princesa-fm\/#breadcrumb","itemListElement":[{"@type":"ListItem","position":1,"name":"In\u00edcio","item":"https:\/\/portalmf.com.br\/"},{"@type":"ListItem","position":2,"name":"Z\u00e9 Neto lamenta cancelamento de debate da Princesa FM"}]},{"@type":"WebSite","@id":"https:\/\/portalmf.com.br\/#website","url":"https:\/\/portalmf.com.br\/","name":"Portal MF","description":"Voc\u00ea conectado com a informa\u00e7\u00e3o","potentialAction":[{"@type":"SearchAction","target":{"@type":"EntryPoint","urlTemplate":"https:\/\/portalmf.com.br\/?s={search_term_string}"},"query-input":"required name=search_term_string"}],"inLanguage":"pt-BR"},{"@type":"Person","@id":"https:\/\/portalmf.com.br\/#\/schema\/person\/9ec101baf56233e53520c26de5d6f6f0","name":"Reda\u00e7\u00e3o Portal MF","image":{"@type":"ImageObject","inLanguage":"pt-BR","@id":"https:\/\/portalmf.com.br\/#\/schema\/person\/image\/","url":"https:\/\/secure.gravatar.com\/avatar\/41b9aaeb2100835f7c64362330f74c7f?s=96&d=mm&r=g","contentUrl":"https:\/\/secure.gravatar.com\/avatar\/41b9aaeb2100835f7c64362330f74c7f?s=96&d=mm&r=g","caption":"Reda\u00e7\u00e3o Portal MF"},"description":"Sejam bem-vindos o portal de informa\u00e7\u00f5es de entretenimento de Feira de Santana, desde 2006 realiza coberturas dos principais eventos com entrevistas exclusivas com as principais personalidades mundiais. Fique conectado tamb\u00e9m nas redes sociais.","sameAs":["http:\/\/www.portalmf.com.br\/","https:\/\/www.facebook.com\/portalmfoficial","https:\/\/www.instagram.com\/portalmf\/","https:\/\/x.com\/https:\/\/x.com\/portalmfoficial","https:\/\/www.youtube.com\/@portalmfoficial"],"url":"https:\/\/portalmf.com.br\/index.php\/author\/junior\/"}]}},"_links":{"self":[{"href":"https:\/\/portalmf.com.br\/index.php\/wp-json\/wp\/v2\/posts\/30204"}],"collection":[{"href":"https:\/\/portalmf.com.br\/index.php\/wp-json\/wp\/v2\/posts"}],"about":[{"href":"https:\/\/portalmf.com.br\/index.php\/wp-json\/wp\/v2\/types\/post"}],"author":[{"embeddable":true,"href":"https:\/\/portalmf.com.br\/index.php\/wp-json\/wp\/v2\/users\/3"}],"replies":[{"embeddable":true,"href":"https:\/\/portalmf.com.br\/index.php\/wp-json\/wp\/v2\/comments?post=30204"}],"version-history":[{"count":1,"href":"https:\/\/portalmf.com.br\/index.php\/wp-json\/wp\/v2\/posts\/30204\/revisions"}],"predecessor-version":[{"id":30206,"href":"https:\/\/portalmf.com.br\/index.php\/wp-json\/wp\/v2\/posts\/30204\/revisions\/30206"}],"wp:featuredmedia":[{"embeddable":true,"href":"https:\/\/portalmf.com.br\/index.php\/wp-json\/wp\/v2\/media\/30205"}],"wp:attachment":[{"href":"https:\/\/portalmf.com.br\/index.php\/wp-json\/wp\/v2\/media?parent=30204"}],"wp:term":[{"taxonomy":"category","embeddable":true,"href":"https:\/\/portalmf.com.br\/index.php\/wp-json\/wp\/v2\/categories?post=30204"},{"taxonomy":"post_tag","embeddable":true,"href":"https:\/\/portalmf.com.br\/index.php\/wp-json\/wp\/v2\/tags?post=30204"}],"curies":[{"name":"wp","href":"https:\/\/api.w.org\/{rel}","templated":true}]}}