{"id":30192,"date":"2024-09-26T14:30:53","date_gmt":"2024-09-26T17:30:53","guid":{"rendered":"https:\/\/portalmf.com.br\/?p=30192"},"modified":"2024-09-26T14:30:55","modified_gmt":"2024-09-26T17:30:55","slug":"justica-eleitoral-derruba-propaganda-de-ze-neto-por-falsas-acusacoes-contra-jose-ronaldo","status":"publish","type":"post","link":"https:\/\/portalmf.com.br\/index.php\/2024\/09\/26\/justica-eleitoral-derruba-propaganda-de-ze-neto-por-falsas-acusacoes-contra-jose-ronaldo\/","title":{"rendered":"Justi\u00e7a Eleitoral derruba propaganda de Z\u00e9 Neto por falsas acusa\u00e7\u00f5es contra Jos\u00e9 Ronaldo"},"content":{"rendered":"\n<p>A Justi\u00e7a Eleitoral da 155\u00aa Zona de Feira de Santana derrubou uma propaganda eleitoral caluniosa e difamat\u00f3ria do candidato Z\u00e9 Neto (PT), que continha falsas acusa\u00e7\u00f5es contra Jos\u00e9 Ronaldo (Uni\u00e3o Brasil). A propaganda, veiculada na televis\u00e3o e nas redes sociais, abordava supostas irregularidades envolvendo cooperativas. Com base nessa argumenta\u00e7\u00e3o, a Justi\u00e7a concedeu uma liminar suspendendo imediatamente a veicula\u00e7\u00e3o do conte\u00fado.<\/p>\n\n\n\n<p>O juiz eleitoral Roque Ruy Barbosa de Ara\u00fajo, respons\u00e1vel pela decis\u00e3o, entendeu que o conte\u00fado divulgado estava fora dos limites do direito \u00e0 liberdade de express\u00e3o, descontextualizando fatos de forma a prejudicar a imagem de Jos\u00e9 Ronaldo. Segundo a decis\u00e3o, a propaganda referia-se a uma den\u00fancia do Minist\u00e9rio P\u00fablico, sem apresentar o desfecho do processo, o que foi interpretado como uma tentativa de manipular a narrativa eleitoral.<\/p>\n\n\n\n<p>Diante disso, o juiz determinou a retirada imediata da propaganda do ar, tanto na televis\u00e3o quanto nas redes sociais, sob pena de san\u00e7\u00f5es legais. A decis\u00e3o ressalta que a liberdade de express\u00e3o deve ser respeitada, mas com limites, para que o debate eleitoral se mantenha justo e equilibrado.<\/p>\n\n\n\n<p>Com informa\u00e7\u00f5es do Ascom \/ Jos\u00e9 Ronaldo<\/p>\n","protected":false},"excerpt":{"rendered":"<p>A Justi\u00e7a Eleitoral da 155\u00aa Zona de Feira de Santana derrubou uma propaganda eleitoral caluniosa e difamat\u00f3ria do candidato Z\u00e9 Neto (PT), que continha falsas acusa\u00e7\u00f5es contra Jos\u00e9 Ronaldo (Uni\u00e3o Brasil). A propaganda, veiculada na televis\u00e3o e nas redes sociais, abordava supostas irregularidades envolvendo cooperativas. Com base nessa argumenta\u00e7\u00e3o, a Justi\u00e7a concedeu uma liminar suspendendo [&hellip;]<\/p>\n","protected":false},"author":3,"featured_media":30193,"comment_status":"open","ping_status":"open","sticky":false,"template":"","format":"standard","meta":{"_monsterinsights_skip_tracking":false,"_monsterinsights_sitenote_active":false,"_monsterinsights_sitenote_note":"","_monsterinsights_sitenote_category":0,"footnotes":""},"categories":[301,34],"tags":[],"yoast_head":"<!-- This site is optimized with the Yoast SEO plugin v22.9 - https:\/\/yoast.com\/wordpress\/plugins\/seo\/ -->\n<title>Justi\u00e7a Eleitoral derruba propaganda de Z\u00e9 Neto por falsas acusa\u00e7\u00f5es contra Jos\u00e9 Ronaldo - Portal MF<\/title>\n<meta name=\"robots\" content=\"index, follow, max-snippet:-1, max-image-preview:large, max-video-preview:-1\" \/>\n<link rel=\"canonical\" href=\"https:\/\/portalmf.com.br\/index.php\/2024\/09\/26\/justica-eleitoral-derruba-propaganda-de-ze-neto-por-falsas-acusacoes-contra-jose-ronaldo\/\" \/>\n<meta property=\"og:locale\" content=\"pt_BR\" \/>\n<meta property=\"og:type\" content=\"article\" \/>\n<meta property=\"og:title\" content=\"Justi\u00e7a Eleitoral derruba propaganda de Z\u00e9 Neto por falsas acusa\u00e7\u00f5es contra Jos\u00e9 Ronaldo - Portal MF\" \/>\n<meta property=\"og:description\" content=\"A Justi\u00e7a Eleitoral da 155\u00aa Zona de Feira de Santana derrubou uma propaganda eleitoral caluniosa e difamat\u00f3ria do candidato Z\u00e9 Neto (PT), que continha falsas acusa\u00e7\u00f5es contra Jos\u00e9 Ronaldo (Uni\u00e3o Brasil). A propaganda, veiculada na televis\u00e3o e nas redes sociais, abordava supostas irregularidades envolvendo cooperativas. Com base nessa argumenta\u00e7\u00e3o, a Justi\u00e7a concedeu uma liminar suspendendo [&hellip;]\" \/>\n<meta property=\"og:url\" content=\"https:\/\/portalmf.com.br\/index.php\/2024\/09\/26\/justica-eleitoral-derruba-propaganda-de-ze-neto-por-falsas-acusacoes-contra-jose-ronaldo\/\" \/>\n<meta property=\"og:site_name\" content=\"Portal MF\" \/>\n<meta property=\"article:author\" content=\"https:\/\/www.facebook.com\/portalmfoficial\" \/>\n<meta property=\"article:published_time\" content=\"2024-09-26T17:30:53+00:00\" \/>\n<meta property=\"article:modified_time\" content=\"2024-09-26T17:30:55+00:00\" \/>\n<meta property=\"og:image\" content=\"https:\/\/portalmf.com.br\/wp-content\/uploads\/2024\/09\/Justica-Eleitoral-derruba-propaganda-de-Ze-Neto-por-falsas-acusacoes-contra-Jose-Ronaldo_.jpg\" \/>\n\t<meta property=\"og:image:width\" content=\"1600\" \/>\n\t<meta property=\"og:image:height\" content=\"1070\" \/>\n\t<meta property=\"og:image:type\" content=\"image\/jpeg\" \/>\n<meta name=\"author\" content=\"Reda\u00e7\u00e3o Portal MF\" \/>\n<meta name=\"twitter:card\" content=\"summary_large_image\" \/>\n<meta name=\"twitter:creator\" content=\"@https:\/\/x.com\/portalmfoficial\" \/>\n<meta name=\"twitter:label1\" content=\"Escrito por\" \/>\n\t<meta name=\"twitter:data1\" content=\"Reda\u00e7\u00e3o Portal MF\" \/>\n\t<meta name=\"twitter:label2\" content=\"Est. tempo de leitura\" \/>\n\t<meta name=\"twitter:data2\" content=\"2 minutos\" \/>\n<script type=\"application\/ld+json\" class=\"yoast-schema-graph\">{\"@context\":\"https:\/\/schema.org\",\"@graph\":[{\"@type\":\"WebPage\",\"@id\":\"https:\/\/portalmf.com.br\/index.php\/2024\/09\/26\/justica-eleitoral-derruba-propaganda-de-ze-neto-por-falsas-acusacoes-contra-jose-ronaldo\/\",\"url\":\"https:\/\/portalmf.com.br\/index.php\/2024\/09\/26\/justica-eleitoral-derruba-propaganda-de-ze-neto-por-falsas-acusacoes-contra-jose-ronaldo\/\",\"name\":\"Justi\u00e7a Eleitoral derruba propaganda de Z\u00e9 Neto por falsas acusa\u00e7\u00f5es contra Jos\u00e9 Ronaldo - Portal MF\",\"isPartOf\":{\"@id\":\"https:\/\/portalmf.com.br\/#website\"},\"primaryImageOfPage\":{\"@id\":\"https:\/\/portalmf.com.br\/index.php\/2024\/09\/26\/justica-eleitoral-derruba-propaganda-de-ze-neto-por-falsas-acusacoes-contra-jose-ronaldo\/#primaryimage\"},\"image\":{\"@id\":\"https:\/\/portalmf.com.br\/index.php\/2024\/09\/26\/justica-eleitoral-derruba-propaganda-de-ze-neto-por-falsas-acusacoes-contra-jose-ronaldo\/#primaryimage\"},\"thumbnailUrl\":\"https:\/\/portalmf.com.br\/wp-content\/uploads\/2024\/09\/Justica-Eleitoral-derruba-propaganda-de-Ze-Neto-por-falsas-acusacoes-contra-Jose-Ronaldo_.jpg\",\"datePublished\":\"2024-09-26T17:30:53+00:00\",\"dateModified\":\"2024-09-26T17:30:55+00:00\",\"author\":{\"@id\":\"https:\/\/portalmf.com.br\/#\/schema\/person\/9ec101baf56233e53520c26de5d6f6f0\"},\"breadcrumb\":{\"@id\":\"https:\/\/portalmf.com.br\/index.php\/2024\/09\/26\/justica-eleitoral-derruba-propaganda-de-ze-neto-por-falsas-acusacoes-contra-jose-ronaldo\/#breadcrumb\"},\"inLanguage\":\"pt-BR\",\"potentialAction\":[{\"@type\":\"ReadAction\",\"target\":[\"https:\/\/portalmf.com.br\/index.php\/2024\/09\/26\/justica-eleitoral-derruba-propaganda-de-ze-neto-por-falsas-acusacoes-contra-jose-ronaldo\/\"]}]},{\"@type\":\"ImageObject\",\"inLanguage\":\"pt-BR\",\"@id\":\"https:\/\/portalmf.com.br\/index.php\/2024\/09\/26\/justica-eleitoral-derruba-propaganda-de-ze-neto-por-falsas-acusacoes-contra-jose-ronaldo\/#primaryimage\",\"url\":\"https:\/\/portalmf.com.br\/wp-content\/uploads\/2024\/09\/Justica-Eleitoral-derruba-propaganda-de-Ze-Neto-por-falsas-acusacoes-contra-Jose-Ronaldo_.jpg\",\"contentUrl\":\"https:\/\/portalmf.com.br\/wp-content\/uploads\/2024\/09\/Justica-Eleitoral-derruba-propaganda-de-Ze-Neto-por-falsas-acusacoes-contra-Jose-Ronaldo_.jpg\",\"width\":1600,\"height\":1070},{\"@type\":\"BreadcrumbList\",\"@id\":\"https:\/\/portalmf.com.br\/index.php\/2024\/09\/26\/justica-eleitoral-derruba-propaganda-de-ze-neto-por-falsas-acusacoes-contra-jose-ronaldo\/#breadcrumb\",\"itemListElement\":[{\"@type\":\"ListItem\",\"position\":1,\"name\":\"In\u00edcio\",\"item\":\"https:\/\/portalmf.com.br\/\"},{\"@type\":\"ListItem\",\"position\":2,\"name\":\"Justi\u00e7a Eleitoral derruba propaganda de Z\u00e9 Neto por falsas acusa\u00e7\u00f5es contra Jos\u00e9 Ronaldo\"}]},{\"@type\":\"WebSite\",\"@id\":\"https:\/\/portalmf.com.br\/#website\",\"url\":\"https:\/\/portalmf.com.br\/\",\"name\":\"Portal MF\",\"description\":\"Voc\u00ea conectado com a informa\u00e7\u00e3o\",\"potentialAction\":[{\"@type\":\"SearchAction\",\"target\":{\"@type\":\"EntryPoint\",\"urlTemplate\":\"https:\/\/portalmf.com.br\/?s={search_term_string}\"},\"query-input\":\"required name=search_term_string\"}],\"inLanguage\":\"pt-BR\"},{\"@type\":\"Person\",\"@id\":\"https:\/\/portalmf.com.br\/#\/schema\/person\/9ec101baf56233e53520c26de5d6f6f0\",\"name\":\"Reda\u00e7\u00e3o Portal MF\",\"image\":{\"@type\":\"ImageObject\",\"inLanguage\":\"pt-BR\",\"@id\":\"https:\/\/portalmf.com.br\/#\/schema\/person\/image\/\",\"url\":\"https:\/\/secure.gravatar.com\/avatar\/41b9aaeb2100835f7c64362330f74c7f?s=96&d=mm&r=g\",\"contentUrl\":\"https:\/\/secure.gravatar.com\/avatar\/41b9aaeb2100835f7c64362330f74c7f?s=96&d=mm&r=g\",\"caption\":\"Reda\u00e7\u00e3o Portal MF\"},\"description\":\"Sejam bem-vindos o portal de informa\u00e7\u00f5es de entretenimento de Feira de Santana, desde 2006 realiza coberturas dos principais eventos com entrevistas exclusivas com as principais personalidades mundiais. Fique conectado tamb\u00e9m nas redes sociais.\",\"sameAs\":[\"http:\/\/www.portalmf.com.br\/\",\"https:\/\/www.facebook.com\/portalmfoficial\",\"https:\/\/www.instagram.com\/portalmf\/\",\"https:\/\/x.com\/https:\/\/x.com\/portalmfoficial\",\"https:\/\/www.youtube.com\/@portalmfoficial\"],\"url\":\"https:\/\/portalmf.com.br\/index.php\/author\/junior\/\"}]}<\/script>\n<!-- \/ Yoast SEO plugin. -->","yoast_head_json":{"title":"Justi\u00e7a Eleitoral derruba propaganda de Z\u00e9 Neto por falsas acusa\u00e7\u00f5es contra Jos\u00e9 Ronaldo - Portal MF","robots":{"index":"index","follow":"follow","max-snippet":"max-snippet:-1","max-image-preview":"max-image-preview:large","max-video-preview":"max-video-preview:-1"},"canonical":"https:\/\/portalmf.com.br\/index.php\/2024\/09\/26\/justica-eleitoral-derruba-propaganda-de-ze-neto-por-falsas-acusacoes-contra-jose-ronaldo\/","og_locale":"pt_BR","og_type":"article","og_title":"Justi\u00e7a Eleitoral derruba propaganda de Z\u00e9 Neto por falsas acusa\u00e7\u00f5es contra Jos\u00e9 Ronaldo - Portal MF","og_description":"A Justi\u00e7a Eleitoral da 155\u00aa Zona de Feira de Santana derrubou uma propaganda eleitoral caluniosa e difamat\u00f3ria do candidato Z\u00e9 Neto (PT), que continha falsas acusa\u00e7\u00f5es contra Jos\u00e9 Ronaldo (Uni\u00e3o Brasil). A propaganda, veiculada na televis\u00e3o e nas redes sociais, abordava supostas irregularidades envolvendo cooperativas. Com base nessa argumenta\u00e7\u00e3o, a Justi\u00e7a concedeu uma liminar suspendendo [&hellip;]","og_url":"https:\/\/portalmf.com.br\/index.php\/2024\/09\/26\/justica-eleitoral-derruba-propaganda-de-ze-neto-por-falsas-acusacoes-contra-jose-ronaldo\/","og_site_name":"Portal MF","article_author":"https:\/\/www.facebook.com\/portalmfoficial","article_published_time":"2024-09-26T17:30:53+00:00","article_modified_time":"2024-09-26T17:30:55+00:00","og_image":[{"width":1600,"height":1070,"url":"https:\/\/portalmf.com.br\/wp-content\/uploads\/2024\/09\/Justica-Eleitoral-derruba-propaganda-de-Ze-Neto-por-falsas-acusacoes-contra-Jose-Ronaldo_.jpg","type":"image\/jpeg"}],"author":"Reda\u00e7\u00e3o Portal MF","twitter_card":"summary_large_image","twitter_creator":"@https:\/\/x.com\/portalmfoficial","twitter_misc":{"Escrito por":"Reda\u00e7\u00e3o Portal MF","Est. tempo de leitura":"2 minutos"},"schema":{"@context":"https:\/\/schema.org","@graph":[{"@type":"WebPage","@id":"https:\/\/portalmf.com.br\/index.php\/2024\/09\/26\/justica-eleitoral-derruba-propaganda-de-ze-neto-por-falsas-acusacoes-contra-jose-ronaldo\/","url":"https:\/\/portalmf.com.br\/index.php\/2024\/09\/26\/justica-eleitoral-derruba-propaganda-de-ze-neto-por-falsas-acusacoes-contra-jose-ronaldo\/","name":"Justi\u00e7a Eleitoral derruba propaganda de Z\u00e9 Neto por falsas acusa\u00e7\u00f5es contra Jos\u00e9 Ronaldo - Portal MF","isPartOf":{"@id":"https:\/\/portalmf.com.br\/#website"},"primaryImageOfPage":{"@id":"https:\/\/portalmf.com.br\/index.php\/2024\/09\/26\/justica-eleitoral-derruba-propaganda-de-ze-neto-por-falsas-acusacoes-contra-jose-ronaldo\/#primaryimage"},"image":{"@id":"https:\/\/portalmf.com.br\/index.php\/2024\/09\/26\/justica-eleitoral-derruba-propaganda-de-ze-neto-por-falsas-acusacoes-contra-jose-ronaldo\/#primaryimage"},"thumbnailUrl":"https:\/\/portalmf.com.br\/wp-content\/uploads\/2024\/09\/Justica-Eleitoral-derruba-propaganda-de-Ze-Neto-por-falsas-acusacoes-contra-Jose-Ronaldo_.jpg","datePublished":"2024-09-26T17:30:53+00:00","dateModified":"2024-09-26T17:30:55+00:00","author":{"@id":"https:\/\/portalmf.com.br\/#\/schema\/person\/9ec101baf56233e53520c26de5d6f6f0"},"breadcrumb":{"@id":"https:\/\/portalmf.com.br\/index.php\/2024\/09\/26\/justica-eleitoral-derruba-propaganda-de-ze-neto-por-falsas-acusacoes-contra-jose-ronaldo\/#breadcrumb"},"inLanguage":"pt-BR","potentialAction":[{"@type":"ReadAction","target":["https:\/\/portalmf.com.br\/index.php\/2024\/09\/26\/justica-eleitoral-derruba-propaganda-de-ze-neto-por-falsas-acusacoes-contra-jose-ronaldo\/"]}]},{"@type":"ImageObject","inLanguage":"pt-BR","@id":"https:\/\/portalmf.com.br\/index.php\/2024\/09\/26\/justica-eleitoral-derruba-propaganda-de-ze-neto-por-falsas-acusacoes-contra-jose-ronaldo\/#primaryimage","url":"https:\/\/portalmf.com.br\/wp-content\/uploads\/2024\/09\/Justica-Eleitoral-derruba-propaganda-de-Ze-Neto-por-falsas-acusacoes-contra-Jose-Ronaldo_.jpg","contentUrl":"https:\/\/portalmf.com.br\/wp-content\/uploads\/2024\/09\/Justica-Eleitoral-derruba-propaganda-de-Ze-Neto-por-falsas-acusacoes-contra-Jose-Ronaldo_.jpg","width":1600,"height":1070},{"@type":"BreadcrumbList","@id":"https:\/\/portalmf.com.br\/index.php\/2024\/09\/26\/justica-eleitoral-derruba-propaganda-de-ze-neto-por-falsas-acusacoes-contra-jose-ronaldo\/#breadcrumb","itemListElement":[{"@type":"ListItem","position":1,"name":"In\u00edcio","item":"https:\/\/portalmf.com.br\/"},{"@type":"ListItem","position":2,"name":"Justi\u00e7a Eleitoral derruba propaganda de Z\u00e9 Neto por falsas acusa\u00e7\u00f5es contra Jos\u00e9 Ronaldo"}]},{"@type":"WebSite","@id":"https:\/\/portalmf.com.br\/#website","url":"https:\/\/portalmf.com.br\/","name":"Portal MF","description":"Voc\u00ea conectado com a informa\u00e7\u00e3o","potentialAction":[{"@type":"SearchAction","target":{"@type":"EntryPoint","urlTemplate":"https:\/\/portalmf.com.br\/?s={search_term_string}"},"query-input":"required name=search_term_string"}],"inLanguage":"pt-BR"},{"@type":"Person","@id":"https:\/\/portalmf.com.br\/#\/schema\/person\/9ec101baf56233e53520c26de5d6f6f0","name":"Reda\u00e7\u00e3o Portal MF","image":{"@type":"ImageObject","inLanguage":"pt-BR","@id":"https:\/\/portalmf.com.br\/#\/schema\/person\/image\/","url":"https:\/\/secure.gravatar.com\/avatar\/41b9aaeb2100835f7c64362330f74c7f?s=96&d=mm&r=g","contentUrl":"https:\/\/secure.gravatar.com\/avatar\/41b9aaeb2100835f7c64362330f74c7f?s=96&d=mm&r=g","caption":"Reda\u00e7\u00e3o Portal MF"},"description":"Sejam bem-vindos o portal de informa\u00e7\u00f5es de entretenimento de Feira de Santana, desde 2006 realiza coberturas dos principais eventos com entrevistas exclusivas com as principais personalidades mundiais. Fique conectado tamb\u00e9m nas redes sociais.","sameAs":["http:\/\/www.portalmf.com.br\/","https:\/\/www.facebook.com\/portalmfoficial","https:\/\/www.instagram.com\/portalmf\/","https:\/\/x.com\/https:\/\/x.com\/portalmfoficial","https:\/\/www.youtube.com\/@portalmfoficial"],"url":"https:\/\/portalmf.com.br\/index.php\/author\/junior\/"}]}},"_links":{"self":[{"href":"https:\/\/portalmf.com.br\/index.php\/wp-json\/wp\/v2\/posts\/30192"}],"collection":[{"href":"https:\/\/portalmf.com.br\/index.php\/wp-json\/wp\/v2\/posts"}],"about":[{"href":"https:\/\/portalmf.com.br\/index.php\/wp-json\/wp\/v2\/types\/post"}],"author":[{"embeddable":true,"href":"https:\/\/portalmf.com.br\/index.php\/wp-json\/wp\/v2\/users\/3"}],"replies":[{"embeddable":true,"href":"https:\/\/portalmf.com.br\/index.php\/wp-json\/wp\/v2\/comments?post=30192"}],"version-history":[{"count":1,"href":"https:\/\/portalmf.com.br\/index.php\/wp-json\/wp\/v2\/posts\/30192\/revisions"}],"predecessor-version":[{"id":30194,"href":"https:\/\/portalmf.com.br\/index.php\/wp-json\/wp\/v2\/posts\/30192\/revisions\/30194"}],"wp:featuredmedia":[{"embeddable":true,"href":"https:\/\/portalmf.com.br\/index.php\/wp-json\/wp\/v2\/media\/30193"}],"wp:attachment":[{"href":"https:\/\/portalmf.com.br\/index.php\/wp-json\/wp\/v2\/media?parent=30192"}],"wp:term":[{"taxonomy":"category","embeddable":true,"href":"https:\/\/portalmf.com.br\/index.php\/wp-json\/wp\/v2\/categories?post=30192"},{"taxonomy":"post_tag","embeddable":true,"href":"https:\/\/portalmf.com.br\/index.php\/wp-json\/wp\/v2\/tags?post=30192"}],"curies":[{"name":"wp","href":"https:\/\/api.w.org\/{rel}","templated":true}]}}