{"id":30177,"date":"2024-09-26T11:22:31","date_gmt":"2024-09-26T14:22:31","guid":{"rendered":"https:\/\/portalmf.com.br\/?p=30177"},"modified":"2024-09-26T11:22:31","modified_gmt":"2024-09-26T14:22:31","slug":"justica-eleitoral-suspende-divulgacao-de-pesquisa-do-instituto-economic-em-feira-de-santana","status":"publish","type":"post","link":"https:\/\/portalmf.com.br\/index.php\/2024\/09\/26\/justica-eleitoral-suspende-divulgacao-de-pesquisa-do-instituto-economic-em-feira-de-santana\/","title":{"rendered":"Justi\u00e7a Eleitoral suspende divulga\u00e7\u00e3o de pesquisa do Instituto Economic em Feira de Santana"},"content":{"rendered":"\n<p>A 156\u00aa Zona Eleitoral de Feira de Santana decidiu suspender a divulga\u00e7\u00e3o dos resultados da pesquisa do Instituto Economic registrada na Justi\u00e7a Eleitoral sob o n\u00famero BA-09960\/2024, atendendo a um pedido de liminar feito pela Coliga\u00e7\u00e3o &#8220;Pra Fazer o Futuro Acontecer&#8221;, do candidato a prefeito Z\u00e9 Neto (PT). A decis\u00e3o foi proferida pela ju\u00edza eleitoral Marcela de Azevedo Rios Coutinho ap\u00f3s a an\u00e1lise de uma impugna\u00e7\u00e3o que apontava irregularidades na metodologia da pesquisa.<\/p>\n\n\n\n<p>A coliga\u00e7\u00e3o, representada pelos advogados Alfredo Juca de Albuquerque Pimentel Neto e Janjorio Vasconcelos Simoes Pinho, alegou que a pesquisa, realizada pela empresa Economic Cat Administra\u00e7\u00e3o P\u00fablica, Empresarial e Marketing Ltda, apresentava diversas falhas que comprometiam sua validade. Entre os problemas citados, estavam a falta de informa\u00e7\u00f5es sobre a quantidade de entrevistados por regi\u00e3o e a aus\u00eancia de quest\u00f5es relacionadas ao n\u00edvel econ\u00f4mico dos participantes.<\/p>\n\n\n\n<p>Al\u00e9m disso, a impugna\u00e7\u00e3o contestou a legalidade das perguntas formuladas na pesquisa, afirmando que uma delas exclu\u00eda um dos candidatos em simula\u00e7\u00f5es de segundo turno, o que poderia induzir o eleitor a uma escolha tendenciosa. A coliga\u00e7\u00e3o solicitou ainda que a empresa fornecesse c\u00f3pias do sistema de controle e verifica\u00e7\u00e3o utilizado na coleta de dados.<\/p>\n\n\n\n<p>Em sua decis\u00e3o, a ju\u00edza reconheceu a legitimidade dos impugnantes e a necessidade de suspender a divulga\u00e7\u00e3o das perguntas que foram consideradas irregulares, especificamente aquelas que exclu\u00edam um candidato e que indagavam sobre a frequ\u00eancia de ouvintes de emissoras de r\u00e1dio. A magistrada tamb\u00e9m imp\u00f4s uma multa di\u00e1ria de R$ 5.000,00 em caso de descumprimento da ordem.<\/p>\n\n\n\n<p><strong>Mais pol\u00eamica envolvendo a pesquisa<\/strong><\/p>\n\n\n\n<p>Ontem o deputado estadual Robinson Almeida (PT) j\u00e1 tinha colocado a credibilidade da pesquisa em xeque ao revelar a rela\u00e7\u00e3o do candidato do Uni\u00e3o Brasil, Z\u00e9 Ronaldo, com quem contratou e executou o levantamento estat\u00edstico. O estudo foi contratado pelo ex-candidato a vereador pelo PPS, da base de apoio de Z\u00e9 Ronaldo, o jornalista Joilton Freitas. O instituto pertence a Amarildo Gomes, que tamb\u00e9m tem proximidade com o candidato do Uni\u00e3o Brasil, concorrendo cinco vezes \u00e0 C\u00e2mara de Vereadores na cidade.<\/p>\n\n\n\n<p>Joilton Freitas atuou como coordenador de comunica\u00e7\u00e3o da C\u00e2mara de Vereadores de Feira em dois momentos, entre 2006 e 2008, e em 2013, em articula\u00e7\u00f5es que teriam envolvido diretamente Z\u00e9 Ronaldo, prefeito nos per\u00edodos citados. O legislativo na \u00e9poca tamb\u00e9m era presidido por vereadores do Uni\u00e3o Brasil (na \u00e9poca Democratas), Justiniano Fran\u00e7a e Alcione Cedraz.<\/p>\n\n\n\n<p><em>\u201cOs fatos sugerem que a credibilidade da pesquisa est\u00e1 em xeque, uma vez que tanto quem contratou quanto quem realizou o estudo tem v\u00ednculos com o candidato interessado na disputa\u201d<\/em>, avaliou Robinson Almeida. <\/p>\n\n\n\n<p><em>\u201cEssa parcialidade, naturalmente, pode influenciar o resultado, em benef\u00edcio do candidato do Uni\u00e3o Brasil\u201d,<\/em> opina o parlamentar. <em>\u201cAssim, seu resultado tem que ser encarado com ceticismo, j\u00e1 que a integridade dos dados n\u00e3o s\u00e3o confi\u00e1veis\u201d<\/em>, enfatizou o legislador.<\/p>\n\n\n\n<p>Com informa\u00e7\u00f5es da Ascom \/ Z\u00e9 Neto<\/p>\n","protected":false},"excerpt":{"rendered":"<p>A 156\u00aa Zona Eleitoral de Feira de Santana decidiu suspender a divulga\u00e7\u00e3o dos resultados da pesquisa do Instituto Economic registrada na Justi\u00e7a Eleitoral sob o n\u00famero BA-09960\/2024, atendendo a um pedido de liminar feito pela Coliga\u00e7\u00e3o &#8220;Pra Fazer o Futuro Acontecer&#8221;, do candidato a prefeito Z\u00e9 Neto (PT). A decis\u00e3o foi proferida pela ju\u00edza eleitoral [&hellip;]<\/p>\n","protected":false},"author":3,"featured_media":22945,"comment_status":"open","ping_status":"open","sticky":false,"template":"","format":"standard","meta":{"_monsterinsights_skip_tracking":false,"_monsterinsights_sitenote_active":false,"_monsterinsights_sitenote_note":"","_monsterinsights_sitenote_category":0,"footnotes":""},"categories":[301,34],"tags":[],"yoast_head":"<!-- This site is optimized with the Yoast SEO plugin v22.9 - https:\/\/yoast.com\/wordpress\/plugins\/seo\/ -->\n<title>Justi\u00e7a Eleitoral suspende divulga\u00e7\u00e3o de pesquisa do Instituto Economic em Feira de Santana - Portal MF<\/title>\n<meta name=\"robots\" content=\"index, follow, max-snippet:-1, max-image-preview:large, max-video-preview:-1\" \/>\n<link rel=\"canonical\" href=\"https:\/\/portalmf.com.br\/index.php\/2024\/09\/26\/justica-eleitoral-suspende-divulgacao-de-pesquisa-do-instituto-economic-em-feira-de-santana\/\" \/>\n<meta property=\"og:locale\" content=\"pt_BR\" \/>\n<meta property=\"og:type\" content=\"article\" \/>\n<meta property=\"og:title\" content=\"Justi\u00e7a Eleitoral suspende divulga\u00e7\u00e3o de pesquisa do Instituto Economic em Feira de Santana - Portal MF\" \/>\n<meta property=\"og:description\" content=\"A 156\u00aa Zona Eleitoral de Feira de Santana decidiu suspender a divulga\u00e7\u00e3o dos resultados da pesquisa do Instituto Economic registrada na Justi\u00e7a Eleitoral sob o n\u00famero BA-09960\/2024, atendendo a um pedido de liminar feito pela Coliga\u00e7\u00e3o &#8220;Pra Fazer o Futuro Acontecer&#8221;, do candidato a prefeito Z\u00e9 Neto (PT). A decis\u00e3o foi proferida pela ju\u00edza eleitoral [&hellip;]\" \/>\n<meta property=\"og:url\" content=\"https:\/\/portalmf.com.br\/index.php\/2024\/09\/26\/justica-eleitoral-suspende-divulgacao-de-pesquisa-do-instituto-economic-em-feira-de-santana\/\" \/>\n<meta property=\"og:site_name\" content=\"Portal MF\" \/>\n<meta property=\"article:author\" content=\"https:\/\/www.facebook.com\/portalmfoficial\" \/>\n<meta property=\"article:published_time\" content=\"2024-09-26T14:22:31+00:00\" \/>\n<meta property=\"og:image\" content=\"https:\/\/portalmf.com.br\/wp-content\/uploads\/2024\/01\/urna_eletronica_tse.jpg\" \/>\n\t<meta property=\"og:image:width\" content=\"1100\" \/>\n\t<meta property=\"og:image:height\" content=\"659\" \/>\n\t<meta property=\"og:image:type\" content=\"image\/jpeg\" \/>\n<meta name=\"author\" content=\"Reda\u00e7\u00e3o Portal MF\" \/>\n<meta name=\"twitter:card\" content=\"summary_large_image\" \/>\n<meta name=\"twitter:creator\" content=\"@https:\/\/x.com\/portalmfoficial\" \/>\n<meta name=\"twitter:label1\" content=\"Escrito por\" \/>\n\t<meta name=\"twitter:data1\" content=\"Reda\u00e7\u00e3o Portal MF\" \/>\n\t<meta name=\"twitter:label2\" content=\"Est. tempo de leitura\" \/>\n\t<meta name=\"twitter:data2\" content=\"3 minutos\" \/>\n<script type=\"application\/ld+json\" class=\"yoast-schema-graph\">{\"@context\":\"https:\/\/schema.org\",\"@graph\":[{\"@type\":\"WebPage\",\"@id\":\"https:\/\/portalmf.com.br\/index.php\/2024\/09\/26\/justica-eleitoral-suspende-divulgacao-de-pesquisa-do-instituto-economic-em-feira-de-santana\/\",\"url\":\"https:\/\/portalmf.com.br\/index.php\/2024\/09\/26\/justica-eleitoral-suspende-divulgacao-de-pesquisa-do-instituto-economic-em-feira-de-santana\/\",\"name\":\"Justi\u00e7a Eleitoral suspende divulga\u00e7\u00e3o de pesquisa do Instituto Economic em Feira de Santana - Portal MF\",\"isPartOf\":{\"@id\":\"https:\/\/portalmf.com.br\/#website\"},\"primaryImageOfPage\":{\"@id\":\"https:\/\/portalmf.com.br\/index.php\/2024\/09\/26\/justica-eleitoral-suspende-divulgacao-de-pesquisa-do-instituto-economic-em-feira-de-santana\/#primaryimage\"},\"image\":{\"@id\":\"https:\/\/portalmf.com.br\/index.php\/2024\/09\/26\/justica-eleitoral-suspende-divulgacao-de-pesquisa-do-instituto-economic-em-feira-de-santana\/#primaryimage\"},\"thumbnailUrl\":\"https:\/\/portalmf.com.br\/wp-content\/uploads\/2024\/01\/urna_eletronica_tse.jpg\",\"datePublished\":\"2024-09-26T14:22:31+00:00\",\"dateModified\":\"2024-09-26T14:22:31+00:00\",\"author\":{\"@id\":\"https:\/\/portalmf.com.br\/#\/schema\/person\/9ec101baf56233e53520c26de5d6f6f0\"},\"breadcrumb\":{\"@id\":\"https:\/\/portalmf.com.br\/index.php\/2024\/09\/26\/justica-eleitoral-suspende-divulgacao-de-pesquisa-do-instituto-economic-em-feira-de-santana\/#breadcrumb\"},\"inLanguage\":\"pt-BR\",\"potentialAction\":[{\"@type\":\"ReadAction\",\"target\":[\"https:\/\/portalmf.com.br\/index.php\/2024\/09\/26\/justica-eleitoral-suspende-divulgacao-de-pesquisa-do-instituto-economic-em-feira-de-santana\/\"]}]},{\"@type\":\"ImageObject\",\"inLanguage\":\"pt-BR\",\"@id\":\"https:\/\/portalmf.com.br\/index.php\/2024\/09\/26\/justica-eleitoral-suspende-divulgacao-de-pesquisa-do-instituto-economic-em-feira-de-santana\/#primaryimage\",\"url\":\"https:\/\/portalmf.com.br\/wp-content\/uploads\/2024\/01\/urna_eletronica_tse.jpg\",\"contentUrl\":\"https:\/\/portalmf.com.br\/wp-content\/uploads\/2024\/01\/urna_eletronica_tse.jpg\",\"width\":1100,\"height\":659},{\"@type\":\"BreadcrumbList\",\"@id\":\"https:\/\/portalmf.com.br\/index.php\/2024\/09\/26\/justica-eleitoral-suspende-divulgacao-de-pesquisa-do-instituto-economic-em-feira-de-santana\/#breadcrumb\",\"itemListElement\":[{\"@type\":\"ListItem\",\"position\":1,\"name\":\"In\u00edcio\",\"item\":\"https:\/\/portalmf.com.br\/\"},{\"@type\":\"ListItem\",\"position\":2,\"name\":\"Justi\u00e7a Eleitoral suspende divulga\u00e7\u00e3o de pesquisa do Instituto Economic em Feira de Santana\"}]},{\"@type\":\"WebSite\",\"@id\":\"https:\/\/portalmf.com.br\/#website\",\"url\":\"https:\/\/portalmf.com.br\/\",\"name\":\"Portal MF\",\"description\":\"Voc\u00ea conectado com a informa\u00e7\u00e3o\",\"potentialAction\":[{\"@type\":\"SearchAction\",\"target\":{\"@type\":\"EntryPoint\",\"urlTemplate\":\"https:\/\/portalmf.com.br\/?s={search_term_string}\"},\"query-input\":\"required name=search_term_string\"}],\"inLanguage\":\"pt-BR\"},{\"@type\":\"Person\",\"@id\":\"https:\/\/portalmf.com.br\/#\/schema\/person\/9ec101baf56233e53520c26de5d6f6f0\",\"name\":\"Reda\u00e7\u00e3o Portal MF\",\"image\":{\"@type\":\"ImageObject\",\"inLanguage\":\"pt-BR\",\"@id\":\"https:\/\/portalmf.com.br\/#\/schema\/person\/image\/\",\"url\":\"https:\/\/secure.gravatar.com\/avatar\/41b9aaeb2100835f7c64362330f74c7f?s=96&d=mm&r=g\",\"contentUrl\":\"https:\/\/secure.gravatar.com\/avatar\/41b9aaeb2100835f7c64362330f74c7f?s=96&d=mm&r=g\",\"caption\":\"Reda\u00e7\u00e3o Portal MF\"},\"description\":\"Sejam bem-vindos o portal de informa\u00e7\u00f5es de entretenimento de Feira de Santana, desde 2006 realiza coberturas dos principais eventos com entrevistas exclusivas com as principais personalidades mundiais. Fique conectado tamb\u00e9m nas redes sociais.\",\"sameAs\":[\"http:\/\/www.portalmf.com.br\/\",\"https:\/\/www.facebook.com\/portalmfoficial\",\"https:\/\/www.instagram.com\/portalmf\/\",\"https:\/\/x.com\/https:\/\/x.com\/portalmfoficial\",\"https:\/\/www.youtube.com\/@portalmfoficial\"],\"url\":\"https:\/\/portalmf.com.br\/index.php\/author\/junior\/\"}]}<\/script>\n<!-- \/ Yoast SEO plugin. -->","yoast_head_json":{"title":"Justi\u00e7a Eleitoral suspende divulga\u00e7\u00e3o de pesquisa do Instituto Economic em Feira de Santana - Portal MF","robots":{"index":"index","follow":"follow","max-snippet":"max-snippet:-1","max-image-preview":"max-image-preview:large","max-video-preview":"max-video-preview:-1"},"canonical":"https:\/\/portalmf.com.br\/index.php\/2024\/09\/26\/justica-eleitoral-suspende-divulgacao-de-pesquisa-do-instituto-economic-em-feira-de-santana\/","og_locale":"pt_BR","og_type":"article","og_title":"Justi\u00e7a Eleitoral suspende divulga\u00e7\u00e3o de pesquisa do Instituto Economic em Feira de Santana - Portal MF","og_description":"A 156\u00aa Zona Eleitoral de Feira de Santana decidiu suspender a divulga\u00e7\u00e3o dos resultados da pesquisa do Instituto Economic registrada na Justi\u00e7a Eleitoral sob o n\u00famero BA-09960\/2024, atendendo a um pedido de liminar feito pela Coliga\u00e7\u00e3o &#8220;Pra Fazer o Futuro Acontecer&#8221;, do candidato a prefeito Z\u00e9 Neto (PT). A decis\u00e3o foi proferida pela ju\u00edza eleitoral [&hellip;]","og_url":"https:\/\/portalmf.com.br\/index.php\/2024\/09\/26\/justica-eleitoral-suspende-divulgacao-de-pesquisa-do-instituto-economic-em-feira-de-santana\/","og_site_name":"Portal MF","article_author":"https:\/\/www.facebook.com\/portalmfoficial","article_published_time":"2024-09-26T14:22:31+00:00","og_image":[{"width":1100,"height":659,"url":"https:\/\/portalmf.com.br\/wp-content\/uploads\/2024\/01\/urna_eletronica_tse.jpg","type":"image\/jpeg"}],"author":"Reda\u00e7\u00e3o Portal MF","twitter_card":"summary_large_image","twitter_creator":"@https:\/\/x.com\/portalmfoficial","twitter_misc":{"Escrito por":"Reda\u00e7\u00e3o Portal MF","Est. tempo de leitura":"3 minutos"},"schema":{"@context":"https:\/\/schema.org","@graph":[{"@type":"WebPage","@id":"https:\/\/portalmf.com.br\/index.php\/2024\/09\/26\/justica-eleitoral-suspende-divulgacao-de-pesquisa-do-instituto-economic-em-feira-de-santana\/","url":"https:\/\/portalmf.com.br\/index.php\/2024\/09\/26\/justica-eleitoral-suspende-divulgacao-de-pesquisa-do-instituto-economic-em-feira-de-santana\/","name":"Justi\u00e7a Eleitoral suspende divulga\u00e7\u00e3o de pesquisa do Instituto Economic em Feira de Santana - Portal MF","isPartOf":{"@id":"https:\/\/portalmf.com.br\/#website"},"primaryImageOfPage":{"@id":"https:\/\/portalmf.com.br\/index.php\/2024\/09\/26\/justica-eleitoral-suspende-divulgacao-de-pesquisa-do-instituto-economic-em-feira-de-santana\/#primaryimage"},"image":{"@id":"https:\/\/portalmf.com.br\/index.php\/2024\/09\/26\/justica-eleitoral-suspende-divulgacao-de-pesquisa-do-instituto-economic-em-feira-de-santana\/#primaryimage"},"thumbnailUrl":"https:\/\/portalmf.com.br\/wp-content\/uploads\/2024\/01\/urna_eletronica_tse.jpg","datePublished":"2024-09-26T14:22:31+00:00","dateModified":"2024-09-26T14:22:31+00:00","author":{"@id":"https:\/\/portalmf.com.br\/#\/schema\/person\/9ec101baf56233e53520c26de5d6f6f0"},"breadcrumb":{"@id":"https:\/\/portalmf.com.br\/index.php\/2024\/09\/26\/justica-eleitoral-suspende-divulgacao-de-pesquisa-do-instituto-economic-em-feira-de-santana\/#breadcrumb"},"inLanguage":"pt-BR","potentialAction":[{"@type":"ReadAction","target":["https:\/\/portalmf.com.br\/index.php\/2024\/09\/26\/justica-eleitoral-suspende-divulgacao-de-pesquisa-do-instituto-economic-em-feira-de-santana\/"]}]},{"@type":"ImageObject","inLanguage":"pt-BR","@id":"https:\/\/portalmf.com.br\/index.php\/2024\/09\/26\/justica-eleitoral-suspende-divulgacao-de-pesquisa-do-instituto-economic-em-feira-de-santana\/#primaryimage","url":"https:\/\/portalmf.com.br\/wp-content\/uploads\/2024\/01\/urna_eletronica_tse.jpg","contentUrl":"https:\/\/portalmf.com.br\/wp-content\/uploads\/2024\/01\/urna_eletronica_tse.jpg","width":1100,"height":659},{"@type":"BreadcrumbList","@id":"https:\/\/portalmf.com.br\/index.php\/2024\/09\/26\/justica-eleitoral-suspende-divulgacao-de-pesquisa-do-instituto-economic-em-feira-de-santana\/#breadcrumb","itemListElement":[{"@type":"ListItem","position":1,"name":"In\u00edcio","item":"https:\/\/portalmf.com.br\/"},{"@type":"ListItem","position":2,"name":"Justi\u00e7a Eleitoral suspende divulga\u00e7\u00e3o de pesquisa do Instituto Economic em Feira de Santana"}]},{"@type":"WebSite","@id":"https:\/\/portalmf.com.br\/#website","url":"https:\/\/portalmf.com.br\/","name":"Portal MF","description":"Voc\u00ea conectado com a informa\u00e7\u00e3o","potentialAction":[{"@type":"SearchAction","target":{"@type":"EntryPoint","urlTemplate":"https:\/\/portalmf.com.br\/?s={search_term_string}"},"query-input":"required name=search_term_string"}],"inLanguage":"pt-BR"},{"@type":"Person","@id":"https:\/\/portalmf.com.br\/#\/schema\/person\/9ec101baf56233e53520c26de5d6f6f0","name":"Reda\u00e7\u00e3o Portal MF","image":{"@type":"ImageObject","inLanguage":"pt-BR","@id":"https:\/\/portalmf.com.br\/#\/schema\/person\/image\/","url":"https:\/\/secure.gravatar.com\/avatar\/41b9aaeb2100835f7c64362330f74c7f?s=96&d=mm&r=g","contentUrl":"https:\/\/secure.gravatar.com\/avatar\/41b9aaeb2100835f7c64362330f74c7f?s=96&d=mm&r=g","caption":"Reda\u00e7\u00e3o Portal MF"},"description":"Sejam bem-vindos o portal de informa\u00e7\u00f5es de entretenimento de Feira de Santana, desde 2006 realiza coberturas dos principais eventos com entrevistas exclusivas com as principais personalidades mundiais. Fique conectado tamb\u00e9m nas redes sociais.","sameAs":["http:\/\/www.portalmf.com.br\/","https:\/\/www.facebook.com\/portalmfoficial","https:\/\/www.instagram.com\/portalmf\/","https:\/\/x.com\/https:\/\/x.com\/portalmfoficial","https:\/\/www.youtube.com\/@portalmfoficial"],"url":"https:\/\/portalmf.com.br\/index.php\/author\/junior\/"}]}},"_links":{"self":[{"href":"https:\/\/portalmf.com.br\/index.php\/wp-json\/wp\/v2\/posts\/30177"}],"collection":[{"href":"https:\/\/portalmf.com.br\/index.php\/wp-json\/wp\/v2\/posts"}],"about":[{"href":"https:\/\/portalmf.com.br\/index.php\/wp-json\/wp\/v2\/types\/post"}],"author":[{"embeddable":true,"href":"https:\/\/portalmf.com.br\/index.php\/wp-json\/wp\/v2\/users\/3"}],"replies":[{"embeddable":true,"href":"https:\/\/portalmf.com.br\/index.php\/wp-json\/wp\/v2\/comments?post=30177"}],"version-history":[{"count":1,"href":"https:\/\/portalmf.com.br\/index.php\/wp-json\/wp\/v2\/posts\/30177\/revisions"}],"predecessor-version":[{"id":30178,"href":"https:\/\/portalmf.com.br\/index.php\/wp-json\/wp\/v2\/posts\/30177\/revisions\/30178"}],"wp:featuredmedia":[{"embeddable":true,"href":"https:\/\/portalmf.com.br\/index.php\/wp-json\/wp\/v2\/media\/22945"}],"wp:attachment":[{"href":"https:\/\/portalmf.com.br\/index.php\/wp-json\/wp\/v2\/media?parent=30177"}],"wp:term":[{"taxonomy":"category","embeddable":true,"href":"https:\/\/portalmf.com.br\/index.php\/wp-json\/wp\/v2\/categories?post=30177"},{"taxonomy":"post_tag","embeddable":true,"href":"https:\/\/portalmf.com.br\/index.php\/wp-json\/wp\/v2\/tags?post=30177"}],"curies":[{"name":"wp","href":"https:\/\/api.w.org\/{rel}","templated":true}]}}