{"id":30146,"date":"2024-09-25T18:07:39","date_gmt":"2024-09-25T21:07:39","guid":{"rendered":"https:\/\/portalmf.com.br\/?p=30146"},"modified":"2024-09-25T18:12:51","modified_gmt":"2024-09-25T21:12:51","slug":"pesquisa-aponta-vitoria-de-jose-ronaldo-para-prefeitura-de-feira-de-santana","status":"publish","type":"post","link":"https:\/\/portalmf.com.br\/index.php\/2024\/09\/25\/pesquisa-aponta-vitoria-de-jose-ronaldo-para-prefeitura-de-feira-de-santana\/","title":{"rendered":"Pesquisa aponta vit\u00f3ria de Jos\u00e9 Ronaldo para prefeitura de Feira de Santana"},"content":{"rendered":"\n<p>Mais uma pesquisa para sucess\u00e3o municipal foi divulgada na tarde desta quarta-feira (25) o lavamento foi realizado pelo instituto Economic e encomenda pelo programa Rotativo News da Radio Sociedade News e aponta a vit\u00f3ria do candidato Jos\u00e9 Ronaldo (Uni\u00e3o Brasil).<\/p>\n\n\n\n<p>Na pesquisa Jos\u00e9 Ronaldo venceria a elei\u00e7\u00e3o de 2024 com 53,90% dos votos v\u00e1lidos e, o candidato do PT Z\u00e9 Neto teria com 41,76% dos votos e Carlos Medeiros (Novo), aparece com 4,34% dos votos.<\/p>\n\n\n\n<p>Na pesquisa estimulada, quando s\u00e3o apresentados os nomes dos candidatos, Jos\u00e9 Ronaldo teve 42,20%, Z\u00e9 Neto obteve 32,70% e Carlos Medeiros (Novo) apareceu com 3,40% dos votos, enquanto brancos\/nulos representam 11,10% dos votos e os que n\u00e3o sabem\/n\u00e3o opinaram somam 10,60%.<\/p>\n\n\n\n<p><strong>Rejei\u00e7\u00e3o<\/strong><\/p>\n\n\n\n<p>Outro quesito avaliado pela pesquisa foi o n\u00edvel de rejei\u00e7\u00e3o dos candidatos. Veja os n\u00fameros:<\/p>\n\n\n\n<p>Z\u00e9 Neto: 30,30%<\/p>\n\n\n\n<p>Carlos Medeiros: 21,30%<\/p>\n\n\n\n<p>Jos\u00e9 Ronaldo; 21%<\/p>\n\n\n\n<p>A margem de erro da pesquisa eleitoral \u00e9 de 3,09% e o grau de confian\u00e7a de 95%. Tamb\u00e9m foi avaliada a inten\u00e7\u00e3o de votos para vereador e desempenho dos governos estadual e federal.<\/p>\n\n\n\n<p>A pesquisa foi realizada no per\u00edodo de 17 a 20 deste m\u00eas e est\u00e1 registrada no TSE sob o n\u00ba BA-09960\/2024, ouvindo mil eleitores.<\/p>\n\n\n\n<p>As informa\u00e7\u00f5es s\u00e3o do site do Rotativo News<\/p>\n","protected":false},"excerpt":{"rendered":"<p>Mais uma pesquisa para sucess\u00e3o municipal foi divulgada na tarde desta quarta-feira (25) o lavamento foi realizado pelo instituto Economic e encomenda pelo programa Rotativo News da Radio Sociedade News e aponta a vit\u00f3ria do candidato Jos\u00e9 Ronaldo (Uni\u00e3o Brasil). Na pesquisa Jos\u00e9 Ronaldo venceria a elei\u00e7\u00e3o de 2024 com 53,90% dos votos v\u00e1lidos e, [&hellip;]<\/p>\n","protected":false},"author":3,"featured_media":30147,"comment_status":"open","ping_status":"open","sticky":false,"template":"","format":"standard","meta":{"_monsterinsights_skip_tracking":false,"_monsterinsights_sitenote_active":false,"_monsterinsights_sitenote_note":"","_monsterinsights_sitenote_category":0,"footnotes":""},"categories":[48,301,34],"tags":[],"yoast_head":"<!-- This site is optimized with the Yoast SEO plugin v22.9 - https:\/\/yoast.com\/wordpress\/plugins\/seo\/ -->\n<title>Pesquisa aponta vit\u00f3ria de Jos\u00e9 Ronaldo para prefeitura de Feira de Santana - Portal MF<\/title>\n<meta name=\"robots\" content=\"index, follow, max-snippet:-1, max-image-preview:large, max-video-preview:-1\" \/>\n<link rel=\"canonical\" href=\"https:\/\/portalmf.com.br\/index.php\/2024\/09\/25\/pesquisa-aponta-vitoria-de-jose-ronaldo-para-prefeitura-de-feira-de-santana\/\" \/>\n<meta property=\"og:locale\" content=\"pt_BR\" \/>\n<meta property=\"og:type\" content=\"article\" \/>\n<meta property=\"og:title\" content=\"Pesquisa aponta vit\u00f3ria de Jos\u00e9 Ronaldo para prefeitura de Feira de Santana - Portal MF\" \/>\n<meta property=\"og:description\" content=\"Mais uma pesquisa para sucess\u00e3o municipal foi divulgada na tarde desta quarta-feira (25) o lavamento foi realizado pelo instituto Economic e encomenda pelo programa Rotativo News da Radio Sociedade News e aponta a vit\u00f3ria do candidato Jos\u00e9 Ronaldo (Uni\u00e3o Brasil). Na pesquisa Jos\u00e9 Ronaldo venceria a elei\u00e7\u00e3o de 2024 com 53,90% dos votos v\u00e1lidos e, [&hellip;]\" \/>\n<meta property=\"og:url\" content=\"https:\/\/portalmf.com.br\/index.php\/2024\/09\/25\/pesquisa-aponta-vitoria-de-jose-ronaldo-para-prefeitura-de-feira-de-santana\/\" \/>\n<meta property=\"og:site_name\" content=\"Portal MF\" \/>\n<meta property=\"article:author\" content=\"https:\/\/www.facebook.com\/portalmfoficial\" \/>\n<meta property=\"article:published_time\" content=\"2024-09-25T21:07:39+00:00\" \/>\n<meta property=\"article:modified_time\" content=\"2024-09-25T21:12:51+00:00\" \/>\n<meta property=\"og:image\" content=\"https:\/\/portalmf.com.br\/wp-content\/uploads\/2024\/09\/Jose-Ronaldo.jpg\" \/>\n\t<meta property=\"og:image:width\" content=\"800\" \/>\n\t<meta property=\"og:image:height\" content=\"533\" \/>\n\t<meta property=\"og:image:type\" content=\"image\/jpeg\" \/>\n<meta name=\"author\" content=\"Reda\u00e7\u00e3o Portal MF\" \/>\n<meta name=\"twitter:card\" content=\"summary_large_image\" \/>\n<meta name=\"twitter:creator\" content=\"@https:\/\/x.com\/portalmfoficial\" \/>\n<meta name=\"twitter:label1\" content=\"Escrito por\" \/>\n\t<meta name=\"twitter:data1\" content=\"Reda\u00e7\u00e3o Portal MF\" \/>\n\t<meta name=\"twitter:label2\" content=\"Est. tempo de leitura\" \/>\n\t<meta name=\"twitter:data2\" content=\"2 minutos\" \/>\n<script type=\"application\/ld+json\" class=\"yoast-schema-graph\">{\"@context\":\"https:\/\/schema.org\",\"@graph\":[{\"@type\":\"WebPage\",\"@id\":\"https:\/\/portalmf.com.br\/index.php\/2024\/09\/25\/pesquisa-aponta-vitoria-de-jose-ronaldo-para-prefeitura-de-feira-de-santana\/\",\"url\":\"https:\/\/portalmf.com.br\/index.php\/2024\/09\/25\/pesquisa-aponta-vitoria-de-jose-ronaldo-para-prefeitura-de-feira-de-santana\/\",\"name\":\"Pesquisa aponta vit\u00f3ria de Jos\u00e9 Ronaldo para prefeitura de Feira de Santana - Portal MF\",\"isPartOf\":{\"@id\":\"https:\/\/portalmf.com.br\/#website\"},\"primaryImageOfPage\":{\"@id\":\"https:\/\/portalmf.com.br\/index.php\/2024\/09\/25\/pesquisa-aponta-vitoria-de-jose-ronaldo-para-prefeitura-de-feira-de-santana\/#primaryimage\"},\"image\":{\"@id\":\"https:\/\/portalmf.com.br\/index.php\/2024\/09\/25\/pesquisa-aponta-vitoria-de-jose-ronaldo-para-prefeitura-de-feira-de-santana\/#primaryimage\"},\"thumbnailUrl\":\"https:\/\/portalmf.com.br\/wp-content\/uploads\/2024\/09\/Jose-Ronaldo.jpg\",\"datePublished\":\"2024-09-25T21:07:39+00:00\",\"dateModified\":\"2024-09-25T21:12:51+00:00\",\"author\":{\"@id\":\"https:\/\/portalmf.com.br\/#\/schema\/person\/9ec101baf56233e53520c26de5d6f6f0\"},\"breadcrumb\":{\"@id\":\"https:\/\/portalmf.com.br\/index.php\/2024\/09\/25\/pesquisa-aponta-vitoria-de-jose-ronaldo-para-prefeitura-de-feira-de-santana\/#breadcrumb\"},\"inLanguage\":\"pt-BR\",\"potentialAction\":[{\"@type\":\"ReadAction\",\"target\":[\"https:\/\/portalmf.com.br\/index.php\/2024\/09\/25\/pesquisa-aponta-vitoria-de-jose-ronaldo-para-prefeitura-de-feira-de-santana\/\"]}]},{\"@type\":\"ImageObject\",\"inLanguage\":\"pt-BR\",\"@id\":\"https:\/\/portalmf.com.br\/index.php\/2024\/09\/25\/pesquisa-aponta-vitoria-de-jose-ronaldo-para-prefeitura-de-feira-de-santana\/#primaryimage\",\"url\":\"https:\/\/portalmf.com.br\/wp-content\/uploads\/2024\/09\/Jose-Ronaldo.jpg\",\"contentUrl\":\"https:\/\/portalmf.com.br\/wp-content\/uploads\/2024\/09\/Jose-Ronaldo.jpg\",\"width\":800,\"height\":533},{\"@type\":\"BreadcrumbList\",\"@id\":\"https:\/\/portalmf.com.br\/index.php\/2024\/09\/25\/pesquisa-aponta-vitoria-de-jose-ronaldo-para-prefeitura-de-feira-de-santana\/#breadcrumb\",\"itemListElement\":[{\"@type\":\"ListItem\",\"position\":1,\"name\":\"In\u00edcio\",\"item\":\"https:\/\/portalmf.com.br\/\"},{\"@type\":\"ListItem\",\"position\":2,\"name\":\"Pesquisa aponta vit\u00f3ria de Jos\u00e9 Ronaldo para prefeitura de Feira de Santana\"}]},{\"@type\":\"WebSite\",\"@id\":\"https:\/\/portalmf.com.br\/#website\",\"url\":\"https:\/\/portalmf.com.br\/\",\"name\":\"Portal MF\",\"description\":\"Voc\u00ea conectado com a informa\u00e7\u00e3o\",\"potentialAction\":[{\"@type\":\"SearchAction\",\"target\":{\"@type\":\"EntryPoint\",\"urlTemplate\":\"https:\/\/portalmf.com.br\/?s={search_term_string}\"},\"query-input\":\"required name=search_term_string\"}],\"inLanguage\":\"pt-BR\"},{\"@type\":\"Person\",\"@id\":\"https:\/\/portalmf.com.br\/#\/schema\/person\/9ec101baf56233e53520c26de5d6f6f0\",\"name\":\"Reda\u00e7\u00e3o Portal MF\",\"image\":{\"@type\":\"ImageObject\",\"inLanguage\":\"pt-BR\",\"@id\":\"https:\/\/portalmf.com.br\/#\/schema\/person\/image\/\",\"url\":\"https:\/\/secure.gravatar.com\/avatar\/41b9aaeb2100835f7c64362330f74c7f?s=96&d=mm&r=g\",\"contentUrl\":\"https:\/\/secure.gravatar.com\/avatar\/41b9aaeb2100835f7c64362330f74c7f?s=96&d=mm&r=g\",\"caption\":\"Reda\u00e7\u00e3o Portal MF\"},\"description\":\"Sejam bem-vindos o portal de informa\u00e7\u00f5es de entretenimento de Feira de Santana, desde 2006 realiza coberturas dos principais eventos com entrevistas exclusivas com as principais personalidades mundiais. Fique conectado tamb\u00e9m nas redes sociais.\",\"sameAs\":[\"http:\/\/www.portalmf.com.br\/\",\"https:\/\/www.facebook.com\/portalmfoficial\",\"https:\/\/www.instagram.com\/portalmf\/\",\"https:\/\/x.com\/https:\/\/x.com\/portalmfoficial\",\"https:\/\/www.youtube.com\/@portalmfoficial\"],\"url\":\"https:\/\/portalmf.com.br\/index.php\/author\/junior\/\"}]}<\/script>\n<!-- \/ Yoast SEO plugin. -->","yoast_head_json":{"title":"Pesquisa aponta vit\u00f3ria de Jos\u00e9 Ronaldo para prefeitura de Feira de Santana - Portal MF","robots":{"index":"index","follow":"follow","max-snippet":"max-snippet:-1","max-image-preview":"max-image-preview:large","max-video-preview":"max-video-preview:-1"},"canonical":"https:\/\/portalmf.com.br\/index.php\/2024\/09\/25\/pesquisa-aponta-vitoria-de-jose-ronaldo-para-prefeitura-de-feira-de-santana\/","og_locale":"pt_BR","og_type":"article","og_title":"Pesquisa aponta vit\u00f3ria de Jos\u00e9 Ronaldo para prefeitura de Feira de Santana - Portal MF","og_description":"Mais uma pesquisa para sucess\u00e3o municipal foi divulgada na tarde desta quarta-feira (25) o lavamento foi realizado pelo instituto Economic e encomenda pelo programa Rotativo News da Radio Sociedade News e aponta a vit\u00f3ria do candidato Jos\u00e9 Ronaldo (Uni\u00e3o Brasil). Na pesquisa Jos\u00e9 Ronaldo venceria a elei\u00e7\u00e3o de 2024 com 53,90% dos votos v\u00e1lidos e, [&hellip;]","og_url":"https:\/\/portalmf.com.br\/index.php\/2024\/09\/25\/pesquisa-aponta-vitoria-de-jose-ronaldo-para-prefeitura-de-feira-de-santana\/","og_site_name":"Portal MF","article_author":"https:\/\/www.facebook.com\/portalmfoficial","article_published_time":"2024-09-25T21:07:39+00:00","article_modified_time":"2024-09-25T21:12:51+00:00","og_image":[{"width":800,"height":533,"url":"https:\/\/portalmf.com.br\/wp-content\/uploads\/2024\/09\/Jose-Ronaldo.jpg","type":"image\/jpeg"}],"author":"Reda\u00e7\u00e3o Portal MF","twitter_card":"summary_large_image","twitter_creator":"@https:\/\/x.com\/portalmfoficial","twitter_misc":{"Escrito por":"Reda\u00e7\u00e3o Portal MF","Est. tempo de leitura":"2 minutos"},"schema":{"@context":"https:\/\/schema.org","@graph":[{"@type":"WebPage","@id":"https:\/\/portalmf.com.br\/index.php\/2024\/09\/25\/pesquisa-aponta-vitoria-de-jose-ronaldo-para-prefeitura-de-feira-de-santana\/","url":"https:\/\/portalmf.com.br\/index.php\/2024\/09\/25\/pesquisa-aponta-vitoria-de-jose-ronaldo-para-prefeitura-de-feira-de-santana\/","name":"Pesquisa aponta vit\u00f3ria de Jos\u00e9 Ronaldo para prefeitura de Feira de Santana - Portal MF","isPartOf":{"@id":"https:\/\/portalmf.com.br\/#website"},"primaryImageOfPage":{"@id":"https:\/\/portalmf.com.br\/index.php\/2024\/09\/25\/pesquisa-aponta-vitoria-de-jose-ronaldo-para-prefeitura-de-feira-de-santana\/#primaryimage"},"image":{"@id":"https:\/\/portalmf.com.br\/index.php\/2024\/09\/25\/pesquisa-aponta-vitoria-de-jose-ronaldo-para-prefeitura-de-feira-de-santana\/#primaryimage"},"thumbnailUrl":"https:\/\/portalmf.com.br\/wp-content\/uploads\/2024\/09\/Jose-Ronaldo.jpg","datePublished":"2024-09-25T21:07:39+00:00","dateModified":"2024-09-25T21:12:51+00:00","author":{"@id":"https:\/\/portalmf.com.br\/#\/schema\/person\/9ec101baf56233e53520c26de5d6f6f0"},"breadcrumb":{"@id":"https:\/\/portalmf.com.br\/index.php\/2024\/09\/25\/pesquisa-aponta-vitoria-de-jose-ronaldo-para-prefeitura-de-feira-de-santana\/#breadcrumb"},"inLanguage":"pt-BR","potentialAction":[{"@type":"ReadAction","target":["https:\/\/portalmf.com.br\/index.php\/2024\/09\/25\/pesquisa-aponta-vitoria-de-jose-ronaldo-para-prefeitura-de-feira-de-santana\/"]}]},{"@type":"ImageObject","inLanguage":"pt-BR","@id":"https:\/\/portalmf.com.br\/index.php\/2024\/09\/25\/pesquisa-aponta-vitoria-de-jose-ronaldo-para-prefeitura-de-feira-de-santana\/#primaryimage","url":"https:\/\/portalmf.com.br\/wp-content\/uploads\/2024\/09\/Jose-Ronaldo.jpg","contentUrl":"https:\/\/portalmf.com.br\/wp-content\/uploads\/2024\/09\/Jose-Ronaldo.jpg","width":800,"height":533},{"@type":"BreadcrumbList","@id":"https:\/\/portalmf.com.br\/index.php\/2024\/09\/25\/pesquisa-aponta-vitoria-de-jose-ronaldo-para-prefeitura-de-feira-de-santana\/#breadcrumb","itemListElement":[{"@type":"ListItem","position":1,"name":"In\u00edcio","item":"https:\/\/portalmf.com.br\/"},{"@type":"ListItem","position":2,"name":"Pesquisa aponta vit\u00f3ria de Jos\u00e9 Ronaldo para prefeitura de Feira de Santana"}]},{"@type":"WebSite","@id":"https:\/\/portalmf.com.br\/#website","url":"https:\/\/portalmf.com.br\/","name":"Portal MF","description":"Voc\u00ea conectado com a informa\u00e7\u00e3o","potentialAction":[{"@type":"SearchAction","target":{"@type":"EntryPoint","urlTemplate":"https:\/\/portalmf.com.br\/?s={search_term_string}"},"query-input":"required name=search_term_string"}],"inLanguage":"pt-BR"},{"@type":"Person","@id":"https:\/\/portalmf.com.br\/#\/schema\/person\/9ec101baf56233e53520c26de5d6f6f0","name":"Reda\u00e7\u00e3o Portal MF","image":{"@type":"ImageObject","inLanguage":"pt-BR","@id":"https:\/\/portalmf.com.br\/#\/schema\/person\/image\/","url":"https:\/\/secure.gravatar.com\/avatar\/41b9aaeb2100835f7c64362330f74c7f?s=96&d=mm&r=g","contentUrl":"https:\/\/secure.gravatar.com\/avatar\/41b9aaeb2100835f7c64362330f74c7f?s=96&d=mm&r=g","caption":"Reda\u00e7\u00e3o Portal MF"},"description":"Sejam bem-vindos o portal de informa\u00e7\u00f5es de entretenimento de Feira de Santana, desde 2006 realiza coberturas dos principais eventos com entrevistas exclusivas com as principais personalidades mundiais. Fique conectado tamb\u00e9m nas redes sociais.","sameAs":["http:\/\/www.portalmf.com.br\/","https:\/\/www.facebook.com\/portalmfoficial","https:\/\/www.instagram.com\/portalmf\/","https:\/\/x.com\/https:\/\/x.com\/portalmfoficial","https:\/\/www.youtube.com\/@portalmfoficial"],"url":"https:\/\/portalmf.com.br\/index.php\/author\/junior\/"}]}},"_links":{"self":[{"href":"https:\/\/portalmf.com.br\/index.php\/wp-json\/wp\/v2\/posts\/30146"}],"collection":[{"href":"https:\/\/portalmf.com.br\/index.php\/wp-json\/wp\/v2\/posts"}],"about":[{"href":"https:\/\/portalmf.com.br\/index.php\/wp-json\/wp\/v2\/types\/post"}],"author":[{"embeddable":true,"href":"https:\/\/portalmf.com.br\/index.php\/wp-json\/wp\/v2\/users\/3"}],"replies":[{"embeddable":true,"href":"https:\/\/portalmf.com.br\/index.php\/wp-json\/wp\/v2\/comments?post=30146"}],"version-history":[{"count":2,"href":"https:\/\/portalmf.com.br\/index.php\/wp-json\/wp\/v2\/posts\/30146\/revisions"}],"predecessor-version":[{"id":30149,"href":"https:\/\/portalmf.com.br\/index.php\/wp-json\/wp\/v2\/posts\/30146\/revisions\/30149"}],"wp:featuredmedia":[{"embeddable":true,"href":"https:\/\/portalmf.com.br\/index.php\/wp-json\/wp\/v2\/media\/30147"}],"wp:attachment":[{"href":"https:\/\/portalmf.com.br\/index.php\/wp-json\/wp\/v2\/media?parent=30146"}],"wp:term":[{"taxonomy":"category","embeddable":true,"href":"https:\/\/portalmf.com.br\/index.php\/wp-json\/wp\/v2\/categories?post=30146"},{"taxonomy":"post_tag","embeddable":true,"href":"https:\/\/portalmf.com.br\/index.php\/wp-json\/wp\/v2\/tags?post=30146"}],"curies":[{"name":"wp","href":"https:\/\/api.w.org\/{rel}","templated":true}]}}