{"id":30137,"date":"2024-09-25T06:22:33","date_gmt":"2024-09-25T09:22:33","guid":{"rendered":"https:\/\/portalmf.com.br\/?p=30137"},"modified":"2024-09-25T07:28:02","modified_gmt":"2024-09-25T10:28:02","slug":"pesquisa-revela-disputa-acirrada-para-prefeitura-de-feira-de-santana","status":"publish","type":"post","link":"https:\/\/portalmf.com.br\/index.php\/2024\/09\/25\/pesquisa-revela-disputa-acirrada-para-prefeitura-de-feira-de-santana\/","title":{"rendered":"Pesquisa revela disputa acirrada para prefeitura de Feira de Santana"},"content":{"rendered":"\n<p>A menos de duas semanas para a vota\u00e7\u00e3o, a elei\u00e7\u00e3o em Feira de Santana est\u00e1 indefinida. O levantamento Atlas Intel\/A TARDE sinaliza que a diferen\u00e7a percentual reduzida entre os dois primeiros candidatos n\u00e3o permite afirmar que a disputa est\u00e1 decidida.<\/p>\n\n\n\n<p>Segundo a pesquisa, 50,7% dos eleitores afirmam votar em Jos\u00e9 Ronaldo (Uni\u00e3o Brasil) e 45% em Z\u00e9 Neto (PT). Carlos Medeiros (Novo) tem 1,6%, Brancos e Nulos 2,7% e indecisos apresentam o surpreendente \u00edndice de 0%, o que demonstra um eleitorado bastante decidido na Princesa do Sert\u00e3o.<\/p>\n\n\n\n<p>O petista tem larga vantagem entre os eleitores mais jovens, de 16 a 24 anos, com 72% das inten\u00e7\u00f5es de voto. Entre os que ganham menos de R$ 2 mil, os candidatos est\u00e3o empatados, mas Jos\u00e9 Ronaldo tem 62,6% dos eleitores que ganham de R$ 2 a 3 mil e 55,5% de quem ganha Bolsa Fam\u00edlia.<\/p>\n\n\n\n<p>No recorte por instru\u00e7\u00e3o, Jos\u00e9 Ronaldo det\u00e9m 66,3% dos eleitores que possuem apenas o ensino fundamental, enquanto Z\u00e9 Neto lidera (52,8%) entre os que conclu\u00edram ou est\u00e3o cursando o ensino m\u00e9dio, confirmando sua maior inser\u00e7\u00e3o entre os mais jovens.<\/p>\n\n\n\n<p>Com a margem de menos de um ponto percentual acima dos 50% e uma dist\u00e2ncia inferior a seis pontos entre os dois candidatos, dentro da margem de erro (que \u00e9 de 3 pontos percentuais para mais ou para menos), o analista de risco pol\u00edtico da Atlas Intel, Yuri Sanches, n\u00e3o tem como afirmar que a elei\u00e7\u00e3o est\u00e1 decidida.<\/p>\n\n\n\n<p>\u201cJos\u00e9 Ronaldo est\u00e1 no limiar de vencer no 1\u00ba turno, mas n\u00e3o d\u00e1 para cravar por conta da margem de erro e da din\u00e2mica da pol\u00edtica\u201d, diz o analista, que v\u00ea em Feira de Santana uma das elei\u00e7\u00f5es mais disputadas hoje na Bahia. \u201cExiste uma chance relevante de decidir no 1\u00ba turno, mas ainda tem um certo suspense\u201d.<\/p>\n\n\n\n<p>Na opini\u00e3o de Yuri Sanches, a vantagem de Jos\u00e9 Ronaldo&nbsp;<strong>se deve aos votos herdados de outros candidatos<\/strong>. \u201cEm abril ainda tinha Pablo Roberto (PSDB) com 10,3% e Capit\u00e3o Alden (PL) com 5,1%. O Jos\u00e9 Ronaldo conseguiu atrair esses eleitores\u201d, analisa, citando os dois candidatos que desistiram da disputa.<\/p>\n\n\n\n<p>Em votos v\u00e1lidos, Jos\u00e9 Ronaldo tem 52,1% contra 46,3% de Z\u00e9 Neto. Num eventual segundo turno, a varia\u00e7\u00e3o tamb\u00e9m seria m\u00ednima. Jos\u00e9 Ronaldo teria 51% enquanto Z\u00e9 Neto ficaria com 45%, mantendo a dist\u00e2ncia de seis pontos percentuais, ainda no limite da margem de erro, configurando empate t\u00e9cnico.<\/p>\n\n\n\n<p><strong>Rejei\u00e7\u00e3o<\/strong><\/p>\n\n\n\n<p>Para Yuri Sanches, a principal raz\u00e3o para a lideran\u00e7a do ex-prefeito foi conseguir se descolar da enorme rejei\u00e7\u00e3o do atual prefeito Colbert Martins (MDB), que foi vice de Jos\u00e9 Ronaldo. Al\u00e9m disso, a campanha do Uni\u00e3o Brasil conseguiu fugir da polariza\u00e7\u00e3o entre Lula e Bolsonaro, marca da \u00faltima elei\u00e7\u00e3o presidencial e tamb\u00e9m da disputa estadual.<\/p>\n\n\n\n<p>\u201cEm abril, o maior desafio de Jos\u00e9 Ronaldo era conseguir se desvincular de Colbert. O Uni\u00e3o Brasil mostrou habilidade para dialogar com o eleitorado lulista, mesmo com apoio do PL\u201d explicou o analista.<\/p>\n\n\n\n<p>Em sua leitura de cen\u00e1rio, ele destaca que o eleitor se acostumou com a ideia de que \u201cquem votou no Lula \u00e9 lulista e quem votou em Bolsonaro \u00e9 bolsonarista, o que n\u00e3o \u00e9 verdade\u201d, disse Sanches.<\/p>\n\n\n\n<p><strong>Revers\u00e3o<\/strong><\/p>\n\n\n\n<p>A possibilidade de reviravolta existe, mas passa necessariamente pela conquista, ou recupera\u00e7\u00e3o, do eleitorado que rejeitou Bolsonaro e escolheu Lula. Segundo a pesquisa&nbsp;<strong>AtlasIntel\/A TARDE<\/strong>, Z\u00e9 Neto tem a maioria dos votos dos eleitores de Lula (71,3%), mas Jos\u00e9 Ronaldo ainda fica com 26% dos votos dados ao atual presidente.<\/p>\n\n\n\n<p>Da mesma forma, 19,8% dos eleitores que disseram ter votado no governador Jer\u00f4nimo Rodrigues pretendem votar no ex-prefeito, contra 79,9% de inten\u00e7\u00f5es declaradas a Z\u00e9 Neto. Para o analista, uma revers\u00e3o do quadro atual passa necessariamente por esses eleitores. \u201cZ\u00e9 Neto teria que penetrar no eleitorado de Lula\u201d, diz Yuri Sanches.<\/p>\n\n\n\n<p>O analista avalia que existe no eleitorado uma \u00e2nsia de mudan\u00e7a, devido \u00e0 p\u00e9ssima avalia\u00e7\u00e3o da gest\u00e3o atual. No entanto, h\u00e1 tamb\u00e9m uma resist\u00eancia a um candidato que n\u00e3o tem experi\u00eancia de gest\u00e3o.<\/p>\n\n\n\n<p>Por isso, a participa\u00e7\u00e3o de l\u00edderes petistas, como o governador Jer\u00f4nimo Rodrigues e o ministro e ex-governador Rui Costa, podem ser decisivos na reta final, para refor\u00e7ar o alinhamento com as esferas estadual e federal e reconquistar o eleitor de Lula que hoje n\u00e3o tem inten\u00e7\u00e3o de votar no candidato petista.<\/p>\n\n\n\n<p>A Pesquisa AtlasIntel\/A TARDE ouviu 798 pessoas em Feira de Santana, no per\u00edodo de 18\/09\/2024 a 23\/09\/2024. Registro no TSE: BA-05542\/2024.<\/p>\n\n\n\n<p>Com informa\u00e7\u00f5es do A Tarde<\/p>\n","protected":false},"excerpt":{"rendered":"<p>A menos de duas semanas para a vota\u00e7\u00e3o, a elei\u00e7\u00e3o em Feira de Santana est\u00e1 indefinida. O levantamento Atlas Intel\/A TARDE sinaliza que a diferen\u00e7a percentual reduzida entre os dois primeiros candidatos n\u00e3o permite afirmar que a disputa est\u00e1 decidida. Segundo a pesquisa, 50,7% dos eleitores afirmam votar em Jos\u00e9 Ronaldo (Uni\u00e3o Brasil) e 45% [&hellip;]<\/p>\n","protected":false},"author":3,"featured_media":30138,"comment_status":"open","ping_status":"open","sticky":false,"template":"","format":"standard","meta":{"_monsterinsights_skip_tracking":false,"_monsterinsights_sitenote_active":false,"_monsterinsights_sitenote_note":"","_monsterinsights_sitenote_category":0,"footnotes":""},"categories":[48,301,34],"tags":[],"yoast_head":"<!-- This site is optimized with the Yoast SEO plugin v22.9 - https:\/\/yoast.com\/wordpress\/plugins\/seo\/ -->\n<title>Pesquisa revela disputa acirrada para prefeitura de Feira de Santana - Portal MF<\/title>\n<meta name=\"robots\" content=\"index, follow, max-snippet:-1, max-image-preview:large, max-video-preview:-1\" \/>\n<link rel=\"canonical\" href=\"https:\/\/portalmf.com.br\/index.php\/2024\/09\/25\/pesquisa-revela-disputa-acirrada-para-prefeitura-de-feira-de-santana\/\" \/>\n<meta property=\"og:locale\" content=\"pt_BR\" \/>\n<meta property=\"og:type\" content=\"article\" \/>\n<meta property=\"og:title\" content=\"Pesquisa revela disputa acirrada para prefeitura de Feira de Santana - Portal MF\" \/>\n<meta property=\"og:description\" content=\"A menos de duas semanas para a vota\u00e7\u00e3o, a elei\u00e7\u00e3o em Feira de Santana est\u00e1 indefinida. O levantamento Atlas Intel\/A TARDE sinaliza que a diferen\u00e7a percentual reduzida entre os dois primeiros candidatos n\u00e3o permite afirmar que a disputa est\u00e1 decidida. Segundo a pesquisa, 50,7% dos eleitores afirmam votar em Jos\u00e9 Ronaldo (Uni\u00e3o Brasil) e 45% [&hellip;]\" \/>\n<meta property=\"og:url\" content=\"https:\/\/portalmf.com.br\/index.php\/2024\/09\/25\/pesquisa-revela-disputa-acirrada-para-prefeitura-de-feira-de-santana\/\" \/>\n<meta property=\"og:site_name\" content=\"Portal MF\" \/>\n<meta property=\"article:author\" content=\"https:\/\/www.facebook.com\/portalmfoficial\" \/>\n<meta property=\"article:published_time\" content=\"2024-09-25T09:22:33+00:00\" \/>\n<meta property=\"article:modified_time\" content=\"2024-09-25T10:28:02+00:00\" \/>\n<meta property=\"og:image\" content=\"https:\/\/portalmf.com.br\/wp-content\/uploads\/2024\/09\/candidatos_eleicoes_2024_prefeito.jpg\" \/>\n\t<meta property=\"og:image:width\" content=\"800\" \/>\n\t<meta property=\"og:image:height\" content=\"500\" \/>\n\t<meta property=\"og:image:type\" content=\"image\/jpeg\" \/>\n<meta name=\"author\" content=\"Reda\u00e7\u00e3o Portal MF\" \/>\n<meta name=\"twitter:card\" content=\"summary_large_image\" \/>\n<meta name=\"twitter:creator\" content=\"@https:\/\/x.com\/portalmfoficial\" \/>\n<meta name=\"twitter:label1\" content=\"Escrito por\" \/>\n\t<meta name=\"twitter:data1\" content=\"Reda\u00e7\u00e3o Portal MF\" \/>\n\t<meta name=\"twitter:label2\" content=\"Est. tempo de leitura\" \/>\n\t<meta name=\"twitter:data2\" content=\"5 minutos\" \/>\n<script type=\"application\/ld+json\" class=\"yoast-schema-graph\">{\"@context\":\"https:\/\/schema.org\",\"@graph\":[{\"@type\":\"WebPage\",\"@id\":\"https:\/\/portalmf.com.br\/index.php\/2024\/09\/25\/pesquisa-revela-disputa-acirrada-para-prefeitura-de-feira-de-santana\/\",\"url\":\"https:\/\/portalmf.com.br\/index.php\/2024\/09\/25\/pesquisa-revela-disputa-acirrada-para-prefeitura-de-feira-de-santana\/\",\"name\":\"Pesquisa revela disputa acirrada para prefeitura de Feira de Santana - Portal MF\",\"isPartOf\":{\"@id\":\"https:\/\/portalmf.com.br\/#website\"},\"primaryImageOfPage\":{\"@id\":\"https:\/\/portalmf.com.br\/index.php\/2024\/09\/25\/pesquisa-revela-disputa-acirrada-para-prefeitura-de-feira-de-santana\/#primaryimage\"},\"image\":{\"@id\":\"https:\/\/portalmf.com.br\/index.php\/2024\/09\/25\/pesquisa-revela-disputa-acirrada-para-prefeitura-de-feira-de-santana\/#primaryimage\"},\"thumbnailUrl\":\"https:\/\/portalmf.com.br\/wp-content\/uploads\/2024\/09\/candidatos_eleicoes_2024_prefeito.jpg\",\"datePublished\":\"2024-09-25T09:22:33+00:00\",\"dateModified\":\"2024-09-25T10:28:02+00:00\",\"author\":{\"@id\":\"https:\/\/portalmf.com.br\/#\/schema\/person\/9ec101baf56233e53520c26de5d6f6f0\"},\"breadcrumb\":{\"@id\":\"https:\/\/portalmf.com.br\/index.php\/2024\/09\/25\/pesquisa-revela-disputa-acirrada-para-prefeitura-de-feira-de-santana\/#breadcrumb\"},\"inLanguage\":\"pt-BR\",\"potentialAction\":[{\"@type\":\"ReadAction\",\"target\":[\"https:\/\/portalmf.com.br\/index.php\/2024\/09\/25\/pesquisa-revela-disputa-acirrada-para-prefeitura-de-feira-de-santana\/\"]}]},{\"@type\":\"ImageObject\",\"inLanguage\":\"pt-BR\",\"@id\":\"https:\/\/portalmf.com.br\/index.php\/2024\/09\/25\/pesquisa-revela-disputa-acirrada-para-prefeitura-de-feira-de-santana\/#primaryimage\",\"url\":\"https:\/\/portalmf.com.br\/wp-content\/uploads\/2024\/09\/candidatos_eleicoes_2024_prefeito.jpg\",\"contentUrl\":\"https:\/\/portalmf.com.br\/wp-content\/uploads\/2024\/09\/candidatos_eleicoes_2024_prefeito.jpg\",\"width\":800,\"height\":500},{\"@type\":\"BreadcrumbList\",\"@id\":\"https:\/\/portalmf.com.br\/index.php\/2024\/09\/25\/pesquisa-revela-disputa-acirrada-para-prefeitura-de-feira-de-santana\/#breadcrumb\",\"itemListElement\":[{\"@type\":\"ListItem\",\"position\":1,\"name\":\"In\u00edcio\",\"item\":\"https:\/\/portalmf.com.br\/\"},{\"@type\":\"ListItem\",\"position\":2,\"name\":\"Pesquisa revela disputa acirrada para prefeitura de Feira de Santana\"}]},{\"@type\":\"WebSite\",\"@id\":\"https:\/\/portalmf.com.br\/#website\",\"url\":\"https:\/\/portalmf.com.br\/\",\"name\":\"Portal MF\",\"description\":\"Voc\u00ea conectado com a informa\u00e7\u00e3o\",\"potentialAction\":[{\"@type\":\"SearchAction\",\"target\":{\"@type\":\"EntryPoint\",\"urlTemplate\":\"https:\/\/portalmf.com.br\/?s={search_term_string}\"},\"query-input\":\"required name=search_term_string\"}],\"inLanguage\":\"pt-BR\"},{\"@type\":\"Person\",\"@id\":\"https:\/\/portalmf.com.br\/#\/schema\/person\/9ec101baf56233e53520c26de5d6f6f0\",\"name\":\"Reda\u00e7\u00e3o Portal MF\",\"image\":{\"@type\":\"ImageObject\",\"inLanguage\":\"pt-BR\",\"@id\":\"https:\/\/portalmf.com.br\/#\/schema\/person\/image\/\",\"url\":\"https:\/\/secure.gravatar.com\/avatar\/41b9aaeb2100835f7c64362330f74c7f?s=96&d=mm&r=g\",\"contentUrl\":\"https:\/\/secure.gravatar.com\/avatar\/41b9aaeb2100835f7c64362330f74c7f?s=96&d=mm&r=g\",\"caption\":\"Reda\u00e7\u00e3o Portal MF\"},\"description\":\"Sejam bem-vindos o portal de informa\u00e7\u00f5es de entretenimento de Feira de Santana, desde 2006 realiza coberturas dos principais eventos com entrevistas exclusivas com as principais personalidades mundiais. Fique conectado tamb\u00e9m nas redes sociais.\",\"sameAs\":[\"http:\/\/www.portalmf.com.br\/\",\"https:\/\/www.facebook.com\/portalmfoficial\",\"https:\/\/www.instagram.com\/portalmf\/\",\"https:\/\/x.com\/https:\/\/x.com\/portalmfoficial\",\"https:\/\/www.youtube.com\/@portalmfoficial\"],\"url\":\"https:\/\/portalmf.com.br\/index.php\/author\/junior\/\"}]}<\/script>\n<!-- \/ Yoast SEO plugin. -->","yoast_head_json":{"title":"Pesquisa revela disputa acirrada para prefeitura de Feira de Santana - Portal MF","robots":{"index":"index","follow":"follow","max-snippet":"max-snippet:-1","max-image-preview":"max-image-preview:large","max-video-preview":"max-video-preview:-1"},"canonical":"https:\/\/portalmf.com.br\/index.php\/2024\/09\/25\/pesquisa-revela-disputa-acirrada-para-prefeitura-de-feira-de-santana\/","og_locale":"pt_BR","og_type":"article","og_title":"Pesquisa revela disputa acirrada para prefeitura de Feira de Santana - Portal MF","og_description":"A menos de duas semanas para a vota\u00e7\u00e3o, a elei\u00e7\u00e3o em Feira de Santana est\u00e1 indefinida. O levantamento Atlas Intel\/A TARDE sinaliza que a diferen\u00e7a percentual reduzida entre os dois primeiros candidatos n\u00e3o permite afirmar que a disputa est\u00e1 decidida. Segundo a pesquisa, 50,7% dos eleitores afirmam votar em Jos\u00e9 Ronaldo (Uni\u00e3o Brasil) e 45% [&hellip;]","og_url":"https:\/\/portalmf.com.br\/index.php\/2024\/09\/25\/pesquisa-revela-disputa-acirrada-para-prefeitura-de-feira-de-santana\/","og_site_name":"Portal MF","article_author":"https:\/\/www.facebook.com\/portalmfoficial","article_published_time":"2024-09-25T09:22:33+00:00","article_modified_time":"2024-09-25T10:28:02+00:00","og_image":[{"width":800,"height":500,"url":"https:\/\/portalmf.com.br\/wp-content\/uploads\/2024\/09\/candidatos_eleicoes_2024_prefeito.jpg","type":"image\/jpeg"}],"author":"Reda\u00e7\u00e3o Portal MF","twitter_card":"summary_large_image","twitter_creator":"@https:\/\/x.com\/portalmfoficial","twitter_misc":{"Escrito por":"Reda\u00e7\u00e3o Portal MF","Est. tempo de leitura":"5 minutos"},"schema":{"@context":"https:\/\/schema.org","@graph":[{"@type":"WebPage","@id":"https:\/\/portalmf.com.br\/index.php\/2024\/09\/25\/pesquisa-revela-disputa-acirrada-para-prefeitura-de-feira-de-santana\/","url":"https:\/\/portalmf.com.br\/index.php\/2024\/09\/25\/pesquisa-revela-disputa-acirrada-para-prefeitura-de-feira-de-santana\/","name":"Pesquisa revela disputa acirrada para prefeitura de Feira de Santana - Portal MF","isPartOf":{"@id":"https:\/\/portalmf.com.br\/#website"},"primaryImageOfPage":{"@id":"https:\/\/portalmf.com.br\/index.php\/2024\/09\/25\/pesquisa-revela-disputa-acirrada-para-prefeitura-de-feira-de-santana\/#primaryimage"},"image":{"@id":"https:\/\/portalmf.com.br\/index.php\/2024\/09\/25\/pesquisa-revela-disputa-acirrada-para-prefeitura-de-feira-de-santana\/#primaryimage"},"thumbnailUrl":"https:\/\/portalmf.com.br\/wp-content\/uploads\/2024\/09\/candidatos_eleicoes_2024_prefeito.jpg","datePublished":"2024-09-25T09:22:33+00:00","dateModified":"2024-09-25T10:28:02+00:00","author":{"@id":"https:\/\/portalmf.com.br\/#\/schema\/person\/9ec101baf56233e53520c26de5d6f6f0"},"breadcrumb":{"@id":"https:\/\/portalmf.com.br\/index.php\/2024\/09\/25\/pesquisa-revela-disputa-acirrada-para-prefeitura-de-feira-de-santana\/#breadcrumb"},"inLanguage":"pt-BR","potentialAction":[{"@type":"ReadAction","target":["https:\/\/portalmf.com.br\/index.php\/2024\/09\/25\/pesquisa-revela-disputa-acirrada-para-prefeitura-de-feira-de-santana\/"]}]},{"@type":"ImageObject","inLanguage":"pt-BR","@id":"https:\/\/portalmf.com.br\/index.php\/2024\/09\/25\/pesquisa-revela-disputa-acirrada-para-prefeitura-de-feira-de-santana\/#primaryimage","url":"https:\/\/portalmf.com.br\/wp-content\/uploads\/2024\/09\/candidatos_eleicoes_2024_prefeito.jpg","contentUrl":"https:\/\/portalmf.com.br\/wp-content\/uploads\/2024\/09\/candidatos_eleicoes_2024_prefeito.jpg","width":800,"height":500},{"@type":"BreadcrumbList","@id":"https:\/\/portalmf.com.br\/index.php\/2024\/09\/25\/pesquisa-revela-disputa-acirrada-para-prefeitura-de-feira-de-santana\/#breadcrumb","itemListElement":[{"@type":"ListItem","position":1,"name":"In\u00edcio","item":"https:\/\/portalmf.com.br\/"},{"@type":"ListItem","position":2,"name":"Pesquisa revela disputa acirrada para prefeitura de Feira de Santana"}]},{"@type":"WebSite","@id":"https:\/\/portalmf.com.br\/#website","url":"https:\/\/portalmf.com.br\/","name":"Portal MF","description":"Voc\u00ea conectado com a informa\u00e7\u00e3o","potentialAction":[{"@type":"SearchAction","target":{"@type":"EntryPoint","urlTemplate":"https:\/\/portalmf.com.br\/?s={search_term_string}"},"query-input":"required name=search_term_string"}],"inLanguage":"pt-BR"},{"@type":"Person","@id":"https:\/\/portalmf.com.br\/#\/schema\/person\/9ec101baf56233e53520c26de5d6f6f0","name":"Reda\u00e7\u00e3o Portal MF","image":{"@type":"ImageObject","inLanguage":"pt-BR","@id":"https:\/\/portalmf.com.br\/#\/schema\/person\/image\/","url":"https:\/\/secure.gravatar.com\/avatar\/41b9aaeb2100835f7c64362330f74c7f?s=96&d=mm&r=g","contentUrl":"https:\/\/secure.gravatar.com\/avatar\/41b9aaeb2100835f7c64362330f74c7f?s=96&d=mm&r=g","caption":"Reda\u00e7\u00e3o Portal MF"},"description":"Sejam bem-vindos o portal de informa\u00e7\u00f5es de entretenimento de Feira de Santana, desde 2006 realiza coberturas dos principais eventos com entrevistas exclusivas com as principais personalidades mundiais. Fique conectado tamb\u00e9m nas redes sociais.","sameAs":["http:\/\/www.portalmf.com.br\/","https:\/\/www.facebook.com\/portalmfoficial","https:\/\/www.instagram.com\/portalmf\/","https:\/\/x.com\/https:\/\/x.com\/portalmfoficial","https:\/\/www.youtube.com\/@portalmfoficial"],"url":"https:\/\/portalmf.com.br\/index.php\/author\/junior\/"}]}},"_links":{"self":[{"href":"https:\/\/portalmf.com.br\/index.php\/wp-json\/wp\/v2\/posts\/30137"}],"collection":[{"href":"https:\/\/portalmf.com.br\/index.php\/wp-json\/wp\/v2\/posts"}],"about":[{"href":"https:\/\/portalmf.com.br\/index.php\/wp-json\/wp\/v2\/types\/post"}],"author":[{"embeddable":true,"href":"https:\/\/portalmf.com.br\/index.php\/wp-json\/wp\/v2\/users\/3"}],"replies":[{"embeddable":true,"href":"https:\/\/portalmf.com.br\/index.php\/wp-json\/wp\/v2\/comments?post=30137"}],"version-history":[{"count":2,"href":"https:\/\/portalmf.com.br\/index.php\/wp-json\/wp\/v2\/posts\/30137\/revisions"}],"predecessor-version":[{"id":30142,"href":"https:\/\/portalmf.com.br\/index.php\/wp-json\/wp\/v2\/posts\/30137\/revisions\/30142"}],"wp:featuredmedia":[{"embeddable":true,"href":"https:\/\/portalmf.com.br\/index.php\/wp-json\/wp\/v2\/media\/30138"}],"wp:attachment":[{"href":"https:\/\/portalmf.com.br\/index.php\/wp-json\/wp\/v2\/media?parent=30137"}],"wp:term":[{"taxonomy":"category","embeddable":true,"href":"https:\/\/portalmf.com.br\/index.php\/wp-json\/wp\/v2\/categories?post=30137"},{"taxonomy":"post_tag","embeddable":true,"href":"https:\/\/portalmf.com.br\/index.php\/wp-json\/wp\/v2\/tags?post=30137"}],"curies":[{"name":"wp","href":"https:\/\/api.w.org\/{rel}","templated":true}]}}