{"id":30120,"date":"2024-09-24T18:46:15","date_gmt":"2024-09-24T21:46:15","guid":{"rendered":"https:\/\/portalmf.com.br\/?p=30120"},"modified":"2024-09-24T18:53:37","modified_gmt":"2024-09-24T21:53:37","slug":"gusttavo-lima-tem-ordem-de-prisao-revogada-pela-justica-de-pernambuco","status":"publish","type":"post","link":"https:\/\/portalmf.com.br\/index.php\/2024\/09\/24\/gusttavo-lima-tem-ordem-de-prisao-revogada-pela-justica-de-pernambuco\/","title":{"rendered":"Gusttavo Lima tem ordem de pris\u00e3o revogada pela Justi\u00e7a de Pernambuco"},"content":{"rendered":"\n<p>O Tribunal de Justi\u00e7a de Pernambuco revogou na tarde desta ter\u00e7a-feira, 24, a ordem de pris\u00e3o preventiva contra Gusttavo Lima. O habeas corpus foi concedido pelo desembargador Eduardo Guilliod Maranh\u00e3o.<\/p>\n\n\n\n<p>O magistrado \u00e9 o mesmo que n\u00e3o noite de noite determinou a soltura de Deolane Bezerra. Tamb\u00e9m alvo da Opera\u00e7\u00e3o Integration, a influenciadora passou 20 dias detida em Pernambuco.<\/p>\n\n\n\n<p>Al\u00e9m de revogar a ordem de pris\u00e3o,&nbsp;Guilliod afastou a suspens\u00e3o do passaporte e do registro de arma de fogo, assim como eventual porte de arma de fogo e outras medidas cautelares importas contra Gusttavo Lima, segundo a Folha de S.Paulo.<\/p>\n\n\n\n<p>Em nota enviada ao Terra, a defesa de Gusttavo Lima afirmou que recebeu a medida \u201ccom muita tranquilidade e sentimento de justi\u00e7a\u201d. Mais uma vez, a equipe jur\u00eddica do cantor refor\u00e7ou o descontentamento com a decis\u00e3o tomada pela ju\u00edza Andrea Calado da Cruz, da 12\u00aa Vara Criminal do Recife e afirmou que ela \u201cestabeleceu uma s\u00e9rie de presun\u00e7\u00f5es contr\u00e1rias a tudo que j\u00e1 se apresentou nos autos, contrariando inclusive a manifesta\u00e7\u00e3o do Minist\u00e9rio P\u00fablico do caso\u201d.<\/p>\n\n\n\n<p>A inoc\u00eancia do sertanejo tamb\u00e9m foi destacada no comunicado: <em>\u201cA rela\u00e7\u00e3o de Gusttavo Lima com as empresas investigadas era estritamente de uso de imagem e decorrente da venda de uma aeronave. Tudo feito legalmente, mediante transa\u00e7\u00f5es banc\u00e1rias, declara\u00e7\u00f5es aos \u00f3rg\u00e3os competentes e registro na ANAC. Tais contratos possu\u00edam diversas cl\u00e1usulas de compliance e foram firmados muito antes de que fosse poss\u00edvel se saber da exist\u00eancia de qualquer investiga\u00e7\u00e3o em curso\u201d<\/em>.<\/p>\n\n\n\n<p><strong>O que aconteceu com Gusttavo Lima?<\/strong><\/p>\n\n\n\n<p>O cantor de 35 anos teve pris\u00e3o decretada na tarde de segunda-feira, 23, no \u00e2mbito da Opera\u00e7\u00e3o Integration, que investiga um suposto esquema de lavagem de dinheiro envolvendo bets.<\/p>\n\n\n\n<p>O mandado de pris\u00e3o preventiva foi expedido pela ju\u00edza Andrea Calado da Cruz, da 12\u00aa Vara Criminal do Recife, que acatou o pedido da Pol\u00edcia Civil de Pernambuco.&nbsp;<\/p>\n\n\n\n<p><em>&#8220;\u00c9 imperioso destacar que Nivaldo Batista Lima [nome verdadeiro de Gusttavo Lima], ao dar guarida a foragidos, demonstra uma alarmante falta de considera\u00e7\u00e3o pela Justi\u00e7a. Sua intensa rela\u00e7\u00e3o financeira com esses indiv\u00edduos, que inclui movimenta\u00e7\u00f5es suspeitas, levanta s\u00e9rias quest\u00f5es sobre sua pr\u00f3pria participa\u00e7\u00e3o em atividades criminosas. A conex\u00e3o de sua empresa com a rede de lavagem de dinheiro sugere um comprometimento que n\u00e3o pode ser ignorado&#8221;,<\/em> escreveu a ju\u00edza, no documento.<\/p>\n\n\n\n<p>Na ocasi\u00e3o, a defesa de Gusttavo Lima chamou a decis\u00e3o de \u201cinjusta e sem fundamentos legais\u201d e afirmou que n\u00e3o mediria esfor\u00e7os para provar a inoc\u00eancia do sertanejo.<\/p>\n\n\n\n<p>Com informa\u00e7\u00f5es do Terra<\/p>\n","protected":false},"excerpt":{"rendered":"<p>O Tribunal de Justi\u00e7a de Pernambuco revogou na tarde desta ter\u00e7a-feira, 24, a ordem de pris\u00e3o preventiva contra Gusttavo Lima. O habeas corpus foi concedido pelo desembargador Eduardo Guilliod Maranh\u00e3o. O magistrado \u00e9 o mesmo que n\u00e3o noite de noite determinou a soltura de Deolane Bezerra. Tamb\u00e9m alvo da Opera\u00e7\u00e3o Integration, a influenciadora passou 20 [&hellip;]<\/p>\n","protected":false},"author":3,"featured_media":8085,"comment_status":"open","ping_status":"open","sticky":false,"template":"","format":"standard","meta":{"_monsterinsights_skip_tracking":false,"_monsterinsights_sitenote_active":false,"_monsterinsights_sitenote_note":"","_monsterinsights_sitenote_category":0,"footnotes":""},"categories":[48,35],"tags":[],"yoast_head":"<!-- This site is optimized with the Yoast SEO plugin v22.9 - https:\/\/yoast.com\/wordpress\/plugins\/seo\/ -->\n<title>Gusttavo Lima tem ordem de pris\u00e3o revogada pela Justi\u00e7a de Pernambuco - Portal MF<\/title>\n<meta name=\"robots\" content=\"index, follow, max-snippet:-1, max-image-preview:large, max-video-preview:-1\" \/>\n<link rel=\"canonical\" href=\"https:\/\/portalmf.com.br\/index.php\/2024\/09\/24\/gusttavo-lima-tem-ordem-de-prisao-revogada-pela-justica-de-pernambuco\/\" \/>\n<meta property=\"og:locale\" content=\"pt_BR\" \/>\n<meta property=\"og:type\" content=\"article\" \/>\n<meta property=\"og:title\" content=\"Gusttavo Lima tem ordem de pris\u00e3o revogada pela Justi\u00e7a de Pernambuco - Portal MF\" \/>\n<meta property=\"og:description\" content=\"O Tribunal de Justi\u00e7a de Pernambuco revogou na tarde desta ter\u00e7a-feira, 24, a ordem de pris\u00e3o preventiva contra Gusttavo Lima. O habeas corpus foi concedido pelo desembargador Eduardo Guilliod Maranh\u00e3o. O magistrado \u00e9 o mesmo que n\u00e3o noite de noite determinou a soltura de Deolane Bezerra. Tamb\u00e9m alvo da Opera\u00e7\u00e3o Integration, a influenciadora passou 20 [&hellip;]\" \/>\n<meta property=\"og:url\" content=\"https:\/\/portalmf.com.br\/index.php\/2024\/09\/24\/gusttavo-lima-tem-ordem-de-prisao-revogada-pela-justica-de-pernambuco\/\" \/>\n<meta property=\"og:site_name\" content=\"Portal MF\" \/>\n<meta property=\"article:author\" content=\"https:\/\/www.facebook.com\/portalmfoficial\" \/>\n<meta property=\"article:published_time\" content=\"2024-09-24T21:46:15+00:00\" \/>\n<meta property=\"article:modified_time\" content=\"2024-09-24T21:53:37+00:00\" \/>\n<meta property=\"og:image\" content=\"https:\/\/portalmf.com.br\/wp-content\/uploads\/2023\/01\/gusttavo-lima-cancela.jpg\" \/>\n\t<meta property=\"og:image:width\" content=\"1200\" \/>\n\t<meta property=\"og:image:height\" content=\"800\" \/>\n\t<meta property=\"og:image:type\" content=\"image\/jpeg\" \/>\n<meta name=\"author\" content=\"Reda\u00e7\u00e3o Portal MF\" \/>\n<meta name=\"twitter:card\" content=\"summary_large_image\" \/>\n<meta name=\"twitter:creator\" content=\"@https:\/\/x.com\/portalmfoficial\" \/>\n<meta name=\"twitter:label1\" content=\"Escrito por\" \/>\n\t<meta name=\"twitter:data1\" content=\"Reda\u00e7\u00e3o Portal MF\" \/>\n\t<meta name=\"twitter:label2\" content=\"Est. tempo de leitura\" \/>\n\t<meta name=\"twitter:data2\" content=\"3 minutos\" \/>\n<script type=\"application\/ld+json\" class=\"yoast-schema-graph\">{\"@context\":\"https:\/\/schema.org\",\"@graph\":[{\"@type\":\"WebPage\",\"@id\":\"https:\/\/portalmf.com.br\/index.php\/2024\/09\/24\/gusttavo-lima-tem-ordem-de-prisao-revogada-pela-justica-de-pernambuco\/\",\"url\":\"https:\/\/portalmf.com.br\/index.php\/2024\/09\/24\/gusttavo-lima-tem-ordem-de-prisao-revogada-pela-justica-de-pernambuco\/\",\"name\":\"Gusttavo Lima tem ordem de pris\u00e3o revogada pela Justi\u00e7a de Pernambuco - Portal MF\",\"isPartOf\":{\"@id\":\"https:\/\/portalmf.com.br\/#website\"},\"primaryImageOfPage\":{\"@id\":\"https:\/\/portalmf.com.br\/index.php\/2024\/09\/24\/gusttavo-lima-tem-ordem-de-prisao-revogada-pela-justica-de-pernambuco\/#primaryimage\"},\"image\":{\"@id\":\"https:\/\/portalmf.com.br\/index.php\/2024\/09\/24\/gusttavo-lima-tem-ordem-de-prisao-revogada-pela-justica-de-pernambuco\/#primaryimage\"},\"thumbnailUrl\":\"https:\/\/portalmf.com.br\/wp-content\/uploads\/2023\/01\/gusttavo-lima-cancela.jpg\",\"datePublished\":\"2024-09-24T21:46:15+00:00\",\"dateModified\":\"2024-09-24T21:53:37+00:00\",\"author\":{\"@id\":\"https:\/\/portalmf.com.br\/#\/schema\/person\/9ec101baf56233e53520c26de5d6f6f0\"},\"breadcrumb\":{\"@id\":\"https:\/\/portalmf.com.br\/index.php\/2024\/09\/24\/gusttavo-lima-tem-ordem-de-prisao-revogada-pela-justica-de-pernambuco\/#breadcrumb\"},\"inLanguage\":\"pt-BR\",\"potentialAction\":[{\"@type\":\"ReadAction\",\"target\":[\"https:\/\/portalmf.com.br\/index.php\/2024\/09\/24\/gusttavo-lima-tem-ordem-de-prisao-revogada-pela-justica-de-pernambuco\/\"]}]},{\"@type\":\"ImageObject\",\"inLanguage\":\"pt-BR\",\"@id\":\"https:\/\/portalmf.com.br\/index.php\/2024\/09\/24\/gusttavo-lima-tem-ordem-de-prisao-revogada-pela-justica-de-pernambuco\/#primaryimage\",\"url\":\"https:\/\/portalmf.com.br\/wp-content\/uploads\/2023\/01\/gusttavo-lima-cancela.jpg\",\"contentUrl\":\"https:\/\/portalmf.com.br\/wp-content\/uploads\/2023\/01\/gusttavo-lima-cancela.jpg\",\"width\":1200,\"height\":800},{\"@type\":\"BreadcrumbList\",\"@id\":\"https:\/\/portalmf.com.br\/index.php\/2024\/09\/24\/gusttavo-lima-tem-ordem-de-prisao-revogada-pela-justica-de-pernambuco\/#breadcrumb\",\"itemListElement\":[{\"@type\":\"ListItem\",\"position\":1,\"name\":\"In\u00edcio\",\"item\":\"https:\/\/portalmf.com.br\/\"},{\"@type\":\"ListItem\",\"position\":2,\"name\":\"Gusttavo Lima tem ordem de pris\u00e3o revogada pela Justi\u00e7a de Pernambuco\"}]},{\"@type\":\"WebSite\",\"@id\":\"https:\/\/portalmf.com.br\/#website\",\"url\":\"https:\/\/portalmf.com.br\/\",\"name\":\"Portal MF\",\"description\":\"Voc\u00ea conectado com a informa\u00e7\u00e3o\",\"potentialAction\":[{\"@type\":\"SearchAction\",\"target\":{\"@type\":\"EntryPoint\",\"urlTemplate\":\"https:\/\/portalmf.com.br\/?s={search_term_string}\"},\"query-input\":\"required name=search_term_string\"}],\"inLanguage\":\"pt-BR\"},{\"@type\":\"Person\",\"@id\":\"https:\/\/portalmf.com.br\/#\/schema\/person\/9ec101baf56233e53520c26de5d6f6f0\",\"name\":\"Reda\u00e7\u00e3o Portal MF\",\"image\":{\"@type\":\"ImageObject\",\"inLanguage\":\"pt-BR\",\"@id\":\"https:\/\/portalmf.com.br\/#\/schema\/person\/image\/\",\"url\":\"https:\/\/secure.gravatar.com\/avatar\/41b9aaeb2100835f7c64362330f74c7f?s=96&d=mm&r=g\",\"contentUrl\":\"https:\/\/secure.gravatar.com\/avatar\/41b9aaeb2100835f7c64362330f74c7f?s=96&d=mm&r=g\",\"caption\":\"Reda\u00e7\u00e3o Portal MF\"},\"description\":\"Sejam bem-vindos o portal de informa\u00e7\u00f5es de entretenimento de Feira de Santana, desde 2006 realiza coberturas dos principais eventos com entrevistas exclusivas com as principais personalidades mundiais. Fique conectado tamb\u00e9m nas redes sociais.\",\"sameAs\":[\"http:\/\/www.portalmf.com.br\/\",\"https:\/\/www.facebook.com\/portalmfoficial\",\"https:\/\/www.instagram.com\/portalmf\/\",\"https:\/\/x.com\/https:\/\/x.com\/portalmfoficial\",\"https:\/\/www.youtube.com\/@portalmfoficial\"],\"url\":\"https:\/\/portalmf.com.br\/index.php\/author\/junior\/\"}]}<\/script>\n<!-- \/ Yoast SEO plugin. -->","yoast_head_json":{"title":"Gusttavo Lima tem ordem de pris\u00e3o revogada pela Justi\u00e7a de Pernambuco - Portal MF","robots":{"index":"index","follow":"follow","max-snippet":"max-snippet:-1","max-image-preview":"max-image-preview:large","max-video-preview":"max-video-preview:-1"},"canonical":"https:\/\/portalmf.com.br\/index.php\/2024\/09\/24\/gusttavo-lima-tem-ordem-de-prisao-revogada-pela-justica-de-pernambuco\/","og_locale":"pt_BR","og_type":"article","og_title":"Gusttavo Lima tem ordem de pris\u00e3o revogada pela Justi\u00e7a de Pernambuco - Portal MF","og_description":"O Tribunal de Justi\u00e7a de Pernambuco revogou na tarde desta ter\u00e7a-feira, 24, a ordem de pris\u00e3o preventiva contra Gusttavo Lima. O habeas corpus foi concedido pelo desembargador Eduardo Guilliod Maranh\u00e3o. O magistrado \u00e9 o mesmo que n\u00e3o noite de noite determinou a soltura de Deolane Bezerra. Tamb\u00e9m alvo da Opera\u00e7\u00e3o Integration, a influenciadora passou 20 [&hellip;]","og_url":"https:\/\/portalmf.com.br\/index.php\/2024\/09\/24\/gusttavo-lima-tem-ordem-de-prisao-revogada-pela-justica-de-pernambuco\/","og_site_name":"Portal MF","article_author":"https:\/\/www.facebook.com\/portalmfoficial","article_published_time":"2024-09-24T21:46:15+00:00","article_modified_time":"2024-09-24T21:53:37+00:00","og_image":[{"width":1200,"height":800,"url":"https:\/\/portalmf.com.br\/wp-content\/uploads\/2023\/01\/gusttavo-lima-cancela.jpg","type":"image\/jpeg"}],"author":"Reda\u00e7\u00e3o Portal MF","twitter_card":"summary_large_image","twitter_creator":"@https:\/\/x.com\/portalmfoficial","twitter_misc":{"Escrito por":"Reda\u00e7\u00e3o Portal MF","Est. tempo de leitura":"3 minutos"},"schema":{"@context":"https:\/\/schema.org","@graph":[{"@type":"WebPage","@id":"https:\/\/portalmf.com.br\/index.php\/2024\/09\/24\/gusttavo-lima-tem-ordem-de-prisao-revogada-pela-justica-de-pernambuco\/","url":"https:\/\/portalmf.com.br\/index.php\/2024\/09\/24\/gusttavo-lima-tem-ordem-de-prisao-revogada-pela-justica-de-pernambuco\/","name":"Gusttavo Lima tem ordem de pris\u00e3o revogada pela Justi\u00e7a de Pernambuco - Portal MF","isPartOf":{"@id":"https:\/\/portalmf.com.br\/#website"},"primaryImageOfPage":{"@id":"https:\/\/portalmf.com.br\/index.php\/2024\/09\/24\/gusttavo-lima-tem-ordem-de-prisao-revogada-pela-justica-de-pernambuco\/#primaryimage"},"image":{"@id":"https:\/\/portalmf.com.br\/index.php\/2024\/09\/24\/gusttavo-lima-tem-ordem-de-prisao-revogada-pela-justica-de-pernambuco\/#primaryimage"},"thumbnailUrl":"https:\/\/portalmf.com.br\/wp-content\/uploads\/2023\/01\/gusttavo-lima-cancela.jpg","datePublished":"2024-09-24T21:46:15+00:00","dateModified":"2024-09-24T21:53:37+00:00","author":{"@id":"https:\/\/portalmf.com.br\/#\/schema\/person\/9ec101baf56233e53520c26de5d6f6f0"},"breadcrumb":{"@id":"https:\/\/portalmf.com.br\/index.php\/2024\/09\/24\/gusttavo-lima-tem-ordem-de-prisao-revogada-pela-justica-de-pernambuco\/#breadcrumb"},"inLanguage":"pt-BR","potentialAction":[{"@type":"ReadAction","target":["https:\/\/portalmf.com.br\/index.php\/2024\/09\/24\/gusttavo-lima-tem-ordem-de-prisao-revogada-pela-justica-de-pernambuco\/"]}]},{"@type":"ImageObject","inLanguage":"pt-BR","@id":"https:\/\/portalmf.com.br\/index.php\/2024\/09\/24\/gusttavo-lima-tem-ordem-de-prisao-revogada-pela-justica-de-pernambuco\/#primaryimage","url":"https:\/\/portalmf.com.br\/wp-content\/uploads\/2023\/01\/gusttavo-lima-cancela.jpg","contentUrl":"https:\/\/portalmf.com.br\/wp-content\/uploads\/2023\/01\/gusttavo-lima-cancela.jpg","width":1200,"height":800},{"@type":"BreadcrumbList","@id":"https:\/\/portalmf.com.br\/index.php\/2024\/09\/24\/gusttavo-lima-tem-ordem-de-prisao-revogada-pela-justica-de-pernambuco\/#breadcrumb","itemListElement":[{"@type":"ListItem","position":1,"name":"In\u00edcio","item":"https:\/\/portalmf.com.br\/"},{"@type":"ListItem","position":2,"name":"Gusttavo Lima tem ordem de pris\u00e3o revogada pela Justi\u00e7a de Pernambuco"}]},{"@type":"WebSite","@id":"https:\/\/portalmf.com.br\/#website","url":"https:\/\/portalmf.com.br\/","name":"Portal MF","description":"Voc\u00ea conectado com a informa\u00e7\u00e3o","potentialAction":[{"@type":"SearchAction","target":{"@type":"EntryPoint","urlTemplate":"https:\/\/portalmf.com.br\/?s={search_term_string}"},"query-input":"required name=search_term_string"}],"inLanguage":"pt-BR"},{"@type":"Person","@id":"https:\/\/portalmf.com.br\/#\/schema\/person\/9ec101baf56233e53520c26de5d6f6f0","name":"Reda\u00e7\u00e3o Portal MF","image":{"@type":"ImageObject","inLanguage":"pt-BR","@id":"https:\/\/portalmf.com.br\/#\/schema\/person\/image\/","url":"https:\/\/secure.gravatar.com\/avatar\/41b9aaeb2100835f7c64362330f74c7f?s=96&d=mm&r=g","contentUrl":"https:\/\/secure.gravatar.com\/avatar\/41b9aaeb2100835f7c64362330f74c7f?s=96&d=mm&r=g","caption":"Reda\u00e7\u00e3o Portal MF"},"description":"Sejam bem-vindos o portal de informa\u00e7\u00f5es de entretenimento de Feira de Santana, desde 2006 realiza coberturas dos principais eventos com entrevistas exclusivas com as principais personalidades mundiais. Fique conectado tamb\u00e9m nas redes sociais.","sameAs":["http:\/\/www.portalmf.com.br\/","https:\/\/www.facebook.com\/portalmfoficial","https:\/\/www.instagram.com\/portalmf\/","https:\/\/x.com\/https:\/\/x.com\/portalmfoficial","https:\/\/www.youtube.com\/@portalmfoficial"],"url":"https:\/\/portalmf.com.br\/index.php\/author\/junior\/"}]}},"_links":{"self":[{"href":"https:\/\/portalmf.com.br\/index.php\/wp-json\/wp\/v2\/posts\/30120"}],"collection":[{"href":"https:\/\/portalmf.com.br\/index.php\/wp-json\/wp\/v2\/posts"}],"about":[{"href":"https:\/\/portalmf.com.br\/index.php\/wp-json\/wp\/v2\/types\/post"}],"author":[{"embeddable":true,"href":"https:\/\/portalmf.com.br\/index.php\/wp-json\/wp\/v2\/users\/3"}],"replies":[{"embeddable":true,"href":"https:\/\/portalmf.com.br\/index.php\/wp-json\/wp\/v2\/comments?post=30120"}],"version-history":[{"count":1,"href":"https:\/\/portalmf.com.br\/index.php\/wp-json\/wp\/v2\/posts\/30120\/revisions"}],"predecessor-version":[{"id":30121,"href":"https:\/\/portalmf.com.br\/index.php\/wp-json\/wp\/v2\/posts\/30120\/revisions\/30121"}],"wp:featuredmedia":[{"embeddable":true,"href":"https:\/\/portalmf.com.br\/index.php\/wp-json\/wp\/v2\/media\/8085"}],"wp:attachment":[{"href":"https:\/\/portalmf.com.br\/index.php\/wp-json\/wp\/v2\/media?parent=30120"}],"wp:term":[{"taxonomy":"category","embeddable":true,"href":"https:\/\/portalmf.com.br\/index.php\/wp-json\/wp\/v2\/categories?post=30120"},{"taxonomy":"post_tag","embeddable":true,"href":"https:\/\/portalmf.com.br\/index.php\/wp-json\/wp\/v2\/tags?post=30120"}],"curies":[{"name":"wp","href":"https:\/\/api.w.org\/{rel}","templated":true}]}}