{"id":30104,"date":"2024-09-24T17:23:42","date_gmt":"2024-09-24T20:23:42","guid":{"rendered":"https:\/\/portalmf.com.br\/?p=30104"},"modified":"2024-09-24T17:23:43","modified_gmt":"2024-09-24T20:23:43","slug":"justica-eleitoral-determina-suspencao-de-propaganda-contra-ze-neto","status":"publish","type":"post","link":"https:\/\/portalmf.com.br\/index.php\/2024\/09\/24\/justica-eleitoral-determina-suspencao-de-propaganda-contra-ze-neto\/","title":{"rendered":"Justi\u00e7a Eleitoral determina suspen\u00e7\u00e3o de propaganda contra Z\u00e9 Neto"},"content":{"rendered":"\n<p>A Justi\u00e7a Eleitoral de Feira de Santana determinou nesta segunda-feira (23), que coliga\u00e7\u00e3o O Amor Sempre Vence, suspenda de forma imediata propaganda contra a campanha do candidato da coliga\u00e7\u00e3o Pra Fazer o Futuro Acontecer, Z\u00e9 Neto, pela veicula\u00e7\u00e3o de falsas informa\u00e7\u00f5es que o responsabiliza pela realiza\u00e7\u00e3o de blitz e pela privatiza\u00e7\u00e3o dos p\u00e1tios do DETRAN, em Feira, bem como propaganda exibida por Jos\u00e9 Ronaldo, que citou o caso de \u201crachadinha\u201d no gabinete de Z\u00e9 Neto.<\/p>\n\n\n\n<p>Na decis\u00e3o, o juiz da 155\u00aa Zona Eleitoral de Feira de Santana, Roque Ruy Barbosa de Ara\u00fajo considerou que a propaganda de Jos\u00e9 Ronaldo veiculou, durante o hor\u00e1rio eleitoral gratuito, informa\u00e7\u00e3o descontextualizada, que n\u00e3o est\u00e1 situada dentro dos limites referentes aos direitos \u00e0 livre manifesta\u00e7\u00e3o do pensamento e \u00e0 liberdade de express\u00e3o.<\/p>\n\n\n\n<p>As propagandas objetivavam, diferentemente do que \u00e9 cab\u00edvel por lei dentro do processo eleitoral, difamar e ridicularizar Z\u00e9 Neto, imputando-lhe falsamente uma den\u00fancia criminosa.<\/p>\n","protected":false},"excerpt":{"rendered":"<p>A Justi\u00e7a Eleitoral de Feira de Santana determinou nesta segunda-feira (23), que coliga\u00e7\u00e3o O Amor Sempre Vence, suspenda de forma imediata propaganda contra a campanha do candidato da coliga\u00e7\u00e3o Pra Fazer o Futuro Acontecer, Z\u00e9 Neto, pela veicula\u00e7\u00e3o de falsas informa\u00e7\u00f5es que o responsabiliza pela realiza\u00e7\u00e3o de blitz e pela privatiza\u00e7\u00e3o dos p\u00e1tios do DETRAN, [&hellip;]<\/p>\n","protected":false},"author":3,"featured_media":30019,"comment_status":"open","ping_status":"open","sticky":false,"template":"","format":"standard","meta":{"_monsterinsights_skip_tracking":false,"_monsterinsights_sitenote_active":false,"_monsterinsights_sitenote_note":"","_monsterinsights_sitenote_category":0,"footnotes":""},"categories":[301,34],"tags":[],"yoast_head":"<!-- This site is optimized with the Yoast SEO plugin v22.9 - https:\/\/yoast.com\/wordpress\/plugins\/seo\/ -->\n<title>Justi\u00e7a Eleitoral determina suspen\u00e7\u00e3o de propaganda contra Z\u00e9 Neto - Portal MF<\/title>\n<meta name=\"robots\" content=\"index, follow, max-snippet:-1, max-image-preview:large, max-video-preview:-1\" \/>\n<link rel=\"canonical\" href=\"https:\/\/portalmf.com.br\/index.php\/2024\/09\/24\/justica-eleitoral-determina-suspencao-de-propaganda-contra-ze-neto\/\" \/>\n<meta property=\"og:locale\" content=\"pt_BR\" \/>\n<meta property=\"og:type\" content=\"article\" \/>\n<meta property=\"og:title\" content=\"Justi\u00e7a Eleitoral determina suspen\u00e7\u00e3o de propaganda contra Z\u00e9 Neto - Portal MF\" \/>\n<meta property=\"og:description\" content=\"A Justi\u00e7a Eleitoral de Feira de Santana determinou nesta segunda-feira (23), que coliga\u00e7\u00e3o O Amor Sempre Vence, suspenda de forma imediata propaganda contra a campanha do candidato da coliga\u00e7\u00e3o Pra Fazer o Futuro Acontecer, Z\u00e9 Neto, pela veicula\u00e7\u00e3o de falsas informa\u00e7\u00f5es que o responsabiliza pela realiza\u00e7\u00e3o de blitz e pela privatiza\u00e7\u00e3o dos p\u00e1tios do DETRAN, [&hellip;]\" \/>\n<meta property=\"og:url\" content=\"https:\/\/portalmf.com.br\/index.php\/2024\/09\/24\/justica-eleitoral-determina-suspencao-de-propaganda-contra-ze-neto\/\" \/>\n<meta property=\"og:site_name\" content=\"Portal MF\" \/>\n<meta property=\"article:author\" content=\"https:\/\/www.facebook.com\/portalmfoficial\" \/>\n<meta property=\"article:published_time\" content=\"2024-09-24T20:23:42+00:00\" \/>\n<meta property=\"article:modified_time\" content=\"2024-09-24T20:23:43+00:00\" \/>\n<meta property=\"og:image\" content=\"https:\/\/portalmf.com.br\/wp-content\/uploads\/2024\/09\/b2ap3_large_Ze-Ronaldo-e-Ze-net_20240917-233625_1.jpg\" \/>\n\t<meta property=\"og:image:width\" content=\"600\" \/>\n\t<meta property=\"og:image:height\" content=\"420\" \/>\n\t<meta property=\"og:image:type\" content=\"image\/jpeg\" \/>\n<meta name=\"author\" content=\"Reda\u00e7\u00e3o Portal MF\" \/>\n<meta name=\"twitter:card\" content=\"summary_large_image\" \/>\n<meta name=\"twitter:creator\" content=\"@https:\/\/x.com\/portalmfoficial\" \/>\n<meta name=\"twitter:label1\" content=\"Escrito por\" \/>\n\t<meta name=\"twitter:data1\" content=\"Reda\u00e7\u00e3o Portal MF\" \/>\n\t<meta name=\"twitter:label2\" content=\"Est. tempo de leitura\" \/>\n\t<meta name=\"twitter:data2\" content=\"2 minutos\" \/>\n<script type=\"application\/ld+json\" class=\"yoast-schema-graph\">{\"@context\":\"https:\/\/schema.org\",\"@graph\":[{\"@type\":\"WebPage\",\"@id\":\"https:\/\/portalmf.com.br\/index.php\/2024\/09\/24\/justica-eleitoral-determina-suspencao-de-propaganda-contra-ze-neto\/\",\"url\":\"https:\/\/portalmf.com.br\/index.php\/2024\/09\/24\/justica-eleitoral-determina-suspencao-de-propaganda-contra-ze-neto\/\",\"name\":\"Justi\u00e7a Eleitoral determina suspen\u00e7\u00e3o de propaganda contra Z\u00e9 Neto - Portal MF\",\"isPartOf\":{\"@id\":\"https:\/\/portalmf.com.br\/#website\"},\"primaryImageOfPage\":{\"@id\":\"https:\/\/portalmf.com.br\/index.php\/2024\/09\/24\/justica-eleitoral-determina-suspencao-de-propaganda-contra-ze-neto\/#primaryimage\"},\"image\":{\"@id\":\"https:\/\/portalmf.com.br\/index.php\/2024\/09\/24\/justica-eleitoral-determina-suspencao-de-propaganda-contra-ze-neto\/#primaryimage\"},\"thumbnailUrl\":\"https:\/\/portalmf.com.br\/wp-content\/uploads\/2024\/09\/b2ap3_large_Ze-Ronaldo-e-Ze-net_20240917-233625_1.jpg\",\"datePublished\":\"2024-09-24T20:23:42+00:00\",\"dateModified\":\"2024-09-24T20:23:43+00:00\",\"author\":{\"@id\":\"https:\/\/portalmf.com.br\/#\/schema\/person\/9ec101baf56233e53520c26de5d6f6f0\"},\"breadcrumb\":{\"@id\":\"https:\/\/portalmf.com.br\/index.php\/2024\/09\/24\/justica-eleitoral-determina-suspencao-de-propaganda-contra-ze-neto\/#breadcrumb\"},\"inLanguage\":\"pt-BR\",\"potentialAction\":[{\"@type\":\"ReadAction\",\"target\":[\"https:\/\/portalmf.com.br\/index.php\/2024\/09\/24\/justica-eleitoral-determina-suspencao-de-propaganda-contra-ze-neto\/\"]}]},{\"@type\":\"ImageObject\",\"inLanguage\":\"pt-BR\",\"@id\":\"https:\/\/portalmf.com.br\/index.php\/2024\/09\/24\/justica-eleitoral-determina-suspencao-de-propaganda-contra-ze-neto\/#primaryimage\",\"url\":\"https:\/\/portalmf.com.br\/wp-content\/uploads\/2024\/09\/b2ap3_large_Ze-Ronaldo-e-Ze-net_20240917-233625_1.jpg\",\"contentUrl\":\"https:\/\/portalmf.com.br\/wp-content\/uploads\/2024\/09\/b2ap3_large_Ze-Ronaldo-e-Ze-net_20240917-233625_1.jpg\",\"width\":600,\"height\":420},{\"@type\":\"BreadcrumbList\",\"@id\":\"https:\/\/portalmf.com.br\/index.php\/2024\/09\/24\/justica-eleitoral-determina-suspencao-de-propaganda-contra-ze-neto\/#breadcrumb\",\"itemListElement\":[{\"@type\":\"ListItem\",\"position\":1,\"name\":\"In\u00edcio\",\"item\":\"https:\/\/portalmf.com.br\/\"},{\"@type\":\"ListItem\",\"position\":2,\"name\":\"Justi\u00e7a Eleitoral determina suspen\u00e7\u00e3o de propaganda contra Z\u00e9 Neto\"}]},{\"@type\":\"WebSite\",\"@id\":\"https:\/\/portalmf.com.br\/#website\",\"url\":\"https:\/\/portalmf.com.br\/\",\"name\":\"Portal MF\",\"description\":\"Voc\u00ea conectado com a informa\u00e7\u00e3o\",\"potentialAction\":[{\"@type\":\"SearchAction\",\"target\":{\"@type\":\"EntryPoint\",\"urlTemplate\":\"https:\/\/portalmf.com.br\/?s={search_term_string}\"},\"query-input\":\"required name=search_term_string\"}],\"inLanguage\":\"pt-BR\"},{\"@type\":\"Person\",\"@id\":\"https:\/\/portalmf.com.br\/#\/schema\/person\/9ec101baf56233e53520c26de5d6f6f0\",\"name\":\"Reda\u00e7\u00e3o Portal MF\",\"image\":{\"@type\":\"ImageObject\",\"inLanguage\":\"pt-BR\",\"@id\":\"https:\/\/portalmf.com.br\/#\/schema\/person\/image\/\",\"url\":\"https:\/\/secure.gravatar.com\/avatar\/41b9aaeb2100835f7c64362330f74c7f?s=96&d=mm&r=g\",\"contentUrl\":\"https:\/\/secure.gravatar.com\/avatar\/41b9aaeb2100835f7c64362330f74c7f?s=96&d=mm&r=g\",\"caption\":\"Reda\u00e7\u00e3o Portal MF\"},\"description\":\"Sejam bem-vindos o portal de informa\u00e7\u00f5es de entretenimento de Feira de Santana, desde 2006 realiza coberturas dos principais eventos com entrevistas exclusivas com as principais personalidades mundiais. Fique conectado tamb\u00e9m nas redes sociais.\",\"sameAs\":[\"http:\/\/www.portalmf.com.br\/\",\"https:\/\/www.facebook.com\/portalmfoficial\",\"https:\/\/www.instagram.com\/portalmf\/\",\"https:\/\/x.com\/https:\/\/x.com\/portalmfoficial\",\"https:\/\/www.youtube.com\/@portalmfoficial\"],\"url\":\"https:\/\/portalmf.com.br\/index.php\/author\/junior\/\"}]}<\/script>\n<!-- \/ Yoast SEO plugin. -->","yoast_head_json":{"title":"Justi\u00e7a Eleitoral determina suspen\u00e7\u00e3o de propaganda contra Z\u00e9 Neto - Portal MF","robots":{"index":"index","follow":"follow","max-snippet":"max-snippet:-1","max-image-preview":"max-image-preview:large","max-video-preview":"max-video-preview:-1"},"canonical":"https:\/\/portalmf.com.br\/index.php\/2024\/09\/24\/justica-eleitoral-determina-suspencao-de-propaganda-contra-ze-neto\/","og_locale":"pt_BR","og_type":"article","og_title":"Justi\u00e7a Eleitoral determina suspen\u00e7\u00e3o de propaganda contra Z\u00e9 Neto - Portal MF","og_description":"A Justi\u00e7a Eleitoral de Feira de Santana determinou nesta segunda-feira (23), que coliga\u00e7\u00e3o O Amor Sempre Vence, suspenda de forma imediata propaganda contra a campanha do candidato da coliga\u00e7\u00e3o Pra Fazer o Futuro Acontecer, Z\u00e9 Neto, pela veicula\u00e7\u00e3o de falsas informa\u00e7\u00f5es que o responsabiliza pela realiza\u00e7\u00e3o de blitz e pela privatiza\u00e7\u00e3o dos p\u00e1tios do DETRAN, [&hellip;]","og_url":"https:\/\/portalmf.com.br\/index.php\/2024\/09\/24\/justica-eleitoral-determina-suspencao-de-propaganda-contra-ze-neto\/","og_site_name":"Portal MF","article_author":"https:\/\/www.facebook.com\/portalmfoficial","article_published_time":"2024-09-24T20:23:42+00:00","article_modified_time":"2024-09-24T20:23:43+00:00","og_image":[{"width":600,"height":420,"url":"https:\/\/portalmf.com.br\/wp-content\/uploads\/2024\/09\/b2ap3_large_Ze-Ronaldo-e-Ze-net_20240917-233625_1.jpg","type":"image\/jpeg"}],"author":"Reda\u00e7\u00e3o Portal MF","twitter_card":"summary_large_image","twitter_creator":"@https:\/\/x.com\/portalmfoficial","twitter_misc":{"Escrito por":"Reda\u00e7\u00e3o Portal MF","Est. tempo de leitura":"2 minutos"},"schema":{"@context":"https:\/\/schema.org","@graph":[{"@type":"WebPage","@id":"https:\/\/portalmf.com.br\/index.php\/2024\/09\/24\/justica-eleitoral-determina-suspencao-de-propaganda-contra-ze-neto\/","url":"https:\/\/portalmf.com.br\/index.php\/2024\/09\/24\/justica-eleitoral-determina-suspencao-de-propaganda-contra-ze-neto\/","name":"Justi\u00e7a Eleitoral determina suspen\u00e7\u00e3o de propaganda contra Z\u00e9 Neto - Portal MF","isPartOf":{"@id":"https:\/\/portalmf.com.br\/#website"},"primaryImageOfPage":{"@id":"https:\/\/portalmf.com.br\/index.php\/2024\/09\/24\/justica-eleitoral-determina-suspencao-de-propaganda-contra-ze-neto\/#primaryimage"},"image":{"@id":"https:\/\/portalmf.com.br\/index.php\/2024\/09\/24\/justica-eleitoral-determina-suspencao-de-propaganda-contra-ze-neto\/#primaryimage"},"thumbnailUrl":"https:\/\/portalmf.com.br\/wp-content\/uploads\/2024\/09\/b2ap3_large_Ze-Ronaldo-e-Ze-net_20240917-233625_1.jpg","datePublished":"2024-09-24T20:23:42+00:00","dateModified":"2024-09-24T20:23:43+00:00","author":{"@id":"https:\/\/portalmf.com.br\/#\/schema\/person\/9ec101baf56233e53520c26de5d6f6f0"},"breadcrumb":{"@id":"https:\/\/portalmf.com.br\/index.php\/2024\/09\/24\/justica-eleitoral-determina-suspencao-de-propaganda-contra-ze-neto\/#breadcrumb"},"inLanguage":"pt-BR","potentialAction":[{"@type":"ReadAction","target":["https:\/\/portalmf.com.br\/index.php\/2024\/09\/24\/justica-eleitoral-determina-suspencao-de-propaganda-contra-ze-neto\/"]}]},{"@type":"ImageObject","inLanguage":"pt-BR","@id":"https:\/\/portalmf.com.br\/index.php\/2024\/09\/24\/justica-eleitoral-determina-suspencao-de-propaganda-contra-ze-neto\/#primaryimage","url":"https:\/\/portalmf.com.br\/wp-content\/uploads\/2024\/09\/b2ap3_large_Ze-Ronaldo-e-Ze-net_20240917-233625_1.jpg","contentUrl":"https:\/\/portalmf.com.br\/wp-content\/uploads\/2024\/09\/b2ap3_large_Ze-Ronaldo-e-Ze-net_20240917-233625_1.jpg","width":600,"height":420},{"@type":"BreadcrumbList","@id":"https:\/\/portalmf.com.br\/index.php\/2024\/09\/24\/justica-eleitoral-determina-suspencao-de-propaganda-contra-ze-neto\/#breadcrumb","itemListElement":[{"@type":"ListItem","position":1,"name":"In\u00edcio","item":"https:\/\/portalmf.com.br\/"},{"@type":"ListItem","position":2,"name":"Justi\u00e7a Eleitoral determina suspen\u00e7\u00e3o de propaganda contra Z\u00e9 Neto"}]},{"@type":"WebSite","@id":"https:\/\/portalmf.com.br\/#website","url":"https:\/\/portalmf.com.br\/","name":"Portal MF","description":"Voc\u00ea conectado com a informa\u00e7\u00e3o","potentialAction":[{"@type":"SearchAction","target":{"@type":"EntryPoint","urlTemplate":"https:\/\/portalmf.com.br\/?s={search_term_string}"},"query-input":"required name=search_term_string"}],"inLanguage":"pt-BR"},{"@type":"Person","@id":"https:\/\/portalmf.com.br\/#\/schema\/person\/9ec101baf56233e53520c26de5d6f6f0","name":"Reda\u00e7\u00e3o Portal MF","image":{"@type":"ImageObject","inLanguage":"pt-BR","@id":"https:\/\/portalmf.com.br\/#\/schema\/person\/image\/","url":"https:\/\/secure.gravatar.com\/avatar\/41b9aaeb2100835f7c64362330f74c7f?s=96&d=mm&r=g","contentUrl":"https:\/\/secure.gravatar.com\/avatar\/41b9aaeb2100835f7c64362330f74c7f?s=96&d=mm&r=g","caption":"Reda\u00e7\u00e3o Portal MF"},"description":"Sejam bem-vindos o portal de informa\u00e7\u00f5es de entretenimento de Feira de Santana, desde 2006 realiza coberturas dos principais eventos com entrevistas exclusivas com as principais personalidades mundiais. Fique conectado tamb\u00e9m nas redes sociais.","sameAs":["http:\/\/www.portalmf.com.br\/","https:\/\/www.facebook.com\/portalmfoficial","https:\/\/www.instagram.com\/portalmf\/","https:\/\/x.com\/https:\/\/x.com\/portalmfoficial","https:\/\/www.youtube.com\/@portalmfoficial"],"url":"https:\/\/portalmf.com.br\/index.php\/author\/junior\/"}]}},"_links":{"self":[{"href":"https:\/\/portalmf.com.br\/index.php\/wp-json\/wp\/v2\/posts\/30104"}],"collection":[{"href":"https:\/\/portalmf.com.br\/index.php\/wp-json\/wp\/v2\/posts"}],"about":[{"href":"https:\/\/portalmf.com.br\/index.php\/wp-json\/wp\/v2\/types\/post"}],"author":[{"embeddable":true,"href":"https:\/\/portalmf.com.br\/index.php\/wp-json\/wp\/v2\/users\/3"}],"replies":[{"embeddable":true,"href":"https:\/\/portalmf.com.br\/index.php\/wp-json\/wp\/v2\/comments?post=30104"}],"version-history":[{"count":1,"href":"https:\/\/portalmf.com.br\/index.php\/wp-json\/wp\/v2\/posts\/30104\/revisions"}],"predecessor-version":[{"id":30105,"href":"https:\/\/portalmf.com.br\/index.php\/wp-json\/wp\/v2\/posts\/30104\/revisions\/30105"}],"wp:featuredmedia":[{"embeddable":true,"href":"https:\/\/portalmf.com.br\/index.php\/wp-json\/wp\/v2\/media\/30019"}],"wp:attachment":[{"href":"https:\/\/portalmf.com.br\/index.php\/wp-json\/wp\/v2\/media?parent=30104"}],"wp:term":[{"taxonomy":"category","embeddable":true,"href":"https:\/\/portalmf.com.br\/index.php\/wp-json\/wp\/v2\/categories?post=30104"},{"taxonomy":"post_tag","embeddable":true,"href":"https:\/\/portalmf.com.br\/index.php\/wp-json\/wp\/v2\/tags?post=30104"}],"curies":[{"name":"wp","href":"https:\/\/api.w.org\/{rel}","templated":true}]}}