{"id":30100,"date":"2024-09-24T17:09:02","date_gmt":"2024-09-24T20:09:02","guid":{"rendered":"https:\/\/portalmf.com.br\/?p=30100"},"modified":"2024-09-24T17:09:02","modified_gmt":"2024-09-24T20:09:02","slug":"em-caravana-por-maria-quiteria-ze-neto-garante-na-parceria-com-lula-minha-casa-minha-vida-para-distritos-de-feira","status":"publish","type":"post","link":"https:\/\/portalmf.com.br\/index.php\/2024\/09\/24\/em-caravana-por-maria-quiteria-ze-neto-garante-na-parceria-com-lula-minha-casa-minha-vida-para-distritos-de-feira\/","title":{"rendered":"Em Caravana por Maria Quit\u00e9ria, Z\u00e9 Neto garante, na parceria com Lula, Minha Casa Minha Vida para distritos de Feira"},"content":{"rendered":"\n<p>O candidato a prefeito da coliga\u00e7\u00e3o Pra Fazer o Futuro Acontecer, Z\u00e9 Neto, assumiu, durante a Caravana da Mudan\u00e7a em Maria Quit\u00e9ria, neste domingo (22), o compromisso de criar um programa de melhorias habitacionais em casas da zona rural e revitalizar a principal lagoa do segundo maior distrito de Feira de Santana.<\/p>\n\n\n\n<p>Ao lado de seu candidato a vice-prefeito Sandro Nazireu, dos deputados estaduais Binho Galinha e Robinson Almeida, de candidatos(as) a vereador(a), lideran\u00e7as e centenas de apoiadores, Z\u00e9 Neto percorreu mais de 50 km fazendo a campanha do corpo a corpo junto \u00e0s comunidades, como em P\u00e9 de Serra, Estrada do Besouro, Boqueir\u00e3o, \u00c1gua Grande e Pra\u00e7a de S\u00e3o Jos\u00e9, onde finalizou a pen\u00faltima caravana aos distritos.<\/p>\n\n\n\n<figure class=\"wp-block-image size-large\"><img fetchpriority=\"high\" decoding=\"async\" width=\"818\" height=\"1024\" src=\"https:\/\/portalmf.com.br\/wp-content\/uploads\/2024\/09\/Em-Caravana-por-Maria-Quiteria-Ze-Neto-garante-na-parceria-com-Lula-Minha-Casa-Minha-Vida-para-distritos-de-Feira-_-818x1024.jpg\" alt=\"\" class=\"wp-image-30101\" srcset=\"https:\/\/portalmf.com.br\/wp-content\/uploads\/2024\/09\/Em-Caravana-por-Maria-Quiteria-Ze-Neto-garante-na-parceria-com-Lula-Minha-Casa-Minha-Vida-para-distritos-de-Feira-_-818x1024.jpg 818w, https:\/\/portalmf.com.br\/wp-content\/uploads\/2024\/09\/Em-Caravana-por-Maria-Quiteria-Ze-Neto-garante-na-parceria-com-Lula-Minha-Casa-Minha-Vida-para-distritos-de-Feira-_-240x300.jpg 240w, https:\/\/portalmf.com.br\/wp-content\/uploads\/2024\/09\/Em-Caravana-por-Maria-Quiteria-Ze-Neto-garante-na-parceria-com-Lula-Minha-Casa-Minha-Vida-para-distritos-de-Feira-_-768x962.jpg 768w, https:\/\/portalmf.com.br\/wp-content\/uploads\/2024\/09\/Em-Caravana-por-Maria-Quiteria-Ze-Neto-garante-na-parceria-com-Lula-Minha-Casa-Minha-Vida-para-distritos-de-Feira-_-696x871.jpg 696w, https:\/\/portalmf.com.br\/wp-content\/uploads\/2024\/09\/Em-Caravana-por-Maria-Quiteria-Ze-Neto-garante-na-parceria-com-Lula-Minha-Casa-Minha-Vida-para-distritos-de-Feira-_.jpg 853w\" sizes=\"(max-width: 818px) 100vw, 818px\" \/><figcaption class=\"wp-element-caption\"><strong>Fotos: Paulo Amaral<\/strong><\/figcaption><\/figure>\n\n\n\n<p><em>\u201cAl\u00e9m da UPA e da subprefeitura que j\u00e1 asseguramos construir uma em cada distrito no nosso governo, a partir de 1\u00b0 de janeiro de 2025, aqui em Maria Quit\u00e9ria n\u00f3s vamos criar um programa de melhorias habitacionais nas resid\u00eancias da zona rural, trazendo mais dignidade para essas fam\u00edlias. Outro pleito que vamos resolver, a pedido dos moradores de Maria Quit\u00e9ria, \u00e9 a revitaliza\u00e7\u00e3o da principal lagoa do segundo maior distrito de Feira, assim como fizemos na Lagoa Grande, que hoje \u00e9 o principal cart\u00e3o-postal da nossa Princesa do Sert\u00e3o\u201d<\/em>, destacou.<\/p>\n","protected":false},"excerpt":{"rendered":"<p>O candidato a prefeito da coliga\u00e7\u00e3o Pra Fazer o Futuro Acontecer, Z\u00e9 Neto, assumiu, durante a Caravana da Mudan\u00e7a em Maria Quit\u00e9ria, neste domingo (22), o compromisso de criar um programa de melhorias habitacionais em casas da zona rural e revitalizar a principal lagoa do segundo maior distrito de Feira de Santana. Ao lado de [&hellip;]<\/p>\n","protected":false},"author":3,"featured_media":30102,"comment_status":"open","ping_status":"open","sticky":false,"template":"","format":"standard","meta":{"_monsterinsights_skip_tracking":false,"_monsterinsights_sitenote_active":false,"_monsterinsights_sitenote_note":"","_monsterinsights_sitenote_category":0,"footnotes":""},"categories":[301,34],"tags":[],"yoast_head":"<!-- This site is optimized with the Yoast SEO plugin v22.9 - https:\/\/yoast.com\/wordpress\/plugins\/seo\/ -->\n<title>Em Caravana por Maria Quit\u00e9ria, Z\u00e9 Neto garante, na parceria com Lula, Minha Casa Minha Vida para distritos de Feira - Portal MF<\/title>\n<meta name=\"robots\" content=\"index, follow, max-snippet:-1, max-image-preview:large, max-video-preview:-1\" \/>\n<link rel=\"canonical\" href=\"https:\/\/portalmf.com.br\/index.php\/2024\/09\/24\/em-caravana-por-maria-quiteria-ze-neto-garante-na-parceria-com-lula-minha-casa-minha-vida-para-distritos-de-feira\/\" \/>\n<meta property=\"og:locale\" content=\"pt_BR\" \/>\n<meta property=\"og:type\" content=\"article\" \/>\n<meta property=\"og:title\" content=\"Em Caravana por Maria Quit\u00e9ria, Z\u00e9 Neto garante, na parceria com Lula, Minha Casa Minha Vida para distritos de Feira - Portal MF\" \/>\n<meta property=\"og:description\" content=\"O candidato a prefeito da coliga\u00e7\u00e3o Pra Fazer o Futuro Acontecer, Z\u00e9 Neto, assumiu, durante a Caravana da Mudan\u00e7a em Maria Quit\u00e9ria, neste domingo (22), o compromisso de criar um programa de melhorias habitacionais em casas da zona rural e revitalizar a principal lagoa do segundo maior distrito de Feira de Santana. Ao lado de [&hellip;]\" \/>\n<meta property=\"og:url\" content=\"https:\/\/portalmf.com.br\/index.php\/2024\/09\/24\/em-caravana-por-maria-quiteria-ze-neto-garante-na-parceria-com-lula-minha-casa-minha-vida-para-distritos-de-feira\/\" \/>\n<meta property=\"og:site_name\" content=\"Portal MF\" \/>\n<meta property=\"article:author\" content=\"https:\/\/www.facebook.com\/portalmfoficial\" \/>\n<meta property=\"article:published_time\" content=\"2024-09-24T20:09:02+00:00\" \/>\n<meta property=\"og:image\" content=\"https:\/\/portalmf.com.br\/wp-content\/uploads\/2024\/09\/Em-Caravana-por-Maria-Quiteria-Ze-Neto-garante-na-parceria-com-Lula-Minha-Casa-Minha-Vida-para-distritos-de-Feira-_2.jpg\" \/>\n\t<meta property=\"og:image:width\" content=\"852\" \/>\n\t<meta property=\"og:image:height\" content=\"882\" \/>\n\t<meta property=\"og:image:type\" content=\"image\/jpeg\" \/>\n<meta name=\"author\" content=\"Reda\u00e7\u00e3o Portal MF\" \/>\n<meta name=\"twitter:card\" content=\"summary_large_image\" \/>\n<meta name=\"twitter:creator\" content=\"@https:\/\/x.com\/portalmfoficial\" \/>\n<meta name=\"twitter:label1\" content=\"Escrito por\" \/>\n\t<meta name=\"twitter:data1\" content=\"Reda\u00e7\u00e3o Portal MF\" \/>\n\t<meta name=\"twitter:label2\" content=\"Est. tempo de leitura\" \/>\n\t<meta name=\"twitter:data2\" content=\"2 minutos\" \/>\n<script type=\"application\/ld+json\" class=\"yoast-schema-graph\">{\"@context\":\"https:\/\/schema.org\",\"@graph\":[{\"@type\":\"WebPage\",\"@id\":\"https:\/\/portalmf.com.br\/index.php\/2024\/09\/24\/em-caravana-por-maria-quiteria-ze-neto-garante-na-parceria-com-lula-minha-casa-minha-vida-para-distritos-de-feira\/\",\"url\":\"https:\/\/portalmf.com.br\/index.php\/2024\/09\/24\/em-caravana-por-maria-quiteria-ze-neto-garante-na-parceria-com-lula-minha-casa-minha-vida-para-distritos-de-feira\/\",\"name\":\"Em Caravana por Maria Quit\u00e9ria, Z\u00e9 Neto garante, na parceria com Lula, Minha Casa Minha Vida para distritos de Feira - Portal MF\",\"isPartOf\":{\"@id\":\"https:\/\/portalmf.com.br\/#website\"},\"primaryImageOfPage\":{\"@id\":\"https:\/\/portalmf.com.br\/index.php\/2024\/09\/24\/em-caravana-por-maria-quiteria-ze-neto-garante-na-parceria-com-lula-minha-casa-minha-vida-para-distritos-de-feira\/#primaryimage\"},\"image\":{\"@id\":\"https:\/\/portalmf.com.br\/index.php\/2024\/09\/24\/em-caravana-por-maria-quiteria-ze-neto-garante-na-parceria-com-lula-minha-casa-minha-vida-para-distritos-de-feira\/#primaryimage\"},\"thumbnailUrl\":\"https:\/\/portalmf.com.br\/wp-content\/uploads\/2024\/09\/Em-Caravana-por-Maria-Quiteria-Ze-Neto-garante-na-parceria-com-Lula-Minha-Casa-Minha-Vida-para-distritos-de-Feira-_2.jpg\",\"datePublished\":\"2024-09-24T20:09:02+00:00\",\"dateModified\":\"2024-09-24T20:09:02+00:00\",\"author\":{\"@id\":\"https:\/\/portalmf.com.br\/#\/schema\/person\/9ec101baf56233e53520c26de5d6f6f0\"},\"breadcrumb\":{\"@id\":\"https:\/\/portalmf.com.br\/index.php\/2024\/09\/24\/em-caravana-por-maria-quiteria-ze-neto-garante-na-parceria-com-lula-minha-casa-minha-vida-para-distritos-de-feira\/#breadcrumb\"},\"inLanguage\":\"pt-BR\",\"potentialAction\":[{\"@type\":\"ReadAction\",\"target\":[\"https:\/\/portalmf.com.br\/index.php\/2024\/09\/24\/em-caravana-por-maria-quiteria-ze-neto-garante-na-parceria-com-lula-minha-casa-minha-vida-para-distritos-de-feira\/\"]}]},{\"@type\":\"ImageObject\",\"inLanguage\":\"pt-BR\",\"@id\":\"https:\/\/portalmf.com.br\/index.php\/2024\/09\/24\/em-caravana-por-maria-quiteria-ze-neto-garante-na-parceria-com-lula-minha-casa-minha-vida-para-distritos-de-feira\/#primaryimage\",\"url\":\"https:\/\/portalmf.com.br\/wp-content\/uploads\/2024\/09\/Em-Caravana-por-Maria-Quiteria-Ze-Neto-garante-na-parceria-com-Lula-Minha-Casa-Minha-Vida-para-distritos-de-Feira-_2.jpg\",\"contentUrl\":\"https:\/\/portalmf.com.br\/wp-content\/uploads\/2024\/09\/Em-Caravana-por-Maria-Quiteria-Ze-Neto-garante-na-parceria-com-Lula-Minha-Casa-Minha-Vida-para-distritos-de-Feira-_2.jpg\",\"width\":852,\"height\":882},{\"@type\":\"BreadcrumbList\",\"@id\":\"https:\/\/portalmf.com.br\/index.php\/2024\/09\/24\/em-caravana-por-maria-quiteria-ze-neto-garante-na-parceria-com-lula-minha-casa-minha-vida-para-distritos-de-feira\/#breadcrumb\",\"itemListElement\":[{\"@type\":\"ListItem\",\"position\":1,\"name\":\"In\u00edcio\",\"item\":\"https:\/\/portalmf.com.br\/\"},{\"@type\":\"ListItem\",\"position\":2,\"name\":\"Em Caravana por Maria Quit\u00e9ria, Z\u00e9 Neto garante, na parceria com Lula, Minha Casa Minha Vida para distritos de Feira\"}]},{\"@type\":\"WebSite\",\"@id\":\"https:\/\/portalmf.com.br\/#website\",\"url\":\"https:\/\/portalmf.com.br\/\",\"name\":\"Portal MF\",\"description\":\"Voc\u00ea conectado com a informa\u00e7\u00e3o\",\"potentialAction\":[{\"@type\":\"SearchAction\",\"target\":{\"@type\":\"EntryPoint\",\"urlTemplate\":\"https:\/\/portalmf.com.br\/?s={search_term_string}\"},\"query-input\":\"required name=search_term_string\"}],\"inLanguage\":\"pt-BR\"},{\"@type\":\"Person\",\"@id\":\"https:\/\/portalmf.com.br\/#\/schema\/person\/9ec101baf56233e53520c26de5d6f6f0\",\"name\":\"Reda\u00e7\u00e3o Portal MF\",\"image\":{\"@type\":\"ImageObject\",\"inLanguage\":\"pt-BR\",\"@id\":\"https:\/\/portalmf.com.br\/#\/schema\/person\/image\/\",\"url\":\"https:\/\/secure.gravatar.com\/avatar\/41b9aaeb2100835f7c64362330f74c7f?s=96&d=mm&r=g\",\"contentUrl\":\"https:\/\/secure.gravatar.com\/avatar\/41b9aaeb2100835f7c64362330f74c7f?s=96&d=mm&r=g\",\"caption\":\"Reda\u00e7\u00e3o Portal MF\"},\"description\":\"Sejam bem-vindos o portal de informa\u00e7\u00f5es de entretenimento de Feira de Santana, desde 2006 realiza coberturas dos principais eventos com entrevistas exclusivas com as principais personalidades mundiais. Fique conectado tamb\u00e9m nas redes sociais.\",\"sameAs\":[\"http:\/\/www.portalmf.com.br\/\",\"https:\/\/www.facebook.com\/portalmfoficial\",\"https:\/\/www.instagram.com\/portalmf\/\",\"https:\/\/x.com\/https:\/\/x.com\/portalmfoficial\",\"https:\/\/www.youtube.com\/@portalmfoficial\"],\"url\":\"https:\/\/portalmf.com.br\/index.php\/author\/junior\/\"}]}<\/script>\n<!-- \/ Yoast SEO plugin. -->","yoast_head_json":{"title":"Em Caravana por Maria Quit\u00e9ria, Z\u00e9 Neto garante, na parceria com Lula, Minha Casa Minha Vida para distritos de Feira - Portal MF","robots":{"index":"index","follow":"follow","max-snippet":"max-snippet:-1","max-image-preview":"max-image-preview:large","max-video-preview":"max-video-preview:-1"},"canonical":"https:\/\/portalmf.com.br\/index.php\/2024\/09\/24\/em-caravana-por-maria-quiteria-ze-neto-garante-na-parceria-com-lula-minha-casa-minha-vida-para-distritos-de-feira\/","og_locale":"pt_BR","og_type":"article","og_title":"Em Caravana por Maria Quit\u00e9ria, Z\u00e9 Neto garante, na parceria com Lula, Minha Casa Minha Vida para distritos de Feira - Portal MF","og_description":"O candidato a prefeito da coliga\u00e7\u00e3o Pra Fazer o Futuro Acontecer, Z\u00e9 Neto, assumiu, durante a Caravana da Mudan\u00e7a em Maria Quit\u00e9ria, neste domingo (22), o compromisso de criar um programa de melhorias habitacionais em casas da zona rural e revitalizar a principal lagoa do segundo maior distrito de Feira de Santana. Ao lado de [&hellip;]","og_url":"https:\/\/portalmf.com.br\/index.php\/2024\/09\/24\/em-caravana-por-maria-quiteria-ze-neto-garante-na-parceria-com-lula-minha-casa-minha-vida-para-distritos-de-feira\/","og_site_name":"Portal MF","article_author":"https:\/\/www.facebook.com\/portalmfoficial","article_published_time":"2024-09-24T20:09:02+00:00","og_image":[{"width":852,"height":882,"url":"https:\/\/portalmf.com.br\/wp-content\/uploads\/2024\/09\/Em-Caravana-por-Maria-Quiteria-Ze-Neto-garante-na-parceria-com-Lula-Minha-Casa-Minha-Vida-para-distritos-de-Feira-_2.jpg","type":"image\/jpeg"}],"author":"Reda\u00e7\u00e3o Portal MF","twitter_card":"summary_large_image","twitter_creator":"@https:\/\/x.com\/portalmfoficial","twitter_misc":{"Escrito por":"Reda\u00e7\u00e3o Portal MF","Est. tempo de leitura":"2 minutos"},"schema":{"@context":"https:\/\/schema.org","@graph":[{"@type":"WebPage","@id":"https:\/\/portalmf.com.br\/index.php\/2024\/09\/24\/em-caravana-por-maria-quiteria-ze-neto-garante-na-parceria-com-lula-minha-casa-minha-vida-para-distritos-de-feira\/","url":"https:\/\/portalmf.com.br\/index.php\/2024\/09\/24\/em-caravana-por-maria-quiteria-ze-neto-garante-na-parceria-com-lula-minha-casa-minha-vida-para-distritos-de-feira\/","name":"Em Caravana por Maria Quit\u00e9ria, Z\u00e9 Neto garante, na parceria com Lula, Minha Casa Minha Vida para distritos de Feira - Portal MF","isPartOf":{"@id":"https:\/\/portalmf.com.br\/#website"},"primaryImageOfPage":{"@id":"https:\/\/portalmf.com.br\/index.php\/2024\/09\/24\/em-caravana-por-maria-quiteria-ze-neto-garante-na-parceria-com-lula-minha-casa-minha-vida-para-distritos-de-feira\/#primaryimage"},"image":{"@id":"https:\/\/portalmf.com.br\/index.php\/2024\/09\/24\/em-caravana-por-maria-quiteria-ze-neto-garante-na-parceria-com-lula-minha-casa-minha-vida-para-distritos-de-feira\/#primaryimage"},"thumbnailUrl":"https:\/\/portalmf.com.br\/wp-content\/uploads\/2024\/09\/Em-Caravana-por-Maria-Quiteria-Ze-Neto-garante-na-parceria-com-Lula-Minha-Casa-Minha-Vida-para-distritos-de-Feira-_2.jpg","datePublished":"2024-09-24T20:09:02+00:00","dateModified":"2024-09-24T20:09:02+00:00","author":{"@id":"https:\/\/portalmf.com.br\/#\/schema\/person\/9ec101baf56233e53520c26de5d6f6f0"},"breadcrumb":{"@id":"https:\/\/portalmf.com.br\/index.php\/2024\/09\/24\/em-caravana-por-maria-quiteria-ze-neto-garante-na-parceria-com-lula-minha-casa-minha-vida-para-distritos-de-feira\/#breadcrumb"},"inLanguage":"pt-BR","potentialAction":[{"@type":"ReadAction","target":["https:\/\/portalmf.com.br\/index.php\/2024\/09\/24\/em-caravana-por-maria-quiteria-ze-neto-garante-na-parceria-com-lula-minha-casa-minha-vida-para-distritos-de-feira\/"]}]},{"@type":"ImageObject","inLanguage":"pt-BR","@id":"https:\/\/portalmf.com.br\/index.php\/2024\/09\/24\/em-caravana-por-maria-quiteria-ze-neto-garante-na-parceria-com-lula-minha-casa-minha-vida-para-distritos-de-feira\/#primaryimage","url":"https:\/\/portalmf.com.br\/wp-content\/uploads\/2024\/09\/Em-Caravana-por-Maria-Quiteria-Ze-Neto-garante-na-parceria-com-Lula-Minha-Casa-Minha-Vida-para-distritos-de-Feira-_2.jpg","contentUrl":"https:\/\/portalmf.com.br\/wp-content\/uploads\/2024\/09\/Em-Caravana-por-Maria-Quiteria-Ze-Neto-garante-na-parceria-com-Lula-Minha-Casa-Minha-Vida-para-distritos-de-Feira-_2.jpg","width":852,"height":882},{"@type":"BreadcrumbList","@id":"https:\/\/portalmf.com.br\/index.php\/2024\/09\/24\/em-caravana-por-maria-quiteria-ze-neto-garante-na-parceria-com-lula-minha-casa-minha-vida-para-distritos-de-feira\/#breadcrumb","itemListElement":[{"@type":"ListItem","position":1,"name":"In\u00edcio","item":"https:\/\/portalmf.com.br\/"},{"@type":"ListItem","position":2,"name":"Em Caravana por Maria Quit\u00e9ria, Z\u00e9 Neto garante, na parceria com Lula, Minha Casa Minha Vida para distritos de Feira"}]},{"@type":"WebSite","@id":"https:\/\/portalmf.com.br\/#website","url":"https:\/\/portalmf.com.br\/","name":"Portal MF","description":"Voc\u00ea conectado com a informa\u00e7\u00e3o","potentialAction":[{"@type":"SearchAction","target":{"@type":"EntryPoint","urlTemplate":"https:\/\/portalmf.com.br\/?s={search_term_string}"},"query-input":"required name=search_term_string"}],"inLanguage":"pt-BR"},{"@type":"Person","@id":"https:\/\/portalmf.com.br\/#\/schema\/person\/9ec101baf56233e53520c26de5d6f6f0","name":"Reda\u00e7\u00e3o Portal MF","image":{"@type":"ImageObject","inLanguage":"pt-BR","@id":"https:\/\/portalmf.com.br\/#\/schema\/person\/image\/","url":"https:\/\/secure.gravatar.com\/avatar\/41b9aaeb2100835f7c64362330f74c7f?s=96&d=mm&r=g","contentUrl":"https:\/\/secure.gravatar.com\/avatar\/41b9aaeb2100835f7c64362330f74c7f?s=96&d=mm&r=g","caption":"Reda\u00e7\u00e3o Portal MF"},"description":"Sejam bem-vindos o portal de informa\u00e7\u00f5es de entretenimento de Feira de Santana, desde 2006 realiza coberturas dos principais eventos com entrevistas exclusivas com as principais personalidades mundiais. Fique conectado tamb\u00e9m nas redes sociais.","sameAs":["http:\/\/www.portalmf.com.br\/","https:\/\/www.facebook.com\/portalmfoficial","https:\/\/www.instagram.com\/portalmf\/","https:\/\/x.com\/https:\/\/x.com\/portalmfoficial","https:\/\/www.youtube.com\/@portalmfoficial"],"url":"https:\/\/portalmf.com.br\/index.php\/author\/junior\/"}]}},"_links":{"self":[{"href":"https:\/\/portalmf.com.br\/index.php\/wp-json\/wp\/v2\/posts\/30100"}],"collection":[{"href":"https:\/\/portalmf.com.br\/index.php\/wp-json\/wp\/v2\/posts"}],"about":[{"href":"https:\/\/portalmf.com.br\/index.php\/wp-json\/wp\/v2\/types\/post"}],"author":[{"embeddable":true,"href":"https:\/\/portalmf.com.br\/index.php\/wp-json\/wp\/v2\/users\/3"}],"replies":[{"embeddable":true,"href":"https:\/\/portalmf.com.br\/index.php\/wp-json\/wp\/v2\/comments?post=30100"}],"version-history":[{"count":1,"href":"https:\/\/portalmf.com.br\/index.php\/wp-json\/wp\/v2\/posts\/30100\/revisions"}],"predecessor-version":[{"id":30103,"href":"https:\/\/portalmf.com.br\/index.php\/wp-json\/wp\/v2\/posts\/30100\/revisions\/30103"}],"wp:featuredmedia":[{"embeddable":true,"href":"https:\/\/portalmf.com.br\/index.php\/wp-json\/wp\/v2\/media\/30102"}],"wp:attachment":[{"href":"https:\/\/portalmf.com.br\/index.php\/wp-json\/wp\/v2\/media?parent=30100"}],"wp:term":[{"taxonomy":"category","embeddable":true,"href":"https:\/\/portalmf.com.br\/index.php\/wp-json\/wp\/v2\/categories?post=30100"},{"taxonomy":"post_tag","embeddable":true,"href":"https:\/\/portalmf.com.br\/index.php\/wp-json\/wp\/v2\/tags?post=30100"}],"curies":[{"name":"wp","href":"https:\/\/api.w.org\/{rel}","templated":true}]}}