{"id":30096,"date":"2024-09-24T17:03:04","date_gmt":"2024-09-24T20:03:04","guid":{"rendered":"https:\/\/portalmf.com.br\/?p=30096"},"modified":"2024-09-24T17:03:05","modified_gmt":"2024-09-24T20:03:05","slug":"jose-ronaldo-assume-compromisso-de-pavimentar-mais-ruas-durante-caminhada-no-bairro-aviario","status":"publish","type":"post","link":"https:\/\/portalmf.com.br\/index.php\/2024\/09\/24\/jose-ronaldo-assume-compromisso-de-pavimentar-mais-ruas-durante-caminhada-no-bairro-aviario\/","title":{"rendered":"Jos\u00e9 Ronaldo assume compromisso de pavimentar mais ruas durante caminhada no bairro Avi\u00e1rio"},"content":{"rendered":"\n<p>Ontem (23), o candidato a prefeito de Feira de Santana, Jos\u00e9 Ronaldo (Uni\u00e3o Brasil), refor\u00e7ou seu compromisso com a pavimenta\u00e7\u00e3o de mais ruas no bairro Avi\u00e1rio, uma das regi\u00f5es que j\u00e1 foi beneficiada com obras de urbaniza\u00e7\u00e3o durante suas gest\u00f5es anteriores. A promessa de pavimenta\u00e7\u00e3o, tanto com paralelep\u00edpedo quanto com asfalto, tem como objetivo melhorar a acessibilidade e a qualidade de vida dos moradores da comunidade.<\/p>\n\n\n\n<p>Durante a caminhada, que contou com a participa\u00e7\u00e3o de candidatos a vereador e l\u00edderes comunit\u00e1rios, Jos\u00e9 Ronaldo percorreu diversas ruas j\u00e1 urbanizadas sob seu governo. Ele destacou que o bairro continuar\u00e1 a receber a aten\u00e7\u00e3o da administra\u00e7\u00e3o municipal, garantindo que o desenvolvimento local se manter\u00e1 como uma prioridade em seu plano de gest\u00e3o.<\/p>\n\n\n\n<figure class=\"wp-block-image size-large\"><img fetchpriority=\"high\" decoding=\"async\" width=\"1024\" height=\"737\" src=\"https:\/\/portalmf.com.br\/wp-content\/uploads\/2024\/09\/Jose-Ronaldo-assume-compromisso-de-pavimentar-mais-ruas-durante-caminhada-no-bairro-Aviario_1-1024x737.jpg\" alt=\"\" class=\"wp-image-30097\" srcset=\"https:\/\/portalmf.com.br\/wp-content\/uploads\/2024\/09\/Jose-Ronaldo-assume-compromisso-de-pavimentar-mais-ruas-durante-caminhada-no-bairro-Aviario_1-1024x737.jpg 1024w, https:\/\/portalmf.com.br\/wp-content\/uploads\/2024\/09\/Jose-Ronaldo-assume-compromisso-de-pavimentar-mais-ruas-durante-caminhada-no-bairro-Aviario_1-300x216.jpg 300w, https:\/\/portalmf.com.br\/wp-content\/uploads\/2024\/09\/Jose-Ronaldo-assume-compromisso-de-pavimentar-mais-ruas-durante-caminhada-no-bairro-Aviario_1-768x553.jpg 768w, https:\/\/portalmf.com.br\/wp-content\/uploads\/2024\/09\/Jose-Ronaldo-assume-compromisso-de-pavimentar-mais-ruas-durante-caminhada-no-bairro-Aviario_1-696x501.jpg 696w, https:\/\/portalmf.com.br\/wp-content\/uploads\/2024\/09\/Jose-Ronaldo-assume-compromisso-de-pavimentar-mais-ruas-durante-caminhada-no-bairro-Aviario_1-1068x769.jpg 1068w, https:\/\/portalmf.com.br\/wp-content\/uploads\/2024\/09\/Jose-Ronaldo-assume-compromisso-de-pavimentar-mais-ruas-durante-caminhada-no-bairro-Aviario_1.jpg 1070w\" sizes=\"(max-width: 1024px) 100vw, 1024px\" \/><\/figure>\n\n\n\n<p><em>&#8220;Vamos trabalhar juntos para Feira de Santana continuar crescendo, sendo pr\u00f3spera e uma cidade acolhedora e de oportunidades para todos&#8221;,<\/em> declarou o candidato ao conversar com os moradores. Jos\u00e9 Ronaldo foi calorosamente recebido pela comunidade, que fez quest\u00e3o de demonstrar apoio abrindo as portas de suas casas para cumpriment\u00e1-lo e compartilhar suas demandas e expectativas.<\/p>\n\n\n\n<p>O ex-prefeito refor\u00e7ou que seu governo estar\u00e1 sempre atento \u00e0s necessidades da popula\u00e7\u00e3o, especialmente das \u00e1reas mais carentes, e assegurou que continuar\u00e1 empenhado em garantir as melhorias solicitadas pelos moradores. <\/p>\n\n\n\n<p>&#8220;Estamos comprometidos em trazer mais infraestrutura e qualidade de vida para quem mais precisa da presen\u00e7a do poder p\u00fablico&#8221;, afirmou.<\/p>\n\n\n\n<p>Com informa\u00e7\u00f5es da Ascom\/Jos\u00e9 Ronaldo<\/p>\n","protected":false},"excerpt":{"rendered":"<p>Ontem (23), o candidato a prefeito de Feira de Santana, Jos\u00e9 Ronaldo (Uni\u00e3o Brasil), refor\u00e7ou seu compromisso com a pavimenta\u00e7\u00e3o de mais ruas no bairro Avi\u00e1rio, uma das regi\u00f5es que j\u00e1 foi beneficiada com obras de urbaniza\u00e7\u00e3o durante suas gest\u00f5es anteriores. A promessa de pavimenta\u00e7\u00e3o, tanto com paralelep\u00edpedo quanto com asfalto, tem como objetivo melhorar [&hellip;]<\/p>\n","protected":false},"author":3,"featured_media":30098,"comment_status":"open","ping_status":"open","sticky":false,"template":"","format":"standard","meta":{"_monsterinsights_skip_tracking":false,"_monsterinsights_sitenote_active":false,"_monsterinsights_sitenote_note":"","_monsterinsights_sitenote_category":0,"footnotes":""},"categories":[301,34],"tags":[],"yoast_head":"<!-- This site is optimized with the Yoast SEO plugin v22.9 - https:\/\/yoast.com\/wordpress\/plugins\/seo\/ -->\n<title>Jos\u00e9 Ronaldo assume compromisso de pavimentar mais ruas durante caminhada no bairro Avi\u00e1rio - Portal MF<\/title>\n<meta name=\"robots\" content=\"index, follow, max-snippet:-1, max-image-preview:large, max-video-preview:-1\" \/>\n<link rel=\"canonical\" href=\"https:\/\/portalmf.com.br\/index.php\/2024\/09\/24\/jose-ronaldo-assume-compromisso-de-pavimentar-mais-ruas-durante-caminhada-no-bairro-aviario\/\" \/>\n<meta property=\"og:locale\" content=\"pt_BR\" \/>\n<meta property=\"og:type\" content=\"article\" \/>\n<meta property=\"og:title\" content=\"Jos\u00e9 Ronaldo assume compromisso de pavimentar mais ruas durante caminhada no bairro Avi\u00e1rio - Portal MF\" \/>\n<meta property=\"og:description\" content=\"Ontem (23), o candidato a prefeito de Feira de Santana, Jos\u00e9 Ronaldo (Uni\u00e3o Brasil), refor\u00e7ou seu compromisso com a pavimenta\u00e7\u00e3o de mais ruas no bairro Avi\u00e1rio, uma das regi\u00f5es que j\u00e1 foi beneficiada com obras de urbaniza\u00e7\u00e3o durante suas gest\u00f5es anteriores. A promessa de pavimenta\u00e7\u00e3o, tanto com paralelep\u00edpedo quanto com asfalto, tem como objetivo melhorar [&hellip;]\" \/>\n<meta property=\"og:url\" content=\"https:\/\/portalmf.com.br\/index.php\/2024\/09\/24\/jose-ronaldo-assume-compromisso-de-pavimentar-mais-ruas-durante-caminhada-no-bairro-aviario\/\" \/>\n<meta property=\"og:site_name\" content=\"Portal MF\" \/>\n<meta property=\"article:author\" content=\"https:\/\/www.facebook.com\/portalmfoficial\" \/>\n<meta property=\"article:published_time\" content=\"2024-09-24T20:03:04+00:00\" \/>\n<meta property=\"article:modified_time\" content=\"2024-09-24T20:03:05+00:00\" \/>\n<meta property=\"og:image\" content=\"https:\/\/portalmf.com.br\/wp-content\/uploads\/2024\/09\/Jose-Ronaldo-assume-compromisso-de-pavimentar-mais-ruas-durante-caminhada-no-bairro-Aviario.jpg\" \/>\n\t<meta property=\"og:image:width\" content=\"1070\" \/>\n\t<meta property=\"og:image:height\" content=\"793\" \/>\n\t<meta property=\"og:image:type\" content=\"image\/jpeg\" \/>\n<meta name=\"author\" content=\"Reda\u00e7\u00e3o Portal MF\" \/>\n<meta name=\"twitter:card\" content=\"summary_large_image\" \/>\n<meta name=\"twitter:creator\" content=\"@https:\/\/x.com\/portalmfoficial\" \/>\n<meta name=\"twitter:label1\" content=\"Escrito por\" \/>\n\t<meta name=\"twitter:data1\" content=\"Reda\u00e7\u00e3o Portal MF\" \/>\n\t<meta name=\"twitter:label2\" content=\"Est. tempo de leitura\" \/>\n\t<meta name=\"twitter:data2\" content=\"2 minutos\" \/>\n<script type=\"application\/ld+json\" class=\"yoast-schema-graph\">{\"@context\":\"https:\/\/schema.org\",\"@graph\":[{\"@type\":\"WebPage\",\"@id\":\"https:\/\/portalmf.com.br\/index.php\/2024\/09\/24\/jose-ronaldo-assume-compromisso-de-pavimentar-mais-ruas-durante-caminhada-no-bairro-aviario\/\",\"url\":\"https:\/\/portalmf.com.br\/index.php\/2024\/09\/24\/jose-ronaldo-assume-compromisso-de-pavimentar-mais-ruas-durante-caminhada-no-bairro-aviario\/\",\"name\":\"Jos\u00e9 Ronaldo assume compromisso de pavimentar mais ruas durante caminhada no bairro Avi\u00e1rio - Portal MF\",\"isPartOf\":{\"@id\":\"https:\/\/portalmf.com.br\/#website\"},\"primaryImageOfPage\":{\"@id\":\"https:\/\/portalmf.com.br\/index.php\/2024\/09\/24\/jose-ronaldo-assume-compromisso-de-pavimentar-mais-ruas-durante-caminhada-no-bairro-aviario\/#primaryimage\"},\"image\":{\"@id\":\"https:\/\/portalmf.com.br\/index.php\/2024\/09\/24\/jose-ronaldo-assume-compromisso-de-pavimentar-mais-ruas-durante-caminhada-no-bairro-aviario\/#primaryimage\"},\"thumbnailUrl\":\"https:\/\/portalmf.com.br\/wp-content\/uploads\/2024\/09\/Jose-Ronaldo-assume-compromisso-de-pavimentar-mais-ruas-durante-caminhada-no-bairro-Aviario.jpg\",\"datePublished\":\"2024-09-24T20:03:04+00:00\",\"dateModified\":\"2024-09-24T20:03:05+00:00\",\"author\":{\"@id\":\"https:\/\/portalmf.com.br\/#\/schema\/person\/9ec101baf56233e53520c26de5d6f6f0\"},\"breadcrumb\":{\"@id\":\"https:\/\/portalmf.com.br\/index.php\/2024\/09\/24\/jose-ronaldo-assume-compromisso-de-pavimentar-mais-ruas-durante-caminhada-no-bairro-aviario\/#breadcrumb\"},\"inLanguage\":\"pt-BR\",\"potentialAction\":[{\"@type\":\"ReadAction\",\"target\":[\"https:\/\/portalmf.com.br\/index.php\/2024\/09\/24\/jose-ronaldo-assume-compromisso-de-pavimentar-mais-ruas-durante-caminhada-no-bairro-aviario\/\"]}]},{\"@type\":\"ImageObject\",\"inLanguage\":\"pt-BR\",\"@id\":\"https:\/\/portalmf.com.br\/index.php\/2024\/09\/24\/jose-ronaldo-assume-compromisso-de-pavimentar-mais-ruas-durante-caminhada-no-bairro-aviario\/#primaryimage\",\"url\":\"https:\/\/portalmf.com.br\/wp-content\/uploads\/2024\/09\/Jose-Ronaldo-assume-compromisso-de-pavimentar-mais-ruas-durante-caminhada-no-bairro-Aviario.jpg\",\"contentUrl\":\"https:\/\/portalmf.com.br\/wp-content\/uploads\/2024\/09\/Jose-Ronaldo-assume-compromisso-de-pavimentar-mais-ruas-durante-caminhada-no-bairro-Aviario.jpg\",\"width\":1070,\"height\":793},{\"@type\":\"BreadcrumbList\",\"@id\":\"https:\/\/portalmf.com.br\/index.php\/2024\/09\/24\/jose-ronaldo-assume-compromisso-de-pavimentar-mais-ruas-durante-caminhada-no-bairro-aviario\/#breadcrumb\",\"itemListElement\":[{\"@type\":\"ListItem\",\"position\":1,\"name\":\"In\u00edcio\",\"item\":\"https:\/\/portalmf.com.br\/\"},{\"@type\":\"ListItem\",\"position\":2,\"name\":\"Jos\u00e9 Ronaldo assume compromisso de pavimentar mais ruas durante caminhada no bairro Avi\u00e1rio\"}]},{\"@type\":\"WebSite\",\"@id\":\"https:\/\/portalmf.com.br\/#website\",\"url\":\"https:\/\/portalmf.com.br\/\",\"name\":\"Portal MF\",\"description\":\"Voc\u00ea conectado com a informa\u00e7\u00e3o\",\"potentialAction\":[{\"@type\":\"SearchAction\",\"target\":{\"@type\":\"EntryPoint\",\"urlTemplate\":\"https:\/\/portalmf.com.br\/?s={search_term_string}\"},\"query-input\":\"required name=search_term_string\"}],\"inLanguage\":\"pt-BR\"},{\"@type\":\"Person\",\"@id\":\"https:\/\/portalmf.com.br\/#\/schema\/person\/9ec101baf56233e53520c26de5d6f6f0\",\"name\":\"Reda\u00e7\u00e3o Portal MF\",\"image\":{\"@type\":\"ImageObject\",\"inLanguage\":\"pt-BR\",\"@id\":\"https:\/\/portalmf.com.br\/#\/schema\/person\/image\/\",\"url\":\"https:\/\/secure.gravatar.com\/avatar\/41b9aaeb2100835f7c64362330f74c7f?s=96&d=mm&r=g\",\"contentUrl\":\"https:\/\/secure.gravatar.com\/avatar\/41b9aaeb2100835f7c64362330f74c7f?s=96&d=mm&r=g\",\"caption\":\"Reda\u00e7\u00e3o Portal MF\"},\"description\":\"Sejam bem-vindos o portal de informa\u00e7\u00f5es de entretenimento de Feira de Santana, desde 2006 realiza coberturas dos principais eventos com entrevistas exclusivas com as principais personalidades mundiais. Fique conectado tamb\u00e9m nas redes sociais.\",\"sameAs\":[\"http:\/\/www.portalmf.com.br\/\",\"https:\/\/www.facebook.com\/portalmfoficial\",\"https:\/\/www.instagram.com\/portalmf\/\",\"https:\/\/x.com\/https:\/\/x.com\/portalmfoficial\",\"https:\/\/www.youtube.com\/@portalmfoficial\"],\"url\":\"https:\/\/portalmf.com.br\/index.php\/author\/junior\/\"}]}<\/script>\n<!-- \/ Yoast SEO plugin. -->","yoast_head_json":{"title":"Jos\u00e9 Ronaldo assume compromisso de pavimentar mais ruas durante caminhada no bairro Avi\u00e1rio - Portal MF","robots":{"index":"index","follow":"follow","max-snippet":"max-snippet:-1","max-image-preview":"max-image-preview:large","max-video-preview":"max-video-preview:-1"},"canonical":"https:\/\/portalmf.com.br\/index.php\/2024\/09\/24\/jose-ronaldo-assume-compromisso-de-pavimentar-mais-ruas-durante-caminhada-no-bairro-aviario\/","og_locale":"pt_BR","og_type":"article","og_title":"Jos\u00e9 Ronaldo assume compromisso de pavimentar mais ruas durante caminhada no bairro Avi\u00e1rio - Portal MF","og_description":"Ontem (23), o candidato a prefeito de Feira de Santana, Jos\u00e9 Ronaldo (Uni\u00e3o Brasil), refor\u00e7ou seu compromisso com a pavimenta\u00e7\u00e3o de mais ruas no bairro Avi\u00e1rio, uma das regi\u00f5es que j\u00e1 foi beneficiada com obras de urbaniza\u00e7\u00e3o durante suas gest\u00f5es anteriores. A promessa de pavimenta\u00e7\u00e3o, tanto com paralelep\u00edpedo quanto com asfalto, tem como objetivo melhorar [&hellip;]","og_url":"https:\/\/portalmf.com.br\/index.php\/2024\/09\/24\/jose-ronaldo-assume-compromisso-de-pavimentar-mais-ruas-durante-caminhada-no-bairro-aviario\/","og_site_name":"Portal MF","article_author":"https:\/\/www.facebook.com\/portalmfoficial","article_published_time":"2024-09-24T20:03:04+00:00","article_modified_time":"2024-09-24T20:03:05+00:00","og_image":[{"width":1070,"height":793,"url":"https:\/\/portalmf.com.br\/wp-content\/uploads\/2024\/09\/Jose-Ronaldo-assume-compromisso-de-pavimentar-mais-ruas-durante-caminhada-no-bairro-Aviario.jpg","type":"image\/jpeg"}],"author":"Reda\u00e7\u00e3o Portal MF","twitter_card":"summary_large_image","twitter_creator":"@https:\/\/x.com\/portalmfoficial","twitter_misc":{"Escrito por":"Reda\u00e7\u00e3o Portal MF","Est. tempo de leitura":"2 minutos"},"schema":{"@context":"https:\/\/schema.org","@graph":[{"@type":"WebPage","@id":"https:\/\/portalmf.com.br\/index.php\/2024\/09\/24\/jose-ronaldo-assume-compromisso-de-pavimentar-mais-ruas-durante-caminhada-no-bairro-aviario\/","url":"https:\/\/portalmf.com.br\/index.php\/2024\/09\/24\/jose-ronaldo-assume-compromisso-de-pavimentar-mais-ruas-durante-caminhada-no-bairro-aviario\/","name":"Jos\u00e9 Ronaldo assume compromisso de pavimentar mais ruas durante caminhada no bairro Avi\u00e1rio - Portal MF","isPartOf":{"@id":"https:\/\/portalmf.com.br\/#website"},"primaryImageOfPage":{"@id":"https:\/\/portalmf.com.br\/index.php\/2024\/09\/24\/jose-ronaldo-assume-compromisso-de-pavimentar-mais-ruas-durante-caminhada-no-bairro-aviario\/#primaryimage"},"image":{"@id":"https:\/\/portalmf.com.br\/index.php\/2024\/09\/24\/jose-ronaldo-assume-compromisso-de-pavimentar-mais-ruas-durante-caminhada-no-bairro-aviario\/#primaryimage"},"thumbnailUrl":"https:\/\/portalmf.com.br\/wp-content\/uploads\/2024\/09\/Jose-Ronaldo-assume-compromisso-de-pavimentar-mais-ruas-durante-caminhada-no-bairro-Aviario.jpg","datePublished":"2024-09-24T20:03:04+00:00","dateModified":"2024-09-24T20:03:05+00:00","author":{"@id":"https:\/\/portalmf.com.br\/#\/schema\/person\/9ec101baf56233e53520c26de5d6f6f0"},"breadcrumb":{"@id":"https:\/\/portalmf.com.br\/index.php\/2024\/09\/24\/jose-ronaldo-assume-compromisso-de-pavimentar-mais-ruas-durante-caminhada-no-bairro-aviario\/#breadcrumb"},"inLanguage":"pt-BR","potentialAction":[{"@type":"ReadAction","target":["https:\/\/portalmf.com.br\/index.php\/2024\/09\/24\/jose-ronaldo-assume-compromisso-de-pavimentar-mais-ruas-durante-caminhada-no-bairro-aviario\/"]}]},{"@type":"ImageObject","inLanguage":"pt-BR","@id":"https:\/\/portalmf.com.br\/index.php\/2024\/09\/24\/jose-ronaldo-assume-compromisso-de-pavimentar-mais-ruas-durante-caminhada-no-bairro-aviario\/#primaryimage","url":"https:\/\/portalmf.com.br\/wp-content\/uploads\/2024\/09\/Jose-Ronaldo-assume-compromisso-de-pavimentar-mais-ruas-durante-caminhada-no-bairro-Aviario.jpg","contentUrl":"https:\/\/portalmf.com.br\/wp-content\/uploads\/2024\/09\/Jose-Ronaldo-assume-compromisso-de-pavimentar-mais-ruas-durante-caminhada-no-bairro-Aviario.jpg","width":1070,"height":793},{"@type":"BreadcrumbList","@id":"https:\/\/portalmf.com.br\/index.php\/2024\/09\/24\/jose-ronaldo-assume-compromisso-de-pavimentar-mais-ruas-durante-caminhada-no-bairro-aviario\/#breadcrumb","itemListElement":[{"@type":"ListItem","position":1,"name":"In\u00edcio","item":"https:\/\/portalmf.com.br\/"},{"@type":"ListItem","position":2,"name":"Jos\u00e9 Ronaldo assume compromisso de pavimentar mais ruas durante caminhada no bairro Avi\u00e1rio"}]},{"@type":"WebSite","@id":"https:\/\/portalmf.com.br\/#website","url":"https:\/\/portalmf.com.br\/","name":"Portal MF","description":"Voc\u00ea conectado com a informa\u00e7\u00e3o","potentialAction":[{"@type":"SearchAction","target":{"@type":"EntryPoint","urlTemplate":"https:\/\/portalmf.com.br\/?s={search_term_string}"},"query-input":"required name=search_term_string"}],"inLanguage":"pt-BR"},{"@type":"Person","@id":"https:\/\/portalmf.com.br\/#\/schema\/person\/9ec101baf56233e53520c26de5d6f6f0","name":"Reda\u00e7\u00e3o Portal MF","image":{"@type":"ImageObject","inLanguage":"pt-BR","@id":"https:\/\/portalmf.com.br\/#\/schema\/person\/image\/","url":"https:\/\/secure.gravatar.com\/avatar\/41b9aaeb2100835f7c64362330f74c7f?s=96&d=mm&r=g","contentUrl":"https:\/\/secure.gravatar.com\/avatar\/41b9aaeb2100835f7c64362330f74c7f?s=96&d=mm&r=g","caption":"Reda\u00e7\u00e3o Portal MF"},"description":"Sejam bem-vindos o portal de informa\u00e7\u00f5es de entretenimento de Feira de Santana, desde 2006 realiza coberturas dos principais eventos com entrevistas exclusivas com as principais personalidades mundiais. Fique conectado tamb\u00e9m nas redes sociais.","sameAs":["http:\/\/www.portalmf.com.br\/","https:\/\/www.facebook.com\/portalmfoficial","https:\/\/www.instagram.com\/portalmf\/","https:\/\/x.com\/https:\/\/x.com\/portalmfoficial","https:\/\/www.youtube.com\/@portalmfoficial"],"url":"https:\/\/portalmf.com.br\/index.php\/author\/junior\/"}]}},"_links":{"self":[{"href":"https:\/\/portalmf.com.br\/index.php\/wp-json\/wp\/v2\/posts\/30096"}],"collection":[{"href":"https:\/\/portalmf.com.br\/index.php\/wp-json\/wp\/v2\/posts"}],"about":[{"href":"https:\/\/portalmf.com.br\/index.php\/wp-json\/wp\/v2\/types\/post"}],"author":[{"embeddable":true,"href":"https:\/\/portalmf.com.br\/index.php\/wp-json\/wp\/v2\/users\/3"}],"replies":[{"embeddable":true,"href":"https:\/\/portalmf.com.br\/index.php\/wp-json\/wp\/v2\/comments?post=30096"}],"version-history":[{"count":1,"href":"https:\/\/portalmf.com.br\/index.php\/wp-json\/wp\/v2\/posts\/30096\/revisions"}],"predecessor-version":[{"id":30099,"href":"https:\/\/portalmf.com.br\/index.php\/wp-json\/wp\/v2\/posts\/30096\/revisions\/30099"}],"wp:featuredmedia":[{"embeddable":true,"href":"https:\/\/portalmf.com.br\/index.php\/wp-json\/wp\/v2\/media\/30098"}],"wp:attachment":[{"href":"https:\/\/portalmf.com.br\/index.php\/wp-json\/wp\/v2\/media?parent=30096"}],"wp:term":[{"taxonomy":"category","embeddable":true,"href":"https:\/\/portalmf.com.br\/index.php\/wp-json\/wp\/v2\/categories?post=30096"},{"taxonomy":"post_tag","embeddable":true,"href":"https:\/\/portalmf.com.br\/index.php\/wp-json\/wp\/v2\/tags?post=30096"}],"curies":[{"name":"wp","href":"https:\/\/api.w.org\/{rel}","templated":true}]}}