{"id":30050,"date":"2024-09-23T17:35:26","date_gmt":"2024-09-23T20:35:26","guid":{"rendered":"https:\/\/portalmf.com.br\/?p=30050"},"modified":"2024-09-23T17:35:27","modified_gmt":"2024-09-23T20:35:27","slug":"jose-ronaldo-anuncia-pavimentacao-creches-e-postos-de-saude-durante-carreata-com-a-presenca-de-oh-polemico","status":"publish","type":"post","link":"https:\/\/portalmf.com.br\/index.php\/2024\/09\/23\/jose-ronaldo-anuncia-pavimentacao-creches-e-postos-de-saude-durante-carreata-com-a-presenca-de-oh-polemico\/","title":{"rendered":"Jos\u00e9 Ronaldo anuncia pavimenta\u00e7\u00e3o, creches e postos de sa\u00fade durante carreata com a presen\u00e7a de Oh Pol\u00eamico"},"content":{"rendered":"\n<p>O candidato a prefeito de Feira de Santana, Jos\u00e9 Ronaldo (Uni\u00e3o Brasil), intensificou sua campanha neste domingo (22) com uma grande carreata que percorreu os distritos de Ipua\u00e7u, Bonfim de Feira e Jaguara, com a presen\u00e7a especial do cantor Oh Pol\u00eamico. Durante o trajeto, Jos\u00e9 Ronaldo fez importantes an\u00fancios voltados \u00e0 melhoria da infraestrutura e dos servi\u00e7os p\u00fablicos para os moradores da zona rural.<\/p>\n\n\n\n<p>Entre as interven\u00e7\u00f5es anunciadas destacam-se a pavimenta\u00e7\u00e3o de estradas, a constru\u00e7\u00e3o de creches e a implanta\u00e7\u00e3o de postos de sa\u00fade nos distritos. Essas a\u00e7\u00f5es fazem parte de seu plano de governo e, segundo Jos\u00e9 Ronaldo, ser\u00e3o prioridade logo no in\u00edcio da sua gest\u00e3o. \u201cEsses compromissos s\u00e3o fruto da nossa escuta ao longo das caminhadas que realizamos pelas comunidades. Garanto que as interven\u00e7\u00f5es ser\u00e3o iniciadas j\u00e1 no pr\u00f3ximo ano, caso seja eleito no pr\u00f3ximo dia 6 de outubro\u201d, afirmou.<\/p>\n\n\n\n<p>A carreata, que teve in\u00edcio na Vila de S\u00e3o Jos\u00e9, situada na Estrada do Feij\u00e3o, contou com a presen\u00e7a do candidato a vice-prefeito, Pablo Roberto (PSDB), al\u00e9m de candidatos a vereador e correligion\u00e1rios. Em cada localidade, Jos\u00e9 Ronaldo foi recebido por moradores que demonstraram apoio \u00e0 sua candidatura.<\/p>\n\n\n\n<p>Com forte hist\u00f3rico pol\u00edtico na regi\u00e3o, Jos\u00e9 Ronaldo aposta no di\u00e1logo e na proximidade com a popula\u00e7\u00e3o rural para consolidar sua lideran\u00e7a nas elei\u00e7\u00f5es municipais. Ele refor\u00e7a que as melhorias estruturais e sociais para os distritos s\u00e3o fundamentais para o desenvolvimento de Feira de Santana.<\/p>\n\n\n\n<p>Com informa\u00e7\u00f5es da Ascom\/Jos\u00e9 Ronaldo<\/p>\n","protected":false},"excerpt":{"rendered":"<p>O candidato a prefeito de Feira de Santana, Jos\u00e9 Ronaldo (Uni\u00e3o Brasil), intensificou sua campanha neste domingo (22) com uma grande carreata que percorreu os distritos de Ipua\u00e7u, Bonfim de Feira e Jaguara, com a presen\u00e7a especial do cantor Oh Pol\u00eamico. Durante o trajeto, Jos\u00e9 Ronaldo fez importantes an\u00fancios voltados \u00e0 melhoria da infraestrutura e [&hellip;]<\/p>\n","protected":false},"author":3,"featured_media":30051,"comment_status":"open","ping_status":"open","sticky":false,"template":"","format":"standard","meta":{"_monsterinsights_skip_tracking":false,"_monsterinsights_sitenote_active":false,"_monsterinsights_sitenote_note":"","_monsterinsights_sitenote_category":0,"footnotes":""},"categories":[301,34],"tags":[],"yoast_head":"<!-- This site is optimized with the Yoast SEO plugin v22.9 - https:\/\/yoast.com\/wordpress\/plugins\/seo\/ -->\n<title>Jos\u00e9 Ronaldo anuncia pavimenta\u00e7\u00e3o, creches e postos de sa\u00fade durante carreata com a presen\u00e7a de Oh Pol\u00eamico - Portal MF<\/title>\n<meta name=\"robots\" content=\"index, follow, max-snippet:-1, max-image-preview:large, max-video-preview:-1\" \/>\n<link rel=\"canonical\" href=\"https:\/\/portalmf.com.br\/index.php\/2024\/09\/23\/jose-ronaldo-anuncia-pavimentacao-creches-e-postos-de-saude-durante-carreata-com-a-presenca-de-oh-polemico\/\" \/>\n<meta property=\"og:locale\" content=\"pt_BR\" \/>\n<meta property=\"og:type\" content=\"article\" \/>\n<meta property=\"og:title\" content=\"Jos\u00e9 Ronaldo anuncia pavimenta\u00e7\u00e3o, creches e postos de sa\u00fade durante carreata com a presen\u00e7a de Oh Pol\u00eamico - Portal MF\" \/>\n<meta property=\"og:description\" content=\"O candidato a prefeito de Feira de Santana, Jos\u00e9 Ronaldo (Uni\u00e3o Brasil), intensificou sua campanha neste domingo (22) com uma grande carreata que percorreu os distritos de Ipua\u00e7u, Bonfim de Feira e Jaguara, com a presen\u00e7a especial do cantor Oh Pol\u00eamico. Durante o trajeto, Jos\u00e9 Ronaldo fez importantes an\u00fancios voltados \u00e0 melhoria da infraestrutura e [&hellip;]\" \/>\n<meta property=\"og:url\" content=\"https:\/\/portalmf.com.br\/index.php\/2024\/09\/23\/jose-ronaldo-anuncia-pavimentacao-creches-e-postos-de-saude-durante-carreata-com-a-presenca-de-oh-polemico\/\" \/>\n<meta property=\"og:site_name\" content=\"Portal MF\" \/>\n<meta property=\"article:author\" content=\"https:\/\/www.facebook.com\/portalmfoficial\" \/>\n<meta property=\"article:published_time\" content=\"2024-09-23T20:35:26+00:00\" \/>\n<meta property=\"article:modified_time\" content=\"2024-09-23T20:35:27+00:00\" \/>\n<meta property=\"og:image\" content=\"https:\/\/portalmf.com.br\/wp-content\/uploads\/2024\/09\/Jose-Ronaldo-anuncia-pavimentacao-creches-e-postos-de-saude-durante-carreata-com-a-presenca-de-Oh-Polemico.jpg\" \/>\n\t<meta property=\"og:image:width\" content=\"800\" \/>\n\t<meta property=\"og:image:height\" content=\"533\" \/>\n\t<meta property=\"og:image:type\" content=\"image\/jpeg\" \/>\n<meta name=\"author\" content=\"Reda\u00e7\u00e3o Portal MF\" \/>\n<meta name=\"twitter:card\" content=\"summary_large_image\" \/>\n<meta name=\"twitter:creator\" content=\"@https:\/\/x.com\/portalmfoficial\" \/>\n<meta name=\"twitter:label1\" content=\"Escrito por\" \/>\n\t<meta name=\"twitter:data1\" content=\"Reda\u00e7\u00e3o Portal MF\" \/>\n\t<meta name=\"twitter:label2\" content=\"Est. tempo de leitura\" \/>\n\t<meta name=\"twitter:data2\" content=\"2 minutos\" \/>\n<script type=\"application\/ld+json\" class=\"yoast-schema-graph\">{\"@context\":\"https:\/\/schema.org\",\"@graph\":[{\"@type\":\"WebPage\",\"@id\":\"https:\/\/portalmf.com.br\/index.php\/2024\/09\/23\/jose-ronaldo-anuncia-pavimentacao-creches-e-postos-de-saude-durante-carreata-com-a-presenca-de-oh-polemico\/\",\"url\":\"https:\/\/portalmf.com.br\/index.php\/2024\/09\/23\/jose-ronaldo-anuncia-pavimentacao-creches-e-postos-de-saude-durante-carreata-com-a-presenca-de-oh-polemico\/\",\"name\":\"Jos\u00e9 Ronaldo anuncia pavimenta\u00e7\u00e3o, creches e postos de sa\u00fade durante carreata com a presen\u00e7a de Oh Pol\u00eamico - Portal MF\",\"isPartOf\":{\"@id\":\"https:\/\/portalmf.com.br\/#website\"},\"primaryImageOfPage\":{\"@id\":\"https:\/\/portalmf.com.br\/index.php\/2024\/09\/23\/jose-ronaldo-anuncia-pavimentacao-creches-e-postos-de-saude-durante-carreata-com-a-presenca-de-oh-polemico\/#primaryimage\"},\"image\":{\"@id\":\"https:\/\/portalmf.com.br\/index.php\/2024\/09\/23\/jose-ronaldo-anuncia-pavimentacao-creches-e-postos-de-saude-durante-carreata-com-a-presenca-de-oh-polemico\/#primaryimage\"},\"thumbnailUrl\":\"https:\/\/portalmf.com.br\/wp-content\/uploads\/2024\/09\/Jose-Ronaldo-anuncia-pavimentacao-creches-e-postos-de-saude-durante-carreata-com-a-presenca-de-Oh-Polemico.jpg\",\"datePublished\":\"2024-09-23T20:35:26+00:00\",\"dateModified\":\"2024-09-23T20:35:27+00:00\",\"author\":{\"@id\":\"https:\/\/portalmf.com.br\/#\/schema\/person\/9ec101baf56233e53520c26de5d6f6f0\"},\"breadcrumb\":{\"@id\":\"https:\/\/portalmf.com.br\/index.php\/2024\/09\/23\/jose-ronaldo-anuncia-pavimentacao-creches-e-postos-de-saude-durante-carreata-com-a-presenca-de-oh-polemico\/#breadcrumb\"},\"inLanguage\":\"pt-BR\",\"potentialAction\":[{\"@type\":\"ReadAction\",\"target\":[\"https:\/\/portalmf.com.br\/index.php\/2024\/09\/23\/jose-ronaldo-anuncia-pavimentacao-creches-e-postos-de-saude-durante-carreata-com-a-presenca-de-oh-polemico\/\"]}]},{\"@type\":\"ImageObject\",\"inLanguage\":\"pt-BR\",\"@id\":\"https:\/\/portalmf.com.br\/index.php\/2024\/09\/23\/jose-ronaldo-anuncia-pavimentacao-creches-e-postos-de-saude-durante-carreata-com-a-presenca-de-oh-polemico\/#primaryimage\",\"url\":\"https:\/\/portalmf.com.br\/wp-content\/uploads\/2024\/09\/Jose-Ronaldo-anuncia-pavimentacao-creches-e-postos-de-saude-durante-carreata-com-a-presenca-de-Oh-Polemico.jpg\",\"contentUrl\":\"https:\/\/portalmf.com.br\/wp-content\/uploads\/2024\/09\/Jose-Ronaldo-anuncia-pavimentacao-creches-e-postos-de-saude-durante-carreata-com-a-presenca-de-Oh-Polemico.jpg\",\"width\":800,\"height\":533},{\"@type\":\"BreadcrumbList\",\"@id\":\"https:\/\/portalmf.com.br\/index.php\/2024\/09\/23\/jose-ronaldo-anuncia-pavimentacao-creches-e-postos-de-saude-durante-carreata-com-a-presenca-de-oh-polemico\/#breadcrumb\",\"itemListElement\":[{\"@type\":\"ListItem\",\"position\":1,\"name\":\"In\u00edcio\",\"item\":\"https:\/\/portalmf.com.br\/\"},{\"@type\":\"ListItem\",\"position\":2,\"name\":\"Jos\u00e9 Ronaldo anuncia pavimenta\u00e7\u00e3o, creches e postos de sa\u00fade durante carreata com a presen\u00e7a de Oh Pol\u00eamico\"}]},{\"@type\":\"WebSite\",\"@id\":\"https:\/\/portalmf.com.br\/#website\",\"url\":\"https:\/\/portalmf.com.br\/\",\"name\":\"Portal MF\",\"description\":\"Voc\u00ea conectado com a informa\u00e7\u00e3o\",\"potentialAction\":[{\"@type\":\"SearchAction\",\"target\":{\"@type\":\"EntryPoint\",\"urlTemplate\":\"https:\/\/portalmf.com.br\/?s={search_term_string}\"},\"query-input\":\"required name=search_term_string\"}],\"inLanguage\":\"pt-BR\"},{\"@type\":\"Person\",\"@id\":\"https:\/\/portalmf.com.br\/#\/schema\/person\/9ec101baf56233e53520c26de5d6f6f0\",\"name\":\"Reda\u00e7\u00e3o Portal MF\",\"image\":{\"@type\":\"ImageObject\",\"inLanguage\":\"pt-BR\",\"@id\":\"https:\/\/portalmf.com.br\/#\/schema\/person\/image\/\",\"url\":\"https:\/\/secure.gravatar.com\/avatar\/41b9aaeb2100835f7c64362330f74c7f?s=96&d=mm&r=g\",\"contentUrl\":\"https:\/\/secure.gravatar.com\/avatar\/41b9aaeb2100835f7c64362330f74c7f?s=96&d=mm&r=g\",\"caption\":\"Reda\u00e7\u00e3o Portal MF\"},\"description\":\"Sejam bem-vindos o portal de informa\u00e7\u00f5es de entretenimento de Feira de Santana, desde 2006 realiza coberturas dos principais eventos com entrevistas exclusivas com as principais personalidades mundiais. Fique conectado tamb\u00e9m nas redes sociais.\",\"sameAs\":[\"http:\/\/www.portalmf.com.br\/\",\"https:\/\/www.facebook.com\/portalmfoficial\",\"https:\/\/www.instagram.com\/portalmf\/\",\"https:\/\/x.com\/https:\/\/x.com\/portalmfoficial\",\"https:\/\/www.youtube.com\/@portalmfoficial\"],\"url\":\"https:\/\/portalmf.com.br\/index.php\/author\/junior\/\"}]}<\/script>\n<!-- \/ Yoast SEO plugin. -->","yoast_head_json":{"title":"Jos\u00e9 Ronaldo anuncia pavimenta\u00e7\u00e3o, creches e postos de sa\u00fade durante carreata com a presen\u00e7a de Oh Pol\u00eamico - Portal MF","robots":{"index":"index","follow":"follow","max-snippet":"max-snippet:-1","max-image-preview":"max-image-preview:large","max-video-preview":"max-video-preview:-1"},"canonical":"https:\/\/portalmf.com.br\/index.php\/2024\/09\/23\/jose-ronaldo-anuncia-pavimentacao-creches-e-postos-de-saude-durante-carreata-com-a-presenca-de-oh-polemico\/","og_locale":"pt_BR","og_type":"article","og_title":"Jos\u00e9 Ronaldo anuncia pavimenta\u00e7\u00e3o, creches e postos de sa\u00fade durante carreata com a presen\u00e7a de Oh Pol\u00eamico - Portal MF","og_description":"O candidato a prefeito de Feira de Santana, Jos\u00e9 Ronaldo (Uni\u00e3o Brasil), intensificou sua campanha neste domingo (22) com uma grande carreata que percorreu os distritos de Ipua\u00e7u, Bonfim de Feira e Jaguara, com a presen\u00e7a especial do cantor Oh Pol\u00eamico. Durante o trajeto, Jos\u00e9 Ronaldo fez importantes an\u00fancios voltados \u00e0 melhoria da infraestrutura e [&hellip;]","og_url":"https:\/\/portalmf.com.br\/index.php\/2024\/09\/23\/jose-ronaldo-anuncia-pavimentacao-creches-e-postos-de-saude-durante-carreata-com-a-presenca-de-oh-polemico\/","og_site_name":"Portal MF","article_author":"https:\/\/www.facebook.com\/portalmfoficial","article_published_time":"2024-09-23T20:35:26+00:00","article_modified_time":"2024-09-23T20:35:27+00:00","og_image":[{"width":800,"height":533,"url":"https:\/\/portalmf.com.br\/wp-content\/uploads\/2024\/09\/Jose-Ronaldo-anuncia-pavimentacao-creches-e-postos-de-saude-durante-carreata-com-a-presenca-de-Oh-Polemico.jpg","type":"image\/jpeg"}],"author":"Reda\u00e7\u00e3o Portal MF","twitter_card":"summary_large_image","twitter_creator":"@https:\/\/x.com\/portalmfoficial","twitter_misc":{"Escrito por":"Reda\u00e7\u00e3o Portal MF","Est. tempo de leitura":"2 minutos"},"schema":{"@context":"https:\/\/schema.org","@graph":[{"@type":"WebPage","@id":"https:\/\/portalmf.com.br\/index.php\/2024\/09\/23\/jose-ronaldo-anuncia-pavimentacao-creches-e-postos-de-saude-durante-carreata-com-a-presenca-de-oh-polemico\/","url":"https:\/\/portalmf.com.br\/index.php\/2024\/09\/23\/jose-ronaldo-anuncia-pavimentacao-creches-e-postos-de-saude-durante-carreata-com-a-presenca-de-oh-polemico\/","name":"Jos\u00e9 Ronaldo anuncia pavimenta\u00e7\u00e3o, creches e postos de sa\u00fade durante carreata com a presen\u00e7a de Oh Pol\u00eamico - Portal MF","isPartOf":{"@id":"https:\/\/portalmf.com.br\/#website"},"primaryImageOfPage":{"@id":"https:\/\/portalmf.com.br\/index.php\/2024\/09\/23\/jose-ronaldo-anuncia-pavimentacao-creches-e-postos-de-saude-durante-carreata-com-a-presenca-de-oh-polemico\/#primaryimage"},"image":{"@id":"https:\/\/portalmf.com.br\/index.php\/2024\/09\/23\/jose-ronaldo-anuncia-pavimentacao-creches-e-postos-de-saude-durante-carreata-com-a-presenca-de-oh-polemico\/#primaryimage"},"thumbnailUrl":"https:\/\/portalmf.com.br\/wp-content\/uploads\/2024\/09\/Jose-Ronaldo-anuncia-pavimentacao-creches-e-postos-de-saude-durante-carreata-com-a-presenca-de-Oh-Polemico.jpg","datePublished":"2024-09-23T20:35:26+00:00","dateModified":"2024-09-23T20:35:27+00:00","author":{"@id":"https:\/\/portalmf.com.br\/#\/schema\/person\/9ec101baf56233e53520c26de5d6f6f0"},"breadcrumb":{"@id":"https:\/\/portalmf.com.br\/index.php\/2024\/09\/23\/jose-ronaldo-anuncia-pavimentacao-creches-e-postos-de-saude-durante-carreata-com-a-presenca-de-oh-polemico\/#breadcrumb"},"inLanguage":"pt-BR","potentialAction":[{"@type":"ReadAction","target":["https:\/\/portalmf.com.br\/index.php\/2024\/09\/23\/jose-ronaldo-anuncia-pavimentacao-creches-e-postos-de-saude-durante-carreata-com-a-presenca-de-oh-polemico\/"]}]},{"@type":"ImageObject","inLanguage":"pt-BR","@id":"https:\/\/portalmf.com.br\/index.php\/2024\/09\/23\/jose-ronaldo-anuncia-pavimentacao-creches-e-postos-de-saude-durante-carreata-com-a-presenca-de-oh-polemico\/#primaryimage","url":"https:\/\/portalmf.com.br\/wp-content\/uploads\/2024\/09\/Jose-Ronaldo-anuncia-pavimentacao-creches-e-postos-de-saude-durante-carreata-com-a-presenca-de-Oh-Polemico.jpg","contentUrl":"https:\/\/portalmf.com.br\/wp-content\/uploads\/2024\/09\/Jose-Ronaldo-anuncia-pavimentacao-creches-e-postos-de-saude-durante-carreata-com-a-presenca-de-Oh-Polemico.jpg","width":800,"height":533},{"@type":"BreadcrumbList","@id":"https:\/\/portalmf.com.br\/index.php\/2024\/09\/23\/jose-ronaldo-anuncia-pavimentacao-creches-e-postos-de-saude-durante-carreata-com-a-presenca-de-oh-polemico\/#breadcrumb","itemListElement":[{"@type":"ListItem","position":1,"name":"In\u00edcio","item":"https:\/\/portalmf.com.br\/"},{"@type":"ListItem","position":2,"name":"Jos\u00e9 Ronaldo anuncia pavimenta\u00e7\u00e3o, creches e postos de sa\u00fade durante carreata com a presen\u00e7a de Oh Pol\u00eamico"}]},{"@type":"WebSite","@id":"https:\/\/portalmf.com.br\/#website","url":"https:\/\/portalmf.com.br\/","name":"Portal MF","description":"Voc\u00ea conectado com a informa\u00e7\u00e3o","potentialAction":[{"@type":"SearchAction","target":{"@type":"EntryPoint","urlTemplate":"https:\/\/portalmf.com.br\/?s={search_term_string}"},"query-input":"required name=search_term_string"}],"inLanguage":"pt-BR"},{"@type":"Person","@id":"https:\/\/portalmf.com.br\/#\/schema\/person\/9ec101baf56233e53520c26de5d6f6f0","name":"Reda\u00e7\u00e3o Portal MF","image":{"@type":"ImageObject","inLanguage":"pt-BR","@id":"https:\/\/portalmf.com.br\/#\/schema\/person\/image\/","url":"https:\/\/secure.gravatar.com\/avatar\/41b9aaeb2100835f7c64362330f74c7f?s=96&d=mm&r=g","contentUrl":"https:\/\/secure.gravatar.com\/avatar\/41b9aaeb2100835f7c64362330f74c7f?s=96&d=mm&r=g","caption":"Reda\u00e7\u00e3o Portal MF"},"description":"Sejam bem-vindos o portal de informa\u00e7\u00f5es de entretenimento de Feira de Santana, desde 2006 realiza coberturas dos principais eventos com entrevistas exclusivas com as principais personalidades mundiais. Fique conectado tamb\u00e9m nas redes sociais.","sameAs":["http:\/\/www.portalmf.com.br\/","https:\/\/www.facebook.com\/portalmfoficial","https:\/\/www.instagram.com\/portalmf\/","https:\/\/x.com\/https:\/\/x.com\/portalmfoficial","https:\/\/www.youtube.com\/@portalmfoficial"],"url":"https:\/\/portalmf.com.br\/index.php\/author\/junior\/"}]}},"_links":{"self":[{"href":"https:\/\/portalmf.com.br\/index.php\/wp-json\/wp\/v2\/posts\/30050"}],"collection":[{"href":"https:\/\/portalmf.com.br\/index.php\/wp-json\/wp\/v2\/posts"}],"about":[{"href":"https:\/\/portalmf.com.br\/index.php\/wp-json\/wp\/v2\/types\/post"}],"author":[{"embeddable":true,"href":"https:\/\/portalmf.com.br\/index.php\/wp-json\/wp\/v2\/users\/3"}],"replies":[{"embeddable":true,"href":"https:\/\/portalmf.com.br\/index.php\/wp-json\/wp\/v2\/comments?post=30050"}],"version-history":[{"count":1,"href":"https:\/\/portalmf.com.br\/index.php\/wp-json\/wp\/v2\/posts\/30050\/revisions"}],"predecessor-version":[{"id":30052,"href":"https:\/\/portalmf.com.br\/index.php\/wp-json\/wp\/v2\/posts\/30050\/revisions\/30052"}],"wp:featuredmedia":[{"embeddable":true,"href":"https:\/\/portalmf.com.br\/index.php\/wp-json\/wp\/v2\/media\/30051"}],"wp:attachment":[{"href":"https:\/\/portalmf.com.br\/index.php\/wp-json\/wp\/v2\/media?parent=30050"}],"wp:term":[{"taxonomy":"category","embeddable":true,"href":"https:\/\/portalmf.com.br\/index.php\/wp-json\/wp\/v2\/categories?post=30050"},{"taxonomy":"post_tag","embeddable":true,"href":"https:\/\/portalmf.com.br\/index.php\/wp-json\/wp\/v2\/tags?post=30050"}],"curies":[{"name":"wp","href":"https:\/\/api.w.org\/{rel}","templated":true}]}}