{"id":30036,"date":"2024-09-22T22:10:47","date_gmt":"2024-09-23T01:10:47","guid":{"rendered":"https:\/\/portalmf.com.br\/?p=30036"},"modified":"2024-09-22T22:10:47","modified_gmt":"2024-09-23T01:10:47","slug":"jose-ronaldo-realiza-carreata-do-44-na-regiao-leste-e-anuncia-obras-de-infraestrutura","status":"publish","type":"post","link":"https:\/\/portalmf.com.br\/index.php\/2024\/09\/22\/jose-ronaldo-realiza-carreata-do-44-na-regiao-leste-e-anuncia-obras-de-infraestrutura\/","title":{"rendered":"Jos\u00e9 Ronaldo realiza carreata do 44 na regi\u00e3o leste e anuncia obras de infraestrutura"},"content":{"rendered":"\n<p>O candidato a prefeito de Feira de Santana, Jos\u00e9 Ronaldo (Uni\u00e3o Brasil), promoveu na noite deste s\u00e1bado (21) uma grande carreata que percorreu diversos bairros da regi\u00e3o leste da cidade. Durante o evento, Ronaldo anunciou importantes obras de infraestrutura, incluindo o recapeamento asf\u00e1ltico para melhorar a fluidez dos ve\u00edculos nos principais corredores de tr\u00e1fego e a urbaniza\u00e7\u00e3o de vias que conectam algumas das principais avenidas da regi\u00e3o.<\/p>\n\n\n\n<p>As obras, que fazem parte do programa de mobilidade urbana proposto pelo candidato, atendem a antigas reivindica\u00e7\u00f5es dos moradores das comunidades locais, que clamam por melhores condi\u00e7\u00f5es nas vias. Jos\u00e9 Ronaldo ressaltou o compromisso de priorizar a infraestrutura para garantir uma cidade mais organizada e segura.<\/p>\n\n\n\n<p>A carreata do 44, liderada por Jos\u00e9 Ronaldo e pelo candidato a vice-prefeito Pablo Roberto (PSDB), teve in\u00edcio na pra\u00e7a do bairro Santo Ant\u00f4nio dos Prazeres e contou com a participa\u00e7\u00e3o de diversos candidatos a vereador, al\u00e9m de centenas de apoiadores. O trajeto incluiu ruas dos bairros Santo Ant\u00f4nio dos Prazeres, Concei\u00e7\u00e3o I e II, Agrovila e Mangabeira, al\u00e9m das avenidas Ayrton Senna, Fraga Maia e Iguatemi, todas urbanizadas em gest\u00f5es anteriores do ex-prefeito.<\/p>\n\n\n\n<p>Ao longo do percurso, Jos\u00e9 Ronaldo foi calorosamente recebido pelos moradores. O clima de festa tomou conta dos bairros por onde a comitiva passou, refletindo o entusiasmo popular com a possibilidade de novas melhorias para a regi\u00e3o.<\/p>\n\n\n\n<p>Com informa\u00e7\u00f5es da Ascom\/Jos\u00e9 Ronaldo<\/p>\n","protected":false},"excerpt":{"rendered":"<p>O candidato a prefeito de Feira de Santana, Jos\u00e9 Ronaldo (Uni\u00e3o Brasil), promoveu na noite deste s\u00e1bado (21) uma grande carreata que percorreu diversos bairros da regi\u00e3o leste da cidade. Durante o evento, Ronaldo anunciou importantes obras de infraestrutura, incluindo o recapeamento asf\u00e1ltico para melhorar a fluidez dos ve\u00edculos nos principais corredores de tr\u00e1fego e [&hellip;]<\/p>\n","protected":false},"author":3,"featured_media":30037,"comment_status":"open","ping_status":"open","sticky":false,"template":"","format":"standard","meta":{"_monsterinsights_skip_tracking":false,"_monsterinsights_sitenote_active":false,"_monsterinsights_sitenote_note":"","_monsterinsights_sitenote_category":0,"footnotes":""},"categories":[301,34],"tags":[],"yoast_head":"<!-- This site is optimized with the Yoast SEO plugin v22.9 - https:\/\/yoast.com\/wordpress\/plugins\/seo\/ -->\n<title>Jos\u00e9 Ronaldo realiza carreata do 44 na regi\u00e3o leste e anuncia obras de infraestrutura - Portal MF<\/title>\n<meta name=\"robots\" content=\"index, follow, max-snippet:-1, max-image-preview:large, max-video-preview:-1\" \/>\n<link rel=\"canonical\" href=\"https:\/\/portalmf.com.br\/index.php\/2024\/09\/22\/jose-ronaldo-realiza-carreata-do-44-na-regiao-leste-e-anuncia-obras-de-infraestrutura\/\" \/>\n<meta property=\"og:locale\" content=\"pt_BR\" \/>\n<meta property=\"og:type\" content=\"article\" \/>\n<meta property=\"og:title\" content=\"Jos\u00e9 Ronaldo realiza carreata do 44 na regi\u00e3o leste e anuncia obras de infraestrutura - Portal MF\" \/>\n<meta property=\"og:description\" content=\"O candidato a prefeito de Feira de Santana, Jos\u00e9 Ronaldo (Uni\u00e3o Brasil), promoveu na noite deste s\u00e1bado (21) uma grande carreata que percorreu diversos bairros da regi\u00e3o leste da cidade. Durante o evento, Ronaldo anunciou importantes obras de infraestrutura, incluindo o recapeamento asf\u00e1ltico para melhorar a fluidez dos ve\u00edculos nos principais corredores de tr\u00e1fego e [&hellip;]\" \/>\n<meta property=\"og:url\" content=\"https:\/\/portalmf.com.br\/index.php\/2024\/09\/22\/jose-ronaldo-realiza-carreata-do-44-na-regiao-leste-e-anuncia-obras-de-infraestrutura\/\" \/>\n<meta property=\"og:site_name\" content=\"Portal MF\" \/>\n<meta property=\"article:author\" content=\"https:\/\/www.facebook.com\/portalmfoficial\" \/>\n<meta property=\"article:published_time\" content=\"2024-09-23T01:10:47+00:00\" \/>\n<meta property=\"og:image\" content=\"https:\/\/portalmf.com.br\/wp-content\/uploads\/2024\/09\/IMG-20240922-WA0144-scaled.jpg\" \/>\n\t<meta property=\"og:image:width\" content=\"2560\" \/>\n\t<meta property=\"og:image:height\" content=\"1443\" \/>\n\t<meta property=\"og:image:type\" content=\"image\/jpeg\" \/>\n<meta name=\"author\" content=\"Reda\u00e7\u00e3o Portal MF\" \/>\n<meta name=\"twitter:card\" content=\"summary_large_image\" \/>\n<meta name=\"twitter:creator\" content=\"@https:\/\/x.com\/portalmfoficial\" \/>\n<meta name=\"twitter:label1\" content=\"Escrito por\" \/>\n\t<meta name=\"twitter:data1\" content=\"Reda\u00e7\u00e3o Portal MF\" \/>\n\t<meta name=\"twitter:label2\" content=\"Est. tempo de leitura\" \/>\n\t<meta name=\"twitter:data2\" content=\"2 minutos\" \/>\n<script type=\"application\/ld+json\" class=\"yoast-schema-graph\">{\"@context\":\"https:\/\/schema.org\",\"@graph\":[{\"@type\":\"WebPage\",\"@id\":\"https:\/\/portalmf.com.br\/index.php\/2024\/09\/22\/jose-ronaldo-realiza-carreata-do-44-na-regiao-leste-e-anuncia-obras-de-infraestrutura\/\",\"url\":\"https:\/\/portalmf.com.br\/index.php\/2024\/09\/22\/jose-ronaldo-realiza-carreata-do-44-na-regiao-leste-e-anuncia-obras-de-infraestrutura\/\",\"name\":\"Jos\u00e9 Ronaldo realiza carreata do 44 na regi\u00e3o leste e anuncia obras de infraestrutura - Portal MF\",\"isPartOf\":{\"@id\":\"https:\/\/portalmf.com.br\/#website\"},\"primaryImageOfPage\":{\"@id\":\"https:\/\/portalmf.com.br\/index.php\/2024\/09\/22\/jose-ronaldo-realiza-carreata-do-44-na-regiao-leste-e-anuncia-obras-de-infraestrutura\/#primaryimage\"},\"image\":{\"@id\":\"https:\/\/portalmf.com.br\/index.php\/2024\/09\/22\/jose-ronaldo-realiza-carreata-do-44-na-regiao-leste-e-anuncia-obras-de-infraestrutura\/#primaryimage\"},\"thumbnailUrl\":\"https:\/\/portalmf.com.br\/wp-content\/uploads\/2024\/09\/IMG-20240922-WA0144-scaled.jpg\",\"datePublished\":\"2024-09-23T01:10:47+00:00\",\"dateModified\":\"2024-09-23T01:10:47+00:00\",\"author\":{\"@id\":\"https:\/\/portalmf.com.br\/#\/schema\/person\/9ec101baf56233e53520c26de5d6f6f0\"},\"breadcrumb\":{\"@id\":\"https:\/\/portalmf.com.br\/index.php\/2024\/09\/22\/jose-ronaldo-realiza-carreata-do-44-na-regiao-leste-e-anuncia-obras-de-infraestrutura\/#breadcrumb\"},\"inLanguage\":\"pt-BR\",\"potentialAction\":[{\"@type\":\"ReadAction\",\"target\":[\"https:\/\/portalmf.com.br\/index.php\/2024\/09\/22\/jose-ronaldo-realiza-carreata-do-44-na-regiao-leste-e-anuncia-obras-de-infraestrutura\/\"]}]},{\"@type\":\"ImageObject\",\"inLanguage\":\"pt-BR\",\"@id\":\"https:\/\/portalmf.com.br\/index.php\/2024\/09\/22\/jose-ronaldo-realiza-carreata-do-44-na-regiao-leste-e-anuncia-obras-de-infraestrutura\/#primaryimage\",\"url\":\"https:\/\/portalmf.com.br\/wp-content\/uploads\/2024\/09\/IMG-20240922-WA0144-scaled.jpg\",\"contentUrl\":\"https:\/\/portalmf.com.br\/wp-content\/uploads\/2024\/09\/IMG-20240922-WA0144-scaled.jpg\",\"width\":2560,\"height\":1443},{\"@type\":\"BreadcrumbList\",\"@id\":\"https:\/\/portalmf.com.br\/index.php\/2024\/09\/22\/jose-ronaldo-realiza-carreata-do-44-na-regiao-leste-e-anuncia-obras-de-infraestrutura\/#breadcrumb\",\"itemListElement\":[{\"@type\":\"ListItem\",\"position\":1,\"name\":\"In\u00edcio\",\"item\":\"https:\/\/portalmf.com.br\/\"},{\"@type\":\"ListItem\",\"position\":2,\"name\":\"Jos\u00e9 Ronaldo realiza carreata do 44 na regi\u00e3o leste e anuncia obras de infraestrutura\"}]},{\"@type\":\"WebSite\",\"@id\":\"https:\/\/portalmf.com.br\/#website\",\"url\":\"https:\/\/portalmf.com.br\/\",\"name\":\"Portal MF\",\"description\":\"Voc\u00ea conectado com a informa\u00e7\u00e3o\",\"potentialAction\":[{\"@type\":\"SearchAction\",\"target\":{\"@type\":\"EntryPoint\",\"urlTemplate\":\"https:\/\/portalmf.com.br\/?s={search_term_string}\"},\"query-input\":\"required name=search_term_string\"}],\"inLanguage\":\"pt-BR\"},{\"@type\":\"Person\",\"@id\":\"https:\/\/portalmf.com.br\/#\/schema\/person\/9ec101baf56233e53520c26de5d6f6f0\",\"name\":\"Reda\u00e7\u00e3o Portal MF\",\"image\":{\"@type\":\"ImageObject\",\"inLanguage\":\"pt-BR\",\"@id\":\"https:\/\/portalmf.com.br\/#\/schema\/person\/image\/\",\"url\":\"https:\/\/secure.gravatar.com\/avatar\/41b9aaeb2100835f7c64362330f74c7f?s=96&d=mm&r=g\",\"contentUrl\":\"https:\/\/secure.gravatar.com\/avatar\/41b9aaeb2100835f7c64362330f74c7f?s=96&d=mm&r=g\",\"caption\":\"Reda\u00e7\u00e3o Portal MF\"},\"description\":\"Sejam bem-vindos o portal de informa\u00e7\u00f5es de entretenimento de Feira de Santana, desde 2006 realiza coberturas dos principais eventos com entrevistas exclusivas com as principais personalidades mundiais. Fique conectado tamb\u00e9m nas redes sociais.\",\"sameAs\":[\"http:\/\/www.portalmf.com.br\/\",\"https:\/\/www.facebook.com\/portalmfoficial\",\"https:\/\/www.instagram.com\/portalmf\/\",\"https:\/\/x.com\/https:\/\/x.com\/portalmfoficial\",\"https:\/\/www.youtube.com\/@portalmfoficial\"],\"url\":\"https:\/\/portalmf.com.br\/index.php\/author\/junior\/\"}]}<\/script>\n<!-- \/ Yoast SEO plugin. -->","yoast_head_json":{"title":"Jos\u00e9 Ronaldo realiza carreata do 44 na regi\u00e3o leste e anuncia obras de infraestrutura - Portal MF","robots":{"index":"index","follow":"follow","max-snippet":"max-snippet:-1","max-image-preview":"max-image-preview:large","max-video-preview":"max-video-preview:-1"},"canonical":"https:\/\/portalmf.com.br\/index.php\/2024\/09\/22\/jose-ronaldo-realiza-carreata-do-44-na-regiao-leste-e-anuncia-obras-de-infraestrutura\/","og_locale":"pt_BR","og_type":"article","og_title":"Jos\u00e9 Ronaldo realiza carreata do 44 na regi\u00e3o leste e anuncia obras de infraestrutura - Portal MF","og_description":"O candidato a prefeito de Feira de Santana, Jos\u00e9 Ronaldo (Uni\u00e3o Brasil), promoveu na noite deste s\u00e1bado (21) uma grande carreata que percorreu diversos bairros da regi\u00e3o leste da cidade. Durante o evento, Ronaldo anunciou importantes obras de infraestrutura, incluindo o recapeamento asf\u00e1ltico para melhorar a fluidez dos ve\u00edculos nos principais corredores de tr\u00e1fego e [&hellip;]","og_url":"https:\/\/portalmf.com.br\/index.php\/2024\/09\/22\/jose-ronaldo-realiza-carreata-do-44-na-regiao-leste-e-anuncia-obras-de-infraestrutura\/","og_site_name":"Portal MF","article_author":"https:\/\/www.facebook.com\/portalmfoficial","article_published_time":"2024-09-23T01:10:47+00:00","og_image":[{"width":2560,"height":1443,"url":"https:\/\/portalmf.com.br\/wp-content\/uploads\/2024\/09\/IMG-20240922-WA0144-scaled.jpg","type":"image\/jpeg"}],"author":"Reda\u00e7\u00e3o Portal MF","twitter_card":"summary_large_image","twitter_creator":"@https:\/\/x.com\/portalmfoficial","twitter_misc":{"Escrito por":"Reda\u00e7\u00e3o Portal MF","Est. tempo de leitura":"2 minutos"},"schema":{"@context":"https:\/\/schema.org","@graph":[{"@type":"WebPage","@id":"https:\/\/portalmf.com.br\/index.php\/2024\/09\/22\/jose-ronaldo-realiza-carreata-do-44-na-regiao-leste-e-anuncia-obras-de-infraestrutura\/","url":"https:\/\/portalmf.com.br\/index.php\/2024\/09\/22\/jose-ronaldo-realiza-carreata-do-44-na-regiao-leste-e-anuncia-obras-de-infraestrutura\/","name":"Jos\u00e9 Ronaldo realiza carreata do 44 na regi\u00e3o leste e anuncia obras de infraestrutura - Portal MF","isPartOf":{"@id":"https:\/\/portalmf.com.br\/#website"},"primaryImageOfPage":{"@id":"https:\/\/portalmf.com.br\/index.php\/2024\/09\/22\/jose-ronaldo-realiza-carreata-do-44-na-regiao-leste-e-anuncia-obras-de-infraestrutura\/#primaryimage"},"image":{"@id":"https:\/\/portalmf.com.br\/index.php\/2024\/09\/22\/jose-ronaldo-realiza-carreata-do-44-na-regiao-leste-e-anuncia-obras-de-infraestrutura\/#primaryimage"},"thumbnailUrl":"https:\/\/portalmf.com.br\/wp-content\/uploads\/2024\/09\/IMG-20240922-WA0144-scaled.jpg","datePublished":"2024-09-23T01:10:47+00:00","dateModified":"2024-09-23T01:10:47+00:00","author":{"@id":"https:\/\/portalmf.com.br\/#\/schema\/person\/9ec101baf56233e53520c26de5d6f6f0"},"breadcrumb":{"@id":"https:\/\/portalmf.com.br\/index.php\/2024\/09\/22\/jose-ronaldo-realiza-carreata-do-44-na-regiao-leste-e-anuncia-obras-de-infraestrutura\/#breadcrumb"},"inLanguage":"pt-BR","potentialAction":[{"@type":"ReadAction","target":["https:\/\/portalmf.com.br\/index.php\/2024\/09\/22\/jose-ronaldo-realiza-carreata-do-44-na-regiao-leste-e-anuncia-obras-de-infraestrutura\/"]}]},{"@type":"ImageObject","inLanguage":"pt-BR","@id":"https:\/\/portalmf.com.br\/index.php\/2024\/09\/22\/jose-ronaldo-realiza-carreata-do-44-na-regiao-leste-e-anuncia-obras-de-infraestrutura\/#primaryimage","url":"https:\/\/portalmf.com.br\/wp-content\/uploads\/2024\/09\/IMG-20240922-WA0144-scaled.jpg","contentUrl":"https:\/\/portalmf.com.br\/wp-content\/uploads\/2024\/09\/IMG-20240922-WA0144-scaled.jpg","width":2560,"height":1443},{"@type":"BreadcrumbList","@id":"https:\/\/portalmf.com.br\/index.php\/2024\/09\/22\/jose-ronaldo-realiza-carreata-do-44-na-regiao-leste-e-anuncia-obras-de-infraestrutura\/#breadcrumb","itemListElement":[{"@type":"ListItem","position":1,"name":"In\u00edcio","item":"https:\/\/portalmf.com.br\/"},{"@type":"ListItem","position":2,"name":"Jos\u00e9 Ronaldo realiza carreata do 44 na regi\u00e3o leste e anuncia obras de infraestrutura"}]},{"@type":"WebSite","@id":"https:\/\/portalmf.com.br\/#website","url":"https:\/\/portalmf.com.br\/","name":"Portal MF","description":"Voc\u00ea conectado com a informa\u00e7\u00e3o","potentialAction":[{"@type":"SearchAction","target":{"@type":"EntryPoint","urlTemplate":"https:\/\/portalmf.com.br\/?s={search_term_string}"},"query-input":"required name=search_term_string"}],"inLanguage":"pt-BR"},{"@type":"Person","@id":"https:\/\/portalmf.com.br\/#\/schema\/person\/9ec101baf56233e53520c26de5d6f6f0","name":"Reda\u00e7\u00e3o Portal MF","image":{"@type":"ImageObject","inLanguage":"pt-BR","@id":"https:\/\/portalmf.com.br\/#\/schema\/person\/image\/","url":"https:\/\/secure.gravatar.com\/avatar\/41b9aaeb2100835f7c64362330f74c7f?s=96&d=mm&r=g","contentUrl":"https:\/\/secure.gravatar.com\/avatar\/41b9aaeb2100835f7c64362330f74c7f?s=96&d=mm&r=g","caption":"Reda\u00e7\u00e3o Portal MF"},"description":"Sejam bem-vindos o portal de informa\u00e7\u00f5es de entretenimento de Feira de Santana, desde 2006 realiza coberturas dos principais eventos com entrevistas exclusivas com as principais personalidades mundiais. Fique conectado tamb\u00e9m nas redes sociais.","sameAs":["http:\/\/www.portalmf.com.br\/","https:\/\/www.facebook.com\/portalmfoficial","https:\/\/www.instagram.com\/portalmf\/","https:\/\/x.com\/https:\/\/x.com\/portalmfoficial","https:\/\/www.youtube.com\/@portalmfoficial"],"url":"https:\/\/portalmf.com.br\/index.php\/author\/junior\/"}]}},"_links":{"self":[{"href":"https:\/\/portalmf.com.br\/index.php\/wp-json\/wp\/v2\/posts\/30036"}],"collection":[{"href":"https:\/\/portalmf.com.br\/index.php\/wp-json\/wp\/v2\/posts"}],"about":[{"href":"https:\/\/portalmf.com.br\/index.php\/wp-json\/wp\/v2\/types\/post"}],"author":[{"embeddable":true,"href":"https:\/\/portalmf.com.br\/index.php\/wp-json\/wp\/v2\/users\/3"}],"replies":[{"embeddable":true,"href":"https:\/\/portalmf.com.br\/index.php\/wp-json\/wp\/v2\/comments?post=30036"}],"version-history":[{"count":1,"href":"https:\/\/portalmf.com.br\/index.php\/wp-json\/wp\/v2\/posts\/30036\/revisions"}],"predecessor-version":[{"id":30038,"href":"https:\/\/portalmf.com.br\/index.php\/wp-json\/wp\/v2\/posts\/30036\/revisions\/30038"}],"wp:featuredmedia":[{"embeddable":true,"href":"https:\/\/portalmf.com.br\/index.php\/wp-json\/wp\/v2\/media\/30037"}],"wp:attachment":[{"href":"https:\/\/portalmf.com.br\/index.php\/wp-json\/wp\/v2\/media?parent=30036"}],"wp:term":[{"taxonomy":"category","embeddable":true,"href":"https:\/\/portalmf.com.br\/index.php\/wp-json\/wp\/v2\/categories?post=30036"},{"taxonomy":"post_tag","embeddable":true,"href":"https:\/\/portalmf.com.br\/index.php\/wp-json\/wp\/v2\/tags?post=30036"}],"curies":[{"name":"wp","href":"https:\/\/api.w.org\/{rel}","templated":true}]}}