{"id":30032,"date":"2024-09-22T22:03:46","date_gmt":"2024-09-23T01:03:46","guid":{"rendered":"https:\/\/portalmf.com.br\/?p=30032"},"modified":"2024-09-22T22:06:25","modified_gmt":"2024-09-23T01:06:25","slug":"carlos-medeiros-visita-tiquarucu-e-reforca-crescimento-de-apoio-popular-em-distritos-de-feira","status":"publish","type":"post","link":"https:\/\/portalmf.com.br\/index.php\/2024\/09\/22\/carlos-medeiros-visita-tiquarucu-e-reforca-crescimento-de-apoio-popular-em-distritos-de-feira\/","title":{"rendered":"Carlos Medeiros visita Tiquaru\u00e7u e refor\u00e7a crescimento de apoio popular em distritos de Feira"},"content":{"rendered":"\n<p>Na noite de s\u00e1bado (21), o candidato \u00e0 prefeitura de Feira de Santana, Carlos Medeiros (Novo), realizou uma visita ao distrito de Tiquaru\u00e7u, onde teve a oportunidade de conversar com moradores e ouvir suas demandas. <\/p>\n\n\n\n<p>O encontro ocorreu ap\u00f3s o t\u00e9rmino de um culto na igreja local, e, segundo Medeiros, foi mais uma oportunidade para refor\u00e7ar o sentimento de insatisfa\u00e7\u00e3o da popula\u00e7\u00e3o com a pol\u00edtica atual e apresentar seu projeto de renova\u00e7\u00e3o.<\/p>\n\n\n\n<p>O candidato destacou a receptividade calorosa que recebeu dos moradores de Tiquaru\u00e7u, mesmo em \u00e1reas mais distantes do centro da cidade. <\/p>\n\n\n\n<p>&#8220;O que eu pude perceber \u00e9 uma insatisfa\u00e7\u00e3o grande com as pessoas que est\u00e3o a\u00ed na pol\u00edtica. A cada dia que passa, vejo que o voto est\u00e1 mais aberto&#8221;, afirmou o candidato, ressaltando que muitos eleitores que j\u00e1 haviam decidido seu voto est\u00e3o reconsiderando suas escolhas ao conhecerem sua proposta.<\/p>\n\n\n\n<p>Durante as conversas com os moradores, Carlos Medeiros observou que o desejo de mudan\u00e7a \u00e9 crescente. <\/p>\n\n\n\n<p>&#8220;Nos distritos, muitas vezes as pessoas n\u00e3o conheciam o nosso projeto, n\u00e3o conheciam Carlos Medeiros. Mas, a partir do momento que elas veem pessoalmente, conversam e come\u00e7am a perceber que existe uma op\u00e7\u00e3o de mudan\u00e7a de verdade, elas passam a nos considerar como uma op\u00e7\u00e3o de voto&#8221;, destacou.<\/p>\n\n\n\n<p>Ele se mostrou otimista com o impacto que sua presen\u00e7a e di\u00e1logo t\u00eam causado na popula\u00e7\u00e3o. <\/p>\n\n\n\n<p>&#8220;A receptividade das pessoas \u00e9 muito grande em rela\u00e7\u00e3o ao nosso trabalho. Isso nos motiva a acreditar cada vez mais. Nosso grande desafio \u00e9 fazer com que as pessoas conhe\u00e7am nossa proposta e vejam que existe uma op\u00e7\u00e3o real de mudan\u00e7a. E estamos conseguindo isso&#8221;, disse.<\/p>\n\n\n\n<p>Com informa\u00e7\u00f5es ASCOM \/ Carlos Medeiros <\/p>\n","protected":false},"excerpt":{"rendered":"<p>Na noite de s\u00e1bado (21), o candidato \u00e0 prefeitura de Feira de Santana, Carlos Medeiros (Novo), realizou uma visita ao distrito de Tiquaru\u00e7u, onde teve a oportunidade de conversar com moradores e ouvir suas demandas. O encontro ocorreu ap\u00f3s o t\u00e9rmino de um culto na igreja local, e, segundo Medeiros, foi mais uma oportunidade para [&hellip;]<\/p>\n","protected":false},"author":3,"featured_media":30034,"comment_status":"open","ping_status":"open","sticky":false,"template":"","format":"standard","meta":{"_monsterinsights_skip_tracking":false,"_monsterinsights_sitenote_active":false,"_monsterinsights_sitenote_note":"","_monsterinsights_sitenote_category":0,"footnotes":""},"categories":[301,34],"tags":[],"yoast_head":"<!-- This site is optimized with the Yoast SEO plugin v22.9 - https:\/\/yoast.com\/wordpress\/plugins\/seo\/ -->\n<title>Carlos Medeiros visita Tiquaru\u00e7u e refor\u00e7a crescimento de apoio popular em distritos de Feira - Portal MF<\/title>\n<meta name=\"robots\" content=\"index, follow, max-snippet:-1, max-image-preview:large, max-video-preview:-1\" \/>\n<link rel=\"canonical\" href=\"https:\/\/portalmf.com.br\/index.php\/2024\/09\/22\/carlos-medeiros-visita-tiquarucu-e-reforca-crescimento-de-apoio-popular-em-distritos-de-feira\/\" \/>\n<meta property=\"og:locale\" content=\"pt_BR\" \/>\n<meta property=\"og:type\" content=\"article\" \/>\n<meta property=\"og:title\" content=\"Carlos Medeiros visita Tiquaru\u00e7u e refor\u00e7a crescimento de apoio popular em distritos de Feira - Portal MF\" \/>\n<meta property=\"og:description\" content=\"Na noite de s\u00e1bado (21), o candidato \u00e0 prefeitura de Feira de Santana, Carlos Medeiros (Novo), realizou uma visita ao distrito de Tiquaru\u00e7u, onde teve a oportunidade de conversar com moradores e ouvir suas demandas. O encontro ocorreu ap\u00f3s o t\u00e9rmino de um culto na igreja local, e, segundo Medeiros, foi mais uma oportunidade para [&hellip;]\" \/>\n<meta property=\"og:url\" content=\"https:\/\/portalmf.com.br\/index.php\/2024\/09\/22\/carlos-medeiros-visita-tiquarucu-e-reforca-crescimento-de-apoio-popular-em-distritos-de-feira\/\" \/>\n<meta property=\"og:site_name\" content=\"Portal MF\" \/>\n<meta property=\"article:author\" content=\"https:\/\/www.facebook.com\/portalmfoficial\" \/>\n<meta property=\"article:published_time\" content=\"2024-09-23T01:03:46+00:00\" \/>\n<meta property=\"article:modified_time\" content=\"2024-09-23T01:06:25+00:00\" \/>\n<meta property=\"og:image\" content=\"https:\/\/portalmf.com.br\/wp-content\/uploads\/2024\/09\/IMG-20240922-WA0141.jpg\" \/>\n\t<meta property=\"og:image:width\" content=\"1600\" \/>\n\t<meta property=\"og:image:height\" content=\"1226\" \/>\n\t<meta property=\"og:image:type\" content=\"image\/jpeg\" \/>\n<meta name=\"author\" content=\"Reda\u00e7\u00e3o Portal MF\" \/>\n<meta name=\"twitter:card\" content=\"summary_large_image\" \/>\n<meta name=\"twitter:creator\" content=\"@https:\/\/x.com\/portalmfoficial\" \/>\n<meta name=\"twitter:label1\" content=\"Escrito por\" \/>\n\t<meta name=\"twitter:data1\" content=\"Reda\u00e7\u00e3o Portal MF\" \/>\n\t<meta name=\"twitter:label2\" content=\"Est. tempo de leitura\" \/>\n\t<meta name=\"twitter:data2\" content=\"2 minutos\" \/>\n<script type=\"application\/ld+json\" class=\"yoast-schema-graph\">{\"@context\":\"https:\/\/schema.org\",\"@graph\":[{\"@type\":\"WebPage\",\"@id\":\"https:\/\/portalmf.com.br\/index.php\/2024\/09\/22\/carlos-medeiros-visita-tiquarucu-e-reforca-crescimento-de-apoio-popular-em-distritos-de-feira\/\",\"url\":\"https:\/\/portalmf.com.br\/index.php\/2024\/09\/22\/carlos-medeiros-visita-tiquarucu-e-reforca-crescimento-de-apoio-popular-em-distritos-de-feira\/\",\"name\":\"Carlos Medeiros visita Tiquaru\u00e7u e refor\u00e7a crescimento de apoio popular em distritos de Feira - Portal MF\",\"isPartOf\":{\"@id\":\"https:\/\/portalmf.com.br\/#website\"},\"primaryImageOfPage\":{\"@id\":\"https:\/\/portalmf.com.br\/index.php\/2024\/09\/22\/carlos-medeiros-visita-tiquarucu-e-reforca-crescimento-de-apoio-popular-em-distritos-de-feira\/#primaryimage\"},\"image\":{\"@id\":\"https:\/\/portalmf.com.br\/index.php\/2024\/09\/22\/carlos-medeiros-visita-tiquarucu-e-reforca-crescimento-de-apoio-popular-em-distritos-de-feira\/#primaryimage\"},\"thumbnailUrl\":\"https:\/\/portalmf.com.br\/wp-content\/uploads\/2024\/09\/IMG-20240922-WA0141.jpg\",\"datePublished\":\"2024-09-23T01:03:46+00:00\",\"dateModified\":\"2024-09-23T01:06:25+00:00\",\"author\":{\"@id\":\"https:\/\/portalmf.com.br\/#\/schema\/person\/9ec101baf56233e53520c26de5d6f6f0\"},\"breadcrumb\":{\"@id\":\"https:\/\/portalmf.com.br\/index.php\/2024\/09\/22\/carlos-medeiros-visita-tiquarucu-e-reforca-crescimento-de-apoio-popular-em-distritos-de-feira\/#breadcrumb\"},\"inLanguage\":\"pt-BR\",\"potentialAction\":[{\"@type\":\"ReadAction\",\"target\":[\"https:\/\/portalmf.com.br\/index.php\/2024\/09\/22\/carlos-medeiros-visita-tiquarucu-e-reforca-crescimento-de-apoio-popular-em-distritos-de-feira\/\"]}]},{\"@type\":\"ImageObject\",\"inLanguage\":\"pt-BR\",\"@id\":\"https:\/\/portalmf.com.br\/index.php\/2024\/09\/22\/carlos-medeiros-visita-tiquarucu-e-reforca-crescimento-de-apoio-popular-em-distritos-de-feira\/#primaryimage\",\"url\":\"https:\/\/portalmf.com.br\/wp-content\/uploads\/2024\/09\/IMG-20240922-WA0141.jpg\",\"contentUrl\":\"https:\/\/portalmf.com.br\/wp-content\/uploads\/2024\/09\/IMG-20240922-WA0141.jpg\",\"width\":1600,\"height\":1226},{\"@type\":\"BreadcrumbList\",\"@id\":\"https:\/\/portalmf.com.br\/index.php\/2024\/09\/22\/carlos-medeiros-visita-tiquarucu-e-reforca-crescimento-de-apoio-popular-em-distritos-de-feira\/#breadcrumb\",\"itemListElement\":[{\"@type\":\"ListItem\",\"position\":1,\"name\":\"In\u00edcio\",\"item\":\"https:\/\/portalmf.com.br\/\"},{\"@type\":\"ListItem\",\"position\":2,\"name\":\"Carlos Medeiros visita Tiquaru\u00e7u e refor\u00e7a crescimento de apoio popular em distritos de Feira\"}]},{\"@type\":\"WebSite\",\"@id\":\"https:\/\/portalmf.com.br\/#website\",\"url\":\"https:\/\/portalmf.com.br\/\",\"name\":\"Portal MF\",\"description\":\"Voc\u00ea conectado com a informa\u00e7\u00e3o\",\"potentialAction\":[{\"@type\":\"SearchAction\",\"target\":{\"@type\":\"EntryPoint\",\"urlTemplate\":\"https:\/\/portalmf.com.br\/?s={search_term_string}\"},\"query-input\":\"required name=search_term_string\"}],\"inLanguage\":\"pt-BR\"},{\"@type\":\"Person\",\"@id\":\"https:\/\/portalmf.com.br\/#\/schema\/person\/9ec101baf56233e53520c26de5d6f6f0\",\"name\":\"Reda\u00e7\u00e3o Portal MF\",\"image\":{\"@type\":\"ImageObject\",\"inLanguage\":\"pt-BR\",\"@id\":\"https:\/\/portalmf.com.br\/#\/schema\/person\/image\/\",\"url\":\"https:\/\/secure.gravatar.com\/avatar\/41b9aaeb2100835f7c64362330f74c7f?s=96&d=mm&r=g\",\"contentUrl\":\"https:\/\/secure.gravatar.com\/avatar\/41b9aaeb2100835f7c64362330f74c7f?s=96&d=mm&r=g\",\"caption\":\"Reda\u00e7\u00e3o Portal MF\"},\"description\":\"Sejam bem-vindos o portal de informa\u00e7\u00f5es de entretenimento de Feira de Santana, desde 2006 realiza coberturas dos principais eventos com entrevistas exclusivas com as principais personalidades mundiais. Fique conectado tamb\u00e9m nas redes sociais.\",\"sameAs\":[\"http:\/\/www.portalmf.com.br\/\",\"https:\/\/www.facebook.com\/portalmfoficial\",\"https:\/\/www.instagram.com\/portalmf\/\",\"https:\/\/x.com\/https:\/\/x.com\/portalmfoficial\",\"https:\/\/www.youtube.com\/@portalmfoficial\"],\"url\":\"https:\/\/portalmf.com.br\/index.php\/author\/junior\/\"}]}<\/script>\n<!-- \/ Yoast SEO plugin. -->","yoast_head_json":{"title":"Carlos Medeiros visita Tiquaru\u00e7u e refor\u00e7a crescimento de apoio popular em distritos de Feira - Portal MF","robots":{"index":"index","follow":"follow","max-snippet":"max-snippet:-1","max-image-preview":"max-image-preview:large","max-video-preview":"max-video-preview:-1"},"canonical":"https:\/\/portalmf.com.br\/index.php\/2024\/09\/22\/carlos-medeiros-visita-tiquarucu-e-reforca-crescimento-de-apoio-popular-em-distritos-de-feira\/","og_locale":"pt_BR","og_type":"article","og_title":"Carlos Medeiros visita Tiquaru\u00e7u e refor\u00e7a crescimento de apoio popular em distritos de Feira - Portal MF","og_description":"Na noite de s\u00e1bado (21), o candidato \u00e0 prefeitura de Feira de Santana, Carlos Medeiros (Novo), realizou uma visita ao distrito de Tiquaru\u00e7u, onde teve a oportunidade de conversar com moradores e ouvir suas demandas. O encontro ocorreu ap\u00f3s o t\u00e9rmino de um culto na igreja local, e, segundo Medeiros, foi mais uma oportunidade para [&hellip;]","og_url":"https:\/\/portalmf.com.br\/index.php\/2024\/09\/22\/carlos-medeiros-visita-tiquarucu-e-reforca-crescimento-de-apoio-popular-em-distritos-de-feira\/","og_site_name":"Portal MF","article_author":"https:\/\/www.facebook.com\/portalmfoficial","article_published_time":"2024-09-23T01:03:46+00:00","article_modified_time":"2024-09-23T01:06:25+00:00","og_image":[{"width":1600,"height":1226,"url":"https:\/\/portalmf.com.br\/wp-content\/uploads\/2024\/09\/IMG-20240922-WA0141.jpg","type":"image\/jpeg"}],"author":"Reda\u00e7\u00e3o Portal MF","twitter_card":"summary_large_image","twitter_creator":"@https:\/\/x.com\/portalmfoficial","twitter_misc":{"Escrito por":"Reda\u00e7\u00e3o Portal MF","Est. tempo de leitura":"2 minutos"},"schema":{"@context":"https:\/\/schema.org","@graph":[{"@type":"WebPage","@id":"https:\/\/portalmf.com.br\/index.php\/2024\/09\/22\/carlos-medeiros-visita-tiquarucu-e-reforca-crescimento-de-apoio-popular-em-distritos-de-feira\/","url":"https:\/\/portalmf.com.br\/index.php\/2024\/09\/22\/carlos-medeiros-visita-tiquarucu-e-reforca-crescimento-de-apoio-popular-em-distritos-de-feira\/","name":"Carlos Medeiros visita Tiquaru\u00e7u e refor\u00e7a crescimento de apoio popular em distritos de Feira - Portal MF","isPartOf":{"@id":"https:\/\/portalmf.com.br\/#website"},"primaryImageOfPage":{"@id":"https:\/\/portalmf.com.br\/index.php\/2024\/09\/22\/carlos-medeiros-visita-tiquarucu-e-reforca-crescimento-de-apoio-popular-em-distritos-de-feira\/#primaryimage"},"image":{"@id":"https:\/\/portalmf.com.br\/index.php\/2024\/09\/22\/carlos-medeiros-visita-tiquarucu-e-reforca-crescimento-de-apoio-popular-em-distritos-de-feira\/#primaryimage"},"thumbnailUrl":"https:\/\/portalmf.com.br\/wp-content\/uploads\/2024\/09\/IMG-20240922-WA0141.jpg","datePublished":"2024-09-23T01:03:46+00:00","dateModified":"2024-09-23T01:06:25+00:00","author":{"@id":"https:\/\/portalmf.com.br\/#\/schema\/person\/9ec101baf56233e53520c26de5d6f6f0"},"breadcrumb":{"@id":"https:\/\/portalmf.com.br\/index.php\/2024\/09\/22\/carlos-medeiros-visita-tiquarucu-e-reforca-crescimento-de-apoio-popular-em-distritos-de-feira\/#breadcrumb"},"inLanguage":"pt-BR","potentialAction":[{"@type":"ReadAction","target":["https:\/\/portalmf.com.br\/index.php\/2024\/09\/22\/carlos-medeiros-visita-tiquarucu-e-reforca-crescimento-de-apoio-popular-em-distritos-de-feira\/"]}]},{"@type":"ImageObject","inLanguage":"pt-BR","@id":"https:\/\/portalmf.com.br\/index.php\/2024\/09\/22\/carlos-medeiros-visita-tiquarucu-e-reforca-crescimento-de-apoio-popular-em-distritos-de-feira\/#primaryimage","url":"https:\/\/portalmf.com.br\/wp-content\/uploads\/2024\/09\/IMG-20240922-WA0141.jpg","contentUrl":"https:\/\/portalmf.com.br\/wp-content\/uploads\/2024\/09\/IMG-20240922-WA0141.jpg","width":1600,"height":1226},{"@type":"BreadcrumbList","@id":"https:\/\/portalmf.com.br\/index.php\/2024\/09\/22\/carlos-medeiros-visita-tiquarucu-e-reforca-crescimento-de-apoio-popular-em-distritos-de-feira\/#breadcrumb","itemListElement":[{"@type":"ListItem","position":1,"name":"In\u00edcio","item":"https:\/\/portalmf.com.br\/"},{"@type":"ListItem","position":2,"name":"Carlos Medeiros visita Tiquaru\u00e7u e refor\u00e7a crescimento de apoio popular em distritos de Feira"}]},{"@type":"WebSite","@id":"https:\/\/portalmf.com.br\/#website","url":"https:\/\/portalmf.com.br\/","name":"Portal MF","description":"Voc\u00ea conectado com a informa\u00e7\u00e3o","potentialAction":[{"@type":"SearchAction","target":{"@type":"EntryPoint","urlTemplate":"https:\/\/portalmf.com.br\/?s={search_term_string}"},"query-input":"required name=search_term_string"}],"inLanguage":"pt-BR"},{"@type":"Person","@id":"https:\/\/portalmf.com.br\/#\/schema\/person\/9ec101baf56233e53520c26de5d6f6f0","name":"Reda\u00e7\u00e3o Portal MF","image":{"@type":"ImageObject","inLanguage":"pt-BR","@id":"https:\/\/portalmf.com.br\/#\/schema\/person\/image\/","url":"https:\/\/secure.gravatar.com\/avatar\/41b9aaeb2100835f7c64362330f74c7f?s=96&d=mm&r=g","contentUrl":"https:\/\/secure.gravatar.com\/avatar\/41b9aaeb2100835f7c64362330f74c7f?s=96&d=mm&r=g","caption":"Reda\u00e7\u00e3o Portal MF"},"description":"Sejam bem-vindos o portal de informa\u00e7\u00f5es de entretenimento de Feira de Santana, desde 2006 realiza coberturas dos principais eventos com entrevistas exclusivas com as principais personalidades mundiais. Fique conectado tamb\u00e9m nas redes sociais.","sameAs":["http:\/\/www.portalmf.com.br\/","https:\/\/www.facebook.com\/portalmfoficial","https:\/\/www.instagram.com\/portalmf\/","https:\/\/x.com\/https:\/\/x.com\/portalmfoficial","https:\/\/www.youtube.com\/@portalmfoficial"],"url":"https:\/\/portalmf.com.br\/index.php\/author\/junior\/"}]}},"_links":{"self":[{"href":"https:\/\/portalmf.com.br\/index.php\/wp-json\/wp\/v2\/posts\/30032"}],"collection":[{"href":"https:\/\/portalmf.com.br\/index.php\/wp-json\/wp\/v2\/posts"}],"about":[{"href":"https:\/\/portalmf.com.br\/index.php\/wp-json\/wp\/v2\/types\/post"}],"author":[{"embeddable":true,"href":"https:\/\/portalmf.com.br\/index.php\/wp-json\/wp\/v2\/users\/3"}],"replies":[{"embeddable":true,"href":"https:\/\/portalmf.com.br\/index.php\/wp-json\/wp\/v2\/comments?post=30032"}],"version-history":[{"count":1,"href":"https:\/\/portalmf.com.br\/index.php\/wp-json\/wp\/v2\/posts\/30032\/revisions"}],"predecessor-version":[{"id":30033,"href":"https:\/\/portalmf.com.br\/index.php\/wp-json\/wp\/v2\/posts\/30032\/revisions\/30033"}],"wp:featuredmedia":[{"embeddable":true,"href":"https:\/\/portalmf.com.br\/index.php\/wp-json\/wp\/v2\/media\/30034"}],"wp:attachment":[{"href":"https:\/\/portalmf.com.br\/index.php\/wp-json\/wp\/v2\/media?parent=30032"}],"wp:term":[{"taxonomy":"category","embeddable":true,"href":"https:\/\/portalmf.com.br\/index.php\/wp-json\/wp\/v2\/categories?post=30032"},{"taxonomy":"post_tag","embeddable":true,"href":"https:\/\/portalmf.com.br\/index.php\/wp-json\/wp\/v2\/tags?post=30032"}],"curies":[{"name":"wp","href":"https:\/\/api.w.org\/{rel}","templated":true}]}}