{"id":30021,"date":"2024-09-22T12:48:09","date_gmt":"2024-09-22T15:48:09","guid":{"rendered":"https:\/\/portalmf.com.br\/?p=30021"},"modified":"2024-09-22T12:48:09","modified_gmt":"2024-09-22T15:48:09","slug":"caminhada-das-mulheres-apoia-a-candidatura-de-ze-neto-e-sandro-nazireu-em-feira-de-santana","status":"publish","type":"post","link":"https:\/\/portalmf.com.br\/index.php\/2024\/09\/22\/caminhada-das-mulheres-apoia-a-candidatura-de-ze-neto-e-sandro-nazireu-em-feira-de-santana\/","title":{"rendered":"Caminhada das mulheres apoia a candidatura de Z\u00e9 Neto e Sandro Nazireu, em Feira de Santana"},"content":{"rendered":"\n<p>Dentre as presentes, estiveram a primeira-dama do Estado e professora da UFRB, Tatiana Velloso; Naiana Santana e Jana Nazireu, esposas, respectivamente, dos candidatos Z\u00e9 Neto e Sandro Nazireu; as secret\u00e1rias Roberta Santana (Sa\u00fade) e Neusa Cadore (Pol\u00edticas para as Mulheres); as deputadas federal Elis\u00e2ngela Ara\u00fajo e estadual Fab\u00edola Mansur e Lucinha do MST; a presidenta do PSOL, Bianca Nunes; candidatas a vereadoras da Coliga\u00e7\u00e3o Pra fazer o Futuro Acontecer, que defendem a amplia\u00e7\u00e3o do espa\u00e7o das mulheres na C\u00e2mara de Vereadores e na pol\u00edtica, militantes e mulheres apoiadoras do projeto pol\u00edtico dos candidatos.<\/p>\n\n\n\n<p>Tatiana Velloso destacou que esta foi <em>\u201cuma grande caminhada das mulheres de Feira de Santana, unidas pela mudan\u00e7a que o munic\u00edpio precisa, e que acreditam que o alinhamento feito entre Governo Federal, Estadual e Municipal trar\u00e1 melhorias na sa\u00fade, na seguran\u00e7a, no desenvolvimento econ\u00f4mico e social, na dignidade e vida de todas as mulheres feirenses\u201d.<\/em><\/p>\n\n\n\n<figure class=\"wp-block-image size-full\"><img fetchpriority=\"high\" decoding=\"async\" width=\"800\" height=\"533\" src=\"https:\/\/portalmf.com.br\/wp-content\/uploads\/2024\/09\/Por-trabalho-creche-e-postos-de-saude-caminhada-das-mulheres-apoia-a-candidatura-de-Ze-Neto-e-Sandro-Nazireu-em-Feira-de-Santana.jpg\" alt=\"\" class=\"wp-image-30022\" srcset=\"https:\/\/portalmf.com.br\/wp-content\/uploads\/2024\/09\/Por-trabalho-creche-e-postos-de-saude-caminhada-das-mulheres-apoia-a-candidatura-de-Ze-Neto-e-Sandro-Nazireu-em-Feira-de-Santana.jpg 800w, https:\/\/portalmf.com.br\/wp-content\/uploads\/2024\/09\/Por-trabalho-creche-e-postos-de-saude-caminhada-das-mulheres-apoia-a-candidatura-de-Ze-Neto-e-Sandro-Nazireu-em-Feira-de-Santana-300x200.jpg 300w, https:\/\/portalmf.com.br\/wp-content\/uploads\/2024\/09\/Por-trabalho-creche-e-postos-de-saude-caminhada-das-mulheres-apoia-a-candidatura-de-Ze-Neto-e-Sandro-Nazireu-em-Feira-de-Santana-768x512.jpg 768w, https:\/\/portalmf.com.br\/wp-content\/uploads\/2024\/09\/Por-trabalho-creche-e-postos-de-saude-caminhada-das-mulheres-apoia-a-candidatura-de-Ze-Neto-e-Sandro-Nazireu-em-Feira-de-Santana-696x464.jpg 696w\" sizes=\"(max-width: 800px) 100vw, 800px\" \/><figcaption class=\"wp-element-caption\"><strong>Fotos: Paulo Amaral<\/strong><\/figcaption><\/figure>\n\n\n\n<p>Na ocasi\u00e3o, foi entregue aos candidatos a carta-compromisso escrita pelas mulheres do campo e da cidade, com solicita\u00e7\u00e3o de propostas a serem incorporadas ao plano de governo dos candidatos, incluindo a garantia de acesso efetivo \u00e0 rede b\u00e1sica de sa\u00fade da mulher; aumento da quantidade de creches e pr\u00e9-escolas em tempo integral para que as mulheres possam trabalhar de forma mais tranquila; e o apoio e atendimento psicossocial a mulheres em contexto de vulnerabilidade social, especialmente negras, ind\u00edgenas e quilombolas.<\/p>\n\n\n\n<p>Com informa\u00e7\u00f5es da Ascom \/ Z\u00e9 Neto<\/p>\n","protected":false},"excerpt":{"rendered":"<p>Dentre as presentes, estiveram a primeira-dama do Estado e professora da UFRB, Tatiana Velloso; Naiana Santana e Jana Nazireu, esposas, respectivamente, dos candidatos Z\u00e9 Neto e Sandro Nazireu; as secret\u00e1rias Roberta Santana (Sa\u00fade) e Neusa Cadore (Pol\u00edticas para as Mulheres); as deputadas federal Elis\u00e2ngela Ara\u00fajo e estadual Fab\u00edola Mansur e Lucinha do MST; a presidenta [&hellip;]<\/p>\n","protected":false},"author":3,"featured_media":30023,"comment_status":"open","ping_status":"open","sticky":false,"template":"","format":"standard","meta":{"_monsterinsights_skip_tracking":false,"_monsterinsights_sitenote_active":false,"_monsterinsights_sitenote_note":"","_monsterinsights_sitenote_category":0,"footnotes":""},"categories":[301,34],"tags":[],"yoast_head":"<!-- This site is optimized with the Yoast SEO plugin v22.9 - https:\/\/yoast.com\/wordpress\/plugins\/seo\/ -->\n<title>Caminhada das mulheres apoia a candidatura de Z\u00e9 Neto e Sandro Nazireu, em Feira de Santana - Portal MF<\/title>\n<meta name=\"robots\" content=\"index, follow, max-snippet:-1, max-image-preview:large, max-video-preview:-1\" \/>\n<link rel=\"canonical\" href=\"https:\/\/portalmf.com.br\/index.php\/2024\/09\/22\/caminhada-das-mulheres-apoia-a-candidatura-de-ze-neto-e-sandro-nazireu-em-feira-de-santana\/\" \/>\n<meta property=\"og:locale\" content=\"pt_BR\" \/>\n<meta property=\"og:type\" content=\"article\" \/>\n<meta property=\"og:title\" content=\"Caminhada das mulheres apoia a candidatura de Z\u00e9 Neto e Sandro Nazireu, em Feira de Santana - Portal MF\" \/>\n<meta property=\"og:description\" content=\"Dentre as presentes, estiveram a primeira-dama do Estado e professora da UFRB, Tatiana Velloso; Naiana Santana e Jana Nazireu, esposas, respectivamente, dos candidatos Z\u00e9 Neto e Sandro Nazireu; as secret\u00e1rias Roberta Santana (Sa\u00fade) e Neusa Cadore (Pol\u00edticas para as Mulheres); as deputadas federal Elis\u00e2ngela Ara\u00fajo e estadual Fab\u00edola Mansur e Lucinha do MST; a presidenta [&hellip;]\" \/>\n<meta property=\"og:url\" content=\"https:\/\/portalmf.com.br\/index.php\/2024\/09\/22\/caminhada-das-mulheres-apoia-a-candidatura-de-ze-neto-e-sandro-nazireu-em-feira-de-santana\/\" \/>\n<meta property=\"og:site_name\" content=\"Portal MF\" \/>\n<meta property=\"article:author\" content=\"https:\/\/www.facebook.com\/portalmfoficial\" \/>\n<meta property=\"article:published_time\" content=\"2024-09-22T15:48:09+00:00\" \/>\n<meta property=\"og:image\" content=\"https:\/\/portalmf.com.br\/wp-content\/uploads\/2024\/09\/Por-trabalho-creche-e-postos-de-saude-caminhada-das-mulheres-apoia-a-candidatura-de-Ze-Neto-e-Sandro-Nazireu-em-Feira-de-Santana_.jpg\" \/>\n\t<meta property=\"og:image:width\" content=\"800\" \/>\n\t<meta property=\"og:image:height\" content=\"533\" \/>\n\t<meta property=\"og:image:type\" content=\"image\/jpeg\" \/>\n<meta name=\"author\" content=\"Reda\u00e7\u00e3o Portal MF\" \/>\n<meta name=\"twitter:card\" content=\"summary_large_image\" \/>\n<meta name=\"twitter:creator\" content=\"@https:\/\/x.com\/portalmfoficial\" \/>\n<meta name=\"twitter:label1\" content=\"Escrito por\" \/>\n\t<meta name=\"twitter:data1\" content=\"Reda\u00e7\u00e3o Portal MF\" \/>\n\t<meta name=\"twitter:label2\" content=\"Est. tempo de leitura\" \/>\n\t<meta name=\"twitter:data2\" content=\"2 minutos\" \/>\n<script type=\"application\/ld+json\" class=\"yoast-schema-graph\">{\"@context\":\"https:\/\/schema.org\",\"@graph\":[{\"@type\":\"WebPage\",\"@id\":\"https:\/\/portalmf.com.br\/index.php\/2024\/09\/22\/caminhada-das-mulheres-apoia-a-candidatura-de-ze-neto-e-sandro-nazireu-em-feira-de-santana\/\",\"url\":\"https:\/\/portalmf.com.br\/index.php\/2024\/09\/22\/caminhada-das-mulheres-apoia-a-candidatura-de-ze-neto-e-sandro-nazireu-em-feira-de-santana\/\",\"name\":\"Caminhada das mulheres apoia a candidatura de Z\u00e9 Neto e Sandro Nazireu, em Feira de Santana - Portal MF\",\"isPartOf\":{\"@id\":\"https:\/\/portalmf.com.br\/#website\"},\"primaryImageOfPage\":{\"@id\":\"https:\/\/portalmf.com.br\/index.php\/2024\/09\/22\/caminhada-das-mulheres-apoia-a-candidatura-de-ze-neto-e-sandro-nazireu-em-feira-de-santana\/#primaryimage\"},\"image\":{\"@id\":\"https:\/\/portalmf.com.br\/index.php\/2024\/09\/22\/caminhada-das-mulheres-apoia-a-candidatura-de-ze-neto-e-sandro-nazireu-em-feira-de-santana\/#primaryimage\"},\"thumbnailUrl\":\"https:\/\/portalmf.com.br\/wp-content\/uploads\/2024\/09\/Por-trabalho-creche-e-postos-de-saude-caminhada-das-mulheres-apoia-a-candidatura-de-Ze-Neto-e-Sandro-Nazireu-em-Feira-de-Santana_.jpg\",\"datePublished\":\"2024-09-22T15:48:09+00:00\",\"dateModified\":\"2024-09-22T15:48:09+00:00\",\"author\":{\"@id\":\"https:\/\/portalmf.com.br\/#\/schema\/person\/9ec101baf56233e53520c26de5d6f6f0\"},\"breadcrumb\":{\"@id\":\"https:\/\/portalmf.com.br\/index.php\/2024\/09\/22\/caminhada-das-mulheres-apoia-a-candidatura-de-ze-neto-e-sandro-nazireu-em-feira-de-santana\/#breadcrumb\"},\"inLanguage\":\"pt-BR\",\"potentialAction\":[{\"@type\":\"ReadAction\",\"target\":[\"https:\/\/portalmf.com.br\/index.php\/2024\/09\/22\/caminhada-das-mulheres-apoia-a-candidatura-de-ze-neto-e-sandro-nazireu-em-feira-de-santana\/\"]}]},{\"@type\":\"ImageObject\",\"inLanguage\":\"pt-BR\",\"@id\":\"https:\/\/portalmf.com.br\/index.php\/2024\/09\/22\/caminhada-das-mulheres-apoia-a-candidatura-de-ze-neto-e-sandro-nazireu-em-feira-de-santana\/#primaryimage\",\"url\":\"https:\/\/portalmf.com.br\/wp-content\/uploads\/2024\/09\/Por-trabalho-creche-e-postos-de-saude-caminhada-das-mulheres-apoia-a-candidatura-de-Ze-Neto-e-Sandro-Nazireu-em-Feira-de-Santana_.jpg\",\"contentUrl\":\"https:\/\/portalmf.com.br\/wp-content\/uploads\/2024\/09\/Por-trabalho-creche-e-postos-de-saude-caminhada-das-mulheres-apoia-a-candidatura-de-Ze-Neto-e-Sandro-Nazireu-em-Feira-de-Santana_.jpg\",\"width\":800,\"height\":533},{\"@type\":\"BreadcrumbList\",\"@id\":\"https:\/\/portalmf.com.br\/index.php\/2024\/09\/22\/caminhada-das-mulheres-apoia-a-candidatura-de-ze-neto-e-sandro-nazireu-em-feira-de-santana\/#breadcrumb\",\"itemListElement\":[{\"@type\":\"ListItem\",\"position\":1,\"name\":\"In\u00edcio\",\"item\":\"https:\/\/portalmf.com.br\/\"},{\"@type\":\"ListItem\",\"position\":2,\"name\":\"Caminhada das mulheres apoia a candidatura de Z\u00e9 Neto e Sandro Nazireu, em Feira de Santana\"}]},{\"@type\":\"WebSite\",\"@id\":\"https:\/\/portalmf.com.br\/#website\",\"url\":\"https:\/\/portalmf.com.br\/\",\"name\":\"Portal MF\",\"description\":\"Voc\u00ea conectado com a informa\u00e7\u00e3o\",\"potentialAction\":[{\"@type\":\"SearchAction\",\"target\":{\"@type\":\"EntryPoint\",\"urlTemplate\":\"https:\/\/portalmf.com.br\/?s={search_term_string}\"},\"query-input\":\"required name=search_term_string\"}],\"inLanguage\":\"pt-BR\"},{\"@type\":\"Person\",\"@id\":\"https:\/\/portalmf.com.br\/#\/schema\/person\/9ec101baf56233e53520c26de5d6f6f0\",\"name\":\"Reda\u00e7\u00e3o Portal MF\",\"image\":{\"@type\":\"ImageObject\",\"inLanguage\":\"pt-BR\",\"@id\":\"https:\/\/portalmf.com.br\/#\/schema\/person\/image\/\",\"url\":\"https:\/\/secure.gravatar.com\/avatar\/41b9aaeb2100835f7c64362330f74c7f?s=96&d=mm&r=g\",\"contentUrl\":\"https:\/\/secure.gravatar.com\/avatar\/41b9aaeb2100835f7c64362330f74c7f?s=96&d=mm&r=g\",\"caption\":\"Reda\u00e7\u00e3o Portal MF\"},\"description\":\"Sejam bem-vindos o portal de informa\u00e7\u00f5es de entretenimento de Feira de Santana, desde 2006 realiza coberturas dos principais eventos com entrevistas exclusivas com as principais personalidades mundiais. Fique conectado tamb\u00e9m nas redes sociais.\",\"sameAs\":[\"http:\/\/www.portalmf.com.br\/\",\"https:\/\/www.facebook.com\/portalmfoficial\",\"https:\/\/www.instagram.com\/portalmf\/\",\"https:\/\/x.com\/https:\/\/x.com\/portalmfoficial\",\"https:\/\/www.youtube.com\/@portalmfoficial\"],\"url\":\"https:\/\/portalmf.com.br\/index.php\/author\/junior\/\"}]}<\/script>\n<!-- \/ Yoast SEO plugin. -->","yoast_head_json":{"title":"Caminhada das mulheres apoia a candidatura de Z\u00e9 Neto e Sandro Nazireu, em Feira de Santana - Portal MF","robots":{"index":"index","follow":"follow","max-snippet":"max-snippet:-1","max-image-preview":"max-image-preview:large","max-video-preview":"max-video-preview:-1"},"canonical":"https:\/\/portalmf.com.br\/index.php\/2024\/09\/22\/caminhada-das-mulheres-apoia-a-candidatura-de-ze-neto-e-sandro-nazireu-em-feira-de-santana\/","og_locale":"pt_BR","og_type":"article","og_title":"Caminhada das mulheres apoia a candidatura de Z\u00e9 Neto e Sandro Nazireu, em Feira de Santana - Portal MF","og_description":"Dentre as presentes, estiveram a primeira-dama do Estado e professora da UFRB, Tatiana Velloso; Naiana Santana e Jana Nazireu, esposas, respectivamente, dos candidatos Z\u00e9 Neto e Sandro Nazireu; as secret\u00e1rias Roberta Santana (Sa\u00fade) e Neusa Cadore (Pol\u00edticas para as Mulheres); as deputadas federal Elis\u00e2ngela Ara\u00fajo e estadual Fab\u00edola Mansur e Lucinha do MST; a presidenta [&hellip;]","og_url":"https:\/\/portalmf.com.br\/index.php\/2024\/09\/22\/caminhada-das-mulheres-apoia-a-candidatura-de-ze-neto-e-sandro-nazireu-em-feira-de-santana\/","og_site_name":"Portal MF","article_author":"https:\/\/www.facebook.com\/portalmfoficial","article_published_time":"2024-09-22T15:48:09+00:00","og_image":[{"width":800,"height":533,"url":"https:\/\/portalmf.com.br\/wp-content\/uploads\/2024\/09\/Por-trabalho-creche-e-postos-de-saude-caminhada-das-mulheres-apoia-a-candidatura-de-Ze-Neto-e-Sandro-Nazireu-em-Feira-de-Santana_.jpg","type":"image\/jpeg"}],"author":"Reda\u00e7\u00e3o Portal MF","twitter_card":"summary_large_image","twitter_creator":"@https:\/\/x.com\/portalmfoficial","twitter_misc":{"Escrito por":"Reda\u00e7\u00e3o Portal MF","Est. tempo de leitura":"2 minutos"},"schema":{"@context":"https:\/\/schema.org","@graph":[{"@type":"WebPage","@id":"https:\/\/portalmf.com.br\/index.php\/2024\/09\/22\/caminhada-das-mulheres-apoia-a-candidatura-de-ze-neto-e-sandro-nazireu-em-feira-de-santana\/","url":"https:\/\/portalmf.com.br\/index.php\/2024\/09\/22\/caminhada-das-mulheres-apoia-a-candidatura-de-ze-neto-e-sandro-nazireu-em-feira-de-santana\/","name":"Caminhada das mulheres apoia a candidatura de Z\u00e9 Neto e Sandro Nazireu, em Feira de Santana - Portal MF","isPartOf":{"@id":"https:\/\/portalmf.com.br\/#website"},"primaryImageOfPage":{"@id":"https:\/\/portalmf.com.br\/index.php\/2024\/09\/22\/caminhada-das-mulheres-apoia-a-candidatura-de-ze-neto-e-sandro-nazireu-em-feira-de-santana\/#primaryimage"},"image":{"@id":"https:\/\/portalmf.com.br\/index.php\/2024\/09\/22\/caminhada-das-mulheres-apoia-a-candidatura-de-ze-neto-e-sandro-nazireu-em-feira-de-santana\/#primaryimage"},"thumbnailUrl":"https:\/\/portalmf.com.br\/wp-content\/uploads\/2024\/09\/Por-trabalho-creche-e-postos-de-saude-caminhada-das-mulheres-apoia-a-candidatura-de-Ze-Neto-e-Sandro-Nazireu-em-Feira-de-Santana_.jpg","datePublished":"2024-09-22T15:48:09+00:00","dateModified":"2024-09-22T15:48:09+00:00","author":{"@id":"https:\/\/portalmf.com.br\/#\/schema\/person\/9ec101baf56233e53520c26de5d6f6f0"},"breadcrumb":{"@id":"https:\/\/portalmf.com.br\/index.php\/2024\/09\/22\/caminhada-das-mulheres-apoia-a-candidatura-de-ze-neto-e-sandro-nazireu-em-feira-de-santana\/#breadcrumb"},"inLanguage":"pt-BR","potentialAction":[{"@type":"ReadAction","target":["https:\/\/portalmf.com.br\/index.php\/2024\/09\/22\/caminhada-das-mulheres-apoia-a-candidatura-de-ze-neto-e-sandro-nazireu-em-feira-de-santana\/"]}]},{"@type":"ImageObject","inLanguage":"pt-BR","@id":"https:\/\/portalmf.com.br\/index.php\/2024\/09\/22\/caminhada-das-mulheres-apoia-a-candidatura-de-ze-neto-e-sandro-nazireu-em-feira-de-santana\/#primaryimage","url":"https:\/\/portalmf.com.br\/wp-content\/uploads\/2024\/09\/Por-trabalho-creche-e-postos-de-saude-caminhada-das-mulheres-apoia-a-candidatura-de-Ze-Neto-e-Sandro-Nazireu-em-Feira-de-Santana_.jpg","contentUrl":"https:\/\/portalmf.com.br\/wp-content\/uploads\/2024\/09\/Por-trabalho-creche-e-postos-de-saude-caminhada-das-mulheres-apoia-a-candidatura-de-Ze-Neto-e-Sandro-Nazireu-em-Feira-de-Santana_.jpg","width":800,"height":533},{"@type":"BreadcrumbList","@id":"https:\/\/portalmf.com.br\/index.php\/2024\/09\/22\/caminhada-das-mulheres-apoia-a-candidatura-de-ze-neto-e-sandro-nazireu-em-feira-de-santana\/#breadcrumb","itemListElement":[{"@type":"ListItem","position":1,"name":"In\u00edcio","item":"https:\/\/portalmf.com.br\/"},{"@type":"ListItem","position":2,"name":"Caminhada das mulheres apoia a candidatura de Z\u00e9 Neto e Sandro Nazireu, em Feira de Santana"}]},{"@type":"WebSite","@id":"https:\/\/portalmf.com.br\/#website","url":"https:\/\/portalmf.com.br\/","name":"Portal MF","description":"Voc\u00ea conectado com a informa\u00e7\u00e3o","potentialAction":[{"@type":"SearchAction","target":{"@type":"EntryPoint","urlTemplate":"https:\/\/portalmf.com.br\/?s={search_term_string}"},"query-input":"required name=search_term_string"}],"inLanguage":"pt-BR"},{"@type":"Person","@id":"https:\/\/portalmf.com.br\/#\/schema\/person\/9ec101baf56233e53520c26de5d6f6f0","name":"Reda\u00e7\u00e3o Portal MF","image":{"@type":"ImageObject","inLanguage":"pt-BR","@id":"https:\/\/portalmf.com.br\/#\/schema\/person\/image\/","url":"https:\/\/secure.gravatar.com\/avatar\/41b9aaeb2100835f7c64362330f74c7f?s=96&d=mm&r=g","contentUrl":"https:\/\/secure.gravatar.com\/avatar\/41b9aaeb2100835f7c64362330f74c7f?s=96&d=mm&r=g","caption":"Reda\u00e7\u00e3o Portal MF"},"description":"Sejam bem-vindos o portal de informa\u00e7\u00f5es de entretenimento de Feira de Santana, desde 2006 realiza coberturas dos principais eventos com entrevistas exclusivas com as principais personalidades mundiais. Fique conectado tamb\u00e9m nas redes sociais.","sameAs":["http:\/\/www.portalmf.com.br\/","https:\/\/www.facebook.com\/portalmfoficial","https:\/\/www.instagram.com\/portalmf\/","https:\/\/x.com\/https:\/\/x.com\/portalmfoficial","https:\/\/www.youtube.com\/@portalmfoficial"],"url":"https:\/\/portalmf.com.br\/index.php\/author\/junior\/"}]}},"_links":{"self":[{"href":"https:\/\/portalmf.com.br\/index.php\/wp-json\/wp\/v2\/posts\/30021"}],"collection":[{"href":"https:\/\/portalmf.com.br\/index.php\/wp-json\/wp\/v2\/posts"}],"about":[{"href":"https:\/\/portalmf.com.br\/index.php\/wp-json\/wp\/v2\/types\/post"}],"author":[{"embeddable":true,"href":"https:\/\/portalmf.com.br\/index.php\/wp-json\/wp\/v2\/users\/3"}],"replies":[{"embeddable":true,"href":"https:\/\/portalmf.com.br\/index.php\/wp-json\/wp\/v2\/comments?post=30021"}],"version-history":[{"count":1,"href":"https:\/\/portalmf.com.br\/index.php\/wp-json\/wp\/v2\/posts\/30021\/revisions"}],"predecessor-version":[{"id":30024,"href":"https:\/\/portalmf.com.br\/index.php\/wp-json\/wp\/v2\/posts\/30021\/revisions\/30024"}],"wp:featuredmedia":[{"embeddable":true,"href":"https:\/\/portalmf.com.br\/index.php\/wp-json\/wp\/v2\/media\/30023"}],"wp:attachment":[{"href":"https:\/\/portalmf.com.br\/index.php\/wp-json\/wp\/v2\/media?parent=30021"}],"wp:term":[{"taxonomy":"category","embeddable":true,"href":"https:\/\/portalmf.com.br\/index.php\/wp-json\/wp\/v2\/categories?post=30021"},{"taxonomy":"post_tag","embeddable":true,"href":"https:\/\/portalmf.com.br\/index.php\/wp-json\/wp\/v2\/tags?post=30021"}],"curies":[{"name":"wp","href":"https:\/\/api.w.org\/{rel}","templated":true}]}}