{"id":30018,"date":"2024-09-22T12:41:45","date_gmt":"2024-09-22T15:41:45","guid":{"rendered":"https:\/\/portalmf.com.br\/?p=30018"},"modified":"2024-09-22T12:52:27","modified_gmt":"2024-09-22T15:52:27","slug":"justica-obriga-ze-ronaldo-a-retirar-propaganda-contra-ze-neto","status":"publish","type":"post","link":"https:\/\/portalmf.com.br\/index.php\/2024\/09\/22\/justica-obriga-ze-ronaldo-a-retirar-propaganda-contra-ze-neto\/","title":{"rendered":"Justi\u00e7a obriga Z\u00e9 Ronaldo a retirar propaganda contra Z\u00e9 Neto"},"content":{"rendered":"\n<p>O candidato a prefeito de Feira de Santana, Jos\u00e9 Ronaldo (UB), da Coliga\u00e7\u00e3o &#8220;O Amor Sempre Vence&#8221;, sofreu sua quarta derrota na Justi\u00e7a Eleitoral. A 155\u00aa Zona Eleitoral de Feira de Santana determinou a retirada imediata de uma propaganda eleitoral que veiculava informa\u00e7\u00f5es falsas sobre Z\u00e9 Neto (PT), candidato a prefeito da coliga\u00e7\u00e3o &#8220;Pra Fazer o Futuro Acontecer&#8221;.<\/p>\n\n\n\n<p>Na decis\u00e3o proferida neste s\u00e1bado (21), a Justi\u00e7a avaliou que a propaganda de Jos\u00e9 Ronaldo tinha como objetivo difamar e ridicularizar Z\u00e9 Neto, imputando-lhe falsamente uma den\u00fancia criminosa. A Justi\u00e7a constatou que a den\u00fancia, apurada pelo Minist\u00e9rio P\u00fablico, era infundada e resultou em seu arquivamento.<\/p>\n\n\n\n<p>Na decis\u00e3o, o juiz Roque Ruy Barbosa de Ara\u00fajo disse que a veicula\u00e7\u00e3o da propaganda ultrapassava os limites da liberdade de express\u00e3o, o que levou a justi\u00e7a a conceder uma tutela de urg\u00eancia, proibindo a exibi\u00e7\u00e3o da propaganda mentirosa em qualquer meio de comunica\u00e7\u00e3o. O conte\u00fado de Jos\u00e9 Ronaldo foi considero falso e uma viola\u00e7\u00e3o clara das normas eleitorais.<\/p>\n\n\n\n<p><em>&#8220;Com essa decis\u00e3o, a Justi\u00e7a reafirmou seu papel em manter a integridade do processo eleitoral e proteger os candidatos de ataques fraudulentos e infundados, mostrando que a\u00e7\u00f5es de desinforma\u00e7\u00e3o, de mentiras, n\u00e3o ser\u00e3o toleradas na disputa&#8221;<\/em>, afirmou Felipe Freitas, coordenador da Campanha de Z\u00e9 Neto, doutor em Direito pela Universidade Federal de Bras\u00edlia e Secret\u00e1rio de Justi\u00e7a e Direitos Humanos licenciado. <\/p>\n\n\n\n<p><em>&#8220;Percebemos que h\u00e1 um desespero na campanha de Jos\u00e9 Ronaldo com o crescimento e lideran\u00e7a da campanha de Z\u00e9 Neto na pesquisa, que aponta para a vit\u00f3ria do candidato apoiado por Lula no primeiro turno. Lamentamos que o ex-prefeito, ao inv\u00e9s de debater a cidade, reproduza a t\u00e1tica do seu aliado Bolsonaro, de propagar Fake News&#8221;<\/em>, criticou Felipe Freitas.<\/p>\n\n\n\n<p>Com informa\u00e7\u00f5es da Ascom \/ Z\u00e9 Neto<\/p>\n","protected":false},"excerpt":{"rendered":"<p>O candidato a prefeito de Feira de Santana, Jos\u00e9 Ronaldo (UB), da Coliga\u00e7\u00e3o &#8220;O Amor Sempre Vence&#8221;, sofreu sua quarta derrota na Justi\u00e7a Eleitoral. A 155\u00aa Zona Eleitoral de Feira de Santana determinou a retirada imediata de uma propaganda eleitoral que veiculava informa\u00e7\u00f5es falsas sobre Z\u00e9 Neto (PT), candidato a prefeito da coliga\u00e7\u00e3o &#8220;Pra Fazer [&hellip;]<\/p>\n","protected":false},"author":3,"featured_media":30019,"comment_status":"open","ping_status":"open","sticky":false,"template":"","format":"standard","meta":{"_monsterinsights_skip_tracking":false,"_monsterinsights_sitenote_active":false,"_monsterinsights_sitenote_note":"","_monsterinsights_sitenote_category":0,"footnotes":""},"categories":[301,34],"tags":[],"yoast_head":"<!-- This site is optimized with the Yoast SEO plugin v22.9 - https:\/\/yoast.com\/wordpress\/plugins\/seo\/ -->\n<title>Justi\u00e7a obriga Z\u00e9 Ronaldo a retirar propaganda contra Z\u00e9 Neto - Portal MF<\/title>\n<meta name=\"robots\" content=\"index, follow, max-snippet:-1, max-image-preview:large, max-video-preview:-1\" \/>\n<link rel=\"canonical\" href=\"https:\/\/portalmf.com.br\/index.php\/2024\/09\/22\/justica-obriga-ze-ronaldo-a-retirar-propaganda-contra-ze-neto\/\" \/>\n<meta property=\"og:locale\" content=\"pt_BR\" \/>\n<meta property=\"og:type\" content=\"article\" \/>\n<meta property=\"og:title\" content=\"Justi\u00e7a obriga Z\u00e9 Ronaldo a retirar propaganda contra Z\u00e9 Neto - Portal MF\" \/>\n<meta property=\"og:description\" content=\"O candidato a prefeito de Feira de Santana, Jos\u00e9 Ronaldo (UB), da Coliga\u00e7\u00e3o &#8220;O Amor Sempre Vence&#8221;, sofreu sua quarta derrota na Justi\u00e7a Eleitoral. A 155\u00aa Zona Eleitoral de Feira de Santana determinou a retirada imediata de uma propaganda eleitoral que veiculava informa\u00e7\u00f5es falsas sobre Z\u00e9 Neto (PT), candidato a prefeito da coliga\u00e7\u00e3o &#8220;Pra Fazer [&hellip;]\" \/>\n<meta property=\"og:url\" content=\"https:\/\/portalmf.com.br\/index.php\/2024\/09\/22\/justica-obriga-ze-ronaldo-a-retirar-propaganda-contra-ze-neto\/\" \/>\n<meta property=\"og:site_name\" content=\"Portal MF\" \/>\n<meta property=\"article:author\" content=\"https:\/\/www.facebook.com\/portalmfoficial\" \/>\n<meta property=\"article:published_time\" content=\"2024-09-22T15:41:45+00:00\" \/>\n<meta property=\"article:modified_time\" content=\"2024-09-22T15:52:27+00:00\" \/>\n<meta property=\"og:image\" content=\"https:\/\/portalmf.com.br\/wp-content\/uploads\/2024\/09\/b2ap3_large_Ze-Ronaldo-e-Ze-net_20240917-233625_1.jpg\" \/>\n\t<meta property=\"og:image:width\" content=\"600\" \/>\n\t<meta property=\"og:image:height\" content=\"420\" \/>\n\t<meta property=\"og:image:type\" content=\"image\/jpeg\" \/>\n<meta name=\"author\" content=\"Reda\u00e7\u00e3o Portal MF\" \/>\n<meta name=\"twitter:card\" content=\"summary_large_image\" \/>\n<meta name=\"twitter:creator\" content=\"@https:\/\/x.com\/portalmfoficial\" \/>\n<meta name=\"twitter:label1\" content=\"Escrito por\" \/>\n\t<meta name=\"twitter:data1\" content=\"Reda\u00e7\u00e3o Portal MF\" \/>\n\t<meta name=\"twitter:label2\" content=\"Est. tempo de leitura\" \/>\n\t<meta name=\"twitter:data2\" content=\"2 minutos\" \/>\n<script type=\"application\/ld+json\" class=\"yoast-schema-graph\">{\"@context\":\"https:\/\/schema.org\",\"@graph\":[{\"@type\":\"WebPage\",\"@id\":\"https:\/\/portalmf.com.br\/index.php\/2024\/09\/22\/justica-obriga-ze-ronaldo-a-retirar-propaganda-contra-ze-neto\/\",\"url\":\"https:\/\/portalmf.com.br\/index.php\/2024\/09\/22\/justica-obriga-ze-ronaldo-a-retirar-propaganda-contra-ze-neto\/\",\"name\":\"Justi\u00e7a obriga Z\u00e9 Ronaldo a retirar propaganda contra Z\u00e9 Neto - Portal MF\",\"isPartOf\":{\"@id\":\"https:\/\/portalmf.com.br\/#website\"},\"primaryImageOfPage\":{\"@id\":\"https:\/\/portalmf.com.br\/index.php\/2024\/09\/22\/justica-obriga-ze-ronaldo-a-retirar-propaganda-contra-ze-neto\/#primaryimage\"},\"image\":{\"@id\":\"https:\/\/portalmf.com.br\/index.php\/2024\/09\/22\/justica-obriga-ze-ronaldo-a-retirar-propaganda-contra-ze-neto\/#primaryimage\"},\"thumbnailUrl\":\"https:\/\/portalmf.com.br\/wp-content\/uploads\/2024\/09\/b2ap3_large_Ze-Ronaldo-e-Ze-net_20240917-233625_1.jpg\",\"datePublished\":\"2024-09-22T15:41:45+00:00\",\"dateModified\":\"2024-09-22T15:52:27+00:00\",\"author\":{\"@id\":\"https:\/\/portalmf.com.br\/#\/schema\/person\/9ec101baf56233e53520c26de5d6f6f0\"},\"breadcrumb\":{\"@id\":\"https:\/\/portalmf.com.br\/index.php\/2024\/09\/22\/justica-obriga-ze-ronaldo-a-retirar-propaganda-contra-ze-neto\/#breadcrumb\"},\"inLanguage\":\"pt-BR\",\"potentialAction\":[{\"@type\":\"ReadAction\",\"target\":[\"https:\/\/portalmf.com.br\/index.php\/2024\/09\/22\/justica-obriga-ze-ronaldo-a-retirar-propaganda-contra-ze-neto\/\"]}]},{\"@type\":\"ImageObject\",\"inLanguage\":\"pt-BR\",\"@id\":\"https:\/\/portalmf.com.br\/index.php\/2024\/09\/22\/justica-obriga-ze-ronaldo-a-retirar-propaganda-contra-ze-neto\/#primaryimage\",\"url\":\"https:\/\/portalmf.com.br\/wp-content\/uploads\/2024\/09\/b2ap3_large_Ze-Ronaldo-e-Ze-net_20240917-233625_1.jpg\",\"contentUrl\":\"https:\/\/portalmf.com.br\/wp-content\/uploads\/2024\/09\/b2ap3_large_Ze-Ronaldo-e-Ze-net_20240917-233625_1.jpg\",\"width\":600,\"height\":420},{\"@type\":\"BreadcrumbList\",\"@id\":\"https:\/\/portalmf.com.br\/index.php\/2024\/09\/22\/justica-obriga-ze-ronaldo-a-retirar-propaganda-contra-ze-neto\/#breadcrumb\",\"itemListElement\":[{\"@type\":\"ListItem\",\"position\":1,\"name\":\"In\u00edcio\",\"item\":\"https:\/\/portalmf.com.br\/\"},{\"@type\":\"ListItem\",\"position\":2,\"name\":\"Justi\u00e7a obriga Z\u00e9 Ronaldo a retirar propaganda contra Z\u00e9 Neto\"}]},{\"@type\":\"WebSite\",\"@id\":\"https:\/\/portalmf.com.br\/#website\",\"url\":\"https:\/\/portalmf.com.br\/\",\"name\":\"Portal MF\",\"description\":\"Voc\u00ea conectado com a informa\u00e7\u00e3o\",\"potentialAction\":[{\"@type\":\"SearchAction\",\"target\":{\"@type\":\"EntryPoint\",\"urlTemplate\":\"https:\/\/portalmf.com.br\/?s={search_term_string}\"},\"query-input\":\"required name=search_term_string\"}],\"inLanguage\":\"pt-BR\"},{\"@type\":\"Person\",\"@id\":\"https:\/\/portalmf.com.br\/#\/schema\/person\/9ec101baf56233e53520c26de5d6f6f0\",\"name\":\"Reda\u00e7\u00e3o Portal MF\",\"image\":{\"@type\":\"ImageObject\",\"inLanguage\":\"pt-BR\",\"@id\":\"https:\/\/portalmf.com.br\/#\/schema\/person\/image\/\",\"url\":\"https:\/\/secure.gravatar.com\/avatar\/41b9aaeb2100835f7c64362330f74c7f?s=96&d=mm&r=g\",\"contentUrl\":\"https:\/\/secure.gravatar.com\/avatar\/41b9aaeb2100835f7c64362330f74c7f?s=96&d=mm&r=g\",\"caption\":\"Reda\u00e7\u00e3o Portal MF\"},\"description\":\"Sejam bem-vindos o portal de informa\u00e7\u00f5es de entretenimento de Feira de Santana, desde 2006 realiza coberturas dos principais eventos com entrevistas exclusivas com as principais personalidades mundiais. Fique conectado tamb\u00e9m nas redes sociais.\",\"sameAs\":[\"http:\/\/www.portalmf.com.br\/\",\"https:\/\/www.facebook.com\/portalmfoficial\",\"https:\/\/www.instagram.com\/portalmf\/\",\"https:\/\/x.com\/https:\/\/x.com\/portalmfoficial\",\"https:\/\/www.youtube.com\/@portalmfoficial\"],\"url\":\"https:\/\/portalmf.com.br\/index.php\/author\/junior\/\"}]}<\/script>\n<!-- \/ Yoast SEO plugin. -->","yoast_head_json":{"title":"Justi\u00e7a obriga Z\u00e9 Ronaldo a retirar propaganda contra Z\u00e9 Neto - Portal MF","robots":{"index":"index","follow":"follow","max-snippet":"max-snippet:-1","max-image-preview":"max-image-preview:large","max-video-preview":"max-video-preview:-1"},"canonical":"https:\/\/portalmf.com.br\/index.php\/2024\/09\/22\/justica-obriga-ze-ronaldo-a-retirar-propaganda-contra-ze-neto\/","og_locale":"pt_BR","og_type":"article","og_title":"Justi\u00e7a obriga Z\u00e9 Ronaldo a retirar propaganda contra Z\u00e9 Neto - Portal MF","og_description":"O candidato a prefeito de Feira de Santana, Jos\u00e9 Ronaldo (UB), da Coliga\u00e7\u00e3o &#8220;O Amor Sempre Vence&#8221;, sofreu sua quarta derrota na Justi\u00e7a Eleitoral. A 155\u00aa Zona Eleitoral de Feira de Santana determinou a retirada imediata de uma propaganda eleitoral que veiculava informa\u00e7\u00f5es falsas sobre Z\u00e9 Neto (PT), candidato a prefeito da coliga\u00e7\u00e3o &#8220;Pra Fazer [&hellip;]","og_url":"https:\/\/portalmf.com.br\/index.php\/2024\/09\/22\/justica-obriga-ze-ronaldo-a-retirar-propaganda-contra-ze-neto\/","og_site_name":"Portal MF","article_author":"https:\/\/www.facebook.com\/portalmfoficial","article_published_time":"2024-09-22T15:41:45+00:00","article_modified_time":"2024-09-22T15:52:27+00:00","og_image":[{"width":600,"height":420,"url":"https:\/\/portalmf.com.br\/wp-content\/uploads\/2024\/09\/b2ap3_large_Ze-Ronaldo-e-Ze-net_20240917-233625_1.jpg","type":"image\/jpeg"}],"author":"Reda\u00e7\u00e3o Portal MF","twitter_card":"summary_large_image","twitter_creator":"@https:\/\/x.com\/portalmfoficial","twitter_misc":{"Escrito por":"Reda\u00e7\u00e3o Portal MF","Est. tempo de leitura":"2 minutos"},"schema":{"@context":"https:\/\/schema.org","@graph":[{"@type":"WebPage","@id":"https:\/\/portalmf.com.br\/index.php\/2024\/09\/22\/justica-obriga-ze-ronaldo-a-retirar-propaganda-contra-ze-neto\/","url":"https:\/\/portalmf.com.br\/index.php\/2024\/09\/22\/justica-obriga-ze-ronaldo-a-retirar-propaganda-contra-ze-neto\/","name":"Justi\u00e7a obriga Z\u00e9 Ronaldo a retirar propaganda contra Z\u00e9 Neto - Portal MF","isPartOf":{"@id":"https:\/\/portalmf.com.br\/#website"},"primaryImageOfPage":{"@id":"https:\/\/portalmf.com.br\/index.php\/2024\/09\/22\/justica-obriga-ze-ronaldo-a-retirar-propaganda-contra-ze-neto\/#primaryimage"},"image":{"@id":"https:\/\/portalmf.com.br\/index.php\/2024\/09\/22\/justica-obriga-ze-ronaldo-a-retirar-propaganda-contra-ze-neto\/#primaryimage"},"thumbnailUrl":"https:\/\/portalmf.com.br\/wp-content\/uploads\/2024\/09\/b2ap3_large_Ze-Ronaldo-e-Ze-net_20240917-233625_1.jpg","datePublished":"2024-09-22T15:41:45+00:00","dateModified":"2024-09-22T15:52:27+00:00","author":{"@id":"https:\/\/portalmf.com.br\/#\/schema\/person\/9ec101baf56233e53520c26de5d6f6f0"},"breadcrumb":{"@id":"https:\/\/portalmf.com.br\/index.php\/2024\/09\/22\/justica-obriga-ze-ronaldo-a-retirar-propaganda-contra-ze-neto\/#breadcrumb"},"inLanguage":"pt-BR","potentialAction":[{"@type":"ReadAction","target":["https:\/\/portalmf.com.br\/index.php\/2024\/09\/22\/justica-obriga-ze-ronaldo-a-retirar-propaganda-contra-ze-neto\/"]}]},{"@type":"ImageObject","inLanguage":"pt-BR","@id":"https:\/\/portalmf.com.br\/index.php\/2024\/09\/22\/justica-obriga-ze-ronaldo-a-retirar-propaganda-contra-ze-neto\/#primaryimage","url":"https:\/\/portalmf.com.br\/wp-content\/uploads\/2024\/09\/b2ap3_large_Ze-Ronaldo-e-Ze-net_20240917-233625_1.jpg","contentUrl":"https:\/\/portalmf.com.br\/wp-content\/uploads\/2024\/09\/b2ap3_large_Ze-Ronaldo-e-Ze-net_20240917-233625_1.jpg","width":600,"height":420},{"@type":"BreadcrumbList","@id":"https:\/\/portalmf.com.br\/index.php\/2024\/09\/22\/justica-obriga-ze-ronaldo-a-retirar-propaganda-contra-ze-neto\/#breadcrumb","itemListElement":[{"@type":"ListItem","position":1,"name":"In\u00edcio","item":"https:\/\/portalmf.com.br\/"},{"@type":"ListItem","position":2,"name":"Justi\u00e7a obriga Z\u00e9 Ronaldo a retirar propaganda contra Z\u00e9 Neto"}]},{"@type":"WebSite","@id":"https:\/\/portalmf.com.br\/#website","url":"https:\/\/portalmf.com.br\/","name":"Portal MF","description":"Voc\u00ea conectado com a informa\u00e7\u00e3o","potentialAction":[{"@type":"SearchAction","target":{"@type":"EntryPoint","urlTemplate":"https:\/\/portalmf.com.br\/?s={search_term_string}"},"query-input":"required name=search_term_string"}],"inLanguage":"pt-BR"},{"@type":"Person","@id":"https:\/\/portalmf.com.br\/#\/schema\/person\/9ec101baf56233e53520c26de5d6f6f0","name":"Reda\u00e7\u00e3o Portal MF","image":{"@type":"ImageObject","inLanguage":"pt-BR","@id":"https:\/\/portalmf.com.br\/#\/schema\/person\/image\/","url":"https:\/\/secure.gravatar.com\/avatar\/41b9aaeb2100835f7c64362330f74c7f?s=96&d=mm&r=g","contentUrl":"https:\/\/secure.gravatar.com\/avatar\/41b9aaeb2100835f7c64362330f74c7f?s=96&d=mm&r=g","caption":"Reda\u00e7\u00e3o Portal MF"},"description":"Sejam bem-vindos o portal de informa\u00e7\u00f5es de entretenimento de Feira de Santana, desde 2006 realiza coberturas dos principais eventos com entrevistas exclusivas com as principais personalidades mundiais. Fique conectado tamb\u00e9m nas redes sociais.","sameAs":["http:\/\/www.portalmf.com.br\/","https:\/\/www.facebook.com\/portalmfoficial","https:\/\/www.instagram.com\/portalmf\/","https:\/\/x.com\/https:\/\/x.com\/portalmfoficial","https:\/\/www.youtube.com\/@portalmfoficial"],"url":"https:\/\/portalmf.com.br\/index.php\/author\/junior\/"}]}},"_links":{"self":[{"href":"https:\/\/portalmf.com.br\/index.php\/wp-json\/wp\/v2\/posts\/30018"}],"collection":[{"href":"https:\/\/portalmf.com.br\/index.php\/wp-json\/wp\/v2\/posts"}],"about":[{"href":"https:\/\/portalmf.com.br\/index.php\/wp-json\/wp\/v2\/types\/post"}],"author":[{"embeddable":true,"href":"https:\/\/portalmf.com.br\/index.php\/wp-json\/wp\/v2\/users\/3"}],"replies":[{"embeddable":true,"href":"https:\/\/portalmf.com.br\/index.php\/wp-json\/wp\/v2\/comments?post=30018"}],"version-history":[{"count":2,"href":"https:\/\/portalmf.com.br\/index.php\/wp-json\/wp\/v2\/posts\/30018\/revisions"}],"predecessor-version":[{"id":30028,"href":"https:\/\/portalmf.com.br\/index.php\/wp-json\/wp\/v2\/posts\/30018\/revisions\/30028"}],"wp:featuredmedia":[{"embeddable":true,"href":"https:\/\/portalmf.com.br\/index.php\/wp-json\/wp\/v2\/media\/30019"}],"wp:attachment":[{"href":"https:\/\/portalmf.com.br\/index.php\/wp-json\/wp\/v2\/media?parent=30018"}],"wp:term":[{"taxonomy":"category","embeddable":true,"href":"https:\/\/portalmf.com.br\/index.php\/wp-json\/wp\/v2\/categories?post=30018"},{"taxonomy":"post_tag","embeddable":true,"href":"https:\/\/portalmf.com.br\/index.php\/wp-json\/wp\/v2\/tags?post=30018"}],"curies":[{"name":"wp","href":"https:\/\/api.w.org\/{rel}","templated":true}]}}