{"id":30006,"date":"2024-09-21T12:23:16","date_gmt":"2024-09-21T15:23:16","guid":{"rendered":"https:\/\/portalmf.com.br\/?p=30006"},"modified":"2024-09-21T12:23:18","modified_gmt":"2024-09-21T15:23:18","slug":"candidato-a-vice-prefeito-do-novo-franklin-francopromete-instituir-o-voucher-da-educacao-em-feira","status":"publish","type":"post","link":"https:\/\/portalmf.com.br\/index.php\/2024\/09\/21\/candidato-a-vice-prefeito-do-novo-franklin-francopromete-instituir-o-voucher-da-educacao-em-feira\/","title":{"rendered":"Candidato a vice-prefeito do Novo, Franklin Franco,promete instituir o voucher da educa\u00e7\u00e3o em Feira"},"content":{"rendered":"\n<p>O candidato a vice-prefeito de Carlos Medeiros (Novo) em Feira de Santana, Franklin Franco, participou na manh\u00e3 desta sexta-feira (20), da sabatina do Pool de Comunica\u00e7\u00e3o liderado pelo Jornal Folha do Estado e com a maior cobertura online da cidade (R\u00e1dio Geral, TV Geral, Conectado News, Levante a voz, Jornal Folha do Estado e Portal MF). Na entrevista, conduzida pelo jornalista Luiz Santos e moderada pelo jornalista Reginaldo J\u00fanior, o candidato come\u00e7ou respondendo porque quer ser vice-prefeito de Feira de Santana.<\/p>\n\n\n\n<p><em>\u201cEu sou filiado ao partido Novo h\u00e1 aproximadamente 10 anos, desde que foi fundado aqui em Feira de Santana, fui o segundo ou terceiro filiado do partido. Sempre participei de articula\u00e7\u00f5es e alguns movimentos pol\u00edticos, mas nos bastidores da pol\u00edtica, junto com a minha classe, a cont\u00e1bil, temos o interesse no crescimento da cidade e abertura e no empreendedorismo. O partido formou uma chapa de vereadores com a pretens\u00e3o de lan\u00e7ar candidatura a prefeito, pois nas elei\u00e7\u00f5es passadas tivemos uma lacuna. Fui convidado ent\u00e3o para compor a chapa com Carlos Medeiros como vice. Aceitei o convite por acreditar que mais do mesmo n\u00e3o traz novidade. Ent\u00e3o quem est\u00e1 exercendo o mandato com os seus, h\u00e1 mais de 20 anos, e nem o governo do estado, que vai trazer um candidato para Feira que o modelo de gest\u00e3o n\u00e3o melhorou nenhum \u00edndice de qualidade de vida no estado\u201d.<\/em><\/p>\n\n\n\n<p><strong>Educa\u00e7\u00e3o<\/strong><\/p>\n\n\n\n<p>O contador por forma\u00e7\u00e3o critica a gest\u00e3o da verba da educa\u00e7\u00e3o na cidade, principalmente, da merenda escolar.<\/p>\n\n\n\n<p>\u201cAntes a merenda escolar era toda pela escola, mas o munic\u00edpio contratou uma empresa para fornecer para todas escolas. Antes do processo era 16 milh\u00f5es de reais gastos na merenda e depois desse processo essa empresa foi contratada com or\u00e7amento de 84 milh\u00f5es, de acordo com a APLB que nos passou essa informa\u00e7\u00e3o. A pergunta \u00e9:Esses meninos est\u00e3o comendo o que l\u00e1? Se formos na escola observar, vamos encontrar 4 ou 5 biscoitos, um suco em p\u00f3, mas por esse valor era para comer camar\u00e3o pistola. Feira de Santana tem o 8\u00b0 maior polo log\u00edstico do Brasil, ser\u00e1 que o custo de armazenamento dessa merenda toda \u00e9 isso tudo. Alimento \u00e9 perec\u00edvel, voc\u00ea n\u00e3o pode comprar um alimento em janeiro que consumir\u00e1 em dezembro. Qual a m\u00e9dia de sal\u00e1rio de um nutricionista l\u00e1 hoje? Precisa de um nutricionista para cada escola ou faz um card\u00e1pio para todas as escolas? Fica tudo imbu\u00eddo de fantasia essa explica\u00e7\u00e3o. Era para a gente estar com o melhor Ideb do Brasil pelo or\u00e7amento que a gente recebe\u201d.<\/p>\n\n\n\n<p><strong>&nbsp;Escolas p\u00fablicas em escolas para privadas<\/strong><\/p>\n\n\n\n<p>\u201cVamos instituir o voucher da educa\u00e7\u00e3o, dar o cr\u00e9dito para fam\u00edlia matricular o filho onde quiser, seja na escola p\u00fablica ou na escola privada, os pais v\u00e3o decidir. Vai ter essa migra\u00e7\u00e3o da escola p\u00fablica para escola privada, como a gente vai investir em jornada pedag\u00f3gica, trazer m\u00e9todos como em Joinville que existe avalia\u00e7\u00e3o por classe e por desempenho, vamos trazer esse modelo para Feira.Com essa migra\u00e7\u00e3o para rede privada, a gente vai colocar qualidade, subir a&nbsp;&nbsp; nota com recurso que tem que n\u00e3o \u00e9 pouco. Isso vai mudar em Feira, vamos para rede privada com voucher e depois volta porque escola p\u00fablica \u00e9 melhor. O que foi que aconteceu com o estado que se prop\u00f4s a ser o provedor da sa\u00fade, seguran\u00e7a e educa\u00e7\u00e3o e n\u00e3o entrega isso?\u201d.<\/p>\n\n\n\n<p><strong>Polariza\u00e7\u00e3o<\/strong><\/p>\n\n\n\n<p>Franklin defende a liberta\u00e7\u00e3o de vi\u00e9s pol\u00edtico em Feira e critica a polariza\u00e7\u00e3o.<\/p>\n\n\n\n<p>\u201cQuando a gente v\u00ea os \u00edndices de rejei\u00e7\u00e3o de um dos Z\u00e9s batendo 40%, o outro mais de 20%. O povo n\u00e3o pode ficar apenas nesse manique\u00edsmo \u2018Z\u00e9 1 \u00e9 tudo de ruim, Z\u00e9 2 \u00e9 tudo de bom\u2019. Esque\u00e7am isso. Todo mundo tem virtudes e defeitos. Temos que parar de tratar pol\u00edtica como se fosse um Ba Vi, um FLa FLu&#8230;Todos t\u00eam virtudes e qualidades, mas as virtudes desses candidatos a\u00ed n\u00e3o foram suficientes para a gente ver uma Feira de Santana melhor. Que n\u00e3o precise reclamar de buraco na rua, que na UPA n\u00e3o tem dipirona, que o exame de imagem para um diagn\u00f3stico de uma doen\u00e7a grave demore meses&#8230;N\u00e3o tem mais condi\u00e7\u00f5es da gente viver assim. Vamos nos libertar disso, acreditar no novo, acreditar que a gente \u00e9 capaz de mudar e colocar na nossa cabe\u00e7a que somos detentores do mandato enquanto eleitores e que devemos dar oportunidade para quem sabe fazer gest\u00e3o. O problema de Feira n\u00e3o \u00e9 falta de dinheiro, o problema \u00e9 falta de gest\u00e3o\u201d.<\/p>\n\n\n\n<p><strong>Duplica\u00e7\u00e3o da Art\u00eamia Pires<\/strong><\/p>\n\n\n\n<p>O candidato do Novo afirma que n\u00e3o acredita que a obra da duplica\u00e7\u00e3o da Art\u00eamia Pires saia do papel.<\/p>\n\n\n\n<p>\u201cA duplica\u00e7\u00e3o da Art\u00eamia, por exemplo. Era \u00f3bvio que aquilo iria congestionar e agora querem <em>desapropriar as \u00e1reas. Imaginem chegar aos condom\u00ednios para dizer \u2018Olha vou ter que tirar dois metros da sua frente\u2019. Sabem quanto custa o metro quadrado para fazer essa desapropria\u00e7\u00e3o? E se algu\u00e9m n\u00e3o aceitar? Vai acontecer como aconteceu no Campo S\u00e3o Paulo onde um senhor permaneceu por anos e anos para s\u00f3 depois aceitar o acordo para sair. Essa duplica\u00e7\u00e3o da Art\u00eamia n\u00e3o vai sair, est\u00e3o mentindo para voc\u00eas. Quantos condom\u00ednios tem ali para fazer o recuo?\u201d.<\/em><\/p>\n\n\n\n<p><strong>&nbsp;Turismo e Lazer<\/strong><\/p>\n\n\n\n<p>De acordo com Franco, Feira de Santana tem um potencial tur\u00edstico que vem sendo negligenciado pelo poder p\u00fablico.<\/p>\n\n\n\n<p><em>\u201cVoc\u00ea tem uma costa brasileira de mar, aqui em Feira a gente gosta muito de veranear na praia, mas temos diversos estados sem mar e com muito turismo. O que tem l\u00e1 que aqui n\u00e3o tem? A gente pode trazer isso pra aqui. Estava em Petrolina outro dia e tem uma orla l\u00e1 que \u00e9 lotada de pessoas, fica \u00e0 beira do rio. O que tem l\u00e1 que aqui n\u00e3o tem? Temos aqui o Rio Jacu\u00edpe que \u00e9 muito bom, onde j\u00e1 tentaram fazer esse empreendimento, mas n\u00e3o teve incentivo do poder p\u00fablico. Se chamar essa turma do entretenimento aqui em Feira e dizer que vai incentivar, dar isen\u00e7\u00e3o para instalar um bom restaurante, uma \u00e1rea de lazer com parque infantil na Lagoa do Jacar\u00e9, incentivar com bom benef\u00edcio para viabilizar o acesso ao Rio e a contrapartida seria manter o Rio limpo. Como temos um Rio daquele sem infraestrutura?\u201d<\/em><\/p>\n\n\n\n<p><strong>Cultura<\/strong><\/p>\n\n\n\n<p>O candidato defende o patroc\u00ednio privado na Micareta como alavanca da festa.<\/p>\n\n\n\n<p>\u201cA Micareta parou de ouvir a iniciativa privada. O munic\u00edpio s\u00f3 arrecada e n\u00e3o gera dinheiro, \u00e9 um s\u00f3cio que ningu\u00e9m pediu para ter. Voc\u00ea pode tomar preju\u00edzo como empres\u00e1rio, mas voc\u00ea tem de pagar seu imposto porque o poder p\u00fablico n\u00e3o quer nem saber se seu neg\u00f3cio deu lucro. \u00c9 preciso chamar a iniciativa privada e falar que quer fazer a Micareta, perguntar porque perderam o interesse, o que \u00e9 preciso para trazer isso de volta. Porque o Carnaval do Rio, S\u00e3o Paulo e Salvador, as participa\u00e7\u00f5es s\u00f3 aumentam? O que aqui tem de diferente? Vamos chamar a cervejaria, por exemplo, e solicitar um projeto para trazer aqui para Feira. Ser\u00e1 que o cara n\u00e3o quer ter essa publicidade gratuita? Temos que ouvir quem sabe fazer. Aparentemente o poder p\u00fablico n\u00e3o est\u00e1 sabendo investir em turismo, lazer e cultura aqui em Feira. A festa de Parintins, por exemplo, que o lugar \u00e9 longe, dif\u00edcil de chegar e mesmo assim bomba. Porque a Micareta de feira n\u00e3o?\u201d.<\/p>\n","protected":false},"excerpt":{"rendered":"<p>O candidato a vice-prefeito de Carlos Medeiros (Novo) em Feira de Santana, Franklin Franco, participou na manh\u00e3 desta sexta-feira (20), da sabatina do Pool de Comunica\u00e7\u00e3o liderado pelo Jornal Folha do Estado e com a maior cobertura online da cidade (R\u00e1dio Geral, TV Geral, Conectado News, Levante a voz, Jornal Folha do Estado e Portal [&hellip;]<\/p>\n","protected":false},"author":3,"featured_media":30007,"comment_status":"open","ping_status":"open","sticky":false,"template":"","format":"standard","meta":{"_monsterinsights_skip_tracking":false,"_monsterinsights_sitenote_active":false,"_monsterinsights_sitenote_note":"","_monsterinsights_sitenote_category":0,"footnotes":""},"categories":[301,34],"tags":[],"yoast_head":"<!-- This site is optimized with the Yoast SEO plugin v22.9 - https:\/\/yoast.com\/wordpress\/plugins\/seo\/ -->\n<title>Candidato a vice-prefeito do Novo, Franklin Franco,promete instituir o voucher da educa\u00e7\u00e3o em Feira - Portal MF<\/title>\n<meta name=\"robots\" content=\"index, follow, max-snippet:-1, max-image-preview:large, max-video-preview:-1\" \/>\n<link rel=\"canonical\" href=\"https:\/\/portalmf.com.br\/index.php\/2024\/09\/21\/candidato-a-vice-prefeito-do-novo-franklin-francopromete-instituir-o-voucher-da-educacao-em-feira\/\" \/>\n<meta property=\"og:locale\" content=\"pt_BR\" \/>\n<meta property=\"og:type\" content=\"article\" \/>\n<meta property=\"og:title\" content=\"Candidato a vice-prefeito do Novo, Franklin Franco,promete instituir o voucher da educa\u00e7\u00e3o em Feira - Portal MF\" \/>\n<meta property=\"og:description\" content=\"O candidato a vice-prefeito de Carlos Medeiros (Novo) em Feira de Santana, Franklin Franco, participou na manh\u00e3 desta sexta-feira (20), da sabatina do Pool de Comunica\u00e7\u00e3o liderado pelo Jornal Folha do Estado e com a maior cobertura online da cidade (R\u00e1dio Geral, TV Geral, Conectado News, Levante a voz, Jornal Folha do Estado e Portal [&hellip;]\" \/>\n<meta property=\"og:url\" content=\"https:\/\/portalmf.com.br\/index.php\/2024\/09\/21\/candidato-a-vice-prefeito-do-novo-franklin-francopromete-instituir-o-voucher-da-educacao-em-feira\/\" \/>\n<meta property=\"og:site_name\" content=\"Portal MF\" \/>\n<meta property=\"article:author\" content=\"https:\/\/www.facebook.com\/portalmfoficial\" \/>\n<meta property=\"article:published_time\" content=\"2024-09-21T15:23:16+00:00\" \/>\n<meta property=\"article:modified_time\" content=\"2024-09-21T15:23:18+00:00\" \/>\n<meta property=\"og:image\" content=\"https:\/\/portalmf.com.br\/wp-content\/uploads\/2024\/09\/entrevista_frankilin_franco.jpg\" \/>\n\t<meta property=\"og:image:width\" content=\"800\" \/>\n\t<meta property=\"og:image:height\" content=\"600\" \/>\n\t<meta property=\"og:image:type\" content=\"image\/jpeg\" \/>\n<meta name=\"author\" content=\"Reda\u00e7\u00e3o Portal MF\" \/>\n<meta name=\"twitter:card\" content=\"summary_large_image\" \/>\n<meta name=\"twitter:creator\" content=\"@https:\/\/x.com\/portalmfoficial\" \/>\n<meta name=\"twitter:label1\" content=\"Escrito por\" \/>\n\t<meta name=\"twitter:data1\" content=\"Reda\u00e7\u00e3o Portal MF\" \/>\n\t<meta name=\"twitter:label2\" content=\"Est. tempo de leitura\" \/>\n\t<meta name=\"twitter:data2\" content=\"7 minutos\" \/>\n<script type=\"application\/ld+json\" class=\"yoast-schema-graph\">{\"@context\":\"https:\/\/schema.org\",\"@graph\":[{\"@type\":\"WebPage\",\"@id\":\"https:\/\/portalmf.com.br\/index.php\/2024\/09\/21\/candidato-a-vice-prefeito-do-novo-franklin-francopromete-instituir-o-voucher-da-educacao-em-feira\/\",\"url\":\"https:\/\/portalmf.com.br\/index.php\/2024\/09\/21\/candidato-a-vice-prefeito-do-novo-franklin-francopromete-instituir-o-voucher-da-educacao-em-feira\/\",\"name\":\"Candidato a vice-prefeito do Novo, Franklin Franco,promete instituir o voucher da educa\u00e7\u00e3o em Feira - Portal MF\",\"isPartOf\":{\"@id\":\"https:\/\/portalmf.com.br\/#website\"},\"primaryImageOfPage\":{\"@id\":\"https:\/\/portalmf.com.br\/index.php\/2024\/09\/21\/candidato-a-vice-prefeito-do-novo-franklin-francopromete-instituir-o-voucher-da-educacao-em-feira\/#primaryimage\"},\"image\":{\"@id\":\"https:\/\/portalmf.com.br\/index.php\/2024\/09\/21\/candidato-a-vice-prefeito-do-novo-franklin-francopromete-instituir-o-voucher-da-educacao-em-feira\/#primaryimage\"},\"thumbnailUrl\":\"https:\/\/portalmf.com.br\/wp-content\/uploads\/2024\/09\/entrevista_frankilin_franco.jpg\",\"datePublished\":\"2024-09-21T15:23:16+00:00\",\"dateModified\":\"2024-09-21T15:23:18+00:00\",\"author\":{\"@id\":\"https:\/\/portalmf.com.br\/#\/schema\/person\/9ec101baf56233e53520c26de5d6f6f0\"},\"breadcrumb\":{\"@id\":\"https:\/\/portalmf.com.br\/index.php\/2024\/09\/21\/candidato-a-vice-prefeito-do-novo-franklin-francopromete-instituir-o-voucher-da-educacao-em-feira\/#breadcrumb\"},\"inLanguage\":\"pt-BR\",\"potentialAction\":[{\"@type\":\"ReadAction\",\"target\":[\"https:\/\/portalmf.com.br\/index.php\/2024\/09\/21\/candidato-a-vice-prefeito-do-novo-franklin-francopromete-instituir-o-voucher-da-educacao-em-feira\/\"]}]},{\"@type\":\"ImageObject\",\"inLanguage\":\"pt-BR\",\"@id\":\"https:\/\/portalmf.com.br\/index.php\/2024\/09\/21\/candidato-a-vice-prefeito-do-novo-franklin-francopromete-instituir-o-voucher-da-educacao-em-feira\/#primaryimage\",\"url\":\"https:\/\/portalmf.com.br\/wp-content\/uploads\/2024\/09\/entrevista_frankilin_franco.jpg\",\"contentUrl\":\"https:\/\/portalmf.com.br\/wp-content\/uploads\/2024\/09\/entrevista_frankilin_franco.jpg\",\"width\":800,\"height\":600},{\"@type\":\"BreadcrumbList\",\"@id\":\"https:\/\/portalmf.com.br\/index.php\/2024\/09\/21\/candidato-a-vice-prefeito-do-novo-franklin-francopromete-instituir-o-voucher-da-educacao-em-feira\/#breadcrumb\",\"itemListElement\":[{\"@type\":\"ListItem\",\"position\":1,\"name\":\"In\u00edcio\",\"item\":\"https:\/\/portalmf.com.br\/\"},{\"@type\":\"ListItem\",\"position\":2,\"name\":\"Candidato a vice-prefeito do Novo, Franklin Franco,promete instituir o voucher da educa\u00e7\u00e3o em Feira\"}]},{\"@type\":\"WebSite\",\"@id\":\"https:\/\/portalmf.com.br\/#website\",\"url\":\"https:\/\/portalmf.com.br\/\",\"name\":\"Portal MF\",\"description\":\"Voc\u00ea conectado com a informa\u00e7\u00e3o\",\"potentialAction\":[{\"@type\":\"SearchAction\",\"target\":{\"@type\":\"EntryPoint\",\"urlTemplate\":\"https:\/\/portalmf.com.br\/?s={search_term_string}\"},\"query-input\":\"required name=search_term_string\"}],\"inLanguage\":\"pt-BR\"},{\"@type\":\"Person\",\"@id\":\"https:\/\/portalmf.com.br\/#\/schema\/person\/9ec101baf56233e53520c26de5d6f6f0\",\"name\":\"Reda\u00e7\u00e3o Portal MF\",\"image\":{\"@type\":\"ImageObject\",\"inLanguage\":\"pt-BR\",\"@id\":\"https:\/\/portalmf.com.br\/#\/schema\/person\/image\/\",\"url\":\"https:\/\/secure.gravatar.com\/avatar\/41b9aaeb2100835f7c64362330f74c7f?s=96&d=mm&r=g\",\"contentUrl\":\"https:\/\/secure.gravatar.com\/avatar\/41b9aaeb2100835f7c64362330f74c7f?s=96&d=mm&r=g\",\"caption\":\"Reda\u00e7\u00e3o Portal MF\"},\"description\":\"Sejam bem-vindos o portal de informa\u00e7\u00f5es de entretenimento de Feira de Santana, desde 2006 realiza coberturas dos principais eventos com entrevistas exclusivas com as principais personalidades mundiais. Fique conectado tamb\u00e9m nas redes sociais.\",\"sameAs\":[\"http:\/\/www.portalmf.com.br\/\",\"https:\/\/www.facebook.com\/portalmfoficial\",\"https:\/\/www.instagram.com\/portalmf\/\",\"https:\/\/x.com\/https:\/\/x.com\/portalmfoficial\",\"https:\/\/www.youtube.com\/@portalmfoficial\"],\"url\":\"https:\/\/portalmf.com.br\/index.php\/author\/junior\/\"}]}<\/script>\n<!-- \/ Yoast SEO plugin. -->","yoast_head_json":{"title":"Candidato a vice-prefeito do Novo, Franklin Franco,promete instituir o voucher da educa\u00e7\u00e3o em Feira - Portal MF","robots":{"index":"index","follow":"follow","max-snippet":"max-snippet:-1","max-image-preview":"max-image-preview:large","max-video-preview":"max-video-preview:-1"},"canonical":"https:\/\/portalmf.com.br\/index.php\/2024\/09\/21\/candidato-a-vice-prefeito-do-novo-franklin-francopromete-instituir-o-voucher-da-educacao-em-feira\/","og_locale":"pt_BR","og_type":"article","og_title":"Candidato a vice-prefeito do Novo, Franklin Franco,promete instituir o voucher da educa\u00e7\u00e3o em Feira - Portal MF","og_description":"O candidato a vice-prefeito de Carlos Medeiros (Novo) em Feira de Santana, Franklin Franco, participou na manh\u00e3 desta sexta-feira (20), da sabatina do Pool de Comunica\u00e7\u00e3o liderado pelo Jornal Folha do Estado e com a maior cobertura online da cidade (R\u00e1dio Geral, TV Geral, Conectado News, Levante a voz, Jornal Folha do Estado e Portal [&hellip;]","og_url":"https:\/\/portalmf.com.br\/index.php\/2024\/09\/21\/candidato-a-vice-prefeito-do-novo-franklin-francopromete-instituir-o-voucher-da-educacao-em-feira\/","og_site_name":"Portal MF","article_author":"https:\/\/www.facebook.com\/portalmfoficial","article_published_time":"2024-09-21T15:23:16+00:00","article_modified_time":"2024-09-21T15:23:18+00:00","og_image":[{"width":800,"height":600,"url":"https:\/\/portalmf.com.br\/wp-content\/uploads\/2024\/09\/entrevista_frankilin_franco.jpg","type":"image\/jpeg"}],"author":"Reda\u00e7\u00e3o Portal MF","twitter_card":"summary_large_image","twitter_creator":"@https:\/\/x.com\/portalmfoficial","twitter_misc":{"Escrito por":"Reda\u00e7\u00e3o Portal MF","Est. tempo de leitura":"7 minutos"},"schema":{"@context":"https:\/\/schema.org","@graph":[{"@type":"WebPage","@id":"https:\/\/portalmf.com.br\/index.php\/2024\/09\/21\/candidato-a-vice-prefeito-do-novo-franklin-francopromete-instituir-o-voucher-da-educacao-em-feira\/","url":"https:\/\/portalmf.com.br\/index.php\/2024\/09\/21\/candidato-a-vice-prefeito-do-novo-franklin-francopromete-instituir-o-voucher-da-educacao-em-feira\/","name":"Candidato a vice-prefeito do Novo, Franklin Franco,promete instituir o voucher da educa\u00e7\u00e3o em Feira - Portal MF","isPartOf":{"@id":"https:\/\/portalmf.com.br\/#website"},"primaryImageOfPage":{"@id":"https:\/\/portalmf.com.br\/index.php\/2024\/09\/21\/candidato-a-vice-prefeito-do-novo-franklin-francopromete-instituir-o-voucher-da-educacao-em-feira\/#primaryimage"},"image":{"@id":"https:\/\/portalmf.com.br\/index.php\/2024\/09\/21\/candidato-a-vice-prefeito-do-novo-franklin-francopromete-instituir-o-voucher-da-educacao-em-feira\/#primaryimage"},"thumbnailUrl":"https:\/\/portalmf.com.br\/wp-content\/uploads\/2024\/09\/entrevista_frankilin_franco.jpg","datePublished":"2024-09-21T15:23:16+00:00","dateModified":"2024-09-21T15:23:18+00:00","author":{"@id":"https:\/\/portalmf.com.br\/#\/schema\/person\/9ec101baf56233e53520c26de5d6f6f0"},"breadcrumb":{"@id":"https:\/\/portalmf.com.br\/index.php\/2024\/09\/21\/candidato-a-vice-prefeito-do-novo-franklin-francopromete-instituir-o-voucher-da-educacao-em-feira\/#breadcrumb"},"inLanguage":"pt-BR","potentialAction":[{"@type":"ReadAction","target":["https:\/\/portalmf.com.br\/index.php\/2024\/09\/21\/candidato-a-vice-prefeito-do-novo-franklin-francopromete-instituir-o-voucher-da-educacao-em-feira\/"]}]},{"@type":"ImageObject","inLanguage":"pt-BR","@id":"https:\/\/portalmf.com.br\/index.php\/2024\/09\/21\/candidato-a-vice-prefeito-do-novo-franklin-francopromete-instituir-o-voucher-da-educacao-em-feira\/#primaryimage","url":"https:\/\/portalmf.com.br\/wp-content\/uploads\/2024\/09\/entrevista_frankilin_franco.jpg","contentUrl":"https:\/\/portalmf.com.br\/wp-content\/uploads\/2024\/09\/entrevista_frankilin_franco.jpg","width":800,"height":600},{"@type":"BreadcrumbList","@id":"https:\/\/portalmf.com.br\/index.php\/2024\/09\/21\/candidato-a-vice-prefeito-do-novo-franklin-francopromete-instituir-o-voucher-da-educacao-em-feira\/#breadcrumb","itemListElement":[{"@type":"ListItem","position":1,"name":"In\u00edcio","item":"https:\/\/portalmf.com.br\/"},{"@type":"ListItem","position":2,"name":"Candidato a vice-prefeito do Novo, Franklin Franco,promete instituir o voucher da educa\u00e7\u00e3o em Feira"}]},{"@type":"WebSite","@id":"https:\/\/portalmf.com.br\/#website","url":"https:\/\/portalmf.com.br\/","name":"Portal MF","description":"Voc\u00ea conectado com a informa\u00e7\u00e3o","potentialAction":[{"@type":"SearchAction","target":{"@type":"EntryPoint","urlTemplate":"https:\/\/portalmf.com.br\/?s={search_term_string}"},"query-input":"required name=search_term_string"}],"inLanguage":"pt-BR"},{"@type":"Person","@id":"https:\/\/portalmf.com.br\/#\/schema\/person\/9ec101baf56233e53520c26de5d6f6f0","name":"Reda\u00e7\u00e3o Portal MF","image":{"@type":"ImageObject","inLanguage":"pt-BR","@id":"https:\/\/portalmf.com.br\/#\/schema\/person\/image\/","url":"https:\/\/secure.gravatar.com\/avatar\/41b9aaeb2100835f7c64362330f74c7f?s=96&d=mm&r=g","contentUrl":"https:\/\/secure.gravatar.com\/avatar\/41b9aaeb2100835f7c64362330f74c7f?s=96&d=mm&r=g","caption":"Reda\u00e7\u00e3o Portal MF"},"description":"Sejam bem-vindos o portal de informa\u00e7\u00f5es de entretenimento de Feira de Santana, desde 2006 realiza coberturas dos principais eventos com entrevistas exclusivas com as principais personalidades mundiais. Fique conectado tamb\u00e9m nas redes sociais.","sameAs":["http:\/\/www.portalmf.com.br\/","https:\/\/www.facebook.com\/portalmfoficial","https:\/\/www.instagram.com\/portalmf\/","https:\/\/x.com\/https:\/\/x.com\/portalmfoficial","https:\/\/www.youtube.com\/@portalmfoficial"],"url":"https:\/\/portalmf.com.br\/index.php\/author\/junior\/"}]}},"_links":{"self":[{"href":"https:\/\/portalmf.com.br\/index.php\/wp-json\/wp\/v2\/posts\/30006"}],"collection":[{"href":"https:\/\/portalmf.com.br\/index.php\/wp-json\/wp\/v2\/posts"}],"about":[{"href":"https:\/\/portalmf.com.br\/index.php\/wp-json\/wp\/v2\/types\/post"}],"author":[{"embeddable":true,"href":"https:\/\/portalmf.com.br\/index.php\/wp-json\/wp\/v2\/users\/3"}],"replies":[{"embeddable":true,"href":"https:\/\/portalmf.com.br\/index.php\/wp-json\/wp\/v2\/comments?post=30006"}],"version-history":[{"count":1,"href":"https:\/\/portalmf.com.br\/index.php\/wp-json\/wp\/v2\/posts\/30006\/revisions"}],"predecessor-version":[{"id":30008,"href":"https:\/\/portalmf.com.br\/index.php\/wp-json\/wp\/v2\/posts\/30006\/revisions\/30008"}],"wp:featuredmedia":[{"embeddable":true,"href":"https:\/\/portalmf.com.br\/index.php\/wp-json\/wp\/v2\/media\/30007"}],"wp:attachment":[{"href":"https:\/\/portalmf.com.br\/index.php\/wp-json\/wp\/v2\/media?parent=30006"}],"wp:term":[{"taxonomy":"category","embeddable":true,"href":"https:\/\/portalmf.com.br\/index.php\/wp-json\/wp\/v2\/categories?post=30006"},{"taxonomy":"post_tag","embeddable":true,"href":"https:\/\/portalmf.com.br\/index.php\/wp-json\/wp\/v2\/tags?post=30006"}],"curies":[{"name":"wp","href":"https:\/\/api.w.org\/{rel}","templated":true}]}}