{"id":29998,"date":"2024-09-21T11:44:14","date_gmt":"2024-09-21T14:44:14","guid":{"rendered":"https:\/\/portalmf.com.br\/?p=29998"},"modified":"2024-09-21T11:44:45","modified_gmt":"2024-09-21T14:44:45","slug":"29998jose-ronaldo-caminha-na-gabriela-e-assume-compromisso-de-pavimentar-o-tangara","status":"publish","type":"post","link":"https:\/\/portalmf.com.br\/index.php\/2024\/09\/21\/29998jose-ronaldo-caminha-na-gabriela-e-assume-compromisso-de-pavimentar-o-tangara\/","title":{"rendered":"Jos\u00e9 Ronaldo caminha na Gabriela e assume compromisso de pavimentar o Tangar\u00e1"},"content":{"rendered":"\n<p>A comunidade do loteamento Tangar\u00e1, na regi\u00e3o da Gabriela, em Feira de Santana, est\u00e1 prestes a ser contemplada com obras de pavimenta\u00e7\u00e3o, caso Jos\u00e9 Ronaldo (Uni\u00e3o Brasil) seja eleito prefeito. O compromisso foi assumido pelo candidato na noite de ontem (19), durante uma caminhada pelas ruas da Gabriela, local completamente urbanizado durante as gest\u00f5es anteriores de Ronaldo.<\/p>\n\n\n\n<p>Acompanhado por Pablo Roberto (PSDB), candidato a vice-prefeito, e por diversos candidatos a vereador, Jos\u00e9 Ronaldo percorreu o bairro em meio a uma grande recep\u00e7\u00e3o popular, com centenas de moradores presentes, refor\u00e7ando o apoio da comunidade.<\/p>\n\n\n\n<figure class=\"wp-block-image size-full\"><img fetchpriority=\"high\" decoding=\"async\" width=\"1299\" height=\"866\" src=\"https:\/\/portalmf.com.br\/wp-content\/uploads\/2024\/09\/Jose-Ronaldo-caminha-na-Gabriela-e-assume-compromisso-de-pavimentar-o-Tangara_.jpg\" alt=\"\" class=\"wp-image-29999\" srcset=\"https:\/\/portalmf.com.br\/wp-content\/uploads\/2024\/09\/Jose-Ronaldo-caminha-na-Gabriela-e-assume-compromisso-de-pavimentar-o-Tangara_.jpg 1299w, https:\/\/portalmf.com.br\/wp-content\/uploads\/2024\/09\/Jose-Ronaldo-caminha-na-Gabriela-e-assume-compromisso-de-pavimentar-o-Tangara_-300x200.jpg 300w, https:\/\/portalmf.com.br\/wp-content\/uploads\/2024\/09\/Jose-Ronaldo-caminha-na-Gabriela-e-assume-compromisso-de-pavimentar-o-Tangara_-1024x683.jpg 1024w, https:\/\/portalmf.com.br\/wp-content\/uploads\/2024\/09\/Jose-Ronaldo-caminha-na-Gabriela-e-assume-compromisso-de-pavimentar-o-Tangara_-768x512.jpg 768w, https:\/\/portalmf.com.br\/wp-content\/uploads\/2024\/09\/Jose-Ronaldo-caminha-na-Gabriela-e-assume-compromisso-de-pavimentar-o-Tangara_-696x464.jpg 696w, https:\/\/portalmf.com.br\/wp-content\/uploads\/2024\/09\/Jose-Ronaldo-caminha-na-Gabriela-e-assume-compromisso-de-pavimentar-o-Tangara_-1068x712.jpg 1068w\" sizes=\"(max-width: 1299px) 100vw, 1299px\" \/><\/figure>\n\n\n\n<p>Durante o evento, o ex-prefeito expressou seu carinho pela regi\u00e3o, que tem um significado especial em sua trajet\u00f3ria pol\u00edtica.<\/p>\n\n\n\n<p><em>&#8220;Foi neste bairro que realizei a minha primeira reuni\u00e3o como vereador eleito. Pavimentamos 100% das ruas da Gabriela, al\u00e9m de construirmos escolas e postos de sa\u00fade&#8221;, <\/em>relembrou, ressaltando a conex\u00e3o de longa data com os moradores.<\/p>\n\n\n\n<p>Al\u00e9m de relembrar suas a\u00e7\u00f5es passadas, Jos\u00e9 Ronaldo aproveitou a ocasi\u00e3o para refor\u00e7ar seu compromisso com o futuro de Feira de Santana. Ele prometeu que, caso eleito, seu governo dar\u00e1 continuidade ao desenvolvimento urbano da cidade, garantindo que a pavimenta\u00e7\u00e3o do Tangar\u00e1 ser\u00e1 uma prioridade.<\/p>\n\n\n\n<p><em>\u201cEu sempre cumpri todos os compromissos que assumi com a popula\u00e7\u00e3o. Minha experi\u00eancia como administrador p\u00fablico me torna preparado para continuar fazendo nossa cidade crescer e enfrentar os desafios que vir\u00e3o&#8221;,<\/em> afirmou o candidato.<\/p>\n\n\n\n<p>Com informa\u00e7\u00f5es da Ascom\/Jos\u00e9 Ronaldo<\/p>\n","protected":false},"excerpt":{"rendered":"<p>A comunidade do loteamento Tangar\u00e1, na regi\u00e3o da Gabriela, em Feira de Santana, est\u00e1 prestes a ser contemplada com obras de pavimenta\u00e7\u00e3o, caso Jos\u00e9 Ronaldo (Uni\u00e3o Brasil) seja eleito prefeito. O compromisso foi assumido pelo candidato na noite de ontem (19), durante uma caminhada pelas ruas da Gabriela, local completamente urbanizado durante as gest\u00f5es anteriores [&hellip;]<\/p>\n","protected":false},"author":3,"featured_media":30000,"comment_status":"open","ping_status":"open","sticky":false,"template":"","format":"standard","meta":{"_monsterinsights_skip_tracking":false,"_monsterinsights_sitenote_active":false,"_monsterinsights_sitenote_note":"","_monsterinsights_sitenote_category":0,"footnotes":""},"categories":[301,34],"tags":[],"yoast_head":"<!-- This site is optimized with the Yoast SEO plugin v22.9 - https:\/\/yoast.com\/wordpress\/plugins\/seo\/ -->\n<title>Jos\u00e9 Ronaldo caminha na Gabriela e assume compromisso de pavimentar o Tangar\u00e1 - Portal MF<\/title>\n<meta name=\"robots\" content=\"index, follow, max-snippet:-1, max-image-preview:large, max-video-preview:-1\" \/>\n<link rel=\"canonical\" href=\"https:\/\/portalmf.com.br\/index.php\/2024\/09\/21\/29998jose-ronaldo-caminha-na-gabriela-e-assume-compromisso-de-pavimentar-o-tangara\/\" \/>\n<meta property=\"og:locale\" content=\"pt_BR\" \/>\n<meta property=\"og:type\" content=\"article\" \/>\n<meta property=\"og:title\" content=\"Jos\u00e9 Ronaldo caminha na Gabriela e assume compromisso de pavimentar o Tangar\u00e1 - Portal MF\" \/>\n<meta property=\"og:description\" content=\"A comunidade do loteamento Tangar\u00e1, na regi\u00e3o da Gabriela, em Feira de Santana, est\u00e1 prestes a ser contemplada com obras de pavimenta\u00e7\u00e3o, caso Jos\u00e9 Ronaldo (Uni\u00e3o Brasil) seja eleito prefeito. O compromisso foi assumido pelo candidato na noite de ontem (19), durante uma caminhada pelas ruas da Gabriela, local completamente urbanizado durante as gest\u00f5es anteriores [&hellip;]\" \/>\n<meta property=\"og:url\" content=\"https:\/\/portalmf.com.br\/index.php\/2024\/09\/21\/29998jose-ronaldo-caminha-na-gabriela-e-assume-compromisso-de-pavimentar-o-tangara\/\" \/>\n<meta property=\"og:site_name\" content=\"Portal MF\" \/>\n<meta property=\"article:author\" content=\"https:\/\/www.facebook.com\/portalmfoficial\" \/>\n<meta property=\"article:published_time\" content=\"2024-09-21T14:44:14+00:00\" \/>\n<meta property=\"article:modified_time\" content=\"2024-09-21T14:44:45+00:00\" \/>\n<meta property=\"og:image\" content=\"https:\/\/portalmf.com.br\/wp-content\/uploads\/2024\/09\/Jose-Ronaldo-caminha-na-Gabriela-e-assume-compromisso-de-pavimentar-o-Tangara_1.jpg\" \/>\n\t<meta property=\"og:image:width\" content=\"922\" \/>\n\t<meta property=\"og:image:height\" content=\"754\" \/>\n\t<meta property=\"og:image:type\" content=\"image\/jpeg\" \/>\n<meta name=\"author\" content=\"Reda\u00e7\u00e3o Portal MF\" \/>\n<meta name=\"twitter:card\" content=\"summary_large_image\" \/>\n<meta name=\"twitter:creator\" content=\"@https:\/\/x.com\/portalmfoficial\" \/>\n<meta name=\"twitter:label1\" content=\"Escrito por\" \/>\n\t<meta name=\"twitter:data1\" content=\"Reda\u00e7\u00e3o Portal MF\" \/>\n\t<meta name=\"twitter:label2\" content=\"Est. tempo de leitura\" \/>\n\t<meta name=\"twitter:data2\" content=\"2 minutos\" \/>\n<script type=\"application\/ld+json\" class=\"yoast-schema-graph\">{\"@context\":\"https:\/\/schema.org\",\"@graph\":[{\"@type\":\"WebPage\",\"@id\":\"https:\/\/portalmf.com.br\/index.php\/2024\/09\/21\/29998jose-ronaldo-caminha-na-gabriela-e-assume-compromisso-de-pavimentar-o-tangara\/\",\"url\":\"https:\/\/portalmf.com.br\/index.php\/2024\/09\/21\/29998jose-ronaldo-caminha-na-gabriela-e-assume-compromisso-de-pavimentar-o-tangara\/\",\"name\":\"Jos\u00e9 Ronaldo caminha na Gabriela e assume compromisso de pavimentar o Tangar\u00e1 - Portal MF\",\"isPartOf\":{\"@id\":\"https:\/\/portalmf.com.br\/#website\"},\"primaryImageOfPage\":{\"@id\":\"https:\/\/portalmf.com.br\/index.php\/2024\/09\/21\/29998jose-ronaldo-caminha-na-gabriela-e-assume-compromisso-de-pavimentar-o-tangara\/#primaryimage\"},\"image\":{\"@id\":\"https:\/\/portalmf.com.br\/index.php\/2024\/09\/21\/29998jose-ronaldo-caminha-na-gabriela-e-assume-compromisso-de-pavimentar-o-tangara\/#primaryimage\"},\"thumbnailUrl\":\"https:\/\/portalmf.com.br\/wp-content\/uploads\/2024\/09\/Jose-Ronaldo-caminha-na-Gabriela-e-assume-compromisso-de-pavimentar-o-Tangara_1.jpg\",\"datePublished\":\"2024-09-21T14:44:14+00:00\",\"dateModified\":\"2024-09-21T14:44:45+00:00\",\"author\":{\"@id\":\"https:\/\/portalmf.com.br\/#\/schema\/person\/9ec101baf56233e53520c26de5d6f6f0\"},\"breadcrumb\":{\"@id\":\"https:\/\/portalmf.com.br\/index.php\/2024\/09\/21\/29998jose-ronaldo-caminha-na-gabriela-e-assume-compromisso-de-pavimentar-o-tangara\/#breadcrumb\"},\"inLanguage\":\"pt-BR\",\"potentialAction\":[{\"@type\":\"ReadAction\",\"target\":[\"https:\/\/portalmf.com.br\/index.php\/2024\/09\/21\/29998jose-ronaldo-caminha-na-gabriela-e-assume-compromisso-de-pavimentar-o-tangara\/\"]}]},{\"@type\":\"ImageObject\",\"inLanguage\":\"pt-BR\",\"@id\":\"https:\/\/portalmf.com.br\/index.php\/2024\/09\/21\/29998jose-ronaldo-caminha-na-gabriela-e-assume-compromisso-de-pavimentar-o-tangara\/#primaryimage\",\"url\":\"https:\/\/portalmf.com.br\/wp-content\/uploads\/2024\/09\/Jose-Ronaldo-caminha-na-Gabriela-e-assume-compromisso-de-pavimentar-o-Tangara_1.jpg\",\"contentUrl\":\"https:\/\/portalmf.com.br\/wp-content\/uploads\/2024\/09\/Jose-Ronaldo-caminha-na-Gabriela-e-assume-compromisso-de-pavimentar-o-Tangara_1.jpg\",\"width\":922,\"height\":754},{\"@type\":\"BreadcrumbList\",\"@id\":\"https:\/\/portalmf.com.br\/index.php\/2024\/09\/21\/29998jose-ronaldo-caminha-na-gabriela-e-assume-compromisso-de-pavimentar-o-tangara\/#breadcrumb\",\"itemListElement\":[{\"@type\":\"ListItem\",\"position\":1,\"name\":\"In\u00edcio\",\"item\":\"https:\/\/portalmf.com.br\/\"},{\"@type\":\"ListItem\",\"position\":2,\"name\":\"Jos\u00e9 Ronaldo caminha na Gabriela e assume compromisso de pavimentar o Tangar\u00e1\"}]},{\"@type\":\"WebSite\",\"@id\":\"https:\/\/portalmf.com.br\/#website\",\"url\":\"https:\/\/portalmf.com.br\/\",\"name\":\"Portal MF\",\"description\":\"Voc\u00ea conectado com a informa\u00e7\u00e3o\",\"potentialAction\":[{\"@type\":\"SearchAction\",\"target\":{\"@type\":\"EntryPoint\",\"urlTemplate\":\"https:\/\/portalmf.com.br\/?s={search_term_string}\"},\"query-input\":\"required name=search_term_string\"}],\"inLanguage\":\"pt-BR\"},{\"@type\":\"Person\",\"@id\":\"https:\/\/portalmf.com.br\/#\/schema\/person\/9ec101baf56233e53520c26de5d6f6f0\",\"name\":\"Reda\u00e7\u00e3o Portal MF\",\"image\":{\"@type\":\"ImageObject\",\"inLanguage\":\"pt-BR\",\"@id\":\"https:\/\/portalmf.com.br\/#\/schema\/person\/image\/\",\"url\":\"https:\/\/secure.gravatar.com\/avatar\/41b9aaeb2100835f7c64362330f74c7f?s=96&d=mm&r=g\",\"contentUrl\":\"https:\/\/secure.gravatar.com\/avatar\/41b9aaeb2100835f7c64362330f74c7f?s=96&d=mm&r=g\",\"caption\":\"Reda\u00e7\u00e3o Portal MF\"},\"description\":\"Sejam bem-vindos o portal de informa\u00e7\u00f5es de entretenimento de Feira de Santana, desde 2006 realiza coberturas dos principais eventos com entrevistas exclusivas com as principais personalidades mundiais. Fique conectado tamb\u00e9m nas redes sociais.\",\"sameAs\":[\"http:\/\/www.portalmf.com.br\/\",\"https:\/\/www.facebook.com\/portalmfoficial\",\"https:\/\/www.instagram.com\/portalmf\/\",\"https:\/\/x.com\/https:\/\/x.com\/portalmfoficial\",\"https:\/\/www.youtube.com\/@portalmfoficial\"],\"url\":\"https:\/\/portalmf.com.br\/index.php\/author\/junior\/\"}]}<\/script>\n<!-- \/ Yoast SEO plugin. -->","yoast_head_json":{"title":"Jos\u00e9 Ronaldo caminha na Gabriela e assume compromisso de pavimentar o Tangar\u00e1 - Portal MF","robots":{"index":"index","follow":"follow","max-snippet":"max-snippet:-1","max-image-preview":"max-image-preview:large","max-video-preview":"max-video-preview:-1"},"canonical":"https:\/\/portalmf.com.br\/index.php\/2024\/09\/21\/29998jose-ronaldo-caminha-na-gabriela-e-assume-compromisso-de-pavimentar-o-tangara\/","og_locale":"pt_BR","og_type":"article","og_title":"Jos\u00e9 Ronaldo caminha na Gabriela e assume compromisso de pavimentar o Tangar\u00e1 - Portal MF","og_description":"A comunidade do loteamento Tangar\u00e1, na regi\u00e3o da Gabriela, em Feira de Santana, est\u00e1 prestes a ser contemplada com obras de pavimenta\u00e7\u00e3o, caso Jos\u00e9 Ronaldo (Uni\u00e3o Brasil) seja eleito prefeito. O compromisso foi assumido pelo candidato na noite de ontem (19), durante uma caminhada pelas ruas da Gabriela, local completamente urbanizado durante as gest\u00f5es anteriores [&hellip;]","og_url":"https:\/\/portalmf.com.br\/index.php\/2024\/09\/21\/29998jose-ronaldo-caminha-na-gabriela-e-assume-compromisso-de-pavimentar-o-tangara\/","og_site_name":"Portal MF","article_author":"https:\/\/www.facebook.com\/portalmfoficial","article_published_time":"2024-09-21T14:44:14+00:00","article_modified_time":"2024-09-21T14:44:45+00:00","og_image":[{"width":922,"height":754,"url":"https:\/\/portalmf.com.br\/wp-content\/uploads\/2024\/09\/Jose-Ronaldo-caminha-na-Gabriela-e-assume-compromisso-de-pavimentar-o-Tangara_1.jpg","type":"image\/jpeg"}],"author":"Reda\u00e7\u00e3o Portal MF","twitter_card":"summary_large_image","twitter_creator":"@https:\/\/x.com\/portalmfoficial","twitter_misc":{"Escrito por":"Reda\u00e7\u00e3o Portal MF","Est. tempo de leitura":"2 minutos"},"schema":{"@context":"https:\/\/schema.org","@graph":[{"@type":"WebPage","@id":"https:\/\/portalmf.com.br\/index.php\/2024\/09\/21\/29998jose-ronaldo-caminha-na-gabriela-e-assume-compromisso-de-pavimentar-o-tangara\/","url":"https:\/\/portalmf.com.br\/index.php\/2024\/09\/21\/29998jose-ronaldo-caminha-na-gabriela-e-assume-compromisso-de-pavimentar-o-tangara\/","name":"Jos\u00e9 Ronaldo caminha na Gabriela e assume compromisso de pavimentar o Tangar\u00e1 - Portal MF","isPartOf":{"@id":"https:\/\/portalmf.com.br\/#website"},"primaryImageOfPage":{"@id":"https:\/\/portalmf.com.br\/index.php\/2024\/09\/21\/29998jose-ronaldo-caminha-na-gabriela-e-assume-compromisso-de-pavimentar-o-tangara\/#primaryimage"},"image":{"@id":"https:\/\/portalmf.com.br\/index.php\/2024\/09\/21\/29998jose-ronaldo-caminha-na-gabriela-e-assume-compromisso-de-pavimentar-o-tangara\/#primaryimage"},"thumbnailUrl":"https:\/\/portalmf.com.br\/wp-content\/uploads\/2024\/09\/Jose-Ronaldo-caminha-na-Gabriela-e-assume-compromisso-de-pavimentar-o-Tangara_1.jpg","datePublished":"2024-09-21T14:44:14+00:00","dateModified":"2024-09-21T14:44:45+00:00","author":{"@id":"https:\/\/portalmf.com.br\/#\/schema\/person\/9ec101baf56233e53520c26de5d6f6f0"},"breadcrumb":{"@id":"https:\/\/portalmf.com.br\/index.php\/2024\/09\/21\/29998jose-ronaldo-caminha-na-gabriela-e-assume-compromisso-de-pavimentar-o-tangara\/#breadcrumb"},"inLanguage":"pt-BR","potentialAction":[{"@type":"ReadAction","target":["https:\/\/portalmf.com.br\/index.php\/2024\/09\/21\/29998jose-ronaldo-caminha-na-gabriela-e-assume-compromisso-de-pavimentar-o-tangara\/"]}]},{"@type":"ImageObject","inLanguage":"pt-BR","@id":"https:\/\/portalmf.com.br\/index.php\/2024\/09\/21\/29998jose-ronaldo-caminha-na-gabriela-e-assume-compromisso-de-pavimentar-o-tangara\/#primaryimage","url":"https:\/\/portalmf.com.br\/wp-content\/uploads\/2024\/09\/Jose-Ronaldo-caminha-na-Gabriela-e-assume-compromisso-de-pavimentar-o-Tangara_1.jpg","contentUrl":"https:\/\/portalmf.com.br\/wp-content\/uploads\/2024\/09\/Jose-Ronaldo-caminha-na-Gabriela-e-assume-compromisso-de-pavimentar-o-Tangara_1.jpg","width":922,"height":754},{"@type":"BreadcrumbList","@id":"https:\/\/portalmf.com.br\/index.php\/2024\/09\/21\/29998jose-ronaldo-caminha-na-gabriela-e-assume-compromisso-de-pavimentar-o-tangara\/#breadcrumb","itemListElement":[{"@type":"ListItem","position":1,"name":"In\u00edcio","item":"https:\/\/portalmf.com.br\/"},{"@type":"ListItem","position":2,"name":"Jos\u00e9 Ronaldo caminha na Gabriela e assume compromisso de pavimentar o Tangar\u00e1"}]},{"@type":"WebSite","@id":"https:\/\/portalmf.com.br\/#website","url":"https:\/\/portalmf.com.br\/","name":"Portal MF","description":"Voc\u00ea conectado com a informa\u00e7\u00e3o","potentialAction":[{"@type":"SearchAction","target":{"@type":"EntryPoint","urlTemplate":"https:\/\/portalmf.com.br\/?s={search_term_string}"},"query-input":"required name=search_term_string"}],"inLanguage":"pt-BR"},{"@type":"Person","@id":"https:\/\/portalmf.com.br\/#\/schema\/person\/9ec101baf56233e53520c26de5d6f6f0","name":"Reda\u00e7\u00e3o Portal MF","image":{"@type":"ImageObject","inLanguage":"pt-BR","@id":"https:\/\/portalmf.com.br\/#\/schema\/person\/image\/","url":"https:\/\/secure.gravatar.com\/avatar\/41b9aaeb2100835f7c64362330f74c7f?s=96&d=mm&r=g","contentUrl":"https:\/\/secure.gravatar.com\/avatar\/41b9aaeb2100835f7c64362330f74c7f?s=96&d=mm&r=g","caption":"Reda\u00e7\u00e3o Portal MF"},"description":"Sejam bem-vindos o portal de informa\u00e7\u00f5es de entretenimento de Feira de Santana, desde 2006 realiza coberturas dos principais eventos com entrevistas exclusivas com as principais personalidades mundiais. Fique conectado tamb\u00e9m nas redes sociais.","sameAs":["http:\/\/www.portalmf.com.br\/","https:\/\/www.facebook.com\/portalmfoficial","https:\/\/www.instagram.com\/portalmf\/","https:\/\/x.com\/https:\/\/x.com\/portalmfoficial","https:\/\/www.youtube.com\/@portalmfoficial"],"url":"https:\/\/portalmf.com.br\/index.php\/author\/junior\/"}]}},"_links":{"self":[{"href":"https:\/\/portalmf.com.br\/index.php\/wp-json\/wp\/v2\/posts\/29998"}],"collection":[{"href":"https:\/\/portalmf.com.br\/index.php\/wp-json\/wp\/v2\/posts"}],"about":[{"href":"https:\/\/portalmf.com.br\/index.php\/wp-json\/wp\/v2\/types\/post"}],"author":[{"embeddable":true,"href":"https:\/\/portalmf.com.br\/index.php\/wp-json\/wp\/v2\/users\/3"}],"replies":[{"embeddable":true,"href":"https:\/\/portalmf.com.br\/index.php\/wp-json\/wp\/v2\/comments?post=29998"}],"version-history":[{"count":2,"href":"https:\/\/portalmf.com.br\/index.php\/wp-json\/wp\/v2\/posts\/29998\/revisions"}],"predecessor-version":[{"id":30003,"href":"https:\/\/portalmf.com.br\/index.php\/wp-json\/wp\/v2\/posts\/29998\/revisions\/30003"}],"wp:featuredmedia":[{"embeddable":true,"href":"https:\/\/portalmf.com.br\/index.php\/wp-json\/wp\/v2\/media\/30000"}],"wp:attachment":[{"href":"https:\/\/portalmf.com.br\/index.php\/wp-json\/wp\/v2\/media?parent=29998"}],"wp:term":[{"taxonomy":"category","embeddable":true,"href":"https:\/\/portalmf.com.br\/index.php\/wp-json\/wp\/v2\/categories?post=29998"},{"taxonomy":"post_tag","embeddable":true,"href":"https:\/\/portalmf.com.br\/index.php\/wp-json\/wp\/v2\/tags?post=29998"}],"curies":[{"name":"wp","href":"https:\/\/api.w.org\/{rel}","templated":true}]}}