{"id":29996,"date":"2024-09-21T11:38:36","date_gmt":"2024-09-21T14:38:36","guid":{"rendered":"https:\/\/portalmf.com.br\/?p=29996"},"modified":"2024-09-21T11:38:37","modified_gmt":"2024-09-21T14:38:37","slug":"carlos-medeiros-esclarece-situacao-sobre-debate-da-tv-subae","status":"publish","type":"post","link":"https:\/\/portalmf.com.br\/index.php\/2024\/09\/21\/carlos-medeiros-esclarece-situacao-sobre-debate-da-tv-subae\/","title":{"rendered":"Carlos Medeiros esclarece situa\u00e7\u00e3o sobre debate da TV Suba\u00e9"},"content":{"rendered":"\n<p>O candidato \u00e0 prefeitura de Feira Santana, Carlos Medeiros (Novo), nega a informa\u00e7\u00e3o de que o seu partido pretende entrar na justi\u00e7a contra a TV Suba\u00e9, por n\u00e3o ter sua participa\u00e7\u00e3o confirmada no debate entre os candidatos \u00e0 prefeitura da cidade, que ser\u00e1 realizado no pr\u00f3ximo dia 3 de outubro.<\/p>\n\n\n\n<p>De acordo com Carlos Medeiros, ele chegou a consultar o advogado do partido para saber as possibilidades da sua participa\u00e7\u00e3o no debate e tamb\u00e9m est\u00e1 conversando com a diretoria da TV, mas n\u00e3o h\u00e1 nenhuma inten\u00e7\u00e3o em judicializa\u00e7\u00e3o do fato.<\/p>\n\n\n\n<p>Carlos ainda disse que foi procurado pelo jornalista e que informou que n\u00e3o daria nenhuma informa\u00e7\u00e3o a respeito do assunto, pois ainda estava em tratativa do mesmo e que o seu jur\u00eddico colocou em an\u00e1lise as possibilidades legais, todavia isso \u00e9 uma decis\u00e3o da coordena\u00e7\u00e3o de campanha.<\/p>\n\n\n\n<p>Com informa\u00e7\u00f5es da Ascom \/ Carlos Medeiros<\/p>\n","protected":false},"excerpt":{"rendered":"<p>O candidato \u00e0 prefeitura de Feira Santana, Carlos Medeiros (Novo), nega a informa\u00e7\u00e3o de que o seu partido pretende entrar na justi\u00e7a contra a TV Suba\u00e9, por n\u00e3o ter sua participa\u00e7\u00e3o confirmada no debate entre os candidatos \u00e0 prefeitura da cidade, que ser\u00e1 realizado no pr\u00f3ximo dia 3 de outubro. De acordo com Carlos Medeiros, [&hellip;]<\/p>\n","protected":false},"author":3,"featured_media":26908,"comment_status":"open","ping_status":"open","sticky":false,"template":"","format":"standard","meta":{"_monsterinsights_skip_tracking":false,"_monsterinsights_sitenote_active":false,"_monsterinsights_sitenote_note":"","_monsterinsights_sitenote_category":0,"footnotes":""},"categories":[301,34],"tags":[],"yoast_head":"<!-- This site is optimized with the Yoast SEO plugin v22.9 - https:\/\/yoast.com\/wordpress\/plugins\/seo\/ -->\n<title>Carlos Medeiros esclarece situa\u00e7\u00e3o sobre debate da TV Suba\u00e9 - Portal MF<\/title>\n<meta name=\"robots\" content=\"index, follow, max-snippet:-1, max-image-preview:large, max-video-preview:-1\" \/>\n<link rel=\"canonical\" href=\"https:\/\/portalmf.com.br\/index.php\/2024\/09\/21\/carlos-medeiros-esclarece-situacao-sobre-debate-da-tv-subae\/\" \/>\n<meta property=\"og:locale\" content=\"pt_BR\" \/>\n<meta property=\"og:type\" content=\"article\" \/>\n<meta property=\"og:title\" content=\"Carlos Medeiros esclarece situa\u00e7\u00e3o sobre debate da TV Suba\u00e9 - Portal MF\" \/>\n<meta property=\"og:description\" content=\"O candidato \u00e0 prefeitura de Feira Santana, Carlos Medeiros (Novo), nega a informa\u00e7\u00e3o de que o seu partido pretende entrar na justi\u00e7a contra a TV Suba\u00e9, por n\u00e3o ter sua participa\u00e7\u00e3o confirmada no debate entre os candidatos \u00e0 prefeitura da cidade, que ser\u00e1 realizado no pr\u00f3ximo dia 3 de outubro. De acordo com Carlos Medeiros, [&hellip;]\" \/>\n<meta property=\"og:url\" content=\"https:\/\/portalmf.com.br\/index.php\/2024\/09\/21\/carlos-medeiros-esclarece-situacao-sobre-debate-da-tv-subae\/\" \/>\n<meta property=\"og:site_name\" content=\"Portal MF\" \/>\n<meta property=\"article:author\" content=\"https:\/\/www.facebook.com\/portalmfoficial\" \/>\n<meta property=\"article:published_time\" content=\"2024-09-21T14:38:36+00:00\" \/>\n<meta property=\"article:modified_time\" content=\"2024-09-21T14:38:37+00:00\" \/>\n<meta property=\"og:image\" content=\"https:\/\/portalmf.com.br\/wp-content\/uploads\/2024\/06\/Carlos-Medeiros-defende-gestao-moderna-e-eficiente-em-lancamento-de-pre-candidatura.jpeg\" \/>\n\t<meta property=\"og:image:width\" content=\"853\" \/>\n\t<meta property=\"og:image:height\" content=\"675\" \/>\n\t<meta property=\"og:image:type\" content=\"image\/jpeg\" \/>\n<meta name=\"author\" content=\"Reda\u00e7\u00e3o Portal MF\" \/>\n<meta name=\"twitter:card\" content=\"summary_large_image\" \/>\n<meta name=\"twitter:creator\" content=\"@https:\/\/x.com\/portalmfoficial\" \/>\n<meta name=\"twitter:label1\" content=\"Escrito por\" \/>\n\t<meta name=\"twitter:data1\" content=\"Reda\u00e7\u00e3o Portal MF\" \/>\n\t<meta name=\"twitter:label2\" content=\"Est. tempo de leitura\" \/>\n\t<meta name=\"twitter:data2\" content=\"1 minuto\" \/>\n<script type=\"application\/ld+json\" class=\"yoast-schema-graph\">{\"@context\":\"https:\/\/schema.org\",\"@graph\":[{\"@type\":\"WebPage\",\"@id\":\"https:\/\/portalmf.com.br\/index.php\/2024\/09\/21\/carlos-medeiros-esclarece-situacao-sobre-debate-da-tv-subae\/\",\"url\":\"https:\/\/portalmf.com.br\/index.php\/2024\/09\/21\/carlos-medeiros-esclarece-situacao-sobre-debate-da-tv-subae\/\",\"name\":\"Carlos Medeiros esclarece situa\u00e7\u00e3o sobre debate da TV Suba\u00e9 - Portal MF\",\"isPartOf\":{\"@id\":\"https:\/\/portalmf.com.br\/#website\"},\"primaryImageOfPage\":{\"@id\":\"https:\/\/portalmf.com.br\/index.php\/2024\/09\/21\/carlos-medeiros-esclarece-situacao-sobre-debate-da-tv-subae\/#primaryimage\"},\"image\":{\"@id\":\"https:\/\/portalmf.com.br\/index.php\/2024\/09\/21\/carlos-medeiros-esclarece-situacao-sobre-debate-da-tv-subae\/#primaryimage\"},\"thumbnailUrl\":\"https:\/\/portalmf.com.br\/wp-content\/uploads\/2024\/06\/Carlos-Medeiros-defende-gestao-moderna-e-eficiente-em-lancamento-de-pre-candidatura.jpeg\",\"datePublished\":\"2024-09-21T14:38:36+00:00\",\"dateModified\":\"2024-09-21T14:38:37+00:00\",\"author\":{\"@id\":\"https:\/\/portalmf.com.br\/#\/schema\/person\/9ec101baf56233e53520c26de5d6f6f0\"},\"breadcrumb\":{\"@id\":\"https:\/\/portalmf.com.br\/index.php\/2024\/09\/21\/carlos-medeiros-esclarece-situacao-sobre-debate-da-tv-subae\/#breadcrumb\"},\"inLanguage\":\"pt-BR\",\"potentialAction\":[{\"@type\":\"ReadAction\",\"target\":[\"https:\/\/portalmf.com.br\/index.php\/2024\/09\/21\/carlos-medeiros-esclarece-situacao-sobre-debate-da-tv-subae\/\"]}]},{\"@type\":\"ImageObject\",\"inLanguage\":\"pt-BR\",\"@id\":\"https:\/\/portalmf.com.br\/index.php\/2024\/09\/21\/carlos-medeiros-esclarece-situacao-sobre-debate-da-tv-subae\/#primaryimage\",\"url\":\"https:\/\/portalmf.com.br\/wp-content\/uploads\/2024\/06\/Carlos-Medeiros-defende-gestao-moderna-e-eficiente-em-lancamento-de-pre-candidatura.jpeg\",\"contentUrl\":\"https:\/\/portalmf.com.br\/wp-content\/uploads\/2024\/06\/Carlos-Medeiros-defende-gestao-moderna-e-eficiente-em-lancamento-de-pre-candidatura.jpeg\",\"width\":853,\"height\":675},{\"@type\":\"BreadcrumbList\",\"@id\":\"https:\/\/portalmf.com.br\/index.php\/2024\/09\/21\/carlos-medeiros-esclarece-situacao-sobre-debate-da-tv-subae\/#breadcrumb\",\"itemListElement\":[{\"@type\":\"ListItem\",\"position\":1,\"name\":\"In\u00edcio\",\"item\":\"https:\/\/portalmf.com.br\/\"},{\"@type\":\"ListItem\",\"position\":2,\"name\":\"Carlos Medeiros esclarece situa\u00e7\u00e3o sobre debate da TV Suba\u00e9\"}]},{\"@type\":\"WebSite\",\"@id\":\"https:\/\/portalmf.com.br\/#website\",\"url\":\"https:\/\/portalmf.com.br\/\",\"name\":\"Portal MF\",\"description\":\"Voc\u00ea conectado com a informa\u00e7\u00e3o\",\"potentialAction\":[{\"@type\":\"SearchAction\",\"target\":{\"@type\":\"EntryPoint\",\"urlTemplate\":\"https:\/\/portalmf.com.br\/?s={search_term_string}\"},\"query-input\":\"required name=search_term_string\"}],\"inLanguage\":\"pt-BR\"},{\"@type\":\"Person\",\"@id\":\"https:\/\/portalmf.com.br\/#\/schema\/person\/9ec101baf56233e53520c26de5d6f6f0\",\"name\":\"Reda\u00e7\u00e3o Portal MF\",\"image\":{\"@type\":\"ImageObject\",\"inLanguage\":\"pt-BR\",\"@id\":\"https:\/\/portalmf.com.br\/#\/schema\/person\/image\/\",\"url\":\"https:\/\/secure.gravatar.com\/avatar\/41b9aaeb2100835f7c64362330f74c7f?s=96&d=mm&r=g\",\"contentUrl\":\"https:\/\/secure.gravatar.com\/avatar\/41b9aaeb2100835f7c64362330f74c7f?s=96&d=mm&r=g\",\"caption\":\"Reda\u00e7\u00e3o Portal MF\"},\"description\":\"Sejam bem-vindos o portal de informa\u00e7\u00f5es de entretenimento de Feira de Santana, desde 2006 realiza coberturas dos principais eventos com entrevistas exclusivas com as principais personalidades mundiais. Fique conectado tamb\u00e9m nas redes sociais.\",\"sameAs\":[\"http:\/\/www.portalmf.com.br\/\",\"https:\/\/www.facebook.com\/portalmfoficial\",\"https:\/\/www.instagram.com\/portalmf\/\",\"https:\/\/x.com\/https:\/\/x.com\/portalmfoficial\",\"https:\/\/www.youtube.com\/@portalmfoficial\"],\"url\":\"https:\/\/portalmf.com.br\/index.php\/author\/junior\/\"}]}<\/script>\n<!-- \/ Yoast SEO plugin. -->","yoast_head_json":{"title":"Carlos Medeiros esclarece situa\u00e7\u00e3o sobre debate da TV Suba\u00e9 - Portal MF","robots":{"index":"index","follow":"follow","max-snippet":"max-snippet:-1","max-image-preview":"max-image-preview:large","max-video-preview":"max-video-preview:-1"},"canonical":"https:\/\/portalmf.com.br\/index.php\/2024\/09\/21\/carlos-medeiros-esclarece-situacao-sobre-debate-da-tv-subae\/","og_locale":"pt_BR","og_type":"article","og_title":"Carlos Medeiros esclarece situa\u00e7\u00e3o sobre debate da TV Suba\u00e9 - Portal MF","og_description":"O candidato \u00e0 prefeitura de Feira Santana, Carlos Medeiros (Novo), nega a informa\u00e7\u00e3o de que o seu partido pretende entrar na justi\u00e7a contra a TV Suba\u00e9, por n\u00e3o ter sua participa\u00e7\u00e3o confirmada no debate entre os candidatos \u00e0 prefeitura da cidade, que ser\u00e1 realizado no pr\u00f3ximo dia 3 de outubro. De acordo com Carlos Medeiros, [&hellip;]","og_url":"https:\/\/portalmf.com.br\/index.php\/2024\/09\/21\/carlos-medeiros-esclarece-situacao-sobre-debate-da-tv-subae\/","og_site_name":"Portal MF","article_author":"https:\/\/www.facebook.com\/portalmfoficial","article_published_time":"2024-09-21T14:38:36+00:00","article_modified_time":"2024-09-21T14:38:37+00:00","og_image":[{"width":853,"height":675,"url":"https:\/\/portalmf.com.br\/wp-content\/uploads\/2024\/06\/Carlos-Medeiros-defende-gestao-moderna-e-eficiente-em-lancamento-de-pre-candidatura.jpeg","type":"image\/jpeg"}],"author":"Reda\u00e7\u00e3o Portal MF","twitter_card":"summary_large_image","twitter_creator":"@https:\/\/x.com\/portalmfoficial","twitter_misc":{"Escrito por":"Reda\u00e7\u00e3o Portal MF","Est. tempo de leitura":"1 minuto"},"schema":{"@context":"https:\/\/schema.org","@graph":[{"@type":"WebPage","@id":"https:\/\/portalmf.com.br\/index.php\/2024\/09\/21\/carlos-medeiros-esclarece-situacao-sobre-debate-da-tv-subae\/","url":"https:\/\/portalmf.com.br\/index.php\/2024\/09\/21\/carlos-medeiros-esclarece-situacao-sobre-debate-da-tv-subae\/","name":"Carlos Medeiros esclarece situa\u00e7\u00e3o sobre debate da TV Suba\u00e9 - Portal MF","isPartOf":{"@id":"https:\/\/portalmf.com.br\/#website"},"primaryImageOfPage":{"@id":"https:\/\/portalmf.com.br\/index.php\/2024\/09\/21\/carlos-medeiros-esclarece-situacao-sobre-debate-da-tv-subae\/#primaryimage"},"image":{"@id":"https:\/\/portalmf.com.br\/index.php\/2024\/09\/21\/carlos-medeiros-esclarece-situacao-sobre-debate-da-tv-subae\/#primaryimage"},"thumbnailUrl":"https:\/\/portalmf.com.br\/wp-content\/uploads\/2024\/06\/Carlos-Medeiros-defende-gestao-moderna-e-eficiente-em-lancamento-de-pre-candidatura.jpeg","datePublished":"2024-09-21T14:38:36+00:00","dateModified":"2024-09-21T14:38:37+00:00","author":{"@id":"https:\/\/portalmf.com.br\/#\/schema\/person\/9ec101baf56233e53520c26de5d6f6f0"},"breadcrumb":{"@id":"https:\/\/portalmf.com.br\/index.php\/2024\/09\/21\/carlos-medeiros-esclarece-situacao-sobre-debate-da-tv-subae\/#breadcrumb"},"inLanguage":"pt-BR","potentialAction":[{"@type":"ReadAction","target":["https:\/\/portalmf.com.br\/index.php\/2024\/09\/21\/carlos-medeiros-esclarece-situacao-sobre-debate-da-tv-subae\/"]}]},{"@type":"ImageObject","inLanguage":"pt-BR","@id":"https:\/\/portalmf.com.br\/index.php\/2024\/09\/21\/carlos-medeiros-esclarece-situacao-sobre-debate-da-tv-subae\/#primaryimage","url":"https:\/\/portalmf.com.br\/wp-content\/uploads\/2024\/06\/Carlos-Medeiros-defende-gestao-moderna-e-eficiente-em-lancamento-de-pre-candidatura.jpeg","contentUrl":"https:\/\/portalmf.com.br\/wp-content\/uploads\/2024\/06\/Carlos-Medeiros-defende-gestao-moderna-e-eficiente-em-lancamento-de-pre-candidatura.jpeg","width":853,"height":675},{"@type":"BreadcrumbList","@id":"https:\/\/portalmf.com.br\/index.php\/2024\/09\/21\/carlos-medeiros-esclarece-situacao-sobre-debate-da-tv-subae\/#breadcrumb","itemListElement":[{"@type":"ListItem","position":1,"name":"In\u00edcio","item":"https:\/\/portalmf.com.br\/"},{"@type":"ListItem","position":2,"name":"Carlos Medeiros esclarece situa\u00e7\u00e3o sobre debate da TV Suba\u00e9"}]},{"@type":"WebSite","@id":"https:\/\/portalmf.com.br\/#website","url":"https:\/\/portalmf.com.br\/","name":"Portal MF","description":"Voc\u00ea conectado com a informa\u00e7\u00e3o","potentialAction":[{"@type":"SearchAction","target":{"@type":"EntryPoint","urlTemplate":"https:\/\/portalmf.com.br\/?s={search_term_string}"},"query-input":"required name=search_term_string"}],"inLanguage":"pt-BR"},{"@type":"Person","@id":"https:\/\/portalmf.com.br\/#\/schema\/person\/9ec101baf56233e53520c26de5d6f6f0","name":"Reda\u00e7\u00e3o Portal MF","image":{"@type":"ImageObject","inLanguage":"pt-BR","@id":"https:\/\/portalmf.com.br\/#\/schema\/person\/image\/","url":"https:\/\/secure.gravatar.com\/avatar\/41b9aaeb2100835f7c64362330f74c7f?s=96&d=mm&r=g","contentUrl":"https:\/\/secure.gravatar.com\/avatar\/41b9aaeb2100835f7c64362330f74c7f?s=96&d=mm&r=g","caption":"Reda\u00e7\u00e3o Portal MF"},"description":"Sejam bem-vindos o portal de informa\u00e7\u00f5es de entretenimento de Feira de Santana, desde 2006 realiza coberturas dos principais eventos com entrevistas exclusivas com as principais personalidades mundiais. Fique conectado tamb\u00e9m nas redes sociais.","sameAs":["http:\/\/www.portalmf.com.br\/","https:\/\/www.facebook.com\/portalmfoficial","https:\/\/www.instagram.com\/portalmf\/","https:\/\/x.com\/https:\/\/x.com\/portalmfoficial","https:\/\/www.youtube.com\/@portalmfoficial"],"url":"https:\/\/portalmf.com.br\/index.php\/author\/junior\/"}]}},"_links":{"self":[{"href":"https:\/\/portalmf.com.br\/index.php\/wp-json\/wp\/v2\/posts\/29996"}],"collection":[{"href":"https:\/\/portalmf.com.br\/index.php\/wp-json\/wp\/v2\/posts"}],"about":[{"href":"https:\/\/portalmf.com.br\/index.php\/wp-json\/wp\/v2\/types\/post"}],"author":[{"embeddable":true,"href":"https:\/\/portalmf.com.br\/index.php\/wp-json\/wp\/v2\/users\/3"}],"replies":[{"embeddable":true,"href":"https:\/\/portalmf.com.br\/index.php\/wp-json\/wp\/v2\/comments?post=29996"}],"version-history":[{"count":1,"href":"https:\/\/portalmf.com.br\/index.php\/wp-json\/wp\/v2\/posts\/29996\/revisions"}],"predecessor-version":[{"id":29997,"href":"https:\/\/portalmf.com.br\/index.php\/wp-json\/wp\/v2\/posts\/29996\/revisions\/29997"}],"wp:featuredmedia":[{"embeddable":true,"href":"https:\/\/portalmf.com.br\/index.php\/wp-json\/wp\/v2\/media\/26908"}],"wp:attachment":[{"href":"https:\/\/portalmf.com.br\/index.php\/wp-json\/wp\/v2\/media?parent=29996"}],"wp:term":[{"taxonomy":"category","embeddable":true,"href":"https:\/\/portalmf.com.br\/index.php\/wp-json\/wp\/v2\/categories?post=29996"},{"taxonomy":"post_tag","embeddable":true,"href":"https:\/\/portalmf.com.br\/index.php\/wp-json\/wp\/v2\/tags?post=29996"}],"curies":[{"name":"wp","href":"https:\/\/api.w.org\/{rel}","templated":true}]}}