{"id":2997,"date":"2022-08-12T17:35:07","date_gmt":"2022-08-12T20:35:07","guid":{"rendered":"http:\/\/portalmf.com.br\/?p=2997"},"modified":"2022-08-12T17:35:08","modified_gmt":"2022-08-12T20:35:08","slug":"leo-santana-desembarca-nos-estados-unidos-para-shows-em-setembro","status":"publish","type":"post","link":"https:\/\/portalmf.com.br\/index.php\/2022\/08\/12\/leo-santana-desembarca-nos-estados-unidos-para-shows-em-setembro\/","title":{"rendered":"L\u00e9o Santana desembarca nos Estados Unidos para shows em setembro"},"content":{"rendered":"\n<p>O GG Astral vai desembarcar em solo norte-americano em setembro. L\u00e9o Santana vai passar por tr\u00eas cidades dos Estados Unidos, levando o seu som e todo suingue dos seus shows para o p\u00fablico.<\/p>\n\n\n\n<p>Os shows acontecer\u00e3o dia 2 de setembro, na House of Blues em Boston, dia 03 no evento Summer Fest, no Miramar Regional Park em Miami e no dia 4 de setembro, finaliza com o Brazilian Day em Newark, um dos festivais mais aguardados e desejados pelo p\u00fablico, majoritariamente brasileiro.<\/p>\n\n\n\n<p>L\u00e9o n\u00e3o esconde a alegria de cantar, mais uma vez, para os americanos, turistas de todo mundo e especialmente para os brasileiros que moram no pa\u00eds poderem matar um pouquinho da saudade da \u201cquebradeira\u201d e da energia que s\u00f3 os nossos shows do Brasil tem. O repert\u00f3rio est\u00e1 sendo montado especialmente para a ocasi\u00e3o e vai reunir grandes sucessos da carreira do gigante al\u00e9m de hits atuais de diversos g\u00eaneros com a batida gostosa que s\u00f3 o gigante tem!!<\/p>\n\n\n\n<figure class=\"wp-block-image size-large\"><img fetchpriority=\"high\" decoding=\"async\" width=\"576\" height=\"1024\" src=\"http:\/\/portalmf.com.br\/wp-content\/uploads\/2022\/08\/WhatsApp-Image-2022-08-11-at-15.38.27-576x1024.jpeg\" alt=\"\" class=\"wp-image-3002\" srcset=\"https:\/\/portalmf.com.br\/wp-content\/uploads\/2022\/08\/WhatsApp-Image-2022-08-11-at-15.38.27-576x1024.jpeg 576w, https:\/\/portalmf.com.br\/wp-content\/uploads\/2022\/08\/WhatsApp-Image-2022-08-11-at-15.38.27-169x300.jpeg 169w, https:\/\/portalmf.com.br\/wp-content\/uploads\/2022\/08\/WhatsApp-Image-2022-08-11-at-15.38.27-585x1040.jpeg 585w, https:\/\/portalmf.com.br\/wp-content\/uploads\/2022\/08\/WhatsApp-Image-2022-08-11-at-15.38.27.jpeg 720w\" sizes=\"(max-width: 576px) 100vw, 576px\" \/><\/figure>\n","protected":false},"excerpt":{"rendered":"<p>O GG Astral vai desembarcar em solo norte-americano em setembro. L\u00e9o Santana vai passar por tr\u00eas cidades dos Estados Unidos, levando o seu som e todo suingue dos seus shows para o p\u00fablico. Os shows acontecer\u00e3o dia 2 de setembro, na House of Blues em Boston, dia 03 no evento Summer Fest, no Miramar Regional [&hellip;]<\/p>\n","protected":false},"author":2,"featured_media":3000,"comment_status":"open","ping_status":"open","sticky":false,"template":"","format":"standard","meta":{"_monsterinsights_skip_tracking":false,"_monsterinsights_sitenote_active":false,"_monsterinsights_sitenote_note":"","_monsterinsights_sitenote_category":0,"footnotes":""},"categories":[47,36],"tags":[],"yoast_head":"<!-- This site is optimized with the Yoast SEO plugin v22.9 - https:\/\/yoast.com\/wordpress\/plugins\/seo\/ -->\n<title>L\u00e9o Santana desembarca nos Estados Unidos para shows em setembro - Portal MF<\/title>\n<meta name=\"robots\" content=\"index, follow, max-snippet:-1, max-image-preview:large, max-video-preview:-1\" \/>\n<link rel=\"canonical\" href=\"https:\/\/portalmf.com.br\/index.php\/2022\/08\/12\/leo-santana-desembarca-nos-estados-unidos-para-shows-em-setembro\/\" \/>\n<meta property=\"og:locale\" content=\"pt_BR\" \/>\n<meta property=\"og:type\" content=\"article\" \/>\n<meta property=\"og:title\" content=\"L\u00e9o Santana desembarca nos Estados Unidos para shows em setembro - Portal MF\" \/>\n<meta property=\"og:description\" content=\"O GG Astral vai desembarcar em solo norte-americano em setembro. L\u00e9o Santana vai passar por tr\u00eas cidades dos Estados Unidos, levando o seu som e todo suingue dos seus shows para o p\u00fablico. Os shows acontecer\u00e3o dia 2 de setembro, na House of Blues em Boston, dia 03 no evento Summer Fest, no Miramar Regional [&hellip;]\" \/>\n<meta property=\"og:url\" content=\"https:\/\/portalmf.com.br\/index.php\/2022\/08\/12\/leo-santana-desembarca-nos-estados-unidos-para-shows-em-setembro\/\" \/>\n<meta property=\"og:site_name\" content=\"Portal MF\" \/>\n<meta property=\"article:author\" content=\"reginaldojrfsa\" \/>\n<meta property=\"article:published_time\" content=\"2022-08-12T20:35:07+00:00\" \/>\n<meta property=\"article:modified_time\" content=\"2022-08-12T20:35:08+00:00\" \/>\n<meta property=\"og:image\" content=\"https:\/\/portalmf.com.br\/wp-content\/uploads\/2022\/08\/csm_WhatsApp_Image_2021-11-13_at_15.41.34_6f2860e7c3.jpeg\" \/>\n\t<meta property=\"og:image:width\" content=\"940\" \/>\n\t<meta property=\"og:image:height\" content=\"588\" \/>\n\t<meta property=\"og:image:type\" content=\"image\/jpeg\" \/>\n<meta name=\"author\" content=\"Reginaldo J\u00fanior\" \/>\n<meta name=\"twitter:card\" content=\"summary_large_image\" \/>\n<meta name=\"twitter:creator\" content=\"@reginaldojrmf\" \/>\n<meta name=\"twitter:label1\" content=\"Escrito por\" \/>\n\t<meta name=\"twitter:data1\" content=\"Reginaldo J\u00fanior\" \/>\n\t<meta name=\"twitter:label2\" content=\"Est. tempo de leitura\" \/>\n\t<meta name=\"twitter:data2\" content=\"2 minutos\" \/>\n<script type=\"application\/ld+json\" class=\"yoast-schema-graph\">{\"@context\":\"https:\/\/schema.org\",\"@graph\":[{\"@type\":\"WebPage\",\"@id\":\"https:\/\/portalmf.com.br\/index.php\/2022\/08\/12\/leo-santana-desembarca-nos-estados-unidos-para-shows-em-setembro\/\",\"url\":\"https:\/\/portalmf.com.br\/index.php\/2022\/08\/12\/leo-santana-desembarca-nos-estados-unidos-para-shows-em-setembro\/\",\"name\":\"L\u00e9o Santana desembarca nos Estados Unidos para shows em setembro - Portal MF\",\"isPartOf\":{\"@id\":\"https:\/\/portalmf.com.br\/#website\"},\"primaryImageOfPage\":{\"@id\":\"https:\/\/portalmf.com.br\/index.php\/2022\/08\/12\/leo-santana-desembarca-nos-estados-unidos-para-shows-em-setembro\/#primaryimage\"},\"image\":{\"@id\":\"https:\/\/portalmf.com.br\/index.php\/2022\/08\/12\/leo-santana-desembarca-nos-estados-unidos-para-shows-em-setembro\/#primaryimage\"},\"thumbnailUrl\":\"https:\/\/portalmf.com.br\/wp-content\/uploads\/2022\/08\/csm_WhatsApp_Image_2021-11-13_at_15.41.34_6f2860e7c3.jpeg\",\"datePublished\":\"2022-08-12T20:35:07+00:00\",\"dateModified\":\"2022-08-12T20:35:08+00:00\",\"author\":{\"@id\":\"https:\/\/portalmf.com.br\/#\/schema\/person\/11c82086fe8abc05a19147e964587285\"},\"breadcrumb\":{\"@id\":\"https:\/\/portalmf.com.br\/index.php\/2022\/08\/12\/leo-santana-desembarca-nos-estados-unidos-para-shows-em-setembro\/#breadcrumb\"},\"inLanguage\":\"pt-BR\",\"potentialAction\":[{\"@type\":\"ReadAction\",\"target\":[\"https:\/\/portalmf.com.br\/index.php\/2022\/08\/12\/leo-santana-desembarca-nos-estados-unidos-para-shows-em-setembro\/\"]}]},{\"@type\":\"ImageObject\",\"inLanguage\":\"pt-BR\",\"@id\":\"https:\/\/portalmf.com.br\/index.php\/2022\/08\/12\/leo-santana-desembarca-nos-estados-unidos-para-shows-em-setembro\/#primaryimage\",\"url\":\"https:\/\/portalmf.com.br\/wp-content\/uploads\/2022\/08\/csm_WhatsApp_Image_2021-11-13_at_15.41.34_6f2860e7c3.jpeg\",\"contentUrl\":\"https:\/\/portalmf.com.br\/wp-content\/uploads\/2022\/08\/csm_WhatsApp_Image_2021-11-13_at_15.41.34_6f2860e7c3.jpeg\",\"width\":940,\"height\":588},{\"@type\":\"BreadcrumbList\",\"@id\":\"https:\/\/portalmf.com.br\/index.php\/2022\/08\/12\/leo-santana-desembarca-nos-estados-unidos-para-shows-em-setembro\/#breadcrumb\",\"itemListElement\":[{\"@type\":\"ListItem\",\"position\":1,\"name\":\"In\u00edcio\",\"item\":\"https:\/\/portalmf.com.br\/\"},{\"@type\":\"ListItem\",\"position\":2,\"name\":\"L\u00e9o Santana desembarca nos Estados Unidos para shows em setembro\"}]},{\"@type\":\"WebSite\",\"@id\":\"https:\/\/portalmf.com.br\/#website\",\"url\":\"https:\/\/portalmf.com.br\/\",\"name\":\"Portal MF\",\"description\":\"Voc\u00ea conectado com a informa\u00e7\u00e3o\",\"potentialAction\":[{\"@type\":\"SearchAction\",\"target\":{\"@type\":\"EntryPoint\",\"urlTemplate\":\"https:\/\/portalmf.com.br\/?s={search_term_string}\"},\"query-input\":\"required name=search_term_string\"}],\"inLanguage\":\"pt-BR\"},{\"@type\":\"Person\",\"@id\":\"https:\/\/portalmf.com.br\/#\/schema\/person\/11c82086fe8abc05a19147e964587285\",\"name\":\"Reginaldo J\u00fanior\",\"image\":{\"@type\":\"ImageObject\",\"inLanguage\":\"pt-BR\",\"@id\":\"https:\/\/portalmf.com.br\/#\/schema\/person\/image\/\",\"url\":\"https:\/\/secure.gravatar.com\/avatar\/32a3c797cd0ac47cc53b8644c62776f9?s=96&d=mm&r=g\",\"contentUrl\":\"https:\/\/secure.gravatar.com\/avatar\/32a3c797cd0ac47cc53b8644c62776f9?s=96&d=mm&r=g\",\"caption\":\"Reginaldo J\u00fanior\"},\"description\":\"Jornalista e idealizador Portal MF\",\"sameAs\":[\"https:\/\/portalmf.com.br\/index.php\/author\/reginaldojr\/\",\"reginaldojrfsa\",\"reginaldojuniormf\",\"https:\/\/x.com\/reginaldojrmf\"],\"url\":\"https:\/\/portalmf.com.br\/index.php\/author\/reginaldojr\/\"}]}<\/script>\n<!-- \/ Yoast SEO plugin. -->","yoast_head_json":{"title":"L\u00e9o Santana desembarca nos Estados Unidos para shows em setembro - Portal MF","robots":{"index":"index","follow":"follow","max-snippet":"max-snippet:-1","max-image-preview":"max-image-preview:large","max-video-preview":"max-video-preview:-1"},"canonical":"https:\/\/portalmf.com.br\/index.php\/2022\/08\/12\/leo-santana-desembarca-nos-estados-unidos-para-shows-em-setembro\/","og_locale":"pt_BR","og_type":"article","og_title":"L\u00e9o Santana desembarca nos Estados Unidos para shows em setembro - Portal MF","og_description":"O GG Astral vai desembarcar em solo norte-americano em setembro. L\u00e9o Santana vai passar por tr\u00eas cidades dos Estados Unidos, levando o seu som e todo suingue dos seus shows para o p\u00fablico. Os shows acontecer\u00e3o dia 2 de setembro, na House of Blues em Boston, dia 03 no evento Summer Fest, no Miramar Regional [&hellip;]","og_url":"https:\/\/portalmf.com.br\/index.php\/2022\/08\/12\/leo-santana-desembarca-nos-estados-unidos-para-shows-em-setembro\/","og_site_name":"Portal MF","article_author":"reginaldojrfsa","article_published_time":"2022-08-12T20:35:07+00:00","article_modified_time":"2022-08-12T20:35:08+00:00","og_image":[{"width":940,"height":588,"url":"https:\/\/portalmf.com.br\/wp-content\/uploads\/2022\/08\/csm_WhatsApp_Image_2021-11-13_at_15.41.34_6f2860e7c3.jpeg","type":"image\/jpeg"}],"author":"Reginaldo J\u00fanior","twitter_card":"summary_large_image","twitter_creator":"@reginaldojrmf","twitter_misc":{"Escrito por":"Reginaldo J\u00fanior","Est. tempo de leitura":"2 minutos"},"schema":{"@context":"https:\/\/schema.org","@graph":[{"@type":"WebPage","@id":"https:\/\/portalmf.com.br\/index.php\/2022\/08\/12\/leo-santana-desembarca-nos-estados-unidos-para-shows-em-setembro\/","url":"https:\/\/portalmf.com.br\/index.php\/2022\/08\/12\/leo-santana-desembarca-nos-estados-unidos-para-shows-em-setembro\/","name":"L\u00e9o Santana desembarca nos Estados Unidos para shows em setembro - Portal MF","isPartOf":{"@id":"https:\/\/portalmf.com.br\/#website"},"primaryImageOfPage":{"@id":"https:\/\/portalmf.com.br\/index.php\/2022\/08\/12\/leo-santana-desembarca-nos-estados-unidos-para-shows-em-setembro\/#primaryimage"},"image":{"@id":"https:\/\/portalmf.com.br\/index.php\/2022\/08\/12\/leo-santana-desembarca-nos-estados-unidos-para-shows-em-setembro\/#primaryimage"},"thumbnailUrl":"https:\/\/portalmf.com.br\/wp-content\/uploads\/2022\/08\/csm_WhatsApp_Image_2021-11-13_at_15.41.34_6f2860e7c3.jpeg","datePublished":"2022-08-12T20:35:07+00:00","dateModified":"2022-08-12T20:35:08+00:00","author":{"@id":"https:\/\/portalmf.com.br\/#\/schema\/person\/11c82086fe8abc05a19147e964587285"},"breadcrumb":{"@id":"https:\/\/portalmf.com.br\/index.php\/2022\/08\/12\/leo-santana-desembarca-nos-estados-unidos-para-shows-em-setembro\/#breadcrumb"},"inLanguage":"pt-BR","potentialAction":[{"@type":"ReadAction","target":["https:\/\/portalmf.com.br\/index.php\/2022\/08\/12\/leo-santana-desembarca-nos-estados-unidos-para-shows-em-setembro\/"]}]},{"@type":"ImageObject","inLanguage":"pt-BR","@id":"https:\/\/portalmf.com.br\/index.php\/2022\/08\/12\/leo-santana-desembarca-nos-estados-unidos-para-shows-em-setembro\/#primaryimage","url":"https:\/\/portalmf.com.br\/wp-content\/uploads\/2022\/08\/csm_WhatsApp_Image_2021-11-13_at_15.41.34_6f2860e7c3.jpeg","contentUrl":"https:\/\/portalmf.com.br\/wp-content\/uploads\/2022\/08\/csm_WhatsApp_Image_2021-11-13_at_15.41.34_6f2860e7c3.jpeg","width":940,"height":588},{"@type":"BreadcrumbList","@id":"https:\/\/portalmf.com.br\/index.php\/2022\/08\/12\/leo-santana-desembarca-nos-estados-unidos-para-shows-em-setembro\/#breadcrumb","itemListElement":[{"@type":"ListItem","position":1,"name":"In\u00edcio","item":"https:\/\/portalmf.com.br\/"},{"@type":"ListItem","position":2,"name":"L\u00e9o Santana desembarca nos Estados Unidos para shows em setembro"}]},{"@type":"WebSite","@id":"https:\/\/portalmf.com.br\/#website","url":"https:\/\/portalmf.com.br\/","name":"Portal MF","description":"Voc\u00ea conectado com a informa\u00e7\u00e3o","potentialAction":[{"@type":"SearchAction","target":{"@type":"EntryPoint","urlTemplate":"https:\/\/portalmf.com.br\/?s={search_term_string}"},"query-input":"required name=search_term_string"}],"inLanguage":"pt-BR"},{"@type":"Person","@id":"https:\/\/portalmf.com.br\/#\/schema\/person\/11c82086fe8abc05a19147e964587285","name":"Reginaldo J\u00fanior","image":{"@type":"ImageObject","inLanguage":"pt-BR","@id":"https:\/\/portalmf.com.br\/#\/schema\/person\/image\/","url":"https:\/\/secure.gravatar.com\/avatar\/32a3c797cd0ac47cc53b8644c62776f9?s=96&d=mm&r=g","contentUrl":"https:\/\/secure.gravatar.com\/avatar\/32a3c797cd0ac47cc53b8644c62776f9?s=96&d=mm&r=g","caption":"Reginaldo J\u00fanior"},"description":"Jornalista e idealizador Portal MF","sameAs":["https:\/\/portalmf.com.br\/index.php\/author\/reginaldojr\/","reginaldojrfsa","reginaldojuniormf","https:\/\/x.com\/reginaldojrmf"],"url":"https:\/\/portalmf.com.br\/index.php\/author\/reginaldojr\/"}]}},"_links":{"self":[{"href":"https:\/\/portalmf.com.br\/index.php\/wp-json\/wp\/v2\/posts\/2997"}],"collection":[{"href":"https:\/\/portalmf.com.br\/index.php\/wp-json\/wp\/v2\/posts"}],"about":[{"href":"https:\/\/portalmf.com.br\/index.php\/wp-json\/wp\/v2\/types\/post"}],"author":[{"embeddable":true,"href":"https:\/\/portalmf.com.br\/index.php\/wp-json\/wp\/v2\/users\/2"}],"replies":[{"embeddable":true,"href":"https:\/\/portalmf.com.br\/index.php\/wp-json\/wp\/v2\/comments?post=2997"}],"version-history":[{"count":1,"href":"https:\/\/portalmf.com.br\/index.php\/wp-json\/wp\/v2\/posts\/2997\/revisions"}],"predecessor-version":[{"id":3003,"href":"https:\/\/portalmf.com.br\/index.php\/wp-json\/wp\/v2\/posts\/2997\/revisions\/3003"}],"wp:featuredmedia":[{"embeddable":true,"href":"https:\/\/portalmf.com.br\/index.php\/wp-json\/wp\/v2\/media\/3000"}],"wp:attachment":[{"href":"https:\/\/portalmf.com.br\/index.php\/wp-json\/wp\/v2\/media?parent=2997"}],"wp:term":[{"taxonomy":"category","embeddable":true,"href":"https:\/\/portalmf.com.br\/index.php\/wp-json\/wp\/v2\/categories?post=2997"},{"taxonomy":"post_tag","embeddable":true,"href":"https:\/\/portalmf.com.br\/index.php\/wp-json\/wp\/v2\/tags?post=2997"}],"curies":[{"name":"wp","href":"https:\/\/api.w.org\/{rel}","templated":true}]}}