{"id":29932,"date":"2024-09-18T10:59:00","date_gmt":"2024-09-18T13:59:00","guid":{"rendered":"https:\/\/portalmf.com.br\/?p=29932"},"modified":"2024-09-20T00:01:58","modified_gmt":"2024-09-20T03:01:58","slug":"jose-ronaldo-assume-compromisso-de-resolver-alagamentos-no-bairro-campo-limpo","status":"publish","type":"post","link":"https:\/\/portalmf.com.br\/index.php\/2024\/09\/18\/jose-ronaldo-assume-compromisso-de-resolver-alagamentos-no-bairro-campo-limpo\/","title":{"rendered":"Jos\u00e9 Ronaldo assume compromisso de resolver alagamentos no bairro Campo Limpo"},"content":{"rendered":"\n<p>O candidato a prefeito de Feira de Santana, Jos\u00e9 Ronaldo (Uni\u00e3o Brasil), assumiu o compromisso de acabar com os alagamentos no bairro Campo Limpo, durante caminhada ontem (17) na localidade. Acompanhado por centenas de moradores e candidatos a vereador, o ex-prefeito retornou \u00e0 comunidade, onde j\u00e1 foi respons\u00e1vel pela urbaniza\u00e7\u00e3o da grande maioria das ruas, para reafirmar seu compromisso com a melhoria da infraestrutura local.<\/p>\n\n\n\n<p>Segundo Jos\u00e9 Ronaldo, a resolu\u00e7\u00e3o dos problemas de alagamento ser\u00e1 uma das prioridades de sua administra\u00e7\u00e3o com a implementa\u00e7\u00e3o de um sistema de drenagem eficiente. Ele garantiu que as interven\u00e7\u00f5es necess\u00e1rias come\u00e7ar\u00e3o j\u00e1 no in\u00edcio do seu mandato, n\u00e3o apenas no Campo Limpo, mas tamb\u00e9m em outros oito bairros da cidade que enfrentam situa\u00e7\u00f5es cr\u00edticas com as chuvas.<\/p>\n\n\n\n<p><em>&#8220;Vamos acabar com o problema de alagamentos no Campo Limpo e em outras regi\u00f5es de Feira de Santana. J\u00e1 temos um projeto t\u00e9cnico elaborado por engenheiros da Escola Polit\u00e9cnica da UFBA, que torna vi\u00e1vel a implanta\u00e7\u00e3o do sistema de drenagem. Sabemos onde buscar os recursos para iniciar as obras assim que assumirmos a prefeitura&#8221;<\/em>, afirmou o candidato.<\/p>\n\n\n\n<p>Al\u00e9m da drenagem, Jos\u00e9 Ronaldo tamb\u00e9m mencionou que o Campo Limpo ser\u00e1 beneficiado com uma nova camada de asfalto, garantindo mais conforto e seguran\u00e7a para os moradores.<\/p>\n\n\n\n<p>Com informa\u00e7\u00f5es da Ascom\/Jos\u00e9 Ronaldo<\/p>\n","protected":false},"excerpt":{"rendered":"<p>O candidato a prefeito de Feira de Santana, Jos\u00e9 Ronaldo (Uni\u00e3o Brasil), assumiu o compromisso de acabar com os alagamentos no bairro Campo Limpo, durante caminhada ontem (17) na localidade. Acompanhado por centenas de moradores e candidatos a vereador, o ex-prefeito retornou \u00e0 comunidade, onde j\u00e1 foi respons\u00e1vel pela urbaniza\u00e7\u00e3o da grande maioria das ruas, [&hellip;]<\/p>\n","protected":false},"author":3,"featured_media":29933,"comment_status":"open","ping_status":"open","sticky":false,"template":"","format":"standard","meta":{"_monsterinsights_skip_tracking":false,"_monsterinsights_sitenote_active":false,"_monsterinsights_sitenote_note":"","_monsterinsights_sitenote_category":0,"footnotes":""},"categories":[301,34],"tags":[],"yoast_head":"<!-- This site is optimized with the Yoast SEO plugin v22.9 - https:\/\/yoast.com\/wordpress\/plugins\/seo\/ -->\n<title>Jos\u00e9 Ronaldo assume compromisso de resolver alagamentos no bairro Campo Limpo - Portal MF<\/title>\n<meta name=\"robots\" content=\"index, follow, max-snippet:-1, max-image-preview:large, max-video-preview:-1\" \/>\n<link rel=\"canonical\" href=\"https:\/\/portalmf.com.br\/index.php\/2024\/09\/18\/jose-ronaldo-assume-compromisso-de-resolver-alagamentos-no-bairro-campo-limpo\/\" \/>\n<meta property=\"og:locale\" content=\"pt_BR\" \/>\n<meta property=\"og:type\" content=\"article\" \/>\n<meta property=\"og:title\" content=\"Jos\u00e9 Ronaldo assume compromisso de resolver alagamentos no bairro Campo Limpo - Portal MF\" \/>\n<meta property=\"og:description\" content=\"O candidato a prefeito de Feira de Santana, Jos\u00e9 Ronaldo (Uni\u00e3o Brasil), assumiu o compromisso de acabar com os alagamentos no bairro Campo Limpo, durante caminhada ontem (17) na localidade. Acompanhado por centenas de moradores e candidatos a vereador, o ex-prefeito retornou \u00e0 comunidade, onde j\u00e1 foi respons\u00e1vel pela urbaniza\u00e7\u00e3o da grande maioria das ruas, [&hellip;]\" \/>\n<meta property=\"og:url\" content=\"https:\/\/portalmf.com.br\/index.php\/2024\/09\/18\/jose-ronaldo-assume-compromisso-de-resolver-alagamentos-no-bairro-campo-limpo\/\" \/>\n<meta property=\"og:site_name\" content=\"Portal MF\" \/>\n<meta property=\"article:author\" content=\"https:\/\/www.facebook.com\/portalmfoficial\" \/>\n<meta property=\"article:published_time\" content=\"2024-09-18T13:59:00+00:00\" \/>\n<meta property=\"article:modified_time\" content=\"2024-09-20T03:01:58+00:00\" \/>\n<meta property=\"og:image\" content=\"https:\/\/portalmf.com.br\/wp-content\/uploads\/2024\/09\/Jose-Ronaldo-assume-compromisso-de-resolver-alagamentos-no-bairro-Campo-Limpo.jpg\" \/>\n\t<meta property=\"og:image:width\" content=\"800\" \/>\n\t<meta property=\"og:image:height\" content=\"533\" \/>\n\t<meta property=\"og:image:type\" content=\"image\/jpeg\" \/>\n<meta name=\"author\" content=\"Reda\u00e7\u00e3o Portal MF\" \/>\n<meta name=\"twitter:card\" content=\"summary_large_image\" \/>\n<meta name=\"twitter:creator\" content=\"@https:\/\/x.com\/portalmfoficial\" \/>\n<meta name=\"twitter:label1\" content=\"Escrito por\" \/>\n\t<meta name=\"twitter:data1\" content=\"Reda\u00e7\u00e3o Portal MF\" \/>\n\t<meta name=\"twitter:label2\" content=\"Est. tempo de leitura\" \/>\n\t<meta name=\"twitter:data2\" content=\"2 minutos\" \/>\n<script type=\"application\/ld+json\" class=\"yoast-schema-graph\">{\"@context\":\"https:\/\/schema.org\",\"@graph\":[{\"@type\":\"WebPage\",\"@id\":\"https:\/\/portalmf.com.br\/index.php\/2024\/09\/18\/jose-ronaldo-assume-compromisso-de-resolver-alagamentos-no-bairro-campo-limpo\/\",\"url\":\"https:\/\/portalmf.com.br\/index.php\/2024\/09\/18\/jose-ronaldo-assume-compromisso-de-resolver-alagamentos-no-bairro-campo-limpo\/\",\"name\":\"Jos\u00e9 Ronaldo assume compromisso de resolver alagamentos no bairro Campo Limpo - Portal MF\",\"isPartOf\":{\"@id\":\"https:\/\/portalmf.com.br\/#website\"},\"primaryImageOfPage\":{\"@id\":\"https:\/\/portalmf.com.br\/index.php\/2024\/09\/18\/jose-ronaldo-assume-compromisso-de-resolver-alagamentos-no-bairro-campo-limpo\/#primaryimage\"},\"image\":{\"@id\":\"https:\/\/portalmf.com.br\/index.php\/2024\/09\/18\/jose-ronaldo-assume-compromisso-de-resolver-alagamentos-no-bairro-campo-limpo\/#primaryimage\"},\"thumbnailUrl\":\"https:\/\/portalmf.com.br\/wp-content\/uploads\/2024\/09\/Jose-Ronaldo-assume-compromisso-de-resolver-alagamentos-no-bairro-Campo-Limpo.jpg\",\"datePublished\":\"2024-09-18T13:59:00+00:00\",\"dateModified\":\"2024-09-20T03:01:58+00:00\",\"author\":{\"@id\":\"https:\/\/portalmf.com.br\/#\/schema\/person\/9ec101baf56233e53520c26de5d6f6f0\"},\"breadcrumb\":{\"@id\":\"https:\/\/portalmf.com.br\/index.php\/2024\/09\/18\/jose-ronaldo-assume-compromisso-de-resolver-alagamentos-no-bairro-campo-limpo\/#breadcrumb\"},\"inLanguage\":\"pt-BR\",\"potentialAction\":[{\"@type\":\"ReadAction\",\"target\":[\"https:\/\/portalmf.com.br\/index.php\/2024\/09\/18\/jose-ronaldo-assume-compromisso-de-resolver-alagamentos-no-bairro-campo-limpo\/\"]}]},{\"@type\":\"ImageObject\",\"inLanguage\":\"pt-BR\",\"@id\":\"https:\/\/portalmf.com.br\/index.php\/2024\/09\/18\/jose-ronaldo-assume-compromisso-de-resolver-alagamentos-no-bairro-campo-limpo\/#primaryimage\",\"url\":\"https:\/\/portalmf.com.br\/wp-content\/uploads\/2024\/09\/Jose-Ronaldo-assume-compromisso-de-resolver-alagamentos-no-bairro-Campo-Limpo.jpg\",\"contentUrl\":\"https:\/\/portalmf.com.br\/wp-content\/uploads\/2024\/09\/Jose-Ronaldo-assume-compromisso-de-resolver-alagamentos-no-bairro-Campo-Limpo.jpg\",\"width\":800,\"height\":533},{\"@type\":\"BreadcrumbList\",\"@id\":\"https:\/\/portalmf.com.br\/index.php\/2024\/09\/18\/jose-ronaldo-assume-compromisso-de-resolver-alagamentos-no-bairro-campo-limpo\/#breadcrumb\",\"itemListElement\":[{\"@type\":\"ListItem\",\"position\":1,\"name\":\"In\u00edcio\",\"item\":\"https:\/\/portalmf.com.br\/\"},{\"@type\":\"ListItem\",\"position\":2,\"name\":\"Jos\u00e9 Ronaldo assume compromisso de resolver alagamentos no bairro Campo Limpo\"}]},{\"@type\":\"WebSite\",\"@id\":\"https:\/\/portalmf.com.br\/#website\",\"url\":\"https:\/\/portalmf.com.br\/\",\"name\":\"Portal MF\",\"description\":\"Voc\u00ea conectado com a informa\u00e7\u00e3o\",\"potentialAction\":[{\"@type\":\"SearchAction\",\"target\":{\"@type\":\"EntryPoint\",\"urlTemplate\":\"https:\/\/portalmf.com.br\/?s={search_term_string}\"},\"query-input\":\"required name=search_term_string\"}],\"inLanguage\":\"pt-BR\"},{\"@type\":\"Person\",\"@id\":\"https:\/\/portalmf.com.br\/#\/schema\/person\/9ec101baf56233e53520c26de5d6f6f0\",\"name\":\"Reda\u00e7\u00e3o Portal MF\",\"image\":{\"@type\":\"ImageObject\",\"inLanguage\":\"pt-BR\",\"@id\":\"https:\/\/portalmf.com.br\/#\/schema\/person\/image\/\",\"url\":\"https:\/\/secure.gravatar.com\/avatar\/41b9aaeb2100835f7c64362330f74c7f?s=96&d=mm&r=g\",\"contentUrl\":\"https:\/\/secure.gravatar.com\/avatar\/41b9aaeb2100835f7c64362330f74c7f?s=96&d=mm&r=g\",\"caption\":\"Reda\u00e7\u00e3o Portal MF\"},\"description\":\"Sejam bem-vindos o portal de informa\u00e7\u00f5es de entretenimento de Feira de Santana, desde 2006 realiza coberturas dos principais eventos com entrevistas exclusivas com as principais personalidades mundiais. Fique conectado tamb\u00e9m nas redes sociais.\",\"sameAs\":[\"http:\/\/www.portalmf.com.br\/\",\"https:\/\/www.facebook.com\/portalmfoficial\",\"https:\/\/www.instagram.com\/portalmf\/\",\"https:\/\/x.com\/https:\/\/x.com\/portalmfoficial\",\"https:\/\/www.youtube.com\/@portalmfoficial\"],\"url\":\"https:\/\/portalmf.com.br\/index.php\/author\/junior\/\"}]}<\/script>\n<!-- \/ Yoast SEO plugin. -->","yoast_head_json":{"title":"Jos\u00e9 Ronaldo assume compromisso de resolver alagamentos no bairro Campo Limpo - Portal MF","robots":{"index":"index","follow":"follow","max-snippet":"max-snippet:-1","max-image-preview":"max-image-preview:large","max-video-preview":"max-video-preview:-1"},"canonical":"https:\/\/portalmf.com.br\/index.php\/2024\/09\/18\/jose-ronaldo-assume-compromisso-de-resolver-alagamentos-no-bairro-campo-limpo\/","og_locale":"pt_BR","og_type":"article","og_title":"Jos\u00e9 Ronaldo assume compromisso de resolver alagamentos no bairro Campo Limpo - Portal MF","og_description":"O candidato a prefeito de Feira de Santana, Jos\u00e9 Ronaldo (Uni\u00e3o Brasil), assumiu o compromisso de acabar com os alagamentos no bairro Campo Limpo, durante caminhada ontem (17) na localidade. Acompanhado por centenas de moradores e candidatos a vereador, o ex-prefeito retornou \u00e0 comunidade, onde j\u00e1 foi respons\u00e1vel pela urbaniza\u00e7\u00e3o da grande maioria das ruas, [&hellip;]","og_url":"https:\/\/portalmf.com.br\/index.php\/2024\/09\/18\/jose-ronaldo-assume-compromisso-de-resolver-alagamentos-no-bairro-campo-limpo\/","og_site_name":"Portal MF","article_author":"https:\/\/www.facebook.com\/portalmfoficial","article_published_time":"2024-09-18T13:59:00+00:00","article_modified_time":"2024-09-20T03:01:58+00:00","og_image":[{"width":800,"height":533,"url":"https:\/\/portalmf.com.br\/wp-content\/uploads\/2024\/09\/Jose-Ronaldo-assume-compromisso-de-resolver-alagamentos-no-bairro-Campo-Limpo.jpg","type":"image\/jpeg"}],"author":"Reda\u00e7\u00e3o Portal MF","twitter_card":"summary_large_image","twitter_creator":"@https:\/\/x.com\/portalmfoficial","twitter_misc":{"Escrito por":"Reda\u00e7\u00e3o Portal MF","Est. tempo de leitura":"2 minutos"},"schema":{"@context":"https:\/\/schema.org","@graph":[{"@type":"WebPage","@id":"https:\/\/portalmf.com.br\/index.php\/2024\/09\/18\/jose-ronaldo-assume-compromisso-de-resolver-alagamentos-no-bairro-campo-limpo\/","url":"https:\/\/portalmf.com.br\/index.php\/2024\/09\/18\/jose-ronaldo-assume-compromisso-de-resolver-alagamentos-no-bairro-campo-limpo\/","name":"Jos\u00e9 Ronaldo assume compromisso de resolver alagamentos no bairro Campo Limpo - Portal MF","isPartOf":{"@id":"https:\/\/portalmf.com.br\/#website"},"primaryImageOfPage":{"@id":"https:\/\/portalmf.com.br\/index.php\/2024\/09\/18\/jose-ronaldo-assume-compromisso-de-resolver-alagamentos-no-bairro-campo-limpo\/#primaryimage"},"image":{"@id":"https:\/\/portalmf.com.br\/index.php\/2024\/09\/18\/jose-ronaldo-assume-compromisso-de-resolver-alagamentos-no-bairro-campo-limpo\/#primaryimage"},"thumbnailUrl":"https:\/\/portalmf.com.br\/wp-content\/uploads\/2024\/09\/Jose-Ronaldo-assume-compromisso-de-resolver-alagamentos-no-bairro-Campo-Limpo.jpg","datePublished":"2024-09-18T13:59:00+00:00","dateModified":"2024-09-20T03:01:58+00:00","author":{"@id":"https:\/\/portalmf.com.br\/#\/schema\/person\/9ec101baf56233e53520c26de5d6f6f0"},"breadcrumb":{"@id":"https:\/\/portalmf.com.br\/index.php\/2024\/09\/18\/jose-ronaldo-assume-compromisso-de-resolver-alagamentos-no-bairro-campo-limpo\/#breadcrumb"},"inLanguage":"pt-BR","potentialAction":[{"@type":"ReadAction","target":["https:\/\/portalmf.com.br\/index.php\/2024\/09\/18\/jose-ronaldo-assume-compromisso-de-resolver-alagamentos-no-bairro-campo-limpo\/"]}]},{"@type":"ImageObject","inLanguage":"pt-BR","@id":"https:\/\/portalmf.com.br\/index.php\/2024\/09\/18\/jose-ronaldo-assume-compromisso-de-resolver-alagamentos-no-bairro-campo-limpo\/#primaryimage","url":"https:\/\/portalmf.com.br\/wp-content\/uploads\/2024\/09\/Jose-Ronaldo-assume-compromisso-de-resolver-alagamentos-no-bairro-Campo-Limpo.jpg","contentUrl":"https:\/\/portalmf.com.br\/wp-content\/uploads\/2024\/09\/Jose-Ronaldo-assume-compromisso-de-resolver-alagamentos-no-bairro-Campo-Limpo.jpg","width":800,"height":533},{"@type":"BreadcrumbList","@id":"https:\/\/portalmf.com.br\/index.php\/2024\/09\/18\/jose-ronaldo-assume-compromisso-de-resolver-alagamentos-no-bairro-campo-limpo\/#breadcrumb","itemListElement":[{"@type":"ListItem","position":1,"name":"In\u00edcio","item":"https:\/\/portalmf.com.br\/"},{"@type":"ListItem","position":2,"name":"Jos\u00e9 Ronaldo assume compromisso de resolver alagamentos no bairro Campo Limpo"}]},{"@type":"WebSite","@id":"https:\/\/portalmf.com.br\/#website","url":"https:\/\/portalmf.com.br\/","name":"Portal MF","description":"Voc\u00ea conectado com a informa\u00e7\u00e3o","potentialAction":[{"@type":"SearchAction","target":{"@type":"EntryPoint","urlTemplate":"https:\/\/portalmf.com.br\/?s={search_term_string}"},"query-input":"required name=search_term_string"}],"inLanguage":"pt-BR"},{"@type":"Person","@id":"https:\/\/portalmf.com.br\/#\/schema\/person\/9ec101baf56233e53520c26de5d6f6f0","name":"Reda\u00e7\u00e3o Portal MF","image":{"@type":"ImageObject","inLanguage":"pt-BR","@id":"https:\/\/portalmf.com.br\/#\/schema\/person\/image\/","url":"https:\/\/secure.gravatar.com\/avatar\/41b9aaeb2100835f7c64362330f74c7f?s=96&d=mm&r=g","contentUrl":"https:\/\/secure.gravatar.com\/avatar\/41b9aaeb2100835f7c64362330f74c7f?s=96&d=mm&r=g","caption":"Reda\u00e7\u00e3o Portal MF"},"description":"Sejam bem-vindos o portal de informa\u00e7\u00f5es de entretenimento de Feira de Santana, desde 2006 realiza coberturas dos principais eventos com entrevistas exclusivas com as principais personalidades mundiais. Fique conectado tamb\u00e9m nas redes sociais.","sameAs":["http:\/\/www.portalmf.com.br\/","https:\/\/www.facebook.com\/portalmfoficial","https:\/\/www.instagram.com\/portalmf\/","https:\/\/x.com\/https:\/\/x.com\/portalmfoficial","https:\/\/www.youtube.com\/@portalmfoficial"],"url":"https:\/\/portalmf.com.br\/index.php\/author\/junior\/"}]}},"_links":{"self":[{"href":"https:\/\/portalmf.com.br\/index.php\/wp-json\/wp\/v2\/posts\/29932"}],"collection":[{"href":"https:\/\/portalmf.com.br\/index.php\/wp-json\/wp\/v2\/posts"}],"about":[{"href":"https:\/\/portalmf.com.br\/index.php\/wp-json\/wp\/v2\/types\/post"}],"author":[{"embeddable":true,"href":"https:\/\/portalmf.com.br\/index.php\/wp-json\/wp\/v2\/users\/3"}],"replies":[{"embeddable":true,"href":"https:\/\/portalmf.com.br\/index.php\/wp-json\/wp\/v2\/comments?post=29932"}],"version-history":[{"count":1,"href":"https:\/\/portalmf.com.br\/index.php\/wp-json\/wp\/v2\/posts\/29932\/revisions"}],"predecessor-version":[{"id":29934,"href":"https:\/\/portalmf.com.br\/index.php\/wp-json\/wp\/v2\/posts\/29932\/revisions\/29934"}],"wp:featuredmedia":[{"embeddable":true,"href":"https:\/\/portalmf.com.br\/index.php\/wp-json\/wp\/v2\/media\/29933"}],"wp:attachment":[{"href":"https:\/\/portalmf.com.br\/index.php\/wp-json\/wp\/v2\/media?parent=29932"}],"wp:term":[{"taxonomy":"category","embeddable":true,"href":"https:\/\/portalmf.com.br\/index.php\/wp-json\/wp\/v2\/categories?post=29932"},{"taxonomy":"post_tag","embeddable":true,"href":"https:\/\/portalmf.com.br\/index.php\/wp-json\/wp\/v2\/tags?post=29932"}],"curies":[{"name":"wp","href":"https:\/\/api.w.org\/{rel}","templated":true}]}}