{"id":29929,"date":"2024-09-19T23:58:15","date_gmt":"2024-09-20T02:58:15","guid":{"rendered":"https:\/\/portalmf.com.br\/?p=29929"},"modified":"2024-09-19T23:58:16","modified_gmt":"2024-09-20T02:58:16","slug":"jose-ronaldo-projeta-ampliar-ciclovias-em-feira-de-santana-com-mais-20-km-de-faixas-exclusivas","status":"publish","type":"post","link":"https:\/\/portalmf.com.br\/index.php\/2024\/09\/19\/jose-ronaldo-projeta-ampliar-ciclovias-em-feira-de-santana-com-mais-20-km-de-faixas-exclusivas\/","title":{"rendered":"Jos\u00e9 Ronaldo projeta ampliar ciclovias em Feira de Santana com mais 20 km de faixas exclusivas"},"content":{"rendered":"\n<p>O candidato a prefeito de Feira de Santana, Jos\u00e9 Ronaldo (Uni\u00e3o Brasil), anunciou a constru\u00e7\u00e3o de mais de 20 km de ciclovias nas principais avenidas da cidade como uma das prioridades de seu governo, caso eleito. A proposta foi apresentada durante uma entrevista ao programa Acorda Cidade, da R\u00e1dio Sociedade News FM, conduzida pelo radialista Dilton Coutinho, na manh\u00e3 desta quinta-feira (19).<\/p>\n\n\n\n<p>Com foco em estimular a pr\u00e1tica esportiva de forma segura e modernizar a mobilidade urbana, Jos\u00e9 Ronaldo destacou que \u00e1reas estrat\u00e9gicas, como as avenidas Maria Quit\u00e9ria e Papagaio, ser\u00e3o contempladas com faixas exclusivas para ciclistas. A iniciativa faz parte de seu programa de governo, refor\u00e7ando o compromisso com a promo\u00e7\u00e3o de um transporte mais sustent\u00e1vel e acess\u00edvel.<\/p>\n\n\n\n<p>&#8220;Sou um apaixonado por esportes e acredito que as ciclovias n\u00e3o apenas incentivam a pr\u00e1tica de atividades f\u00edsicas, mas tamb\u00e9m contribuem significativamente para a mobilidade urbana, ajudando a diminuir o tr\u00e2nsito e a polui\u00e7\u00e3o&#8221;, afirmou Jos\u00e9 Ronaldo.<\/p>\n\n\n\n<p>Durante sua gest\u00e3o anterior, ciclovias foram instaladas em avenidas como Fraga Maia e N\u00f3ide Cerqueira, o que permitiu que os cidad\u00e3os utilizassem a bicicleta como um meio de transporte alternativo e ecologicamente correto. A proposta de ampliar o sistema de ciclovias reflete a vis\u00e3o do ex-prefeito em proporcionar mais seguran\u00e7a para os ciclistas, al\u00e9m de melhorar a qualidade de vida da popula\u00e7\u00e3o e reduzir os congestionamentos na cidade.<\/p>\n\n\n\n<p>Se concretizada, a nova rede de ciclovias ser\u00e1 mais um passo no desenvolvimento urbano de Feira de Santana, consolidando a cidade como refer\u00eancia em infraestrutura voltada para o transporte sustent\u00e1vel.<\/p>\n\n\n\n<p>Com informa\u00e7\u00f5es da Ascom\/Jos\u00e9 Ronaldo<\/p>\n","protected":false},"excerpt":{"rendered":"<p>O candidato a prefeito de Feira de Santana, Jos\u00e9 Ronaldo (Uni\u00e3o Brasil), anunciou a constru\u00e7\u00e3o de mais de 20 km de ciclovias nas principais avenidas da cidade como uma das prioridades de seu governo, caso eleito. A proposta foi apresentada durante uma entrevista ao programa Acorda Cidade, da R\u00e1dio Sociedade News FM, conduzida pelo radialista [&hellip;]<\/p>\n","protected":false},"author":3,"featured_media":29930,"comment_status":"open","ping_status":"open","sticky":false,"template":"","format":"standard","meta":{"_monsterinsights_skip_tracking":false,"_monsterinsights_sitenote_active":false,"_monsterinsights_sitenote_note":"","_monsterinsights_sitenote_category":0,"footnotes":""},"categories":[301,34],"tags":[],"yoast_head":"<!-- This site is optimized with the Yoast SEO plugin v22.9 - https:\/\/yoast.com\/wordpress\/plugins\/seo\/ -->\n<title>Jos\u00e9 Ronaldo projeta ampliar ciclovias em Feira de Santana com mais 20 km de faixas exclusivas - Portal MF<\/title>\n<meta name=\"robots\" content=\"index, follow, max-snippet:-1, max-image-preview:large, max-video-preview:-1\" \/>\n<link rel=\"canonical\" href=\"https:\/\/portalmf.com.br\/index.php\/2024\/09\/19\/jose-ronaldo-projeta-ampliar-ciclovias-em-feira-de-santana-com-mais-20-km-de-faixas-exclusivas\/\" \/>\n<meta property=\"og:locale\" content=\"pt_BR\" \/>\n<meta property=\"og:type\" content=\"article\" \/>\n<meta property=\"og:title\" content=\"Jos\u00e9 Ronaldo projeta ampliar ciclovias em Feira de Santana com mais 20 km de faixas exclusivas - Portal MF\" \/>\n<meta property=\"og:description\" content=\"O candidato a prefeito de Feira de Santana, Jos\u00e9 Ronaldo (Uni\u00e3o Brasil), anunciou a constru\u00e7\u00e3o de mais de 20 km de ciclovias nas principais avenidas da cidade como uma das prioridades de seu governo, caso eleito. A proposta foi apresentada durante uma entrevista ao programa Acorda Cidade, da R\u00e1dio Sociedade News FM, conduzida pelo radialista [&hellip;]\" \/>\n<meta property=\"og:url\" content=\"https:\/\/portalmf.com.br\/index.php\/2024\/09\/19\/jose-ronaldo-projeta-ampliar-ciclovias-em-feira-de-santana-com-mais-20-km-de-faixas-exclusivas\/\" \/>\n<meta property=\"og:site_name\" content=\"Portal MF\" \/>\n<meta property=\"article:author\" content=\"https:\/\/www.facebook.com\/portalmfoficial\" \/>\n<meta property=\"article:published_time\" content=\"2024-09-20T02:58:15+00:00\" \/>\n<meta property=\"article:modified_time\" content=\"2024-09-20T02:58:16+00:00\" \/>\n<meta property=\"og:image\" content=\"https:\/\/portalmf.com.br\/wp-content\/uploads\/2024\/09\/Jose-Ronaldo-projeta-ampliar-ciclovias-em-Feira-de-Santana-com-mais-20-km-de-faixas-exclusivas.jpg\" \/>\n\t<meta property=\"og:image:width\" content=\"800\" \/>\n\t<meta property=\"og:image:height\" content=\"533\" \/>\n\t<meta property=\"og:image:type\" content=\"image\/jpeg\" \/>\n<meta name=\"author\" content=\"Reda\u00e7\u00e3o Portal MF\" \/>\n<meta name=\"twitter:card\" content=\"summary_large_image\" \/>\n<meta name=\"twitter:creator\" content=\"@https:\/\/x.com\/portalmfoficial\" \/>\n<meta name=\"twitter:label1\" content=\"Escrito por\" \/>\n\t<meta name=\"twitter:data1\" content=\"Reda\u00e7\u00e3o Portal MF\" \/>\n\t<meta name=\"twitter:label2\" content=\"Est. tempo de leitura\" \/>\n\t<meta name=\"twitter:data2\" content=\"2 minutos\" \/>\n<script type=\"application\/ld+json\" class=\"yoast-schema-graph\">{\"@context\":\"https:\/\/schema.org\",\"@graph\":[{\"@type\":\"WebPage\",\"@id\":\"https:\/\/portalmf.com.br\/index.php\/2024\/09\/19\/jose-ronaldo-projeta-ampliar-ciclovias-em-feira-de-santana-com-mais-20-km-de-faixas-exclusivas\/\",\"url\":\"https:\/\/portalmf.com.br\/index.php\/2024\/09\/19\/jose-ronaldo-projeta-ampliar-ciclovias-em-feira-de-santana-com-mais-20-km-de-faixas-exclusivas\/\",\"name\":\"Jos\u00e9 Ronaldo projeta ampliar ciclovias em Feira de Santana com mais 20 km de faixas exclusivas - Portal MF\",\"isPartOf\":{\"@id\":\"https:\/\/portalmf.com.br\/#website\"},\"primaryImageOfPage\":{\"@id\":\"https:\/\/portalmf.com.br\/index.php\/2024\/09\/19\/jose-ronaldo-projeta-ampliar-ciclovias-em-feira-de-santana-com-mais-20-km-de-faixas-exclusivas\/#primaryimage\"},\"image\":{\"@id\":\"https:\/\/portalmf.com.br\/index.php\/2024\/09\/19\/jose-ronaldo-projeta-ampliar-ciclovias-em-feira-de-santana-com-mais-20-km-de-faixas-exclusivas\/#primaryimage\"},\"thumbnailUrl\":\"https:\/\/portalmf.com.br\/wp-content\/uploads\/2024\/09\/Jose-Ronaldo-projeta-ampliar-ciclovias-em-Feira-de-Santana-com-mais-20-km-de-faixas-exclusivas.jpg\",\"datePublished\":\"2024-09-20T02:58:15+00:00\",\"dateModified\":\"2024-09-20T02:58:16+00:00\",\"author\":{\"@id\":\"https:\/\/portalmf.com.br\/#\/schema\/person\/9ec101baf56233e53520c26de5d6f6f0\"},\"breadcrumb\":{\"@id\":\"https:\/\/portalmf.com.br\/index.php\/2024\/09\/19\/jose-ronaldo-projeta-ampliar-ciclovias-em-feira-de-santana-com-mais-20-km-de-faixas-exclusivas\/#breadcrumb\"},\"inLanguage\":\"pt-BR\",\"potentialAction\":[{\"@type\":\"ReadAction\",\"target\":[\"https:\/\/portalmf.com.br\/index.php\/2024\/09\/19\/jose-ronaldo-projeta-ampliar-ciclovias-em-feira-de-santana-com-mais-20-km-de-faixas-exclusivas\/\"]}]},{\"@type\":\"ImageObject\",\"inLanguage\":\"pt-BR\",\"@id\":\"https:\/\/portalmf.com.br\/index.php\/2024\/09\/19\/jose-ronaldo-projeta-ampliar-ciclovias-em-feira-de-santana-com-mais-20-km-de-faixas-exclusivas\/#primaryimage\",\"url\":\"https:\/\/portalmf.com.br\/wp-content\/uploads\/2024\/09\/Jose-Ronaldo-projeta-ampliar-ciclovias-em-Feira-de-Santana-com-mais-20-km-de-faixas-exclusivas.jpg\",\"contentUrl\":\"https:\/\/portalmf.com.br\/wp-content\/uploads\/2024\/09\/Jose-Ronaldo-projeta-ampliar-ciclovias-em-Feira-de-Santana-com-mais-20-km-de-faixas-exclusivas.jpg\",\"width\":800,\"height\":533},{\"@type\":\"BreadcrumbList\",\"@id\":\"https:\/\/portalmf.com.br\/index.php\/2024\/09\/19\/jose-ronaldo-projeta-ampliar-ciclovias-em-feira-de-santana-com-mais-20-km-de-faixas-exclusivas\/#breadcrumb\",\"itemListElement\":[{\"@type\":\"ListItem\",\"position\":1,\"name\":\"In\u00edcio\",\"item\":\"https:\/\/portalmf.com.br\/\"},{\"@type\":\"ListItem\",\"position\":2,\"name\":\"Jos\u00e9 Ronaldo projeta ampliar ciclovias em Feira de Santana com mais 20 km de faixas exclusivas\"}]},{\"@type\":\"WebSite\",\"@id\":\"https:\/\/portalmf.com.br\/#website\",\"url\":\"https:\/\/portalmf.com.br\/\",\"name\":\"Portal MF\",\"description\":\"Voc\u00ea conectado com a informa\u00e7\u00e3o\",\"potentialAction\":[{\"@type\":\"SearchAction\",\"target\":{\"@type\":\"EntryPoint\",\"urlTemplate\":\"https:\/\/portalmf.com.br\/?s={search_term_string}\"},\"query-input\":\"required name=search_term_string\"}],\"inLanguage\":\"pt-BR\"},{\"@type\":\"Person\",\"@id\":\"https:\/\/portalmf.com.br\/#\/schema\/person\/9ec101baf56233e53520c26de5d6f6f0\",\"name\":\"Reda\u00e7\u00e3o Portal MF\",\"image\":{\"@type\":\"ImageObject\",\"inLanguage\":\"pt-BR\",\"@id\":\"https:\/\/portalmf.com.br\/#\/schema\/person\/image\/\",\"url\":\"https:\/\/secure.gravatar.com\/avatar\/41b9aaeb2100835f7c64362330f74c7f?s=96&d=mm&r=g\",\"contentUrl\":\"https:\/\/secure.gravatar.com\/avatar\/41b9aaeb2100835f7c64362330f74c7f?s=96&d=mm&r=g\",\"caption\":\"Reda\u00e7\u00e3o Portal MF\"},\"description\":\"Sejam bem-vindos o portal de informa\u00e7\u00f5es de entretenimento de Feira de Santana, desde 2006 realiza coberturas dos principais eventos com entrevistas exclusivas com as principais personalidades mundiais. Fique conectado tamb\u00e9m nas redes sociais.\",\"sameAs\":[\"http:\/\/www.portalmf.com.br\/\",\"https:\/\/www.facebook.com\/portalmfoficial\",\"https:\/\/www.instagram.com\/portalmf\/\",\"https:\/\/x.com\/https:\/\/x.com\/portalmfoficial\",\"https:\/\/www.youtube.com\/@portalmfoficial\"],\"url\":\"https:\/\/portalmf.com.br\/index.php\/author\/junior\/\"}]}<\/script>\n<!-- \/ Yoast SEO plugin. -->","yoast_head_json":{"title":"Jos\u00e9 Ronaldo projeta ampliar ciclovias em Feira de Santana com mais 20 km de faixas exclusivas - Portal MF","robots":{"index":"index","follow":"follow","max-snippet":"max-snippet:-1","max-image-preview":"max-image-preview:large","max-video-preview":"max-video-preview:-1"},"canonical":"https:\/\/portalmf.com.br\/index.php\/2024\/09\/19\/jose-ronaldo-projeta-ampliar-ciclovias-em-feira-de-santana-com-mais-20-km-de-faixas-exclusivas\/","og_locale":"pt_BR","og_type":"article","og_title":"Jos\u00e9 Ronaldo projeta ampliar ciclovias em Feira de Santana com mais 20 km de faixas exclusivas - Portal MF","og_description":"O candidato a prefeito de Feira de Santana, Jos\u00e9 Ronaldo (Uni\u00e3o Brasil), anunciou a constru\u00e7\u00e3o de mais de 20 km de ciclovias nas principais avenidas da cidade como uma das prioridades de seu governo, caso eleito. A proposta foi apresentada durante uma entrevista ao programa Acorda Cidade, da R\u00e1dio Sociedade News FM, conduzida pelo radialista [&hellip;]","og_url":"https:\/\/portalmf.com.br\/index.php\/2024\/09\/19\/jose-ronaldo-projeta-ampliar-ciclovias-em-feira-de-santana-com-mais-20-km-de-faixas-exclusivas\/","og_site_name":"Portal MF","article_author":"https:\/\/www.facebook.com\/portalmfoficial","article_published_time":"2024-09-20T02:58:15+00:00","article_modified_time":"2024-09-20T02:58:16+00:00","og_image":[{"width":800,"height":533,"url":"https:\/\/portalmf.com.br\/wp-content\/uploads\/2024\/09\/Jose-Ronaldo-projeta-ampliar-ciclovias-em-Feira-de-Santana-com-mais-20-km-de-faixas-exclusivas.jpg","type":"image\/jpeg"}],"author":"Reda\u00e7\u00e3o Portal MF","twitter_card":"summary_large_image","twitter_creator":"@https:\/\/x.com\/portalmfoficial","twitter_misc":{"Escrito por":"Reda\u00e7\u00e3o Portal MF","Est. tempo de leitura":"2 minutos"},"schema":{"@context":"https:\/\/schema.org","@graph":[{"@type":"WebPage","@id":"https:\/\/portalmf.com.br\/index.php\/2024\/09\/19\/jose-ronaldo-projeta-ampliar-ciclovias-em-feira-de-santana-com-mais-20-km-de-faixas-exclusivas\/","url":"https:\/\/portalmf.com.br\/index.php\/2024\/09\/19\/jose-ronaldo-projeta-ampliar-ciclovias-em-feira-de-santana-com-mais-20-km-de-faixas-exclusivas\/","name":"Jos\u00e9 Ronaldo projeta ampliar ciclovias em Feira de Santana com mais 20 km de faixas exclusivas - Portal MF","isPartOf":{"@id":"https:\/\/portalmf.com.br\/#website"},"primaryImageOfPage":{"@id":"https:\/\/portalmf.com.br\/index.php\/2024\/09\/19\/jose-ronaldo-projeta-ampliar-ciclovias-em-feira-de-santana-com-mais-20-km-de-faixas-exclusivas\/#primaryimage"},"image":{"@id":"https:\/\/portalmf.com.br\/index.php\/2024\/09\/19\/jose-ronaldo-projeta-ampliar-ciclovias-em-feira-de-santana-com-mais-20-km-de-faixas-exclusivas\/#primaryimage"},"thumbnailUrl":"https:\/\/portalmf.com.br\/wp-content\/uploads\/2024\/09\/Jose-Ronaldo-projeta-ampliar-ciclovias-em-Feira-de-Santana-com-mais-20-km-de-faixas-exclusivas.jpg","datePublished":"2024-09-20T02:58:15+00:00","dateModified":"2024-09-20T02:58:16+00:00","author":{"@id":"https:\/\/portalmf.com.br\/#\/schema\/person\/9ec101baf56233e53520c26de5d6f6f0"},"breadcrumb":{"@id":"https:\/\/portalmf.com.br\/index.php\/2024\/09\/19\/jose-ronaldo-projeta-ampliar-ciclovias-em-feira-de-santana-com-mais-20-km-de-faixas-exclusivas\/#breadcrumb"},"inLanguage":"pt-BR","potentialAction":[{"@type":"ReadAction","target":["https:\/\/portalmf.com.br\/index.php\/2024\/09\/19\/jose-ronaldo-projeta-ampliar-ciclovias-em-feira-de-santana-com-mais-20-km-de-faixas-exclusivas\/"]}]},{"@type":"ImageObject","inLanguage":"pt-BR","@id":"https:\/\/portalmf.com.br\/index.php\/2024\/09\/19\/jose-ronaldo-projeta-ampliar-ciclovias-em-feira-de-santana-com-mais-20-km-de-faixas-exclusivas\/#primaryimage","url":"https:\/\/portalmf.com.br\/wp-content\/uploads\/2024\/09\/Jose-Ronaldo-projeta-ampliar-ciclovias-em-Feira-de-Santana-com-mais-20-km-de-faixas-exclusivas.jpg","contentUrl":"https:\/\/portalmf.com.br\/wp-content\/uploads\/2024\/09\/Jose-Ronaldo-projeta-ampliar-ciclovias-em-Feira-de-Santana-com-mais-20-km-de-faixas-exclusivas.jpg","width":800,"height":533},{"@type":"BreadcrumbList","@id":"https:\/\/portalmf.com.br\/index.php\/2024\/09\/19\/jose-ronaldo-projeta-ampliar-ciclovias-em-feira-de-santana-com-mais-20-km-de-faixas-exclusivas\/#breadcrumb","itemListElement":[{"@type":"ListItem","position":1,"name":"In\u00edcio","item":"https:\/\/portalmf.com.br\/"},{"@type":"ListItem","position":2,"name":"Jos\u00e9 Ronaldo projeta ampliar ciclovias em Feira de Santana com mais 20 km de faixas exclusivas"}]},{"@type":"WebSite","@id":"https:\/\/portalmf.com.br\/#website","url":"https:\/\/portalmf.com.br\/","name":"Portal MF","description":"Voc\u00ea conectado com a informa\u00e7\u00e3o","potentialAction":[{"@type":"SearchAction","target":{"@type":"EntryPoint","urlTemplate":"https:\/\/portalmf.com.br\/?s={search_term_string}"},"query-input":"required name=search_term_string"}],"inLanguage":"pt-BR"},{"@type":"Person","@id":"https:\/\/portalmf.com.br\/#\/schema\/person\/9ec101baf56233e53520c26de5d6f6f0","name":"Reda\u00e7\u00e3o Portal MF","image":{"@type":"ImageObject","inLanguage":"pt-BR","@id":"https:\/\/portalmf.com.br\/#\/schema\/person\/image\/","url":"https:\/\/secure.gravatar.com\/avatar\/41b9aaeb2100835f7c64362330f74c7f?s=96&d=mm&r=g","contentUrl":"https:\/\/secure.gravatar.com\/avatar\/41b9aaeb2100835f7c64362330f74c7f?s=96&d=mm&r=g","caption":"Reda\u00e7\u00e3o Portal MF"},"description":"Sejam bem-vindos o portal de informa\u00e7\u00f5es de entretenimento de Feira de Santana, desde 2006 realiza coberturas dos principais eventos com entrevistas exclusivas com as principais personalidades mundiais. Fique conectado tamb\u00e9m nas redes sociais.","sameAs":["http:\/\/www.portalmf.com.br\/","https:\/\/www.facebook.com\/portalmfoficial","https:\/\/www.instagram.com\/portalmf\/","https:\/\/x.com\/https:\/\/x.com\/portalmfoficial","https:\/\/www.youtube.com\/@portalmfoficial"],"url":"https:\/\/portalmf.com.br\/index.php\/author\/junior\/"}]}},"_links":{"self":[{"href":"https:\/\/portalmf.com.br\/index.php\/wp-json\/wp\/v2\/posts\/29929"}],"collection":[{"href":"https:\/\/portalmf.com.br\/index.php\/wp-json\/wp\/v2\/posts"}],"about":[{"href":"https:\/\/portalmf.com.br\/index.php\/wp-json\/wp\/v2\/types\/post"}],"author":[{"embeddable":true,"href":"https:\/\/portalmf.com.br\/index.php\/wp-json\/wp\/v2\/users\/3"}],"replies":[{"embeddable":true,"href":"https:\/\/portalmf.com.br\/index.php\/wp-json\/wp\/v2\/comments?post=29929"}],"version-history":[{"count":1,"href":"https:\/\/portalmf.com.br\/index.php\/wp-json\/wp\/v2\/posts\/29929\/revisions"}],"predecessor-version":[{"id":29931,"href":"https:\/\/portalmf.com.br\/index.php\/wp-json\/wp\/v2\/posts\/29929\/revisions\/29931"}],"wp:featuredmedia":[{"embeddable":true,"href":"https:\/\/portalmf.com.br\/index.php\/wp-json\/wp\/v2\/media\/29930"}],"wp:attachment":[{"href":"https:\/\/portalmf.com.br\/index.php\/wp-json\/wp\/v2\/media?parent=29929"}],"wp:term":[{"taxonomy":"category","embeddable":true,"href":"https:\/\/portalmf.com.br\/index.php\/wp-json\/wp\/v2\/categories?post=29929"},{"taxonomy":"post_tag","embeddable":true,"href":"https:\/\/portalmf.com.br\/index.php\/wp-json\/wp\/v2\/tags?post=29929"}],"curies":[{"name":"wp","href":"https:\/\/api.w.org\/{rel}","templated":true}]}}