{"id":29926,"date":"2024-09-19T23:47:35","date_gmt":"2024-09-20T02:47:35","guid":{"rendered":"https:\/\/portalmf.com.br\/?p=29926"},"modified":"2024-09-19T23:47:36","modified_gmt":"2024-09-20T02:47:36","slug":"rua-e-pesquisa-confirmam-o-povo-quer-mudanca-em-feira-afirma-jeronimo-em-caminhada-com-ze-neto-e-sandro-nazireu","status":"publish","type":"post","link":"https:\/\/portalmf.com.br\/index.php\/2024\/09\/19\/rua-e-pesquisa-confirmam-o-povo-quer-mudanca-em-feira-afirma-jeronimo-em-caminhada-com-ze-neto-e-sandro-nazireu\/","title":{"rendered":"\u201dRua e pesquisa confirmam: o povo quer mudan\u00e7a em Feira\u201d, afirma Jer\u00f4nimo, em caminhada com Z\u00e9 Neto e Sandro Nazireu"},"content":{"rendered":"\n<p>Fotos: Paulo Amaral\/Bill Lima<\/p>\n\n\n\n<p>Feira de Santana foi palco da maior Caminhada da Vit\u00f3ria no centro da cidade, nesta quinta-feira (19), liderada pelos candidatos a prefeito da coliga\u00e7\u00e3o Pra Fazer o Futuro Acontecer, Z\u00e9 Neto, e a vice-prefeito Sandro Nazireu, com a presen\u00e7a ilustre do governador Jer\u00f4nimo Rodrigues, da primeira-dama do Estado, professora Tatiana Veloso, de deputados(as) federais e estaduais, entre outras autoridades.<\/p>\n\n\n\n<p>O ato hist\u00f3rico, que teve in\u00edcio na Pra\u00e7a da Matriz, percorreu diversas ruas e avenidas, e foi encerrado em clima de festa pr\u00f3ximo ao Comit\u00ea Central de Z\u00e9 Neto e Sandro Nazireu, na Avenida Get\u00falio Vargas, atraiu uma multid\u00e3o de pessoas que expressaram o sentimento de mudan\u00e7a na administra\u00e7\u00e3o do munic\u00edpio.<\/p>\n\n\n\n<p><em>\u201cFizemos uma caminhada linda, a maior da hist\u00f3ria nesta cidade. Rua e pesquisa confirmam: o povo quer mudan\u00e7a em Feira. Meu desejo \u00e9 que eu possa ter, a partir do dia 01 de janeiro de 2025, um prefeito amigo, parceiro, que ame e cuide da nossa Princesa do Sert\u00e3o como ela merece\u201c<\/em>, declarou o governador.<\/p>\n\n\n\n<p>Para Z\u00e9 Neto, que lidera com 50,5% dos votos v\u00e1lidos a pesquisa do IPM Brasil\/R\u00e1dio Andai\u00e1 FM, divulgada esta semana, e pode vencer a elei\u00e7\u00e3o no primeiro turno, o sentimento de mudan\u00e7a \u00e9 muito forte na cidade.<\/p>\n\n\n\n<p><em>\u201cO que n\u00f3s estamos presenciando aqui hoje \u00e9 esse sentimento de mudan\u00e7a muito forte na cidade, porque quem n\u00e3o fez em 24 anos, n\u00e3o vai fazer mais. A vontade \u00e9 uma s\u00f3: no pr\u00f3ximo dia 6 de outubro, o \u2018Z\u00e9 da mudan\u00e7a\u2019 vai vencer o \u2018Z\u00e9 do atraso\u2019 e nossa Princesa do Sert\u00e3o vai voltar a ser feliz de novo\u201c,<\/em> afirmou.<\/p>\n\n\n\n<p>Com informa\u00e7\u00f5es da Ascom \/ Z\u00e9 Neto<\/p>\n","protected":false},"excerpt":{"rendered":"<p>Fotos: Paulo Amaral\/Bill Lima Feira de Santana foi palco da maior Caminhada da Vit\u00f3ria no centro da cidade, nesta quinta-feira (19), liderada pelos candidatos a prefeito da coliga\u00e7\u00e3o Pra Fazer o Futuro Acontecer, Z\u00e9 Neto, e a vice-prefeito Sandro Nazireu, com a presen\u00e7a ilustre do governador Jer\u00f4nimo Rodrigues, da primeira-dama do Estado, professora Tatiana Veloso, [&hellip;]<\/p>\n","protected":false},"author":3,"featured_media":29927,"comment_status":"open","ping_status":"open","sticky":false,"template":"","format":"standard","meta":{"_monsterinsights_skip_tracking":false,"_monsterinsights_sitenote_active":false,"_monsterinsights_sitenote_note":"","_monsterinsights_sitenote_category":0,"footnotes":""},"categories":[301,34],"tags":[],"yoast_head":"<!-- This site is optimized with the Yoast SEO plugin v22.9 - https:\/\/yoast.com\/wordpress\/plugins\/seo\/ -->\n<title>\u201dRua e pesquisa confirmam: o povo quer mudan\u00e7a em Feira\u201d, afirma Jer\u00f4nimo, em caminhada com Z\u00e9 Neto e Sandro Nazireu - Portal MF<\/title>\n<meta name=\"robots\" content=\"index, follow, max-snippet:-1, max-image-preview:large, max-video-preview:-1\" \/>\n<link rel=\"canonical\" href=\"https:\/\/portalmf.com.br\/index.php\/2024\/09\/19\/rua-e-pesquisa-confirmam-o-povo-quer-mudanca-em-feira-afirma-jeronimo-em-caminhada-com-ze-neto-e-sandro-nazireu\/\" \/>\n<meta property=\"og:locale\" content=\"pt_BR\" \/>\n<meta property=\"og:type\" content=\"article\" \/>\n<meta property=\"og:title\" content=\"\u201dRua e pesquisa confirmam: o povo quer mudan\u00e7a em Feira\u201d, afirma Jer\u00f4nimo, em caminhada com Z\u00e9 Neto e Sandro Nazireu - Portal MF\" \/>\n<meta property=\"og:description\" content=\"Fotos: Paulo Amaral\/Bill Lima Feira de Santana foi palco da maior Caminhada da Vit\u00f3ria no centro da cidade, nesta quinta-feira (19), liderada pelos candidatos a prefeito da coliga\u00e7\u00e3o Pra Fazer o Futuro Acontecer, Z\u00e9 Neto, e a vice-prefeito Sandro Nazireu, com a presen\u00e7a ilustre do governador Jer\u00f4nimo Rodrigues, da primeira-dama do Estado, professora Tatiana Veloso, [&hellip;]\" \/>\n<meta property=\"og:url\" content=\"https:\/\/portalmf.com.br\/index.php\/2024\/09\/19\/rua-e-pesquisa-confirmam-o-povo-quer-mudanca-em-feira-afirma-jeronimo-em-caminhada-com-ze-neto-e-sandro-nazireu\/\" \/>\n<meta property=\"og:site_name\" content=\"Portal MF\" \/>\n<meta property=\"article:author\" content=\"https:\/\/www.facebook.com\/portalmfoficial\" \/>\n<meta property=\"article:published_time\" content=\"2024-09-20T02:47:35+00:00\" \/>\n<meta property=\"article:modified_time\" content=\"2024-09-20T02:47:36+00:00\" \/>\n<meta property=\"og:image\" content=\"https:\/\/portalmf.com.br\/wp-content\/uploads\/2024\/09\/o-povo-quer-mudanca-em-Feira-afirma-Jeronimo-em-caminhada-com-Ze-Neto-e-Sandro-Nazireu.jpg\" \/>\n\t<meta property=\"og:image:width\" content=\"800\" \/>\n\t<meta property=\"og:image:height\" content=\"533\" \/>\n\t<meta property=\"og:image:type\" content=\"image\/jpeg\" \/>\n<meta name=\"author\" content=\"Reda\u00e7\u00e3o Portal MF\" \/>\n<meta name=\"twitter:card\" content=\"summary_large_image\" \/>\n<meta name=\"twitter:creator\" content=\"@https:\/\/x.com\/portalmfoficial\" \/>\n<meta name=\"twitter:label1\" content=\"Escrito por\" \/>\n\t<meta name=\"twitter:data1\" content=\"Reda\u00e7\u00e3o Portal MF\" \/>\n\t<meta name=\"twitter:label2\" content=\"Est. tempo de leitura\" \/>\n\t<meta name=\"twitter:data2\" content=\"2 minutos\" \/>\n<script type=\"application\/ld+json\" class=\"yoast-schema-graph\">{\"@context\":\"https:\/\/schema.org\",\"@graph\":[{\"@type\":\"WebPage\",\"@id\":\"https:\/\/portalmf.com.br\/index.php\/2024\/09\/19\/rua-e-pesquisa-confirmam-o-povo-quer-mudanca-em-feira-afirma-jeronimo-em-caminhada-com-ze-neto-e-sandro-nazireu\/\",\"url\":\"https:\/\/portalmf.com.br\/index.php\/2024\/09\/19\/rua-e-pesquisa-confirmam-o-povo-quer-mudanca-em-feira-afirma-jeronimo-em-caminhada-com-ze-neto-e-sandro-nazireu\/\",\"name\":\"\u201dRua e pesquisa confirmam: o povo quer mudan\u00e7a em Feira\u201d, afirma Jer\u00f4nimo, em caminhada com Z\u00e9 Neto e Sandro Nazireu - Portal MF\",\"isPartOf\":{\"@id\":\"https:\/\/portalmf.com.br\/#website\"},\"primaryImageOfPage\":{\"@id\":\"https:\/\/portalmf.com.br\/index.php\/2024\/09\/19\/rua-e-pesquisa-confirmam-o-povo-quer-mudanca-em-feira-afirma-jeronimo-em-caminhada-com-ze-neto-e-sandro-nazireu\/#primaryimage\"},\"image\":{\"@id\":\"https:\/\/portalmf.com.br\/index.php\/2024\/09\/19\/rua-e-pesquisa-confirmam-o-povo-quer-mudanca-em-feira-afirma-jeronimo-em-caminhada-com-ze-neto-e-sandro-nazireu\/#primaryimage\"},\"thumbnailUrl\":\"https:\/\/portalmf.com.br\/wp-content\/uploads\/2024\/09\/o-povo-quer-mudanca-em-Feira-afirma-Jeronimo-em-caminhada-com-Ze-Neto-e-Sandro-Nazireu.jpg\",\"datePublished\":\"2024-09-20T02:47:35+00:00\",\"dateModified\":\"2024-09-20T02:47:36+00:00\",\"author\":{\"@id\":\"https:\/\/portalmf.com.br\/#\/schema\/person\/9ec101baf56233e53520c26de5d6f6f0\"},\"breadcrumb\":{\"@id\":\"https:\/\/portalmf.com.br\/index.php\/2024\/09\/19\/rua-e-pesquisa-confirmam-o-povo-quer-mudanca-em-feira-afirma-jeronimo-em-caminhada-com-ze-neto-e-sandro-nazireu\/#breadcrumb\"},\"inLanguage\":\"pt-BR\",\"potentialAction\":[{\"@type\":\"ReadAction\",\"target\":[\"https:\/\/portalmf.com.br\/index.php\/2024\/09\/19\/rua-e-pesquisa-confirmam-o-povo-quer-mudanca-em-feira-afirma-jeronimo-em-caminhada-com-ze-neto-e-sandro-nazireu\/\"]}]},{\"@type\":\"ImageObject\",\"inLanguage\":\"pt-BR\",\"@id\":\"https:\/\/portalmf.com.br\/index.php\/2024\/09\/19\/rua-e-pesquisa-confirmam-o-povo-quer-mudanca-em-feira-afirma-jeronimo-em-caminhada-com-ze-neto-e-sandro-nazireu\/#primaryimage\",\"url\":\"https:\/\/portalmf.com.br\/wp-content\/uploads\/2024\/09\/o-povo-quer-mudanca-em-Feira-afirma-Jeronimo-em-caminhada-com-Ze-Neto-e-Sandro-Nazireu.jpg\",\"contentUrl\":\"https:\/\/portalmf.com.br\/wp-content\/uploads\/2024\/09\/o-povo-quer-mudanca-em-Feira-afirma-Jeronimo-em-caminhada-com-Ze-Neto-e-Sandro-Nazireu.jpg\",\"width\":800,\"height\":533},{\"@type\":\"BreadcrumbList\",\"@id\":\"https:\/\/portalmf.com.br\/index.php\/2024\/09\/19\/rua-e-pesquisa-confirmam-o-povo-quer-mudanca-em-feira-afirma-jeronimo-em-caminhada-com-ze-neto-e-sandro-nazireu\/#breadcrumb\",\"itemListElement\":[{\"@type\":\"ListItem\",\"position\":1,\"name\":\"In\u00edcio\",\"item\":\"https:\/\/portalmf.com.br\/\"},{\"@type\":\"ListItem\",\"position\":2,\"name\":\"\u201dRua e pesquisa confirmam: o povo quer mudan\u00e7a em Feira\u201d, afirma Jer\u00f4nimo, em caminhada com Z\u00e9 Neto e Sandro Nazireu\"}]},{\"@type\":\"WebSite\",\"@id\":\"https:\/\/portalmf.com.br\/#website\",\"url\":\"https:\/\/portalmf.com.br\/\",\"name\":\"Portal MF\",\"description\":\"Voc\u00ea conectado com a informa\u00e7\u00e3o\",\"potentialAction\":[{\"@type\":\"SearchAction\",\"target\":{\"@type\":\"EntryPoint\",\"urlTemplate\":\"https:\/\/portalmf.com.br\/?s={search_term_string}\"},\"query-input\":\"required name=search_term_string\"}],\"inLanguage\":\"pt-BR\"},{\"@type\":\"Person\",\"@id\":\"https:\/\/portalmf.com.br\/#\/schema\/person\/9ec101baf56233e53520c26de5d6f6f0\",\"name\":\"Reda\u00e7\u00e3o Portal MF\",\"image\":{\"@type\":\"ImageObject\",\"inLanguage\":\"pt-BR\",\"@id\":\"https:\/\/portalmf.com.br\/#\/schema\/person\/image\/\",\"url\":\"https:\/\/secure.gravatar.com\/avatar\/41b9aaeb2100835f7c64362330f74c7f?s=96&d=mm&r=g\",\"contentUrl\":\"https:\/\/secure.gravatar.com\/avatar\/41b9aaeb2100835f7c64362330f74c7f?s=96&d=mm&r=g\",\"caption\":\"Reda\u00e7\u00e3o Portal MF\"},\"description\":\"Sejam bem-vindos o portal de informa\u00e7\u00f5es de entretenimento de Feira de Santana, desde 2006 realiza coberturas dos principais eventos com entrevistas exclusivas com as principais personalidades mundiais. Fique conectado tamb\u00e9m nas redes sociais.\",\"sameAs\":[\"http:\/\/www.portalmf.com.br\/\",\"https:\/\/www.facebook.com\/portalmfoficial\",\"https:\/\/www.instagram.com\/portalmf\/\",\"https:\/\/x.com\/https:\/\/x.com\/portalmfoficial\",\"https:\/\/www.youtube.com\/@portalmfoficial\"],\"url\":\"https:\/\/portalmf.com.br\/index.php\/author\/junior\/\"}]}<\/script>\n<!-- \/ Yoast SEO plugin. -->","yoast_head_json":{"title":"\u201dRua e pesquisa confirmam: o povo quer mudan\u00e7a em Feira\u201d, afirma Jer\u00f4nimo, em caminhada com Z\u00e9 Neto e Sandro Nazireu - Portal MF","robots":{"index":"index","follow":"follow","max-snippet":"max-snippet:-1","max-image-preview":"max-image-preview:large","max-video-preview":"max-video-preview:-1"},"canonical":"https:\/\/portalmf.com.br\/index.php\/2024\/09\/19\/rua-e-pesquisa-confirmam-o-povo-quer-mudanca-em-feira-afirma-jeronimo-em-caminhada-com-ze-neto-e-sandro-nazireu\/","og_locale":"pt_BR","og_type":"article","og_title":"\u201dRua e pesquisa confirmam: o povo quer mudan\u00e7a em Feira\u201d, afirma Jer\u00f4nimo, em caminhada com Z\u00e9 Neto e Sandro Nazireu - Portal MF","og_description":"Fotos: Paulo Amaral\/Bill Lima Feira de Santana foi palco da maior Caminhada da Vit\u00f3ria no centro da cidade, nesta quinta-feira (19), liderada pelos candidatos a prefeito da coliga\u00e7\u00e3o Pra Fazer o Futuro Acontecer, Z\u00e9 Neto, e a vice-prefeito Sandro Nazireu, com a presen\u00e7a ilustre do governador Jer\u00f4nimo Rodrigues, da primeira-dama do Estado, professora Tatiana Veloso, [&hellip;]","og_url":"https:\/\/portalmf.com.br\/index.php\/2024\/09\/19\/rua-e-pesquisa-confirmam-o-povo-quer-mudanca-em-feira-afirma-jeronimo-em-caminhada-com-ze-neto-e-sandro-nazireu\/","og_site_name":"Portal MF","article_author":"https:\/\/www.facebook.com\/portalmfoficial","article_published_time":"2024-09-20T02:47:35+00:00","article_modified_time":"2024-09-20T02:47:36+00:00","og_image":[{"width":800,"height":533,"url":"https:\/\/portalmf.com.br\/wp-content\/uploads\/2024\/09\/o-povo-quer-mudanca-em-Feira-afirma-Jeronimo-em-caminhada-com-Ze-Neto-e-Sandro-Nazireu.jpg","type":"image\/jpeg"}],"author":"Reda\u00e7\u00e3o Portal MF","twitter_card":"summary_large_image","twitter_creator":"@https:\/\/x.com\/portalmfoficial","twitter_misc":{"Escrito por":"Reda\u00e7\u00e3o Portal MF","Est. tempo de leitura":"2 minutos"},"schema":{"@context":"https:\/\/schema.org","@graph":[{"@type":"WebPage","@id":"https:\/\/portalmf.com.br\/index.php\/2024\/09\/19\/rua-e-pesquisa-confirmam-o-povo-quer-mudanca-em-feira-afirma-jeronimo-em-caminhada-com-ze-neto-e-sandro-nazireu\/","url":"https:\/\/portalmf.com.br\/index.php\/2024\/09\/19\/rua-e-pesquisa-confirmam-o-povo-quer-mudanca-em-feira-afirma-jeronimo-em-caminhada-com-ze-neto-e-sandro-nazireu\/","name":"\u201dRua e pesquisa confirmam: o povo quer mudan\u00e7a em Feira\u201d, afirma Jer\u00f4nimo, em caminhada com Z\u00e9 Neto e Sandro Nazireu - Portal MF","isPartOf":{"@id":"https:\/\/portalmf.com.br\/#website"},"primaryImageOfPage":{"@id":"https:\/\/portalmf.com.br\/index.php\/2024\/09\/19\/rua-e-pesquisa-confirmam-o-povo-quer-mudanca-em-feira-afirma-jeronimo-em-caminhada-com-ze-neto-e-sandro-nazireu\/#primaryimage"},"image":{"@id":"https:\/\/portalmf.com.br\/index.php\/2024\/09\/19\/rua-e-pesquisa-confirmam-o-povo-quer-mudanca-em-feira-afirma-jeronimo-em-caminhada-com-ze-neto-e-sandro-nazireu\/#primaryimage"},"thumbnailUrl":"https:\/\/portalmf.com.br\/wp-content\/uploads\/2024\/09\/o-povo-quer-mudanca-em-Feira-afirma-Jeronimo-em-caminhada-com-Ze-Neto-e-Sandro-Nazireu.jpg","datePublished":"2024-09-20T02:47:35+00:00","dateModified":"2024-09-20T02:47:36+00:00","author":{"@id":"https:\/\/portalmf.com.br\/#\/schema\/person\/9ec101baf56233e53520c26de5d6f6f0"},"breadcrumb":{"@id":"https:\/\/portalmf.com.br\/index.php\/2024\/09\/19\/rua-e-pesquisa-confirmam-o-povo-quer-mudanca-em-feira-afirma-jeronimo-em-caminhada-com-ze-neto-e-sandro-nazireu\/#breadcrumb"},"inLanguage":"pt-BR","potentialAction":[{"@type":"ReadAction","target":["https:\/\/portalmf.com.br\/index.php\/2024\/09\/19\/rua-e-pesquisa-confirmam-o-povo-quer-mudanca-em-feira-afirma-jeronimo-em-caminhada-com-ze-neto-e-sandro-nazireu\/"]}]},{"@type":"ImageObject","inLanguage":"pt-BR","@id":"https:\/\/portalmf.com.br\/index.php\/2024\/09\/19\/rua-e-pesquisa-confirmam-o-povo-quer-mudanca-em-feira-afirma-jeronimo-em-caminhada-com-ze-neto-e-sandro-nazireu\/#primaryimage","url":"https:\/\/portalmf.com.br\/wp-content\/uploads\/2024\/09\/o-povo-quer-mudanca-em-Feira-afirma-Jeronimo-em-caminhada-com-Ze-Neto-e-Sandro-Nazireu.jpg","contentUrl":"https:\/\/portalmf.com.br\/wp-content\/uploads\/2024\/09\/o-povo-quer-mudanca-em-Feira-afirma-Jeronimo-em-caminhada-com-Ze-Neto-e-Sandro-Nazireu.jpg","width":800,"height":533},{"@type":"BreadcrumbList","@id":"https:\/\/portalmf.com.br\/index.php\/2024\/09\/19\/rua-e-pesquisa-confirmam-o-povo-quer-mudanca-em-feira-afirma-jeronimo-em-caminhada-com-ze-neto-e-sandro-nazireu\/#breadcrumb","itemListElement":[{"@type":"ListItem","position":1,"name":"In\u00edcio","item":"https:\/\/portalmf.com.br\/"},{"@type":"ListItem","position":2,"name":"\u201dRua e pesquisa confirmam: o povo quer mudan\u00e7a em Feira\u201d, afirma Jer\u00f4nimo, em caminhada com Z\u00e9 Neto e Sandro Nazireu"}]},{"@type":"WebSite","@id":"https:\/\/portalmf.com.br\/#website","url":"https:\/\/portalmf.com.br\/","name":"Portal MF","description":"Voc\u00ea conectado com a informa\u00e7\u00e3o","potentialAction":[{"@type":"SearchAction","target":{"@type":"EntryPoint","urlTemplate":"https:\/\/portalmf.com.br\/?s={search_term_string}"},"query-input":"required name=search_term_string"}],"inLanguage":"pt-BR"},{"@type":"Person","@id":"https:\/\/portalmf.com.br\/#\/schema\/person\/9ec101baf56233e53520c26de5d6f6f0","name":"Reda\u00e7\u00e3o Portal MF","image":{"@type":"ImageObject","inLanguage":"pt-BR","@id":"https:\/\/portalmf.com.br\/#\/schema\/person\/image\/","url":"https:\/\/secure.gravatar.com\/avatar\/41b9aaeb2100835f7c64362330f74c7f?s=96&d=mm&r=g","contentUrl":"https:\/\/secure.gravatar.com\/avatar\/41b9aaeb2100835f7c64362330f74c7f?s=96&d=mm&r=g","caption":"Reda\u00e7\u00e3o Portal MF"},"description":"Sejam bem-vindos o portal de informa\u00e7\u00f5es de entretenimento de Feira de Santana, desde 2006 realiza coberturas dos principais eventos com entrevistas exclusivas com as principais personalidades mundiais. Fique conectado tamb\u00e9m nas redes sociais.","sameAs":["http:\/\/www.portalmf.com.br\/","https:\/\/www.facebook.com\/portalmfoficial","https:\/\/www.instagram.com\/portalmf\/","https:\/\/x.com\/https:\/\/x.com\/portalmfoficial","https:\/\/www.youtube.com\/@portalmfoficial"],"url":"https:\/\/portalmf.com.br\/index.php\/author\/junior\/"}]}},"_links":{"self":[{"href":"https:\/\/portalmf.com.br\/index.php\/wp-json\/wp\/v2\/posts\/29926"}],"collection":[{"href":"https:\/\/portalmf.com.br\/index.php\/wp-json\/wp\/v2\/posts"}],"about":[{"href":"https:\/\/portalmf.com.br\/index.php\/wp-json\/wp\/v2\/types\/post"}],"author":[{"embeddable":true,"href":"https:\/\/portalmf.com.br\/index.php\/wp-json\/wp\/v2\/users\/3"}],"replies":[{"embeddable":true,"href":"https:\/\/portalmf.com.br\/index.php\/wp-json\/wp\/v2\/comments?post=29926"}],"version-history":[{"count":1,"href":"https:\/\/portalmf.com.br\/index.php\/wp-json\/wp\/v2\/posts\/29926\/revisions"}],"predecessor-version":[{"id":29928,"href":"https:\/\/portalmf.com.br\/index.php\/wp-json\/wp\/v2\/posts\/29926\/revisions\/29928"}],"wp:featuredmedia":[{"embeddable":true,"href":"https:\/\/portalmf.com.br\/index.php\/wp-json\/wp\/v2\/media\/29927"}],"wp:attachment":[{"href":"https:\/\/portalmf.com.br\/index.php\/wp-json\/wp\/v2\/media?parent=29926"}],"wp:term":[{"taxonomy":"category","embeddable":true,"href":"https:\/\/portalmf.com.br\/index.php\/wp-json\/wp\/v2\/categories?post=29926"},{"taxonomy":"post_tag","embeddable":true,"href":"https:\/\/portalmf.com.br\/index.php\/wp-json\/wp\/v2\/tags?post=29926"}],"curies":[{"name":"wp","href":"https:\/\/api.w.org\/{rel}","templated":true}]}}