{"id":29904,"date":"2024-09-19T18:12:26","date_gmt":"2024-09-19T21:12:26","guid":{"rendered":"https:\/\/portalmf.com.br\/?p=29904"},"modified":"2024-09-19T18:12:28","modified_gmt":"2024-09-19T21:12:28","slug":"pablo-roberto-diz-que-fica-feliz-em-conseguir-mudar-a-historia-dos-vices-de-feira","status":"publish","type":"post","link":"https:\/\/portalmf.com.br\/index.php\/2024\/09\/19\/pablo-roberto-diz-que-fica-feliz-em-conseguir-mudar-a-historia-dos-vices-de-feira\/","title":{"rendered":"Pablo Roberto, diz que fica feliz em conseguir mudar a hist\u00f3ria dos vices de Feira"},"content":{"rendered":"\n<p>O candidato a vice-prefeito de Jos\u00e9 Ronaldo de Carvalho em Feira de Santana,&nbsp;<strong>Pablo Roberto (PSDB)<\/strong>, participou na manh\u00e3 desta quinta-feira (19), da sabatina do Pool de Comunica\u00e7\u00e3o liderado pelo Jornal Folha do Estado e com a maior cobertura online da cidade (R\u00e1dio Geral, TV Geral, Conectado News, Levante a voz, Jornal Folha do Estado e Portal MF). Na entrevista, conduzida pelo jornalista Luiz Santos e moderada pelo jornalista Reginaldo J\u00fanior, o candidato come\u00e7ou respondendo porque quer ser vice-prefeito de Feira de Santana.<\/p>\n\n\n\n<p>\u201cEu quero ser vice-prefeito de Feira de Santana para, ao lado de Jos\u00e9 Ronaldo, administrar a cidade, para que ela possa continuar, voltar a ser um polo industrial, crescendo, pulsando, que a gente possa auxiliar o com\u00e9rcio, dar aten\u00e7\u00e3o devida \u00e0 gera\u00e7\u00e3o o emprego e renda, s\u00e3o bandeiras que eu defendo e que eu quero muito na prefeitura\u201d.<\/p>\n\n\n\n<p>Vice de destaque<\/p>\n\n\n\n<p>O assistente&nbsp;social por forma\u00e7\u00e3o diz que&nbsp;fica feliz em resinificar a relev\u00e2ncia dos vices nas campanhas de Feira de Santana.&nbsp;<\/p>\n\n\n\n<p><em>\u201cQuem me conhece, sabe qual \u00e9 o meu perfil. Eu n\u00e3o tenho esses estilos de ficar dentro de uma sala, eu gosto de trabalhar, de atuar, de ter protagonismo nas coisas que me proponho a fazer. O que a cidade pode esperar de mim \u00e9 um cara que vai trabalhar muito, ao lado de Jos\u00e9 Ronaldo, que vai contribuir muito. Fico feliz em dizer que n\u00f3s j\u00e1 conseguimos mudar a hist\u00f3ria dos vices de Feira na elei\u00e7\u00e3o. A participa\u00e7\u00e3o dos vices prefeitos voc\u00eas v\u00e3o ver que n\u00e3o tem nenhuma express\u00e3o e isso, essa desenvoltura que temos na nossa chapa, de dar espa\u00e7o para o vice, do vice estar na televis\u00e3o, participar da constru\u00e7\u00e3o do plano de governo de estarmos a frente nas tomadas de decis\u00f5es juntos acabou estimulando que os outros candidatos fizessem tamb\u00e9m isso e a cidade sai ganhando\u201d.<\/em><\/p>\n\n\n\n<p>BRT<\/p>\n\n\n\n<p>O deputado defende que n\u00e3o houve erro de execu\u00e7\u00e3o do projeto do BRT em Feira e sim erro de comunica\u00e7\u00e3o.<\/p>\n\n\n\n<p><em>\u201cN\u00e3o digo que exista erro de planejamento, at\u00e9 porque n\u00e3o gosto de falar sobre aquilo que eu n\u00e3o mergulhei e me aprofundei. Digo sim que talvez houve uma falha na comunica\u00e7\u00e3o. A forma que comunicou esse investimento foi um dos maiores e mais importantes para Feira de Santana porque as obras que foram feitas com BRT, na \u00e9poca, a comunica\u00e7\u00e3o foi muito mais ao que diz respeito a \u00f4nibus, corredores, do que a amplitude da obra que foi v\u00e1rias coisas. Foi a macrodrenagem, os viadutos, as avenidas&#8230; muita coisa foi feita e a popula\u00e7\u00e3o est\u00e1 vendo isso. N\u00e3o foi erro de execu\u00e7\u00e3o de projeto at\u00e9 porque n\u00e3o se erra em um feito desse que tanta gente acompanha. N\u00f3s j\u00e1 assumimos compromisso no nosso plano de governo em colocar de fato que a linhas possam rodar e atender a popula\u00e7\u00e3o de Feira como ela precisa\u201d<\/em><\/p>\n\n\n\n<p><strong>Ren\u00fancia ao mandato de deputado estadual<\/strong><\/p>\n\n\n\n<p>O candidato afirma que se eleito, renunciar\u00e1 ao mandato de deputado estadual para permanecer na prefeitura&nbsp;de Feira.<\/p>\n\n\n\n<p><em>\u201cEssa decis\u00e3o de n\u00e3o ser candidato foi dif\u00edcil, mas tomamos e a decis\u00e3o de ficar na prefeitura j\u00e1 foi tomada. Primeiro vamos voltar todos nossos esfor\u00e7os e pensamentos, nosso desafio central neste momento \u00e9 ganhar a elei\u00e7\u00e3o. Precisa chegar no dia 6 de outubro combinado com o povo e vencer o pleito. A partir da\u00ed a ideia \u00e9 estar na prefeitura de Feira de Santana como vice-prefeito ajudando na administra\u00e7\u00e3o da cidade. Essa \u00e9 a nossa decis\u00e3o tomada, como anunciamos na coletiva no dia que Jos\u00e9 Ronaldo formalizou o convite para que eu pudesse ser vice na sua chapa\u201d,<\/em> diz.<\/p>\n\n\n\n<p><strong>Desejo de ser prefeito<\/strong><\/p>\n\n\n\n<p>Roberto atesta que sua caminhada pol\u00edtica envolve a meta de chegar \u00e0 prefeitura.<\/p>\n\n\n\n<p><em>\u201cEu nunca escondi o desejo de um dia me tornar prefeito de Feira. Eu acho que aqui Deus e o povo de Feira tem me aben\u00e7oado. Mod\u00e9stia a parte, tenho uma carreira pol\u00edtica bem sucedida, fui vereador duas vezes, secret\u00e1rio municipal, deputado estadual. Na primeira disputa sai com uma vota\u00e7\u00e3o expressiva sendo deputado estadual mais votado do pleito o que j\u00e1 aconteceu na vida p\u00fablica em duas oportunidades, na elei\u00e7\u00e3o de 2012 eu fui o vereador mais votado e em 2022 o deputado estadual. Agora penso em ser vice-prefeito e continuar esse sonho de um dia chegar \u00e0 prefeitura de Feira\u201d.<\/em><\/p>\n\n\n\n<p><strong>Cultura<\/strong><\/p>\n\n\n\n<p>Pablo analisa o cen\u00e1rio cultural feirense e prop\u00f5e PPP em festas e equipamentos municipais.&nbsp;<\/p>\n\n\n\n<p><em>\u201cFui secret\u00e1rio de agricultura onde o Parque de Exposi\u00e7\u00f5es est\u00e1 e na \u00e9poca iniciamos muita discuss\u00e3o para um processo de parceria p\u00fablico privada porque um equipamento daquele tamanho com toda magnitude que tem, com a for\u00e7a que tem Feira de Santana para realizar eventos agropecu\u00e1rio e das mais diversas outras naturezas n\u00e3o faz sentido que um equipamento daquele s\u00f3 funcione um ou duas vezes por ano. O projeto de revitaliza\u00e7\u00e3o do Parque come\u00e7ou quando eu ainda estava no governo. Meu sentimento \u00e9 que possamos organizar uma PPP para gest\u00e3o do equipamento para realiza\u00e7\u00e3o de grandes eventos. Assim como penso tamb\u00e9m para o est\u00e1dio Joia da Princesa e j\u00e1 manifestei isso. J\u00e1 a Micareta de Feira, todos sabem que sou apaixonado por essa festa, envolvido, o quanto eu brinco, o quanto eu participo e j\u00e1 passou da hora de fazer uma discuss\u00e3o realmente profunda sobre isso. Os encontros que acontecem ao longo do ano s\u00e3o muito pontuais. Defendo a cria\u00e7\u00e3o do Conselho Municipal da Micareta para que ele possa ter autonomia de fazer um estudo t\u00e9cnico para que possamos retomar as grandes Micaretas relevantes no cen\u00e1rio nacional. \u201d<\/em><\/p>\n\n\n\n<p><strong>Desist\u00eancia da candidatura a prefeito<\/strong><\/p>\n\n\n\n<p><em>\u201cDurante o per\u00edodo de quase 11 meses que nos apresentamos como candidato a prefeito aqui em Feira de Santana, conversamos com muita gente, nosso grupo militou muito na cidade inteira at\u00e9 chegar o momento que, com base em uma pesquisa encomendada pelo PSDB nacional faltando 40 dias para as conven\u00e7\u00f5es, come\u00e7amos a analisar o cen\u00e1rio e foi necess\u00e1rio tomar decis\u00e3o de n\u00e3o manter a candidatura. Depois disso, come\u00e7amos a conversar com Jos\u00e9 Ronaldo e com as pessoas que fazem parte do grupo, os partidos pol\u00edticos, a partir da\u00ed surgiu tamb\u00e9m com base nas pesquisas que foram feitas na cidade apareceu a possibilidade do nosso nome. Tudo foi ponto de um amplo debate internamente e aceitamos o convite para disputar as elei\u00e7\u00f5es\u201d<\/em><\/p>\n","protected":false},"excerpt":{"rendered":"<p>O candidato a vice-prefeito de Jos\u00e9 Ronaldo de Carvalho em Feira de Santana,&nbsp;Pablo Roberto (PSDB), participou na manh\u00e3 desta quinta-feira (19), da sabatina do Pool de Comunica\u00e7\u00e3o liderado pelo Jornal Folha do Estado e com a maior cobertura online da cidade (R\u00e1dio Geral, TV Geral, Conectado News, Levante a voz, Jornal Folha do Estado e [&hellip;]<\/p>\n","protected":false},"author":3,"featured_media":29906,"comment_status":"open","ping_status":"open","sticky":false,"template":"","format":"standard","meta":{"_monsterinsights_skip_tracking":false,"_monsterinsights_sitenote_active":false,"_monsterinsights_sitenote_note":"","_monsterinsights_sitenote_category":0,"footnotes":""},"categories":[47,301,34],"tags":[],"yoast_head":"<!-- This site is optimized with the Yoast SEO plugin v22.9 - https:\/\/yoast.com\/wordpress\/plugins\/seo\/ -->\n<title>Pablo Roberto, diz que fica feliz em conseguir mudar a hist\u00f3ria dos vices de Feira - Portal MF<\/title>\n<meta name=\"robots\" content=\"index, follow, max-snippet:-1, max-image-preview:large, max-video-preview:-1\" \/>\n<link rel=\"canonical\" href=\"https:\/\/portalmf.com.br\/index.php\/2024\/09\/19\/pablo-roberto-diz-que-fica-feliz-em-conseguir-mudar-a-historia-dos-vices-de-feira\/\" \/>\n<meta property=\"og:locale\" content=\"pt_BR\" \/>\n<meta property=\"og:type\" content=\"article\" \/>\n<meta property=\"og:title\" content=\"Pablo Roberto, diz que fica feliz em conseguir mudar a hist\u00f3ria dos vices de Feira - Portal MF\" \/>\n<meta property=\"og:description\" content=\"O candidato a vice-prefeito de Jos\u00e9 Ronaldo de Carvalho em Feira de Santana,&nbsp;Pablo Roberto (PSDB), participou na manh\u00e3 desta quinta-feira (19), da sabatina do Pool de Comunica\u00e7\u00e3o liderado pelo Jornal Folha do Estado e com a maior cobertura online da cidade (R\u00e1dio Geral, TV Geral, Conectado News, Levante a voz, Jornal Folha do Estado e [&hellip;]\" \/>\n<meta property=\"og:url\" content=\"https:\/\/portalmf.com.br\/index.php\/2024\/09\/19\/pablo-roberto-diz-que-fica-feliz-em-conseguir-mudar-a-historia-dos-vices-de-feira\/\" \/>\n<meta property=\"og:site_name\" content=\"Portal MF\" \/>\n<meta property=\"article:author\" content=\"https:\/\/www.facebook.com\/portalmfoficial\" \/>\n<meta property=\"article:published_time\" content=\"2024-09-19T21:12:26+00:00\" \/>\n<meta property=\"article:modified_time\" content=\"2024-09-19T21:12:28+00:00\" \/>\n<meta property=\"og:image\" content=\"https:\/\/portalmf.com.br\/wp-content\/uploads\/2024\/09\/Candidato-a-vice-prefeito-na-chapa-de-Jose-Ronaldo-Pablo-Roberto-diz-que-fica-feliz-em-conseguir-mudar-a-historia-dos-vices-de-Feira.jpg\" \/>\n\t<meta property=\"og:image:width\" content=\"800\" \/>\n\t<meta property=\"og:image:height\" content=\"569\" \/>\n\t<meta property=\"og:image:type\" content=\"image\/jpeg\" \/>\n<meta name=\"author\" content=\"Reda\u00e7\u00e3o Portal MF\" \/>\n<meta name=\"twitter:card\" content=\"summary_large_image\" \/>\n<meta name=\"twitter:creator\" content=\"@https:\/\/x.com\/portalmfoficial\" \/>\n<meta name=\"twitter:label1\" content=\"Escrito por\" \/>\n\t<meta name=\"twitter:data1\" content=\"Reda\u00e7\u00e3o Portal MF\" \/>\n\t<meta name=\"twitter:label2\" content=\"Est. tempo de leitura\" \/>\n\t<meta name=\"twitter:data2\" content=\"6 minutos\" \/>\n<script type=\"application\/ld+json\" class=\"yoast-schema-graph\">{\"@context\":\"https:\/\/schema.org\",\"@graph\":[{\"@type\":\"WebPage\",\"@id\":\"https:\/\/portalmf.com.br\/index.php\/2024\/09\/19\/pablo-roberto-diz-que-fica-feliz-em-conseguir-mudar-a-historia-dos-vices-de-feira\/\",\"url\":\"https:\/\/portalmf.com.br\/index.php\/2024\/09\/19\/pablo-roberto-diz-que-fica-feliz-em-conseguir-mudar-a-historia-dos-vices-de-feira\/\",\"name\":\"Pablo Roberto, diz que fica feliz em conseguir mudar a hist\u00f3ria dos vices de Feira - Portal MF\",\"isPartOf\":{\"@id\":\"https:\/\/portalmf.com.br\/#website\"},\"primaryImageOfPage\":{\"@id\":\"https:\/\/portalmf.com.br\/index.php\/2024\/09\/19\/pablo-roberto-diz-que-fica-feliz-em-conseguir-mudar-a-historia-dos-vices-de-feira\/#primaryimage\"},\"image\":{\"@id\":\"https:\/\/portalmf.com.br\/index.php\/2024\/09\/19\/pablo-roberto-diz-que-fica-feliz-em-conseguir-mudar-a-historia-dos-vices-de-feira\/#primaryimage\"},\"thumbnailUrl\":\"https:\/\/portalmf.com.br\/wp-content\/uploads\/2024\/09\/Candidato-a-vice-prefeito-na-chapa-de-Jose-Ronaldo-Pablo-Roberto-diz-que-fica-feliz-em-conseguir-mudar-a-historia-dos-vices-de-Feira.jpg\",\"datePublished\":\"2024-09-19T21:12:26+00:00\",\"dateModified\":\"2024-09-19T21:12:28+00:00\",\"author\":{\"@id\":\"https:\/\/portalmf.com.br\/#\/schema\/person\/9ec101baf56233e53520c26de5d6f6f0\"},\"breadcrumb\":{\"@id\":\"https:\/\/portalmf.com.br\/index.php\/2024\/09\/19\/pablo-roberto-diz-que-fica-feliz-em-conseguir-mudar-a-historia-dos-vices-de-feira\/#breadcrumb\"},\"inLanguage\":\"pt-BR\",\"potentialAction\":[{\"@type\":\"ReadAction\",\"target\":[\"https:\/\/portalmf.com.br\/index.php\/2024\/09\/19\/pablo-roberto-diz-que-fica-feliz-em-conseguir-mudar-a-historia-dos-vices-de-feira\/\"]}]},{\"@type\":\"ImageObject\",\"inLanguage\":\"pt-BR\",\"@id\":\"https:\/\/portalmf.com.br\/index.php\/2024\/09\/19\/pablo-roberto-diz-que-fica-feliz-em-conseguir-mudar-a-historia-dos-vices-de-feira\/#primaryimage\",\"url\":\"https:\/\/portalmf.com.br\/wp-content\/uploads\/2024\/09\/Candidato-a-vice-prefeito-na-chapa-de-Jose-Ronaldo-Pablo-Roberto-diz-que-fica-feliz-em-conseguir-mudar-a-historia-dos-vices-de-Feira.jpg\",\"contentUrl\":\"https:\/\/portalmf.com.br\/wp-content\/uploads\/2024\/09\/Candidato-a-vice-prefeito-na-chapa-de-Jose-Ronaldo-Pablo-Roberto-diz-que-fica-feliz-em-conseguir-mudar-a-historia-dos-vices-de-Feira.jpg\",\"width\":800,\"height\":569},{\"@type\":\"BreadcrumbList\",\"@id\":\"https:\/\/portalmf.com.br\/index.php\/2024\/09\/19\/pablo-roberto-diz-que-fica-feliz-em-conseguir-mudar-a-historia-dos-vices-de-feira\/#breadcrumb\",\"itemListElement\":[{\"@type\":\"ListItem\",\"position\":1,\"name\":\"In\u00edcio\",\"item\":\"https:\/\/portalmf.com.br\/\"},{\"@type\":\"ListItem\",\"position\":2,\"name\":\"Pablo Roberto, diz que fica feliz em conseguir mudar a hist\u00f3ria dos vices de Feira\"}]},{\"@type\":\"WebSite\",\"@id\":\"https:\/\/portalmf.com.br\/#website\",\"url\":\"https:\/\/portalmf.com.br\/\",\"name\":\"Portal MF\",\"description\":\"Voc\u00ea conectado com a informa\u00e7\u00e3o\",\"potentialAction\":[{\"@type\":\"SearchAction\",\"target\":{\"@type\":\"EntryPoint\",\"urlTemplate\":\"https:\/\/portalmf.com.br\/?s={search_term_string}\"},\"query-input\":\"required name=search_term_string\"}],\"inLanguage\":\"pt-BR\"},{\"@type\":\"Person\",\"@id\":\"https:\/\/portalmf.com.br\/#\/schema\/person\/9ec101baf56233e53520c26de5d6f6f0\",\"name\":\"Reda\u00e7\u00e3o Portal MF\",\"image\":{\"@type\":\"ImageObject\",\"inLanguage\":\"pt-BR\",\"@id\":\"https:\/\/portalmf.com.br\/#\/schema\/person\/image\/\",\"url\":\"https:\/\/secure.gravatar.com\/avatar\/41b9aaeb2100835f7c64362330f74c7f?s=96&d=mm&r=g\",\"contentUrl\":\"https:\/\/secure.gravatar.com\/avatar\/41b9aaeb2100835f7c64362330f74c7f?s=96&d=mm&r=g\",\"caption\":\"Reda\u00e7\u00e3o Portal MF\"},\"description\":\"Sejam bem-vindos o portal de informa\u00e7\u00f5es de entretenimento de Feira de Santana, desde 2006 realiza coberturas dos principais eventos com entrevistas exclusivas com as principais personalidades mundiais. Fique conectado tamb\u00e9m nas redes sociais.\",\"sameAs\":[\"http:\/\/www.portalmf.com.br\/\",\"https:\/\/www.facebook.com\/portalmfoficial\",\"https:\/\/www.instagram.com\/portalmf\/\",\"https:\/\/x.com\/https:\/\/x.com\/portalmfoficial\",\"https:\/\/www.youtube.com\/@portalmfoficial\"],\"url\":\"https:\/\/portalmf.com.br\/index.php\/author\/junior\/\"}]}<\/script>\n<!-- \/ Yoast SEO plugin. -->","yoast_head_json":{"title":"Pablo Roberto, diz que fica feliz em conseguir mudar a hist\u00f3ria dos vices de Feira - Portal MF","robots":{"index":"index","follow":"follow","max-snippet":"max-snippet:-1","max-image-preview":"max-image-preview:large","max-video-preview":"max-video-preview:-1"},"canonical":"https:\/\/portalmf.com.br\/index.php\/2024\/09\/19\/pablo-roberto-diz-que-fica-feliz-em-conseguir-mudar-a-historia-dos-vices-de-feira\/","og_locale":"pt_BR","og_type":"article","og_title":"Pablo Roberto, diz que fica feliz em conseguir mudar a hist\u00f3ria dos vices de Feira - Portal MF","og_description":"O candidato a vice-prefeito de Jos\u00e9 Ronaldo de Carvalho em Feira de Santana,&nbsp;Pablo Roberto (PSDB), participou na manh\u00e3 desta quinta-feira (19), da sabatina do Pool de Comunica\u00e7\u00e3o liderado pelo Jornal Folha do Estado e com a maior cobertura online da cidade (R\u00e1dio Geral, TV Geral, Conectado News, Levante a voz, Jornal Folha do Estado e [&hellip;]","og_url":"https:\/\/portalmf.com.br\/index.php\/2024\/09\/19\/pablo-roberto-diz-que-fica-feliz-em-conseguir-mudar-a-historia-dos-vices-de-feira\/","og_site_name":"Portal MF","article_author":"https:\/\/www.facebook.com\/portalmfoficial","article_published_time":"2024-09-19T21:12:26+00:00","article_modified_time":"2024-09-19T21:12:28+00:00","og_image":[{"width":800,"height":569,"url":"https:\/\/portalmf.com.br\/wp-content\/uploads\/2024\/09\/Candidato-a-vice-prefeito-na-chapa-de-Jose-Ronaldo-Pablo-Roberto-diz-que-fica-feliz-em-conseguir-mudar-a-historia-dos-vices-de-Feira.jpg","type":"image\/jpeg"}],"author":"Reda\u00e7\u00e3o Portal MF","twitter_card":"summary_large_image","twitter_creator":"@https:\/\/x.com\/portalmfoficial","twitter_misc":{"Escrito por":"Reda\u00e7\u00e3o Portal MF","Est. tempo de leitura":"6 minutos"},"schema":{"@context":"https:\/\/schema.org","@graph":[{"@type":"WebPage","@id":"https:\/\/portalmf.com.br\/index.php\/2024\/09\/19\/pablo-roberto-diz-que-fica-feliz-em-conseguir-mudar-a-historia-dos-vices-de-feira\/","url":"https:\/\/portalmf.com.br\/index.php\/2024\/09\/19\/pablo-roberto-diz-que-fica-feliz-em-conseguir-mudar-a-historia-dos-vices-de-feira\/","name":"Pablo Roberto, diz que fica feliz em conseguir mudar a hist\u00f3ria dos vices de Feira - Portal MF","isPartOf":{"@id":"https:\/\/portalmf.com.br\/#website"},"primaryImageOfPage":{"@id":"https:\/\/portalmf.com.br\/index.php\/2024\/09\/19\/pablo-roberto-diz-que-fica-feliz-em-conseguir-mudar-a-historia-dos-vices-de-feira\/#primaryimage"},"image":{"@id":"https:\/\/portalmf.com.br\/index.php\/2024\/09\/19\/pablo-roberto-diz-que-fica-feliz-em-conseguir-mudar-a-historia-dos-vices-de-feira\/#primaryimage"},"thumbnailUrl":"https:\/\/portalmf.com.br\/wp-content\/uploads\/2024\/09\/Candidato-a-vice-prefeito-na-chapa-de-Jose-Ronaldo-Pablo-Roberto-diz-que-fica-feliz-em-conseguir-mudar-a-historia-dos-vices-de-Feira.jpg","datePublished":"2024-09-19T21:12:26+00:00","dateModified":"2024-09-19T21:12:28+00:00","author":{"@id":"https:\/\/portalmf.com.br\/#\/schema\/person\/9ec101baf56233e53520c26de5d6f6f0"},"breadcrumb":{"@id":"https:\/\/portalmf.com.br\/index.php\/2024\/09\/19\/pablo-roberto-diz-que-fica-feliz-em-conseguir-mudar-a-historia-dos-vices-de-feira\/#breadcrumb"},"inLanguage":"pt-BR","potentialAction":[{"@type":"ReadAction","target":["https:\/\/portalmf.com.br\/index.php\/2024\/09\/19\/pablo-roberto-diz-que-fica-feliz-em-conseguir-mudar-a-historia-dos-vices-de-feira\/"]}]},{"@type":"ImageObject","inLanguage":"pt-BR","@id":"https:\/\/portalmf.com.br\/index.php\/2024\/09\/19\/pablo-roberto-diz-que-fica-feliz-em-conseguir-mudar-a-historia-dos-vices-de-feira\/#primaryimage","url":"https:\/\/portalmf.com.br\/wp-content\/uploads\/2024\/09\/Candidato-a-vice-prefeito-na-chapa-de-Jose-Ronaldo-Pablo-Roberto-diz-que-fica-feliz-em-conseguir-mudar-a-historia-dos-vices-de-Feira.jpg","contentUrl":"https:\/\/portalmf.com.br\/wp-content\/uploads\/2024\/09\/Candidato-a-vice-prefeito-na-chapa-de-Jose-Ronaldo-Pablo-Roberto-diz-que-fica-feliz-em-conseguir-mudar-a-historia-dos-vices-de-Feira.jpg","width":800,"height":569},{"@type":"BreadcrumbList","@id":"https:\/\/portalmf.com.br\/index.php\/2024\/09\/19\/pablo-roberto-diz-que-fica-feliz-em-conseguir-mudar-a-historia-dos-vices-de-feira\/#breadcrumb","itemListElement":[{"@type":"ListItem","position":1,"name":"In\u00edcio","item":"https:\/\/portalmf.com.br\/"},{"@type":"ListItem","position":2,"name":"Pablo Roberto, diz que fica feliz em conseguir mudar a hist\u00f3ria dos vices de Feira"}]},{"@type":"WebSite","@id":"https:\/\/portalmf.com.br\/#website","url":"https:\/\/portalmf.com.br\/","name":"Portal MF","description":"Voc\u00ea conectado com a informa\u00e7\u00e3o","potentialAction":[{"@type":"SearchAction","target":{"@type":"EntryPoint","urlTemplate":"https:\/\/portalmf.com.br\/?s={search_term_string}"},"query-input":"required name=search_term_string"}],"inLanguage":"pt-BR"},{"@type":"Person","@id":"https:\/\/portalmf.com.br\/#\/schema\/person\/9ec101baf56233e53520c26de5d6f6f0","name":"Reda\u00e7\u00e3o Portal MF","image":{"@type":"ImageObject","inLanguage":"pt-BR","@id":"https:\/\/portalmf.com.br\/#\/schema\/person\/image\/","url":"https:\/\/secure.gravatar.com\/avatar\/41b9aaeb2100835f7c64362330f74c7f?s=96&d=mm&r=g","contentUrl":"https:\/\/secure.gravatar.com\/avatar\/41b9aaeb2100835f7c64362330f74c7f?s=96&d=mm&r=g","caption":"Reda\u00e7\u00e3o Portal MF"},"description":"Sejam bem-vindos o portal de informa\u00e7\u00f5es de entretenimento de Feira de Santana, desde 2006 realiza coberturas dos principais eventos com entrevistas exclusivas com as principais personalidades mundiais. Fique conectado tamb\u00e9m nas redes sociais.","sameAs":["http:\/\/www.portalmf.com.br\/","https:\/\/www.facebook.com\/portalmfoficial","https:\/\/www.instagram.com\/portalmf\/","https:\/\/x.com\/https:\/\/x.com\/portalmfoficial","https:\/\/www.youtube.com\/@portalmfoficial"],"url":"https:\/\/portalmf.com.br\/index.php\/author\/junior\/"}]}},"_links":{"self":[{"href":"https:\/\/portalmf.com.br\/index.php\/wp-json\/wp\/v2\/posts\/29904"}],"collection":[{"href":"https:\/\/portalmf.com.br\/index.php\/wp-json\/wp\/v2\/posts"}],"about":[{"href":"https:\/\/portalmf.com.br\/index.php\/wp-json\/wp\/v2\/types\/post"}],"author":[{"embeddable":true,"href":"https:\/\/portalmf.com.br\/index.php\/wp-json\/wp\/v2\/users\/3"}],"replies":[{"embeddable":true,"href":"https:\/\/portalmf.com.br\/index.php\/wp-json\/wp\/v2\/comments?post=29904"}],"version-history":[{"count":1,"href":"https:\/\/portalmf.com.br\/index.php\/wp-json\/wp\/v2\/posts\/29904\/revisions"}],"predecessor-version":[{"id":29907,"href":"https:\/\/portalmf.com.br\/index.php\/wp-json\/wp\/v2\/posts\/29904\/revisions\/29907"}],"wp:featuredmedia":[{"embeddable":true,"href":"https:\/\/portalmf.com.br\/index.php\/wp-json\/wp\/v2\/media\/29906"}],"wp:attachment":[{"href":"https:\/\/portalmf.com.br\/index.php\/wp-json\/wp\/v2\/media?parent=29904"}],"wp:term":[{"taxonomy":"category","embeddable":true,"href":"https:\/\/portalmf.com.br\/index.php\/wp-json\/wp\/v2\/categories?post=29904"},{"taxonomy":"post_tag","embeddable":true,"href":"https:\/\/portalmf.com.br\/index.php\/wp-json\/wp\/v2\/tags?post=29904"}],"curies":[{"name":"wp","href":"https:\/\/api.w.org\/{rel}","templated":true}]}}