{"id":29901,"date":"2024-09-19T17:31:45","date_gmt":"2024-09-19T20:31:45","guid":{"rendered":"https:\/\/portalmf.com.br\/?p=29901"},"modified":"2024-09-19T17:40:59","modified_gmt":"2024-09-19T20:40:59","slug":"madalena-sobral-participa-de-carreta-com-jose-ronaldo","status":"publish","type":"post","link":"https:\/\/portalmf.com.br\/index.php\/2024\/09\/19\/madalena-sobral-participa-de-carreta-com-jose-ronaldo\/","title":{"rendered":"Madalena Sobral participa de carreta com Jos\u00e9 Ronaldo"},"content":{"rendered":"\n<p>Aconteceu na tarde da \u00faltima quarta-feira (18), uma carreata promovida pelo candidato a prefeito do Uni\u00e3o Brasil Jos\u00e9 Ronaldo, que percorreu as principais ruas de Feira de Santana, comemorando o anivers\u00e1rio da cidade.<\/p>\n\n\n\n<p>Participaram da carreata, al\u00e9m de Jos\u00e9 Ronaldo, o candidato a vice-prefeito Pablo Roberto, o ex-prefeito de Salvador ACM Neto e a candidata a vereadora pelo Republicanos Madalena Sobral.<\/p>\n\n\n\n<p>Durante o trajeto, Madalena foi conversando com os amigos que estava no percurso, apoiando a sua candidatura a uma vaga na c\u00e2mara de vereadores de Feira de Santana. A candidata demostrou a felicidade de participar da atividade.<\/p>\n\n\n\n<p><em>\u201cEstou muito feliz em participar dessa carreata ao lado de Jos\u00e9 Ronaldo, Pablo e todos que apoiam nosso projeto para Feira de Santana, vamos seguir trabalhando por uma cidade melhor para todos esse \u00e9 o meu compromisso, que reafirmo durante essa carreata que acontece em um dia muito especial, dia do anivers\u00e1rio de 191 da nossa cidade\u201d,<\/em> disse Madalena.<\/p>\n\n\n\n<p>Com informa\u00e7\u00f5es da Ascom <\/p>\n","protected":false},"excerpt":{"rendered":"<p>Aconteceu na tarde da \u00faltima quarta-feira (18), uma carreata promovida pelo candidato a prefeito do Uni\u00e3o Brasil Jos\u00e9 Ronaldo, que percorreu as principais ruas de Feira de Santana, comemorando o anivers\u00e1rio da cidade. Participaram da carreata, al\u00e9m de Jos\u00e9 Ronaldo, o candidato a vice-prefeito Pablo Roberto, o ex-prefeito de Salvador ACM Neto e a candidata [&hellip;]<\/p>\n","protected":false},"author":3,"featured_media":29902,"comment_status":"open","ping_status":"open","sticky":false,"template":"","format":"standard","meta":{"_monsterinsights_skip_tracking":false,"_monsterinsights_sitenote_active":false,"_monsterinsights_sitenote_note":"","_monsterinsights_sitenote_category":0,"footnotes":""},"categories":[301,34],"tags":[],"yoast_head":"<!-- This site is optimized with the Yoast SEO plugin v22.9 - https:\/\/yoast.com\/wordpress\/plugins\/seo\/ -->\n<title>Madalena Sobral participa de carreta com Jos\u00e9 Ronaldo - Portal MF<\/title>\n<meta name=\"robots\" content=\"index, follow, max-snippet:-1, max-image-preview:large, max-video-preview:-1\" \/>\n<link rel=\"canonical\" href=\"https:\/\/portalmf.com.br\/index.php\/2024\/09\/19\/madalena-sobral-participa-de-carreta-com-jose-ronaldo\/\" \/>\n<meta property=\"og:locale\" content=\"pt_BR\" \/>\n<meta property=\"og:type\" content=\"article\" \/>\n<meta property=\"og:title\" content=\"Madalena Sobral participa de carreta com Jos\u00e9 Ronaldo - Portal MF\" \/>\n<meta property=\"og:description\" content=\"Aconteceu na tarde da \u00faltima quarta-feira (18), uma carreata promovida pelo candidato a prefeito do Uni\u00e3o Brasil Jos\u00e9 Ronaldo, que percorreu as principais ruas de Feira de Santana, comemorando o anivers\u00e1rio da cidade. Participaram da carreata, al\u00e9m de Jos\u00e9 Ronaldo, o candidato a vice-prefeito Pablo Roberto, o ex-prefeito de Salvador ACM Neto e a candidata [&hellip;]\" \/>\n<meta property=\"og:url\" content=\"https:\/\/portalmf.com.br\/index.php\/2024\/09\/19\/madalena-sobral-participa-de-carreta-com-jose-ronaldo\/\" \/>\n<meta property=\"og:site_name\" content=\"Portal MF\" \/>\n<meta property=\"article:author\" content=\"https:\/\/www.facebook.com\/portalmfoficial\" \/>\n<meta property=\"article:published_time\" content=\"2024-09-19T20:31:45+00:00\" \/>\n<meta property=\"article:modified_time\" content=\"2024-09-19T20:40:59+00:00\" \/>\n<meta property=\"og:image\" content=\"https:\/\/portalmf.com.br\/wp-content\/uploads\/2024\/09\/Madalena-Sobral-participa-de-carreta-com-Jose-Ronaldo.jpg\" \/>\n\t<meta property=\"og:image:width\" content=\"800\" \/>\n\t<meta property=\"og:image:height\" content=\"631\" \/>\n\t<meta property=\"og:image:type\" content=\"image\/jpeg\" \/>\n<meta name=\"author\" content=\"Reda\u00e7\u00e3o Portal MF\" \/>\n<meta name=\"twitter:card\" content=\"summary_large_image\" \/>\n<meta name=\"twitter:creator\" content=\"@https:\/\/x.com\/portalmfoficial\" \/>\n<meta name=\"twitter:label1\" content=\"Escrito por\" \/>\n\t<meta name=\"twitter:data1\" content=\"Reda\u00e7\u00e3o Portal MF\" \/>\n\t<meta name=\"twitter:label2\" content=\"Est. tempo de leitura\" \/>\n\t<meta name=\"twitter:data2\" content=\"2 minutos\" \/>\n<script type=\"application\/ld+json\" class=\"yoast-schema-graph\">{\"@context\":\"https:\/\/schema.org\",\"@graph\":[{\"@type\":\"WebPage\",\"@id\":\"https:\/\/portalmf.com.br\/index.php\/2024\/09\/19\/madalena-sobral-participa-de-carreta-com-jose-ronaldo\/\",\"url\":\"https:\/\/portalmf.com.br\/index.php\/2024\/09\/19\/madalena-sobral-participa-de-carreta-com-jose-ronaldo\/\",\"name\":\"Madalena Sobral participa de carreta com Jos\u00e9 Ronaldo - Portal MF\",\"isPartOf\":{\"@id\":\"https:\/\/portalmf.com.br\/#website\"},\"primaryImageOfPage\":{\"@id\":\"https:\/\/portalmf.com.br\/index.php\/2024\/09\/19\/madalena-sobral-participa-de-carreta-com-jose-ronaldo\/#primaryimage\"},\"image\":{\"@id\":\"https:\/\/portalmf.com.br\/index.php\/2024\/09\/19\/madalena-sobral-participa-de-carreta-com-jose-ronaldo\/#primaryimage\"},\"thumbnailUrl\":\"https:\/\/portalmf.com.br\/wp-content\/uploads\/2024\/09\/Madalena-Sobral-participa-de-carreta-com-Jose-Ronaldo.jpg\",\"datePublished\":\"2024-09-19T20:31:45+00:00\",\"dateModified\":\"2024-09-19T20:40:59+00:00\",\"author\":{\"@id\":\"https:\/\/portalmf.com.br\/#\/schema\/person\/9ec101baf56233e53520c26de5d6f6f0\"},\"breadcrumb\":{\"@id\":\"https:\/\/portalmf.com.br\/index.php\/2024\/09\/19\/madalena-sobral-participa-de-carreta-com-jose-ronaldo\/#breadcrumb\"},\"inLanguage\":\"pt-BR\",\"potentialAction\":[{\"@type\":\"ReadAction\",\"target\":[\"https:\/\/portalmf.com.br\/index.php\/2024\/09\/19\/madalena-sobral-participa-de-carreta-com-jose-ronaldo\/\"]}]},{\"@type\":\"ImageObject\",\"inLanguage\":\"pt-BR\",\"@id\":\"https:\/\/portalmf.com.br\/index.php\/2024\/09\/19\/madalena-sobral-participa-de-carreta-com-jose-ronaldo\/#primaryimage\",\"url\":\"https:\/\/portalmf.com.br\/wp-content\/uploads\/2024\/09\/Madalena-Sobral-participa-de-carreta-com-Jose-Ronaldo.jpg\",\"contentUrl\":\"https:\/\/portalmf.com.br\/wp-content\/uploads\/2024\/09\/Madalena-Sobral-participa-de-carreta-com-Jose-Ronaldo.jpg\",\"width\":800,\"height\":631},{\"@type\":\"BreadcrumbList\",\"@id\":\"https:\/\/portalmf.com.br\/index.php\/2024\/09\/19\/madalena-sobral-participa-de-carreta-com-jose-ronaldo\/#breadcrumb\",\"itemListElement\":[{\"@type\":\"ListItem\",\"position\":1,\"name\":\"In\u00edcio\",\"item\":\"https:\/\/portalmf.com.br\/\"},{\"@type\":\"ListItem\",\"position\":2,\"name\":\"Madalena Sobral participa de carreta com Jos\u00e9 Ronaldo\"}]},{\"@type\":\"WebSite\",\"@id\":\"https:\/\/portalmf.com.br\/#website\",\"url\":\"https:\/\/portalmf.com.br\/\",\"name\":\"Portal MF\",\"description\":\"Voc\u00ea conectado com a informa\u00e7\u00e3o\",\"potentialAction\":[{\"@type\":\"SearchAction\",\"target\":{\"@type\":\"EntryPoint\",\"urlTemplate\":\"https:\/\/portalmf.com.br\/?s={search_term_string}\"},\"query-input\":\"required name=search_term_string\"}],\"inLanguage\":\"pt-BR\"},{\"@type\":\"Person\",\"@id\":\"https:\/\/portalmf.com.br\/#\/schema\/person\/9ec101baf56233e53520c26de5d6f6f0\",\"name\":\"Reda\u00e7\u00e3o Portal MF\",\"image\":{\"@type\":\"ImageObject\",\"inLanguage\":\"pt-BR\",\"@id\":\"https:\/\/portalmf.com.br\/#\/schema\/person\/image\/\",\"url\":\"https:\/\/secure.gravatar.com\/avatar\/41b9aaeb2100835f7c64362330f74c7f?s=96&d=mm&r=g\",\"contentUrl\":\"https:\/\/secure.gravatar.com\/avatar\/41b9aaeb2100835f7c64362330f74c7f?s=96&d=mm&r=g\",\"caption\":\"Reda\u00e7\u00e3o Portal MF\"},\"description\":\"Sejam bem-vindos o portal de informa\u00e7\u00f5es de entretenimento de Feira de Santana, desde 2006 realiza coberturas dos principais eventos com entrevistas exclusivas com as principais personalidades mundiais. Fique conectado tamb\u00e9m nas redes sociais.\",\"sameAs\":[\"http:\/\/www.portalmf.com.br\/\",\"https:\/\/www.facebook.com\/portalmfoficial\",\"https:\/\/www.instagram.com\/portalmf\/\",\"https:\/\/x.com\/https:\/\/x.com\/portalmfoficial\",\"https:\/\/www.youtube.com\/@portalmfoficial\"],\"url\":\"https:\/\/portalmf.com.br\/index.php\/author\/junior\/\"}]}<\/script>\n<!-- \/ Yoast SEO plugin. -->","yoast_head_json":{"title":"Madalena Sobral participa de carreta com Jos\u00e9 Ronaldo - Portal MF","robots":{"index":"index","follow":"follow","max-snippet":"max-snippet:-1","max-image-preview":"max-image-preview:large","max-video-preview":"max-video-preview:-1"},"canonical":"https:\/\/portalmf.com.br\/index.php\/2024\/09\/19\/madalena-sobral-participa-de-carreta-com-jose-ronaldo\/","og_locale":"pt_BR","og_type":"article","og_title":"Madalena Sobral participa de carreta com Jos\u00e9 Ronaldo - Portal MF","og_description":"Aconteceu na tarde da \u00faltima quarta-feira (18), uma carreata promovida pelo candidato a prefeito do Uni\u00e3o Brasil Jos\u00e9 Ronaldo, que percorreu as principais ruas de Feira de Santana, comemorando o anivers\u00e1rio da cidade. Participaram da carreata, al\u00e9m de Jos\u00e9 Ronaldo, o candidato a vice-prefeito Pablo Roberto, o ex-prefeito de Salvador ACM Neto e a candidata [&hellip;]","og_url":"https:\/\/portalmf.com.br\/index.php\/2024\/09\/19\/madalena-sobral-participa-de-carreta-com-jose-ronaldo\/","og_site_name":"Portal MF","article_author":"https:\/\/www.facebook.com\/portalmfoficial","article_published_time":"2024-09-19T20:31:45+00:00","article_modified_time":"2024-09-19T20:40:59+00:00","og_image":[{"width":800,"height":631,"url":"https:\/\/portalmf.com.br\/wp-content\/uploads\/2024\/09\/Madalena-Sobral-participa-de-carreta-com-Jose-Ronaldo.jpg","type":"image\/jpeg"}],"author":"Reda\u00e7\u00e3o Portal MF","twitter_card":"summary_large_image","twitter_creator":"@https:\/\/x.com\/portalmfoficial","twitter_misc":{"Escrito por":"Reda\u00e7\u00e3o Portal MF","Est. tempo de leitura":"2 minutos"},"schema":{"@context":"https:\/\/schema.org","@graph":[{"@type":"WebPage","@id":"https:\/\/portalmf.com.br\/index.php\/2024\/09\/19\/madalena-sobral-participa-de-carreta-com-jose-ronaldo\/","url":"https:\/\/portalmf.com.br\/index.php\/2024\/09\/19\/madalena-sobral-participa-de-carreta-com-jose-ronaldo\/","name":"Madalena Sobral participa de carreta com Jos\u00e9 Ronaldo - Portal MF","isPartOf":{"@id":"https:\/\/portalmf.com.br\/#website"},"primaryImageOfPage":{"@id":"https:\/\/portalmf.com.br\/index.php\/2024\/09\/19\/madalena-sobral-participa-de-carreta-com-jose-ronaldo\/#primaryimage"},"image":{"@id":"https:\/\/portalmf.com.br\/index.php\/2024\/09\/19\/madalena-sobral-participa-de-carreta-com-jose-ronaldo\/#primaryimage"},"thumbnailUrl":"https:\/\/portalmf.com.br\/wp-content\/uploads\/2024\/09\/Madalena-Sobral-participa-de-carreta-com-Jose-Ronaldo.jpg","datePublished":"2024-09-19T20:31:45+00:00","dateModified":"2024-09-19T20:40:59+00:00","author":{"@id":"https:\/\/portalmf.com.br\/#\/schema\/person\/9ec101baf56233e53520c26de5d6f6f0"},"breadcrumb":{"@id":"https:\/\/portalmf.com.br\/index.php\/2024\/09\/19\/madalena-sobral-participa-de-carreta-com-jose-ronaldo\/#breadcrumb"},"inLanguage":"pt-BR","potentialAction":[{"@type":"ReadAction","target":["https:\/\/portalmf.com.br\/index.php\/2024\/09\/19\/madalena-sobral-participa-de-carreta-com-jose-ronaldo\/"]}]},{"@type":"ImageObject","inLanguage":"pt-BR","@id":"https:\/\/portalmf.com.br\/index.php\/2024\/09\/19\/madalena-sobral-participa-de-carreta-com-jose-ronaldo\/#primaryimage","url":"https:\/\/portalmf.com.br\/wp-content\/uploads\/2024\/09\/Madalena-Sobral-participa-de-carreta-com-Jose-Ronaldo.jpg","contentUrl":"https:\/\/portalmf.com.br\/wp-content\/uploads\/2024\/09\/Madalena-Sobral-participa-de-carreta-com-Jose-Ronaldo.jpg","width":800,"height":631},{"@type":"BreadcrumbList","@id":"https:\/\/portalmf.com.br\/index.php\/2024\/09\/19\/madalena-sobral-participa-de-carreta-com-jose-ronaldo\/#breadcrumb","itemListElement":[{"@type":"ListItem","position":1,"name":"In\u00edcio","item":"https:\/\/portalmf.com.br\/"},{"@type":"ListItem","position":2,"name":"Madalena Sobral participa de carreta com Jos\u00e9 Ronaldo"}]},{"@type":"WebSite","@id":"https:\/\/portalmf.com.br\/#website","url":"https:\/\/portalmf.com.br\/","name":"Portal MF","description":"Voc\u00ea conectado com a informa\u00e7\u00e3o","potentialAction":[{"@type":"SearchAction","target":{"@type":"EntryPoint","urlTemplate":"https:\/\/portalmf.com.br\/?s={search_term_string}"},"query-input":"required name=search_term_string"}],"inLanguage":"pt-BR"},{"@type":"Person","@id":"https:\/\/portalmf.com.br\/#\/schema\/person\/9ec101baf56233e53520c26de5d6f6f0","name":"Reda\u00e7\u00e3o Portal MF","image":{"@type":"ImageObject","inLanguage":"pt-BR","@id":"https:\/\/portalmf.com.br\/#\/schema\/person\/image\/","url":"https:\/\/secure.gravatar.com\/avatar\/41b9aaeb2100835f7c64362330f74c7f?s=96&d=mm&r=g","contentUrl":"https:\/\/secure.gravatar.com\/avatar\/41b9aaeb2100835f7c64362330f74c7f?s=96&d=mm&r=g","caption":"Reda\u00e7\u00e3o Portal MF"},"description":"Sejam bem-vindos o portal de informa\u00e7\u00f5es de entretenimento de Feira de Santana, desde 2006 realiza coberturas dos principais eventos com entrevistas exclusivas com as principais personalidades mundiais. Fique conectado tamb\u00e9m nas redes sociais.","sameAs":["http:\/\/www.portalmf.com.br\/","https:\/\/www.facebook.com\/portalmfoficial","https:\/\/www.instagram.com\/portalmf\/","https:\/\/x.com\/https:\/\/x.com\/portalmfoficial","https:\/\/www.youtube.com\/@portalmfoficial"],"url":"https:\/\/portalmf.com.br\/index.php\/author\/junior\/"}]}},"_links":{"self":[{"href":"https:\/\/portalmf.com.br\/index.php\/wp-json\/wp\/v2\/posts\/29901"}],"collection":[{"href":"https:\/\/portalmf.com.br\/index.php\/wp-json\/wp\/v2\/posts"}],"about":[{"href":"https:\/\/portalmf.com.br\/index.php\/wp-json\/wp\/v2\/types\/post"}],"author":[{"embeddable":true,"href":"https:\/\/portalmf.com.br\/index.php\/wp-json\/wp\/v2\/users\/3"}],"replies":[{"embeddable":true,"href":"https:\/\/portalmf.com.br\/index.php\/wp-json\/wp\/v2\/comments?post=29901"}],"version-history":[{"count":2,"href":"https:\/\/portalmf.com.br\/index.php\/wp-json\/wp\/v2\/posts\/29901\/revisions"}],"predecessor-version":[{"id":29905,"href":"https:\/\/portalmf.com.br\/index.php\/wp-json\/wp\/v2\/posts\/29901\/revisions\/29905"}],"wp:featuredmedia":[{"embeddable":true,"href":"https:\/\/portalmf.com.br\/index.php\/wp-json\/wp\/v2\/media\/29902"}],"wp:attachment":[{"href":"https:\/\/portalmf.com.br\/index.php\/wp-json\/wp\/v2\/media?parent=29901"}],"wp:term":[{"taxonomy":"category","embeddable":true,"href":"https:\/\/portalmf.com.br\/index.php\/wp-json\/wp\/v2\/categories?post=29901"},{"taxonomy":"post_tag","embeddable":true,"href":"https:\/\/portalmf.com.br\/index.php\/wp-json\/wp\/v2\/tags?post=29901"}],"curies":[{"name":"wp","href":"https:\/\/api.w.org\/{rel}","templated":true}]}}