{"id":29892,"date":"2024-09-18T17:51:16","date_gmt":"2024-09-18T20:51:16","guid":{"rendered":"https:\/\/portalmf.com.br\/?p=29892"},"modified":"2024-09-18T17:51:17","modified_gmt":"2024-09-18T20:51:17","slug":"carlos-medeiros-detalha-suas-propostas-para-melhoria-da-seguranca-publica-em-feira-de-santana","status":"publish","type":"post","link":"https:\/\/portalmf.com.br\/index.php\/2024\/09\/18\/carlos-medeiros-detalha-suas-propostas-para-melhoria-da-seguranca-publica-em-feira-de-santana\/","title":{"rendered":"Carlos Medeiros detalha suas propostas para melhoria da seguran\u00e7a p\u00fablica em Feira de Santana"},"content":{"rendered":"\n<p>O candidato \u00e0 prefeitura de Feira de Santana, Carlos Medeiros (Novo) detalhou, em visita ao distrito de Humildes, seu plano para a seguran\u00e7a p\u00fablica da cidade, prometendo a\u00e7\u00f5es concretas e imediatas para garantir a tranquilidade dos cidad\u00e3os, caso seja eleito. Segundo o candidato, \u00e9 necess\u00e1rio investir no fortalecimento e na valoriza\u00e7\u00e3o da Guarda Municipal.<\/p>\n\n\n\n<p>&#8220;Vamos garantir que nossa guarda esteja sempre pronta para responder a qualquer ocorr\u00eancia em at\u00e9 10 minutos. Tamb\u00e9m temos o compromisso de dobrar o efetivo atual &#8220;, afirmou, ressaltando a import\u00e2ncia de uma for\u00e7a de seguran\u00e7a bem equipada e motivada.<\/p>\n\n\n\n<p>Al\u00e9m disso, Carlos Medeiros enfatizou que sua administra\u00e7\u00e3o ser\u00e1 a principal apoiadora das for\u00e7as de seguran\u00e7a, trabalhando em estreita colabora\u00e7\u00e3o para criar um ambiente mais seguro. &#8220;Seremos parceiros das pol\u00edcias, oferecendo todo o suporte necess\u00e1rio para que possam desempenhar seu papel de forma eficaz&#8221;, explicou.<\/p>\n\n\n\n<p>Ele ainda garantiu que far\u00e1 investimentos na infraestrutura e ilumina\u00e7\u00e3o p\u00fablica, destacando a import\u00e2ncia do monitoramento e da infraestrutura urbana na seguran\u00e7a. Carlos Medeiros se comprometeu a melhorar a ilumina\u00e7\u00e3o p\u00fablica e acabar com os terrenos baldios, que muitas vezes servem como esconderijo para atividades il\u00edcitas. &#8220;Uma cidade bem iluminada e monitorada \u00e9 uma cidade mais segura&#8221;, pontuou.<\/p>\n\n\n\n<p>Com informa\u00e7\u00f5es da Ascom \/ Carlos Medeiros<\/p>\n","protected":false},"excerpt":{"rendered":"<p>O candidato \u00e0 prefeitura de Feira de Santana, Carlos Medeiros (Novo) detalhou, em visita ao distrito de Humildes, seu plano para a seguran\u00e7a p\u00fablica da cidade, prometendo a\u00e7\u00f5es concretas e imediatas para garantir a tranquilidade dos cidad\u00e3os, caso seja eleito. Segundo o candidato, \u00e9 necess\u00e1rio investir no fortalecimento e na valoriza\u00e7\u00e3o da Guarda Municipal. &#8220;Vamos [&hellip;]<\/p>\n","protected":false},"author":3,"featured_media":29893,"comment_status":"open","ping_status":"open","sticky":false,"template":"","format":"standard","meta":{"_monsterinsights_skip_tracking":false,"_monsterinsights_sitenote_active":false,"_monsterinsights_sitenote_note":"","_monsterinsights_sitenote_category":0,"footnotes":""},"categories":[301,34],"tags":[],"yoast_head":"<!-- This site is optimized with the Yoast SEO plugin v22.9 - https:\/\/yoast.com\/wordpress\/plugins\/seo\/ -->\n<title>Carlos Medeiros detalha suas propostas para melhoria da seguran\u00e7a p\u00fablica em Feira de Santana - Portal MF<\/title>\n<meta name=\"robots\" content=\"index, follow, max-snippet:-1, max-image-preview:large, max-video-preview:-1\" \/>\n<link rel=\"canonical\" href=\"https:\/\/portalmf.com.br\/index.php\/2024\/09\/18\/carlos-medeiros-detalha-suas-propostas-para-melhoria-da-seguranca-publica-em-feira-de-santana\/\" \/>\n<meta property=\"og:locale\" content=\"pt_BR\" \/>\n<meta property=\"og:type\" content=\"article\" \/>\n<meta property=\"og:title\" content=\"Carlos Medeiros detalha suas propostas para melhoria da seguran\u00e7a p\u00fablica em Feira de Santana - Portal MF\" \/>\n<meta property=\"og:description\" content=\"O candidato \u00e0 prefeitura de Feira de Santana, Carlos Medeiros (Novo) detalhou, em visita ao distrito de Humildes, seu plano para a seguran\u00e7a p\u00fablica da cidade, prometendo a\u00e7\u00f5es concretas e imediatas para garantir a tranquilidade dos cidad\u00e3os, caso seja eleito. Segundo o candidato, \u00e9 necess\u00e1rio investir no fortalecimento e na valoriza\u00e7\u00e3o da Guarda Municipal. &#8220;Vamos [&hellip;]\" \/>\n<meta property=\"og:url\" content=\"https:\/\/portalmf.com.br\/index.php\/2024\/09\/18\/carlos-medeiros-detalha-suas-propostas-para-melhoria-da-seguranca-publica-em-feira-de-santana\/\" \/>\n<meta property=\"og:site_name\" content=\"Portal MF\" \/>\n<meta property=\"article:author\" content=\"https:\/\/www.facebook.com\/portalmfoficial\" \/>\n<meta property=\"article:published_time\" content=\"2024-09-18T20:51:16+00:00\" \/>\n<meta property=\"article:modified_time\" content=\"2024-09-18T20:51:17+00:00\" \/>\n<meta property=\"og:image\" content=\"https:\/\/portalmf.com.br\/wp-content\/uploads\/2024\/09\/Carlos-Medeiros-detalha-suas-propostas-para-melhoria-da-seguranca-publica-em-Feira-de-Santana.jpg\" \/>\n\t<meta property=\"og:image:width\" content=\"800\" \/>\n\t<meta property=\"og:image:height\" content=\"572\" \/>\n\t<meta property=\"og:image:type\" content=\"image\/jpeg\" \/>\n<meta name=\"author\" content=\"Reda\u00e7\u00e3o Portal MF\" \/>\n<meta name=\"twitter:card\" content=\"summary_large_image\" \/>\n<meta name=\"twitter:creator\" content=\"@https:\/\/x.com\/portalmfoficial\" \/>\n<meta name=\"twitter:label1\" content=\"Escrito por\" \/>\n\t<meta name=\"twitter:data1\" content=\"Reda\u00e7\u00e3o Portal MF\" \/>\n\t<meta name=\"twitter:label2\" content=\"Est. tempo de leitura\" \/>\n\t<meta name=\"twitter:data2\" content=\"2 minutos\" \/>\n<script type=\"application\/ld+json\" class=\"yoast-schema-graph\">{\"@context\":\"https:\/\/schema.org\",\"@graph\":[{\"@type\":\"WebPage\",\"@id\":\"https:\/\/portalmf.com.br\/index.php\/2024\/09\/18\/carlos-medeiros-detalha-suas-propostas-para-melhoria-da-seguranca-publica-em-feira-de-santana\/\",\"url\":\"https:\/\/portalmf.com.br\/index.php\/2024\/09\/18\/carlos-medeiros-detalha-suas-propostas-para-melhoria-da-seguranca-publica-em-feira-de-santana\/\",\"name\":\"Carlos Medeiros detalha suas propostas para melhoria da seguran\u00e7a p\u00fablica em Feira de Santana - Portal MF\",\"isPartOf\":{\"@id\":\"https:\/\/portalmf.com.br\/#website\"},\"primaryImageOfPage\":{\"@id\":\"https:\/\/portalmf.com.br\/index.php\/2024\/09\/18\/carlos-medeiros-detalha-suas-propostas-para-melhoria-da-seguranca-publica-em-feira-de-santana\/#primaryimage\"},\"image\":{\"@id\":\"https:\/\/portalmf.com.br\/index.php\/2024\/09\/18\/carlos-medeiros-detalha-suas-propostas-para-melhoria-da-seguranca-publica-em-feira-de-santana\/#primaryimage\"},\"thumbnailUrl\":\"https:\/\/portalmf.com.br\/wp-content\/uploads\/2024\/09\/Carlos-Medeiros-detalha-suas-propostas-para-melhoria-da-seguranca-publica-em-Feira-de-Santana.jpg\",\"datePublished\":\"2024-09-18T20:51:16+00:00\",\"dateModified\":\"2024-09-18T20:51:17+00:00\",\"author\":{\"@id\":\"https:\/\/portalmf.com.br\/#\/schema\/person\/9ec101baf56233e53520c26de5d6f6f0\"},\"breadcrumb\":{\"@id\":\"https:\/\/portalmf.com.br\/index.php\/2024\/09\/18\/carlos-medeiros-detalha-suas-propostas-para-melhoria-da-seguranca-publica-em-feira-de-santana\/#breadcrumb\"},\"inLanguage\":\"pt-BR\",\"potentialAction\":[{\"@type\":\"ReadAction\",\"target\":[\"https:\/\/portalmf.com.br\/index.php\/2024\/09\/18\/carlos-medeiros-detalha-suas-propostas-para-melhoria-da-seguranca-publica-em-feira-de-santana\/\"]}]},{\"@type\":\"ImageObject\",\"inLanguage\":\"pt-BR\",\"@id\":\"https:\/\/portalmf.com.br\/index.php\/2024\/09\/18\/carlos-medeiros-detalha-suas-propostas-para-melhoria-da-seguranca-publica-em-feira-de-santana\/#primaryimage\",\"url\":\"https:\/\/portalmf.com.br\/wp-content\/uploads\/2024\/09\/Carlos-Medeiros-detalha-suas-propostas-para-melhoria-da-seguranca-publica-em-Feira-de-Santana.jpg\",\"contentUrl\":\"https:\/\/portalmf.com.br\/wp-content\/uploads\/2024\/09\/Carlos-Medeiros-detalha-suas-propostas-para-melhoria-da-seguranca-publica-em-Feira-de-Santana.jpg\",\"width\":800,\"height\":572},{\"@type\":\"BreadcrumbList\",\"@id\":\"https:\/\/portalmf.com.br\/index.php\/2024\/09\/18\/carlos-medeiros-detalha-suas-propostas-para-melhoria-da-seguranca-publica-em-feira-de-santana\/#breadcrumb\",\"itemListElement\":[{\"@type\":\"ListItem\",\"position\":1,\"name\":\"In\u00edcio\",\"item\":\"https:\/\/portalmf.com.br\/\"},{\"@type\":\"ListItem\",\"position\":2,\"name\":\"Carlos Medeiros detalha suas propostas para melhoria da seguran\u00e7a p\u00fablica em Feira de Santana\"}]},{\"@type\":\"WebSite\",\"@id\":\"https:\/\/portalmf.com.br\/#website\",\"url\":\"https:\/\/portalmf.com.br\/\",\"name\":\"Portal MF\",\"description\":\"Voc\u00ea conectado com a informa\u00e7\u00e3o\",\"potentialAction\":[{\"@type\":\"SearchAction\",\"target\":{\"@type\":\"EntryPoint\",\"urlTemplate\":\"https:\/\/portalmf.com.br\/?s={search_term_string}\"},\"query-input\":\"required name=search_term_string\"}],\"inLanguage\":\"pt-BR\"},{\"@type\":\"Person\",\"@id\":\"https:\/\/portalmf.com.br\/#\/schema\/person\/9ec101baf56233e53520c26de5d6f6f0\",\"name\":\"Reda\u00e7\u00e3o Portal MF\",\"image\":{\"@type\":\"ImageObject\",\"inLanguage\":\"pt-BR\",\"@id\":\"https:\/\/portalmf.com.br\/#\/schema\/person\/image\/\",\"url\":\"https:\/\/secure.gravatar.com\/avatar\/41b9aaeb2100835f7c64362330f74c7f?s=96&d=mm&r=g\",\"contentUrl\":\"https:\/\/secure.gravatar.com\/avatar\/41b9aaeb2100835f7c64362330f74c7f?s=96&d=mm&r=g\",\"caption\":\"Reda\u00e7\u00e3o Portal MF\"},\"description\":\"Sejam bem-vindos o portal de informa\u00e7\u00f5es de entretenimento de Feira de Santana, desde 2006 realiza coberturas dos principais eventos com entrevistas exclusivas com as principais personalidades mundiais. Fique conectado tamb\u00e9m nas redes sociais.\",\"sameAs\":[\"http:\/\/www.portalmf.com.br\/\",\"https:\/\/www.facebook.com\/portalmfoficial\",\"https:\/\/www.instagram.com\/portalmf\/\",\"https:\/\/x.com\/https:\/\/x.com\/portalmfoficial\",\"https:\/\/www.youtube.com\/@portalmfoficial\"],\"url\":\"https:\/\/portalmf.com.br\/index.php\/author\/junior\/\"}]}<\/script>\n<!-- \/ Yoast SEO plugin. -->","yoast_head_json":{"title":"Carlos Medeiros detalha suas propostas para melhoria da seguran\u00e7a p\u00fablica em Feira de Santana - Portal MF","robots":{"index":"index","follow":"follow","max-snippet":"max-snippet:-1","max-image-preview":"max-image-preview:large","max-video-preview":"max-video-preview:-1"},"canonical":"https:\/\/portalmf.com.br\/index.php\/2024\/09\/18\/carlos-medeiros-detalha-suas-propostas-para-melhoria-da-seguranca-publica-em-feira-de-santana\/","og_locale":"pt_BR","og_type":"article","og_title":"Carlos Medeiros detalha suas propostas para melhoria da seguran\u00e7a p\u00fablica em Feira de Santana - Portal MF","og_description":"O candidato \u00e0 prefeitura de Feira de Santana, Carlos Medeiros (Novo) detalhou, em visita ao distrito de Humildes, seu plano para a seguran\u00e7a p\u00fablica da cidade, prometendo a\u00e7\u00f5es concretas e imediatas para garantir a tranquilidade dos cidad\u00e3os, caso seja eleito. Segundo o candidato, \u00e9 necess\u00e1rio investir no fortalecimento e na valoriza\u00e7\u00e3o da Guarda Municipal. &#8220;Vamos [&hellip;]","og_url":"https:\/\/portalmf.com.br\/index.php\/2024\/09\/18\/carlos-medeiros-detalha-suas-propostas-para-melhoria-da-seguranca-publica-em-feira-de-santana\/","og_site_name":"Portal MF","article_author":"https:\/\/www.facebook.com\/portalmfoficial","article_published_time":"2024-09-18T20:51:16+00:00","article_modified_time":"2024-09-18T20:51:17+00:00","og_image":[{"width":800,"height":572,"url":"https:\/\/portalmf.com.br\/wp-content\/uploads\/2024\/09\/Carlos-Medeiros-detalha-suas-propostas-para-melhoria-da-seguranca-publica-em-Feira-de-Santana.jpg","type":"image\/jpeg"}],"author":"Reda\u00e7\u00e3o Portal MF","twitter_card":"summary_large_image","twitter_creator":"@https:\/\/x.com\/portalmfoficial","twitter_misc":{"Escrito por":"Reda\u00e7\u00e3o Portal MF","Est. tempo de leitura":"2 minutos"},"schema":{"@context":"https:\/\/schema.org","@graph":[{"@type":"WebPage","@id":"https:\/\/portalmf.com.br\/index.php\/2024\/09\/18\/carlos-medeiros-detalha-suas-propostas-para-melhoria-da-seguranca-publica-em-feira-de-santana\/","url":"https:\/\/portalmf.com.br\/index.php\/2024\/09\/18\/carlos-medeiros-detalha-suas-propostas-para-melhoria-da-seguranca-publica-em-feira-de-santana\/","name":"Carlos Medeiros detalha suas propostas para melhoria da seguran\u00e7a p\u00fablica em Feira de Santana - Portal MF","isPartOf":{"@id":"https:\/\/portalmf.com.br\/#website"},"primaryImageOfPage":{"@id":"https:\/\/portalmf.com.br\/index.php\/2024\/09\/18\/carlos-medeiros-detalha-suas-propostas-para-melhoria-da-seguranca-publica-em-feira-de-santana\/#primaryimage"},"image":{"@id":"https:\/\/portalmf.com.br\/index.php\/2024\/09\/18\/carlos-medeiros-detalha-suas-propostas-para-melhoria-da-seguranca-publica-em-feira-de-santana\/#primaryimage"},"thumbnailUrl":"https:\/\/portalmf.com.br\/wp-content\/uploads\/2024\/09\/Carlos-Medeiros-detalha-suas-propostas-para-melhoria-da-seguranca-publica-em-Feira-de-Santana.jpg","datePublished":"2024-09-18T20:51:16+00:00","dateModified":"2024-09-18T20:51:17+00:00","author":{"@id":"https:\/\/portalmf.com.br\/#\/schema\/person\/9ec101baf56233e53520c26de5d6f6f0"},"breadcrumb":{"@id":"https:\/\/portalmf.com.br\/index.php\/2024\/09\/18\/carlos-medeiros-detalha-suas-propostas-para-melhoria-da-seguranca-publica-em-feira-de-santana\/#breadcrumb"},"inLanguage":"pt-BR","potentialAction":[{"@type":"ReadAction","target":["https:\/\/portalmf.com.br\/index.php\/2024\/09\/18\/carlos-medeiros-detalha-suas-propostas-para-melhoria-da-seguranca-publica-em-feira-de-santana\/"]}]},{"@type":"ImageObject","inLanguage":"pt-BR","@id":"https:\/\/portalmf.com.br\/index.php\/2024\/09\/18\/carlos-medeiros-detalha-suas-propostas-para-melhoria-da-seguranca-publica-em-feira-de-santana\/#primaryimage","url":"https:\/\/portalmf.com.br\/wp-content\/uploads\/2024\/09\/Carlos-Medeiros-detalha-suas-propostas-para-melhoria-da-seguranca-publica-em-Feira-de-Santana.jpg","contentUrl":"https:\/\/portalmf.com.br\/wp-content\/uploads\/2024\/09\/Carlos-Medeiros-detalha-suas-propostas-para-melhoria-da-seguranca-publica-em-Feira-de-Santana.jpg","width":800,"height":572},{"@type":"BreadcrumbList","@id":"https:\/\/portalmf.com.br\/index.php\/2024\/09\/18\/carlos-medeiros-detalha-suas-propostas-para-melhoria-da-seguranca-publica-em-feira-de-santana\/#breadcrumb","itemListElement":[{"@type":"ListItem","position":1,"name":"In\u00edcio","item":"https:\/\/portalmf.com.br\/"},{"@type":"ListItem","position":2,"name":"Carlos Medeiros detalha suas propostas para melhoria da seguran\u00e7a p\u00fablica em Feira de Santana"}]},{"@type":"WebSite","@id":"https:\/\/portalmf.com.br\/#website","url":"https:\/\/portalmf.com.br\/","name":"Portal MF","description":"Voc\u00ea conectado com a informa\u00e7\u00e3o","potentialAction":[{"@type":"SearchAction","target":{"@type":"EntryPoint","urlTemplate":"https:\/\/portalmf.com.br\/?s={search_term_string}"},"query-input":"required name=search_term_string"}],"inLanguage":"pt-BR"},{"@type":"Person","@id":"https:\/\/portalmf.com.br\/#\/schema\/person\/9ec101baf56233e53520c26de5d6f6f0","name":"Reda\u00e7\u00e3o Portal MF","image":{"@type":"ImageObject","inLanguage":"pt-BR","@id":"https:\/\/portalmf.com.br\/#\/schema\/person\/image\/","url":"https:\/\/secure.gravatar.com\/avatar\/41b9aaeb2100835f7c64362330f74c7f?s=96&d=mm&r=g","contentUrl":"https:\/\/secure.gravatar.com\/avatar\/41b9aaeb2100835f7c64362330f74c7f?s=96&d=mm&r=g","caption":"Reda\u00e7\u00e3o Portal MF"},"description":"Sejam bem-vindos o portal de informa\u00e7\u00f5es de entretenimento de Feira de Santana, desde 2006 realiza coberturas dos principais eventos com entrevistas exclusivas com as principais personalidades mundiais. Fique conectado tamb\u00e9m nas redes sociais.","sameAs":["http:\/\/www.portalmf.com.br\/","https:\/\/www.facebook.com\/portalmfoficial","https:\/\/www.instagram.com\/portalmf\/","https:\/\/x.com\/https:\/\/x.com\/portalmfoficial","https:\/\/www.youtube.com\/@portalmfoficial"],"url":"https:\/\/portalmf.com.br\/index.php\/author\/junior\/"}]}},"_links":{"self":[{"href":"https:\/\/portalmf.com.br\/index.php\/wp-json\/wp\/v2\/posts\/29892"}],"collection":[{"href":"https:\/\/portalmf.com.br\/index.php\/wp-json\/wp\/v2\/posts"}],"about":[{"href":"https:\/\/portalmf.com.br\/index.php\/wp-json\/wp\/v2\/types\/post"}],"author":[{"embeddable":true,"href":"https:\/\/portalmf.com.br\/index.php\/wp-json\/wp\/v2\/users\/3"}],"replies":[{"embeddable":true,"href":"https:\/\/portalmf.com.br\/index.php\/wp-json\/wp\/v2\/comments?post=29892"}],"version-history":[{"count":1,"href":"https:\/\/portalmf.com.br\/index.php\/wp-json\/wp\/v2\/posts\/29892\/revisions"}],"predecessor-version":[{"id":29894,"href":"https:\/\/portalmf.com.br\/index.php\/wp-json\/wp\/v2\/posts\/29892\/revisions\/29894"}],"wp:featuredmedia":[{"embeddable":true,"href":"https:\/\/portalmf.com.br\/index.php\/wp-json\/wp\/v2\/media\/29893"}],"wp:attachment":[{"href":"https:\/\/portalmf.com.br\/index.php\/wp-json\/wp\/v2\/media?parent=29892"}],"wp:term":[{"taxonomy":"category","embeddable":true,"href":"https:\/\/portalmf.com.br\/index.php\/wp-json\/wp\/v2\/categories?post=29892"},{"taxonomy":"post_tag","embeddable":true,"href":"https:\/\/portalmf.com.br\/index.php\/wp-json\/wp\/v2\/tags?post=29892"}],"curies":[{"name":"wp","href":"https:\/\/api.w.org\/{rel}","templated":true}]}}