{"id":29886,"date":"2024-09-18T17:42:10","date_gmt":"2024-09-18T20:42:10","guid":{"rendered":"https:\/\/portalmf.com.br\/?p=29886"},"modified":"2024-09-18T17:42:10","modified_gmt":"2024-09-18T20:42:10","slug":"jose-ronaldo-celebra-191-anos-de-feira-de-santana-e-projeta-futuro-de-progresso-para-a-cidade","status":"publish","type":"post","link":"https:\/\/portalmf.com.br\/index.php\/2024\/09\/18\/jose-ronaldo-celebra-191-anos-de-feira-de-santana-e-projeta-futuro-de-progresso-para-a-cidade\/","title":{"rendered":"Jos\u00e9 Ronaldo celebra 191 anos de Feira de Santana e projeta futuro de progresso para a cidade"},"content":{"rendered":"\n<p>Hoje, 18 de setembro, Feira de Santana completa 191 anos de hist\u00f3ria e o ex-prefeito e candidato \u00e0 Prefeitura, Jos\u00e9 Ronaldo (Uni\u00e3o Brasil), faz uma reflex\u00e3o sobre o desenvolvimento da cidade e os desafios que ainda precisam ser enfrentados. Em suas quatro gest\u00f5es, Jos\u00e9 Ronaldo liderou importantes transforma\u00e7\u00f5es no munic\u00edpio e agora, ainda mais experiente, prop\u00f5e continuar sua miss\u00e3o de promover o progresso de Feira com novas ideias e um olhar para o futuro.<\/p>\n\n\n\n<p>Durante suas administra\u00e7\u00f5es, Jos\u00e9 Ronaldo deixou um legado de avan\u00e7os e importantes transforma\u00e7\u00f5es que impactaram na vida dos feirenses em diversas \u00e1reas. Na sa\u00fade, Feira de Santana deu um salto quantitativo e qualitativo, saindo de 18 unidades de sa\u00fade para mais de 160. Foram importantes equipamentos, como todas as duas UPAs municipais (Queimadinha e Mangabeira), todas as policl\u00ednicas da cidade e distritos, o Centro Municipal de Diagn\u00f3stico por Imagem (CMDI), o Centro Municipal de Preven\u00e7\u00e3o ao C\u00e2ncer Romilda Maltez (CMPC), O Centro de Atendimento ao Diab\u00e9tico e Hipertenso (CADH), o Centro de Atendimento \u00e0s Pessoas com Doen\u00e7a Falciforme, os CAPS, entre tantos outros.<\/p>\n\n\n\n<p>Na educa\u00e7\u00e3o, os avan\u00e7os tamb\u00e9m foram not\u00e1veis, com o \u00cdndice de Desenvolvimento da Educa\u00e7\u00e3o B\u00e1sica (Ideb) crescendo ano ap\u00f3s ano. Neste per\u00edodo foram implantadas escolas modernas e de tempo integral, creches, cursos de qualifica\u00e7\u00e3o para professores e concursos para amplia\u00e7\u00e3o do quadro de docentes, al\u00e9m dos investimentos em infraestrutura e tecnologia, melhorando assim as condi\u00e7\u00f5es de ensino para milhares de estudantes da rede municipal.<\/p>\n\n\n\n<p><strong>Infraestrutura &#8211; <\/strong>Na \u00e1rea de infraestrutura, Jos\u00e9 Ronaldo \u00e9 lembrado por obras de pavimenta\u00e7\u00e3o em mais de 60% da cidade, pelas melhorias na mobilidade urbana, com a implanta\u00e7\u00e3o de viadutos e t\u00faneis, al\u00e9m da constru\u00e7\u00e3o de importantes avenidas. O ex-prefeito tamb\u00e9m investiu na revitaliza\u00e7\u00e3o de espa\u00e7os p\u00fablicos, urbanizando pra\u00e7as e implantando o Parque da Lagoa Radialista Erivaldo Cerqueira e o Parque da Cidade Frei Jos\u00e9 Monteiro Sobrinho, trazendo lazer e qualidade de vida para os feirenses.<\/p>\n\n\n\n<p><strong>Economia &#8211; <\/strong>O desenvolvimento econ\u00f4mico foi outro ponto forte de suas gest\u00f5es, com a atra\u00e7\u00e3o de novas ind\u00fastrias e investimentos no setor comercial. Feira de Santana se consolidou como um polo log\u00edstico e industrial da Bahia, gerando milhares de empregos e fortalecendo a economia local.<\/p>\n\n\n\n<p>Agora, em sua nova campanha para prefeito, Jos\u00e9 Ronaldo apresenta um conjunto de propostas que busca dar continuidade a esse trabalho e superar os novos desafios da cidade. Entre as principais propostas est\u00e3o a cria\u00e7\u00e3o do \u2018Coruj\u00e3o da Sa\u00fade\u2019, para eliminar as filas de exames m\u00e9dicos com atendimentos 24 horas nos primeiros 100 dias de gest\u00e3o; o programa \u2018Rem\u00e9dio em Casa\u2019, que visa entregar medicamentos de uso cont\u00ednuo diretamente nas resid\u00eancias dos pacientes; a cl\u00ednica \u2018Salva Pet\u2019, dedicada ao atendimento veterin\u00e1rio gratuito para animais de estima\u00e7\u00e3o de fam\u00edlias de baixa renda, promovendo o bem-estar animal e a sa\u00fade p\u00fablica.<\/p>\n\n\n\n<p>O candidato tamb\u00e9m reafirmou seu compromisso com a educa\u00e7\u00e3o infantil, com a constru\u00e7\u00e3o de novas creches para ampliar o acesso das crian\u00e7as \u00e0 educa\u00e7\u00e3o de qualidade desde os primeiros anos e dar oportunidade \u00e0s m\u00e3es de serem reinseridas no mercado de trabalho.<\/p>\n\n\n\n<p><em>&#8220;Feira de Santana \u00e9 uma terra de gente trabalhadora, que n\u00e3o desiste de seus sonhos. O meu desejo para a nossa cidade nos pr\u00f3ximos anos \u00e9 que possamos continuar crescendo, mas sempre com justi\u00e7a social e oportunidades para todos. Feira merece ser uma cidade pr\u00f3spera, segura, com sa\u00fade de qualidade, educa\u00e7\u00e3o de excel\u00eancia e um ambiente onde as pessoas possam viver com dignidade&#8221;,<\/em> declarou.<\/p>\n\n\n\n<p>Neste 18 de setembro, Jos\u00e9 Ronaldo celebra n\u00e3o apenas o passado e as conquistas de sua trajet\u00f3ria pol\u00edtica, mas tamb\u00e9m reafirma sua confian\u00e7a no futuro de Feira de Santana, com novas ideias e um compromisso com o bem-estar da popula\u00e7\u00e3o.<\/p>\n\n\n\n<p>Com informa\u00e7\u00f5es da Ascom\/Jos\u00e9 Ronaldo<\/p>\n","protected":false},"excerpt":{"rendered":"<p>Hoje, 18 de setembro, Feira de Santana completa 191 anos de hist\u00f3ria e o ex-prefeito e candidato \u00e0 Prefeitura, Jos\u00e9 Ronaldo (Uni\u00e3o Brasil), faz uma reflex\u00e3o sobre o desenvolvimento da cidade e os desafios que ainda precisam ser enfrentados. Em suas quatro gest\u00f5es, Jos\u00e9 Ronaldo liderou importantes transforma\u00e7\u00f5es no munic\u00edpio e agora, ainda mais experiente, [&hellip;]<\/p>\n","protected":false},"author":3,"featured_media":29887,"comment_status":"open","ping_status":"open","sticky":false,"template":"","format":"standard","meta":{"_monsterinsights_skip_tracking":false,"_monsterinsights_sitenote_active":false,"_monsterinsights_sitenote_note":"","_monsterinsights_sitenote_category":0,"footnotes":""},"categories":[301,34],"tags":[],"yoast_head":"<!-- This site is optimized with the Yoast SEO plugin v22.9 - https:\/\/yoast.com\/wordpress\/plugins\/seo\/ -->\n<title>Jos\u00e9 Ronaldo celebra 191 anos de Feira de Santana e projeta futuro de progresso para a cidade - Portal MF<\/title>\n<meta name=\"robots\" content=\"index, follow, max-snippet:-1, max-image-preview:large, max-video-preview:-1\" \/>\n<link rel=\"canonical\" href=\"https:\/\/portalmf.com.br\/index.php\/2024\/09\/18\/jose-ronaldo-celebra-191-anos-de-feira-de-santana-e-projeta-futuro-de-progresso-para-a-cidade\/\" \/>\n<meta property=\"og:locale\" content=\"pt_BR\" \/>\n<meta property=\"og:type\" content=\"article\" \/>\n<meta property=\"og:title\" content=\"Jos\u00e9 Ronaldo celebra 191 anos de Feira de Santana e projeta futuro de progresso para a cidade - Portal MF\" \/>\n<meta property=\"og:description\" content=\"Hoje, 18 de setembro, Feira de Santana completa 191 anos de hist\u00f3ria e o ex-prefeito e candidato \u00e0 Prefeitura, Jos\u00e9 Ronaldo (Uni\u00e3o Brasil), faz uma reflex\u00e3o sobre o desenvolvimento da cidade e os desafios que ainda precisam ser enfrentados. Em suas quatro gest\u00f5es, Jos\u00e9 Ronaldo liderou importantes transforma\u00e7\u00f5es no munic\u00edpio e agora, ainda mais experiente, [&hellip;]\" \/>\n<meta property=\"og:url\" content=\"https:\/\/portalmf.com.br\/index.php\/2024\/09\/18\/jose-ronaldo-celebra-191-anos-de-feira-de-santana-e-projeta-futuro-de-progresso-para-a-cidade\/\" \/>\n<meta property=\"og:site_name\" content=\"Portal MF\" \/>\n<meta property=\"article:author\" content=\"https:\/\/www.facebook.com\/portalmfoficial\" \/>\n<meta property=\"article:published_time\" content=\"2024-09-18T20:42:10+00:00\" \/>\n<meta property=\"og:image\" content=\"https:\/\/portalmf.com.br\/wp-content\/uploads\/2024\/09\/Jose-Ronaldo-celebra-191-anos-de-Feira-de-Santana-e-projeta-futuro-de-progresso-para-a-cidade.jpg\" \/>\n\t<meta property=\"og:image:width\" content=\"800\" \/>\n\t<meta property=\"og:image:height\" content=\"450\" \/>\n\t<meta property=\"og:image:type\" content=\"image\/jpeg\" \/>\n<meta name=\"author\" content=\"Reda\u00e7\u00e3o Portal MF\" \/>\n<meta name=\"twitter:card\" content=\"summary_large_image\" \/>\n<meta name=\"twitter:creator\" content=\"@https:\/\/x.com\/portalmfoficial\" \/>\n<meta name=\"twitter:label1\" content=\"Escrito por\" \/>\n\t<meta name=\"twitter:data1\" content=\"Reda\u00e7\u00e3o Portal MF\" \/>\n\t<meta name=\"twitter:label2\" content=\"Est. tempo de leitura\" \/>\n\t<meta name=\"twitter:data2\" content=\"4 minutos\" \/>\n<script type=\"application\/ld+json\" class=\"yoast-schema-graph\">{\"@context\":\"https:\/\/schema.org\",\"@graph\":[{\"@type\":\"WebPage\",\"@id\":\"https:\/\/portalmf.com.br\/index.php\/2024\/09\/18\/jose-ronaldo-celebra-191-anos-de-feira-de-santana-e-projeta-futuro-de-progresso-para-a-cidade\/\",\"url\":\"https:\/\/portalmf.com.br\/index.php\/2024\/09\/18\/jose-ronaldo-celebra-191-anos-de-feira-de-santana-e-projeta-futuro-de-progresso-para-a-cidade\/\",\"name\":\"Jos\u00e9 Ronaldo celebra 191 anos de Feira de Santana e projeta futuro de progresso para a cidade - Portal MF\",\"isPartOf\":{\"@id\":\"https:\/\/portalmf.com.br\/#website\"},\"primaryImageOfPage\":{\"@id\":\"https:\/\/portalmf.com.br\/index.php\/2024\/09\/18\/jose-ronaldo-celebra-191-anos-de-feira-de-santana-e-projeta-futuro-de-progresso-para-a-cidade\/#primaryimage\"},\"image\":{\"@id\":\"https:\/\/portalmf.com.br\/index.php\/2024\/09\/18\/jose-ronaldo-celebra-191-anos-de-feira-de-santana-e-projeta-futuro-de-progresso-para-a-cidade\/#primaryimage\"},\"thumbnailUrl\":\"https:\/\/portalmf.com.br\/wp-content\/uploads\/2024\/09\/Jose-Ronaldo-celebra-191-anos-de-Feira-de-Santana-e-projeta-futuro-de-progresso-para-a-cidade.jpg\",\"datePublished\":\"2024-09-18T20:42:10+00:00\",\"dateModified\":\"2024-09-18T20:42:10+00:00\",\"author\":{\"@id\":\"https:\/\/portalmf.com.br\/#\/schema\/person\/9ec101baf56233e53520c26de5d6f6f0\"},\"breadcrumb\":{\"@id\":\"https:\/\/portalmf.com.br\/index.php\/2024\/09\/18\/jose-ronaldo-celebra-191-anos-de-feira-de-santana-e-projeta-futuro-de-progresso-para-a-cidade\/#breadcrumb\"},\"inLanguage\":\"pt-BR\",\"potentialAction\":[{\"@type\":\"ReadAction\",\"target\":[\"https:\/\/portalmf.com.br\/index.php\/2024\/09\/18\/jose-ronaldo-celebra-191-anos-de-feira-de-santana-e-projeta-futuro-de-progresso-para-a-cidade\/\"]}]},{\"@type\":\"ImageObject\",\"inLanguage\":\"pt-BR\",\"@id\":\"https:\/\/portalmf.com.br\/index.php\/2024\/09\/18\/jose-ronaldo-celebra-191-anos-de-feira-de-santana-e-projeta-futuro-de-progresso-para-a-cidade\/#primaryimage\",\"url\":\"https:\/\/portalmf.com.br\/wp-content\/uploads\/2024\/09\/Jose-Ronaldo-celebra-191-anos-de-Feira-de-Santana-e-projeta-futuro-de-progresso-para-a-cidade.jpg\",\"contentUrl\":\"https:\/\/portalmf.com.br\/wp-content\/uploads\/2024\/09\/Jose-Ronaldo-celebra-191-anos-de-Feira-de-Santana-e-projeta-futuro-de-progresso-para-a-cidade.jpg\",\"width\":800,\"height\":450},{\"@type\":\"BreadcrumbList\",\"@id\":\"https:\/\/portalmf.com.br\/index.php\/2024\/09\/18\/jose-ronaldo-celebra-191-anos-de-feira-de-santana-e-projeta-futuro-de-progresso-para-a-cidade\/#breadcrumb\",\"itemListElement\":[{\"@type\":\"ListItem\",\"position\":1,\"name\":\"In\u00edcio\",\"item\":\"https:\/\/portalmf.com.br\/\"},{\"@type\":\"ListItem\",\"position\":2,\"name\":\"Jos\u00e9 Ronaldo celebra 191 anos de Feira de Santana e projeta futuro de progresso para a cidade\"}]},{\"@type\":\"WebSite\",\"@id\":\"https:\/\/portalmf.com.br\/#website\",\"url\":\"https:\/\/portalmf.com.br\/\",\"name\":\"Portal MF\",\"description\":\"Voc\u00ea conectado com a informa\u00e7\u00e3o\",\"potentialAction\":[{\"@type\":\"SearchAction\",\"target\":{\"@type\":\"EntryPoint\",\"urlTemplate\":\"https:\/\/portalmf.com.br\/?s={search_term_string}\"},\"query-input\":\"required name=search_term_string\"}],\"inLanguage\":\"pt-BR\"},{\"@type\":\"Person\",\"@id\":\"https:\/\/portalmf.com.br\/#\/schema\/person\/9ec101baf56233e53520c26de5d6f6f0\",\"name\":\"Reda\u00e7\u00e3o Portal MF\",\"image\":{\"@type\":\"ImageObject\",\"inLanguage\":\"pt-BR\",\"@id\":\"https:\/\/portalmf.com.br\/#\/schema\/person\/image\/\",\"url\":\"https:\/\/secure.gravatar.com\/avatar\/41b9aaeb2100835f7c64362330f74c7f?s=96&d=mm&r=g\",\"contentUrl\":\"https:\/\/secure.gravatar.com\/avatar\/41b9aaeb2100835f7c64362330f74c7f?s=96&d=mm&r=g\",\"caption\":\"Reda\u00e7\u00e3o Portal MF\"},\"description\":\"Sejam bem-vindos o portal de informa\u00e7\u00f5es de entretenimento de Feira de Santana, desde 2006 realiza coberturas dos principais eventos com entrevistas exclusivas com as principais personalidades mundiais. Fique conectado tamb\u00e9m nas redes sociais.\",\"sameAs\":[\"http:\/\/www.portalmf.com.br\/\",\"https:\/\/www.facebook.com\/portalmfoficial\",\"https:\/\/www.instagram.com\/portalmf\/\",\"https:\/\/x.com\/https:\/\/x.com\/portalmfoficial\",\"https:\/\/www.youtube.com\/@portalmfoficial\"],\"url\":\"https:\/\/portalmf.com.br\/index.php\/author\/junior\/\"}]}<\/script>\n<!-- \/ Yoast SEO plugin. -->","yoast_head_json":{"title":"Jos\u00e9 Ronaldo celebra 191 anos de Feira de Santana e projeta futuro de progresso para a cidade - Portal MF","robots":{"index":"index","follow":"follow","max-snippet":"max-snippet:-1","max-image-preview":"max-image-preview:large","max-video-preview":"max-video-preview:-1"},"canonical":"https:\/\/portalmf.com.br\/index.php\/2024\/09\/18\/jose-ronaldo-celebra-191-anos-de-feira-de-santana-e-projeta-futuro-de-progresso-para-a-cidade\/","og_locale":"pt_BR","og_type":"article","og_title":"Jos\u00e9 Ronaldo celebra 191 anos de Feira de Santana e projeta futuro de progresso para a cidade - Portal MF","og_description":"Hoje, 18 de setembro, Feira de Santana completa 191 anos de hist\u00f3ria e o ex-prefeito e candidato \u00e0 Prefeitura, Jos\u00e9 Ronaldo (Uni\u00e3o Brasil), faz uma reflex\u00e3o sobre o desenvolvimento da cidade e os desafios que ainda precisam ser enfrentados. Em suas quatro gest\u00f5es, Jos\u00e9 Ronaldo liderou importantes transforma\u00e7\u00f5es no munic\u00edpio e agora, ainda mais experiente, [&hellip;]","og_url":"https:\/\/portalmf.com.br\/index.php\/2024\/09\/18\/jose-ronaldo-celebra-191-anos-de-feira-de-santana-e-projeta-futuro-de-progresso-para-a-cidade\/","og_site_name":"Portal MF","article_author":"https:\/\/www.facebook.com\/portalmfoficial","article_published_time":"2024-09-18T20:42:10+00:00","og_image":[{"width":800,"height":450,"url":"https:\/\/portalmf.com.br\/wp-content\/uploads\/2024\/09\/Jose-Ronaldo-celebra-191-anos-de-Feira-de-Santana-e-projeta-futuro-de-progresso-para-a-cidade.jpg","type":"image\/jpeg"}],"author":"Reda\u00e7\u00e3o Portal MF","twitter_card":"summary_large_image","twitter_creator":"@https:\/\/x.com\/portalmfoficial","twitter_misc":{"Escrito por":"Reda\u00e7\u00e3o Portal MF","Est. tempo de leitura":"4 minutos"},"schema":{"@context":"https:\/\/schema.org","@graph":[{"@type":"WebPage","@id":"https:\/\/portalmf.com.br\/index.php\/2024\/09\/18\/jose-ronaldo-celebra-191-anos-de-feira-de-santana-e-projeta-futuro-de-progresso-para-a-cidade\/","url":"https:\/\/portalmf.com.br\/index.php\/2024\/09\/18\/jose-ronaldo-celebra-191-anos-de-feira-de-santana-e-projeta-futuro-de-progresso-para-a-cidade\/","name":"Jos\u00e9 Ronaldo celebra 191 anos de Feira de Santana e projeta futuro de progresso para a cidade - Portal MF","isPartOf":{"@id":"https:\/\/portalmf.com.br\/#website"},"primaryImageOfPage":{"@id":"https:\/\/portalmf.com.br\/index.php\/2024\/09\/18\/jose-ronaldo-celebra-191-anos-de-feira-de-santana-e-projeta-futuro-de-progresso-para-a-cidade\/#primaryimage"},"image":{"@id":"https:\/\/portalmf.com.br\/index.php\/2024\/09\/18\/jose-ronaldo-celebra-191-anos-de-feira-de-santana-e-projeta-futuro-de-progresso-para-a-cidade\/#primaryimage"},"thumbnailUrl":"https:\/\/portalmf.com.br\/wp-content\/uploads\/2024\/09\/Jose-Ronaldo-celebra-191-anos-de-Feira-de-Santana-e-projeta-futuro-de-progresso-para-a-cidade.jpg","datePublished":"2024-09-18T20:42:10+00:00","dateModified":"2024-09-18T20:42:10+00:00","author":{"@id":"https:\/\/portalmf.com.br\/#\/schema\/person\/9ec101baf56233e53520c26de5d6f6f0"},"breadcrumb":{"@id":"https:\/\/portalmf.com.br\/index.php\/2024\/09\/18\/jose-ronaldo-celebra-191-anos-de-feira-de-santana-e-projeta-futuro-de-progresso-para-a-cidade\/#breadcrumb"},"inLanguage":"pt-BR","potentialAction":[{"@type":"ReadAction","target":["https:\/\/portalmf.com.br\/index.php\/2024\/09\/18\/jose-ronaldo-celebra-191-anos-de-feira-de-santana-e-projeta-futuro-de-progresso-para-a-cidade\/"]}]},{"@type":"ImageObject","inLanguage":"pt-BR","@id":"https:\/\/portalmf.com.br\/index.php\/2024\/09\/18\/jose-ronaldo-celebra-191-anos-de-feira-de-santana-e-projeta-futuro-de-progresso-para-a-cidade\/#primaryimage","url":"https:\/\/portalmf.com.br\/wp-content\/uploads\/2024\/09\/Jose-Ronaldo-celebra-191-anos-de-Feira-de-Santana-e-projeta-futuro-de-progresso-para-a-cidade.jpg","contentUrl":"https:\/\/portalmf.com.br\/wp-content\/uploads\/2024\/09\/Jose-Ronaldo-celebra-191-anos-de-Feira-de-Santana-e-projeta-futuro-de-progresso-para-a-cidade.jpg","width":800,"height":450},{"@type":"BreadcrumbList","@id":"https:\/\/portalmf.com.br\/index.php\/2024\/09\/18\/jose-ronaldo-celebra-191-anos-de-feira-de-santana-e-projeta-futuro-de-progresso-para-a-cidade\/#breadcrumb","itemListElement":[{"@type":"ListItem","position":1,"name":"In\u00edcio","item":"https:\/\/portalmf.com.br\/"},{"@type":"ListItem","position":2,"name":"Jos\u00e9 Ronaldo celebra 191 anos de Feira de Santana e projeta futuro de progresso para a cidade"}]},{"@type":"WebSite","@id":"https:\/\/portalmf.com.br\/#website","url":"https:\/\/portalmf.com.br\/","name":"Portal MF","description":"Voc\u00ea conectado com a informa\u00e7\u00e3o","potentialAction":[{"@type":"SearchAction","target":{"@type":"EntryPoint","urlTemplate":"https:\/\/portalmf.com.br\/?s={search_term_string}"},"query-input":"required name=search_term_string"}],"inLanguage":"pt-BR"},{"@type":"Person","@id":"https:\/\/portalmf.com.br\/#\/schema\/person\/9ec101baf56233e53520c26de5d6f6f0","name":"Reda\u00e7\u00e3o Portal MF","image":{"@type":"ImageObject","inLanguage":"pt-BR","@id":"https:\/\/portalmf.com.br\/#\/schema\/person\/image\/","url":"https:\/\/secure.gravatar.com\/avatar\/41b9aaeb2100835f7c64362330f74c7f?s=96&d=mm&r=g","contentUrl":"https:\/\/secure.gravatar.com\/avatar\/41b9aaeb2100835f7c64362330f74c7f?s=96&d=mm&r=g","caption":"Reda\u00e7\u00e3o Portal MF"},"description":"Sejam bem-vindos o portal de informa\u00e7\u00f5es de entretenimento de Feira de Santana, desde 2006 realiza coberturas dos principais eventos com entrevistas exclusivas com as principais personalidades mundiais. Fique conectado tamb\u00e9m nas redes sociais.","sameAs":["http:\/\/www.portalmf.com.br\/","https:\/\/www.facebook.com\/portalmfoficial","https:\/\/www.instagram.com\/portalmf\/","https:\/\/x.com\/https:\/\/x.com\/portalmfoficial","https:\/\/www.youtube.com\/@portalmfoficial"],"url":"https:\/\/portalmf.com.br\/index.php\/author\/junior\/"}]}},"_links":{"self":[{"href":"https:\/\/portalmf.com.br\/index.php\/wp-json\/wp\/v2\/posts\/29886"}],"collection":[{"href":"https:\/\/portalmf.com.br\/index.php\/wp-json\/wp\/v2\/posts"}],"about":[{"href":"https:\/\/portalmf.com.br\/index.php\/wp-json\/wp\/v2\/types\/post"}],"author":[{"embeddable":true,"href":"https:\/\/portalmf.com.br\/index.php\/wp-json\/wp\/v2\/users\/3"}],"replies":[{"embeddable":true,"href":"https:\/\/portalmf.com.br\/index.php\/wp-json\/wp\/v2\/comments?post=29886"}],"version-history":[{"count":1,"href":"https:\/\/portalmf.com.br\/index.php\/wp-json\/wp\/v2\/posts\/29886\/revisions"}],"predecessor-version":[{"id":29888,"href":"https:\/\/portalmf.com.br\/index.php\/wp-json\/wp\/v2\/posts\/29886\/revisions\/29888"}],"wp:featuredmedia":[{"embeddable":true,"href":"https:\/\/portalmf.com.br\/index.php\/wp-json\/wp\/v2\/media\/29887"}],"wp:attachment":[{"href":"https:\/\/portalmf.com.br\/index.php\/wp-json\/wp\/v2\/media?parent=29886"}],"wp:term":[{"taxonomy":"category","embeddable":true,"href":"https:\/\/portalmf.com.br\/index.php\/wp-json\/wp\/v2\/categories?post=29886"},{"taxonomy":"post_tag","embeddable":true,"href":"https:\/\/portalmf.com.br\/index.php\/wp-json\/wp\/v2\/tags?post=29886"}],"curies":[{"name":"wp","href":"https:\/\/api.w.org\/{rel}","templated":true}]}}