{"id":29883,"date":"2024-09-18T17:39:34","date_gmt":"2024-09-18T20:39:34","guid":{"rendered":"https:\/\/portalmf.com.br\/?p=29883"},"modified":"2024-09-18T17:39:34","modified_gmt":"2024-09-18T20:39:34","slug":"vereadora-de-ribeira-do-amparo-sofre-violencia-politica-e-anuncia-uso-de-colete-a-prova-de-balas","status":"publish","type":"post","link":"https:\/\/portalmf.com.br\/index.php\/2024\/09\/18\/vereadora-de-ribeira-do-amparo-sofre-violencia-politica-e-anuncia-uso-de-colete-a-prova-de-balas\/","title":{"rendered":"Vereadora de Ribeira do Amparo sofre viol\u00eancia pol\u00edtica e anuncia uso de colete \u00e0 prova de balas"},"content":{"rendered":"\n<p>A vereadora Eulina Amorim (PT) fez hoje (18) um pronunciamento forte e muito emocionado. Em discurso na C\u00e2mara de Vereadores, ela relatou os epis\u00f3dios recentes de viol\u00eancia pol\u00edtica que tem enfrentado, incluindo o furto de uma agenda pessoal, em um claro esfor\u00e7o de intimida\u00e7\u00e3o. A vereadora, que tem uma atua\u00e7\u00e3o destacada na cidade, agora passa a usar um colete \u00e0 prova de balas como medida de seguran\u00e7a.<\/p>\n\n\n\n<p>A decis\u00e3o de Eulina \u00e9 uma resposta direta \u00e0 tentativa de silenci\u00e1-la e de interromper seu trabalho. Em sua fala, a vereadora destacou a import\u00e2ncia de resistir \u00e0 viol\u00eancia pol\u00edtica, uma pr\u00e1tica que, infelizmente, ainda \u00e9 comum no cen\u00e1rio pol\u00edtico brasileiro.<\/p>\n\n\n\n<p><em>&#8220;N\u00e3o permitirei que o medo me impe\u00e7a de lutar por Ribeira do Amparo&#8221;,<\/em> declarou Eulina.<\/p>\n\n\n\n<p>O furto de sua agenda pessoal representa um ataque n\u00e3o apenas \u00e0 sua privacidade, mas tamb\u00e9m ao exerc\u00edcio de sua fun\u00e7\u00e3o p\u00fablica. A utiliza\u00e7\u00e3o desse fato por advers\u00e1rios pol\u00edticos como ferramenta de desmoraliza\u00e7\u00e3o \u00e9 mais um exemplo das estrat\u00e9gias sujas que permeiam o jogo pol\u00edtico. No entanto, a vereadora n\u00e3o se deixou abater. Pelo contr\u00e1rio, ela lan\u00e7ou um desafio claro aos seus advers\u00e1rios, demonstrando que, mesmo diante das amea\u00e7as, seguir\u00e1 firme na defesa dos interesses do munic\u00edpio.<\/p>\n\n\n\n<p><strong>AMEA\u00c7AS<\/strong><\/p>\n\n\n\n<p>O an\u00fancio de que passar\u00e1 a usar um colete \u00e0 prova de balas \u00e9 uma resposta simb\u00f3lica e pr\u00e1tica \u00e0 amea\u00e7a \u00e0 sua integridade f\u00edsica. Essa atitude tamb\u00e9m chama a aten\u00e7\u00e3o para a gravidade da viol\u00eancia pol\u00edtica que assola o munic\u00edpio.<\/p>\n\n\n\n<p>Eulina reafirmou seu compromisso em seguir em frente e enfrentar aqueles que buscam silenciar sua voz. &#8220;Acredito na democracia e no nosso direito de expressar opini\u00f5es e trabalhar para o bem comum&#8221;, afirmou.<\/p>\n\n\n\n<p>Eulina Amorim concluiu sua fala na tribuna da C\u00e2mara de Vereadores com um pedido de uni\u00e3o: <em>&#8220;Conto com o apoio de cada um de voc\u00eas nessa luta. Juntos, podemos enfrentar essa realidade e transformar Ribeira do Amparo em um lugar onde todos possam viver em paz e seguran\u00e7a\u201d,<\/em> disse.<\/p>\n\n\n\n<p>O candidato a prefeito de Ribeira do Amparo, Lourinho (PT) tamb\u00e9m lamentou o epis\u00f3dio. <\/p>\n\n\n\n<p><em>\u201cEstamos solid\u00e1rios a nossa vereadora Eulina e vamos nos manter firme contra a viol\u00eancia pol\u00edtica em nosso munic\u00edpio\u201d,<\/em> disse<\/p>\n\n\n\n<p>Com informa\u00e7\u00f5es da Ascom<\/p>\n","protected":false},"excerpt":{"rendered":"<p>A vereadora Eulina Amorim (PT) fez hoje (18) um pronunciamento forte e muito emocionado. Em discurso na C\u00e2mara de Vereadores, ela relatou os epis\u00f3dios recentes de viol\u00eancia pol\u00edtica que tem enfrentado, incluindo o furto de uma agenda pessoal, em um claro esfor\u00e7o de intimida\u00e7\u00e3o. A vereadora, que tem uma atua\u00e7\u00e3o destacada na cidade, agora passa [&hellip;]<\/p>\n","protected":false},"author":3,"featured_media":29884,"comment_status":"open","ping_status":"open","sticky":false,"template":"","format":"standard","meta":{"_monsterinsights_skip_tracking":false,"_monsterinsights_sitenote_active":false,"_monsterinsights_sitenote_note":"","_monsterinsights_sitenote_category":0,"footnotes":""},"categories":[301,34],"tags":[],"yoast_head":"<!-- This site is optimized with the Yoast SEO plugin v22.9 - https:\/\/yoast.com\/wordpress\/plugins\/seo\/ -->\n<title>Vereadora de Ribeira do Amparo sofre viol\u00eancia pol\u00edtica e anuncia uso de colete \u00e0 prova de balas - Portal MF<\/title>\n<meta name=\"robots\" content=\"index, follow, max-snippet:-1, max-image-preview:large, max-video-preview:-1\" \/>\n<link rel=\"canonical\" href=\"https:\/\/portalmf.com.br\/index.php\/2024\/09\/18\/vereadora-de-ribeira-do-amparo-sofre-violencia-politica-e-anuncia-uso-de-colete-a-prova-de-balas\/\" \/>\n<meta property=\"og:locale\" content=\"pt_BR\" \/>\n<meta property=\"og:type\" content=\"article\" \/>\n<meta property=\"og:title\" content=\"Vereadora de Ribeira do Amparo sofre viol\u00eancia pol\u00edtica e anuncia uso de colete \u00e0 prova de balas - Portal MF\" \/>\n<meta property=\"og:description\" content=\"A vereadora Eulina Amorim (PT) fez hoje (18) um pronunciamento forte e muito emocionado. Em discurso na C\u00e2mara de Vereadores, ela relatou os epis\u00f3dios recentes de viol\u00eancia pol\u00edtica que tem enfrentado, incluindo o furto de uma agenda pessoal, em um claro esfor\u00e7o de intimida\u00e7\u00e3o. A vereadora, que tem uma atua\u00e7\u00e3o destacada na cidade, agora passa [&hellip;]\" \/>\n<meta property=\"og:url\" content=\"https:\/\/portalmf.com.br\/index.php\/2024\/09\/18\/vereadora-de-ribeira-do-amparo-sofre-violencia-politica-e-anuncia-uso-de-colete-a-prova-de-balas\/\" \/>\n<meta property=\"og:site_name\" content=\"Portal MF\" \/>\n<meta property=\"article:author\" content=\"https:\/\/www.facebook.com\/portalmfoficial\" \/>\n<meta property=\"article:published_time\" content=\"2024-09-18T20:39:34+00:00\" \/>\n<meta property=\"og:image\" content=\"https:\/\/portalmf.com.br\/wp-content\/uploads\/2024\/09\/Vereadora-de-Ribeira-do-Amparo-sofre-violencia-politica-e-anuncia-uso-de-colete-a-prova-de-balas.jpg\" \/>\n\t<meta property=\"og:image:width\" content=\"800\" \/>\n\t<meta property=\"og:image:height\" content=\"534\" \/>\n\t<meta property=\"og:image:type\" content=\"image\/jpeg\" \/>\n<meta name=\"author\" content=\"Reda\u00e7\u00e3o Portal MF\" \/>\n<meta name=\"twitter:card\" content=\"summary_large_image\" \/>\n<meta name=\"twitter:creator\" content=\"@https:\/\/x.com\/portalmfoficial\" \/>\n<meta name=\"twitter:label1\" content=\"Escrito por\" \/>\n\t<meta name=\"twitter:data1\" content=\"Reda\u00e7\u00e3o Portal MF\" \/>\n\t<meta name=\"twitter:label2\" content=\"Est. tempo de leitura\" \/>\n\t<meta name=\"twitter:data2\" content=\"3 minutos\" \/>\n<script type=\"application\/ld+json\" class=\"yoast-schema-graph\">{\"@context\":\"https:\/\/schema.org\",\"@graph\":[{\"@type\":\"WebPage\",\"@id\":\"https:\/\/portalmf.com.br\/index.php\/2024\/09\/18\/vereadora-de-ribeira-do-amparo-sofre-violencia-politica-e-anuncia-uso-de-colete-a-prova-de-balas\/\",\"url\":\"https:\/\/portalmf.com.br\/index.php\/2024\/09\/18\/vereadora-de-ribeira-do-amparo-sofre-violencia-politica-e-anuncia-uso-de-colete-a-prova-de-balas\/\",\"name\":\"Vereadora de Ribeira do Amparo sofre viol\u00eancia pol\u00edtica e anuncia uso de colete \u00e0 prova de balas - Portal MF\",\"isPartOf\":{\"@id\":\"https:\/\/portalmf.com.br\/#website\"},\"primaryImageOfPage\":{\"@id\":\"https:\/\/portalmf.com.br\/index.php\/2024\/09\/18\/vereadora-de-ribeira-do-amparo-sofre-violencia-politica-e-anuncia-uso-de-colete-a-prova-de-balas\/#primaryimage\"},\"image\":{\"@id\":\"https:\/\/portalmf.com.br\/index.php\/2024\/09\/18\/vereadora-de-ribeira-do-amparo-sofre-violencia-politica-e-anuncia-uso-de-colete-a-prova-de-balas\/#primaryimage\"},\"thumbnailUrl\":\"https:\/\/portalmf.com.br\/wp-content\/uploads\/2024\/09\/Vereadora-de-Ribeira-do-Amparo-sofre-violencia-politica-e-anuncia-uso-de-colete-a-prova-de-balas.jpg\",\"datePublished\":\"2024-09-18T20:39:34+00:00\",\"dateModified\":\"2024-09-18T20:39:34+00:00\",\"author\":{\"@id\":\"https:\/\/portalmf.com.br\/#\/schema\/person\/9ec101baf56233e53520c26de5d6f6f0\"},\"breadcrumb\":{\"@id\":\"https:\/\/portalmf.com.br\/index.php\/2024\/09\/18\/vereadora-de-ribeira-do-amparo-sofre-violencia-politica-e-anuncia-uso-de-colete-a-prova-de-balas\/#breadcrumb\"},\"inLanguage\":\"pt-BR\",\"potentialAction\":[{\"@type\":\"ReadAction\",\"target\":[\"https:\/\/portalmf.com.br\/index.php\/2024\/09\/18\/vereadora-de-ribeira-do-amparo-sofre-violencia-politica-e-anuncia-uso-de-colete-a-prova-de-balas\/\"]}]},{\"@type\":\"ImageObject\",\"inLanguage\":\"pt-BR\",\"@id\":\"https:\/\/portalmf.com.br\/index.php\/2024\/09\/18\/vereadora-de-ribeira-do-amparo-sofre-violencia-politica-e-anuncia-uso-de-colete-a-prova-de-balas\/#primaryimage\",\"url\":\"https:\/\/portalmf.com.br\/wp-content\/uploads\/2024\/09\/Vereadora-de-Ribeira-do-Amparo-sofre-violencia-politica-e-anuncia-uso-de-colete-a-prova-de-balas.jpg\",\"contentUrl\":\"https:\/\/portalmf.com.br\/wp-content\/uploads\/2024\/09\/Vereadora-de-Ribeira-do-Amparo-sofre-violencia-politica-e-anuncia-uso-de-colete-a-prova-de-balas.jpg\",\"width\":800,\"height\":534},{\"@type\":\"BreadcrumbList\",\"@id\":\"https:\/\/portalmf.com.br\/index.php\/2024\/09\/18\/vereadora-de-ribeira-do-amparo-sofre-violencia-politica-e-anuncia-uso-de-colete-a-prova-de-balas\/#breadcrumb\",\"itemListElement\":[{\"@type\":\"ListItem\",\"position\":1,\"name\":\"In\u00edcio\",\"item\":\"https:\/\/portalmf.com.br\/\"},{\"@type\":\"ListItem\",\"position\":2,\"name\":\"Vereadora de Ribeira do Amparo sofre viol\u00eancia pol\u00edtica e anuncia uso de colete \u00e0 prova de balas\"}]},{\"@type\":\"WebSite\",\"@id\":\"https:\/\/portalmf.com.br\/#website\",\"url\":\"https:\/\/portalmf.com.br\/\",\"name\":\"Portal MF\",\"description\":\"Voc\u00ea conectado com a informa\u00e7\u00e3o\",\"potentialAction\":[{\"@type\":\"SearchAction\",\"target\":{\"@type\":\"EntryPoint\",\"urlTemplate\":\"https:\/\/portalmf.com.br\/?s={search_term_string}\"},\"query-input\":\"required name=search_term_string\"}],\"inLanguage\":\"pt-BR\"},{\"@type\":\"Person\",\"@id\":\"https:\/\/portalmf.com.br\/#\/schema\/person\/9ec101baf56233e53520c26de5d6f6f0\",\"name\":\"Reda\u00e7\u00e3o Portal MF\",\"image\":{\"@type\":\"ImageObject\",\"inLanguage\":\"pt-BR\",\"@id\":\"https:\/\/portalmf.com.br\/#\/schema\/person\/image\/\",\"url\":\"https:\/\/secure.gravatar.com\/avatar\/41b9aaeb2100835f7c64362330f74c7f?s=96&d=mm&r=g\",\"contentUrl\":\"https:\/\/secure.gravatar.com\/avatar\/41b9aaeb2100835f7c64362330f74c7f?s=96&d=mm&r=g\",\"caption\":\"Reda\u00e7\u00e3o Portal MF\"},\"description\":\"Sejam bem-vindos o portal de informa\u00e7\u00f5es de entretenimento de Feira de Santana, desde 2006 realiza coberturas dos principais eventos com entrevistas exclusivas com as principais personalidades mundiais. Fique conectado tamb\u00e9m nas redes sociais.\",\"sameAs\":[\"http:\/\/www.portalmf.com.br\/\",\"https:\/\/www.facebook.com\/portalmfoficial\",\"https:\/\/www.instagram.com\/portalmf\/\",\"https:\/\/x.com\/https:\/\/x.com\/portalmfoficial\",\"https:\/\/www.youtube.com\/@portalmfoficial\"],\"url\":\"https:\/\/portalmf.com.br\/index.php\/author\/junior\/\"}]}<\/script>\n<!-- \/ Yoast SEO plugin. -->","yoast_head_json":{"title":"Vereadora de Ribeira do Amparo sofre viol\u00eancia pol\u00edtica e anuncia uso de colete \u00e0 prova de balas - Portal MF","robots":{"index":"index","follow":"follow","max-snippet":"max-snippet:-1","max-image-preview":"max-image-preview:large","max-video-preview":"max-video-preview:-1"},"canonical":"https:\/\/portalmf.com.br\/index.php\/2024\/09\/18\/vereadora-de-ribeira-do-amparo-sofre-violencia-politica-e-anuncia-uso-de-colete-a-prova-de-balas\/","og_locale":"pt_BR","og_type":"article","og_title":"Vereadora de Ribeira do Amparo sofre viol\u00eancia pol\u00edtica e anuncia uso de colete \u00e0 prova de balas - Portal MF","og_description":"A vereadora Eulina Amorim (PT) fez hoje (18) um pronunciamento forte e muito emocionado. Em discurso na C\u00e2mara de Vereadores, ela relatou os epis\u00f3dios recentes de viol\u00eancia pol\u00edtica que tem enfrentado, incluindo o furto de uma agenda pessoal, em um claro esfor\u00e7o de intimida\u00e7\u00e3o. A vereadora, que tem uma atua\u00e7\u00e3o destacada na cidade, agora passa [&hellip;]","og_url":"https:\/\/portalmf.com.br\/index.php\/2024\/09\/18\/vereadora-de-ribeira-do-amparo-sofre-violencia-politica-e-anuncia-uso-de-colete-a-prova-de-balas\/","og_site_name":"Portal MF","article_author":"https:\/\/www.facebook.com\/portalmfoficial","article_published_time":"2024-09-18T20:39:34+00:00","og_image":[{"width":800,"height":534,"url":"https:\/\/portalmf.com.br\/wp-content\/uploads\/2024\/09\/Vereadora-de-Ribeira-do-Amparo-sofre-violencia-politica-e-anuncia-uso-de-colete-a-prova-de-balas.jpg","type":"image\/jpeg"}],"author":"Reda\u00e7\u00e3o Portal MF","twitter_card":"summary_large_image","twitter_creator":"@https:\/\/x.com\/portalmfoficial","twitter_misc":{"Escrito por":"Reda\u00e7\u00e3o Portal MF","Est. tempo de leitura":"3 minutos"},"schema":{"@context":"https:\/\/schema.org","@graph":[{"@type":"WebPage","@id":"https:\/\/portalmf.com.br\/index.php\/2024\/09\/18\/vereadora-de-ribeira-do-amparo-sofre-violencia-politica-e-anuncia-uso-de-colete-a-prova-de-balas\/","url":"https:\/\/portalmf.com.br\/index.php\/2024\/09\/18\/vereadora-de-ribeira-do-amparo-sofre-violencia-politica-e-anuncia-uso-de-colete-a-prova-de-balas\/","name":"Vereadora de Ribeira do Amparo sofre viol\u00eancia pol\u00edtica e anuncia uso de colete \u00e0 prova de balas - Portal MF","isPartOf":{"@id":"https:\/\/portalmf.com.br\/#website"},"primaryImageOfPage":{"@id":"https:\/\/portalmf.com.br\/index.php\/2024\/09\/18\/vereadora-de-ribeira-do-amparo-sofre-violencia-politica-e-anuncia-uso-de-colete-a-prova-de-balas\/#primaryimage"},"image":{"@id":"https:\/\/portalmf.com.br\/index.php\/2024\/09\/18\/vereadora-de-ribeira-do-amparo-sofre-violencia-politica-e-anuncia-uso-de-colete-a-prova-de-balas\/#primaryimage"},"thumbnailUrl":"https:\/\/portalmf.com.br\/wp-content\/uploads\/2024\/09\/Vereadora-de-Ribeira-do-Amparo-sofre-violencia-politica-e-anuncia-uso-de-colete-a-prova-de-balas.jpg","datePublished":"2024-09-18T20:39:34+00:00","dateModified":"2024-09-18T20:39:34+00:00","author":{"@id":"https:\/\/portalmf.com.br\/#\/schema\/person\/9ec101baf56233e53520c26de5d6f6f0"},"breadcrumb":{"@id":"https:\/\/portalmf.com.br\/index.php\/2024\/09\/18\/vereadora-de-ribeira-do-amparo-sofre-violencia-politica-e-anuncia-uso-de-colete-a-prova-de-balas\/#breadcrumb"},"inLanguage":"pt-BR","potentialAction":[{"@type":"ReadAction","target":["https:\/\/portalmf.com.br\/index.php\/2024\/09\/18\/vereadora-de-ribeira-do-amparo-sofre-violencia-politica-e-anuncia-uso-de-colete-a-prova-de-balas\/"]}]},{"@type":"ImageObject","inLanguage":"pt-BR","@id":"https:\/\/portalmf.com.br\/index.php\/2024\/09\/18\/vereadora-de-ribeira-do-amparo-sofre-violencia-politica-e-anuncia-uso-de-colete-a-prova-de-balas\/#primaryimage","url":"https:\/\/portalmf.com.br\/wp-content\/uploads\/2024\/09\/Vereadora-de-Ribeira-do-Amparo-sofre-violencia-politica-e-anuncia-uso-de-colete-a-prova-de-balas.jpg","contentUrl":"https:\/\/portalmf.com.br\/wp-content\/uploads\/2024\/09\/Vereadora-de-Ribeira-do-Amparo-sofre-violencia-politica-e-anuncia-uso-de-colete-a-prova-de-balas.jpg","width":800,"height":534},{"@type":"BreadcrumbList","@id":"https:\/\/portalmf.com.br\/index.php\/2024\/09\/18\/vereadora-de-ribeira-do-amparo-sofre-violencia-politica-e-anuncia-uso-de-colete-a-prova-de-balas\/#breadcrumb","itemListElement":[{"@type":"ListItem","position":1,"name":"In\u00edcio","item":"https:\/\/portalmf.com.br\/"},{"@type":"ListItem","position":2,"name":"Vereadora de Ribeira do Amparo sofre viol\u00eancia pol\u00edtica e anuncia uso de colete \u00e0 prova de balas"}]},{"@type":"WebSite","@id":"https:\/\/portalmf.com.br\/#website","url":"https:\/\/portalmf.com.br\/","name":"Portal MF","description":"Voc\u00ea conectado com a informa\u00e7\u00e3o","potentialAction":[{"@type":"SearchAction","target":{"@type":"EntryPoint","urlTemplate":"https:\/\/portalmf.com.br\/?s={search_term_string}"},"query-input":"required name=search_term_string"}],"inLanguage":"pt-BR"},{"@type":"Person","@id":"https:\/\/portalmf.com.br\/#\/schema\/person\/9ec101baf56233e53520c26de5d6f6f0","name":"Reda\u00e7\u00e3o Portal MF","image":{"@type":"ImageObject","inLanguage":"pt-BR","@id":"https:\/\/portalmf.com.br\/#\/schema\/person\/image\/","url":"https:\/\/secure.gravatar.com\/avatar\/41b9aaeb2100835f7c64362330f74c7f?s=96&d=mm&r=g","contentUrl":"https:\/\/secure.gravatar.com\/avatar\/41b9aaeb2100835f7c64362330f74c7f?s=96&d=mm&r=g","caption":"Reda\u00e7\u00e3o Portal MF"},"description":"Sejam bem-vindos o portal de informa\u00e7\u00f5es de entretenimento de Feira de Santana, desde 2006 realiza coberturas dos principais eventos com entrevistas exclusivas com as principais personalidades mundiais. Fique conectado tamb\u00e9m nas redes sociais.","sameAs":["http:\/\/www.portalmf.com.br\/","https:\/\/www.facebook.com\/portalmfoficial","https:\/\/www.instagram.com\/portalmf\/","https:\/\/x.com\/https:\/\/x.com\/portalmfoficial","https:\/\/www.youtube.com\/@portalmfoficial"],"url":"https:\/\/portalmf.com.br\/index.php\/author\/junior\/"}]}},"_links":{"self":[{"href":"https:\/\/portalmf.com.br\/index.php\/wp-json\/wp\/v2\/posts\/29883"}],"collection":[{"href":"https:\/\/portalmf.com.br\/index.php\/wp-json\/wp\/v2\/posts"}],"about":[{"href":"https:\/\/portalmf.com.br\/index.php\/wp-json\/wp\/v2\/types\/post"}],"author":[{"embeddable":true,"href":"https:\/\/portalmf.com.br\/index.php\/wp-json\/wp\/v2\/users\/3"}],"replies":[{"embeddable":true,"href":"https:\/\/portalmf.com.br\/index.php\/wp-json\/wp\/v2\/comments?post=29883"}],"version-history":[{"count":1,"href":"https:\/\/portalmf.com.br\/index.php\/wp-json\/wp\/v2\/posts\/29883\/revisions"}],"predecessor-version":[{"id":29885,"href":"https:\/\/portalmf.com.br\/index.php\/wp-json\/wp\/v2\/posts\/29883\/revisions\/29885"}],"wp:featuredmedia":[{"embeddable":true,"href":"https:\/\/portalmf.com.br\/index.php\/wp-json\/wp\/v2\/media\/29884"}],"wp:attachment":[{"href":"https:\/\/portalmf.com.br\/index.php\/wp-json\/wp\/v2\/media?parent=29883"}],"wp:term":[{"taxonomy":"category","embeddable":true,"href":"https:\/\/portalmf.com.br\/index.php\/wp-json\/wp\/v2\/categories?post=29883"},{"taxonomy":"post_tag","embeddable":true,"href":"https:\/\/portalmf.com.br\/index.php\/wp-json\/wp\/v2\/tags?post=29883"}],"curies":[{"name":"wp","href":"https:\/\/api.w.org\/{rel}","templated":true}]}}