{"id":29880,"date":"2024-09-18T17:35:10","date_gmt":"2024-09-18T20:35:10","guid":{"rendered":"https:\/\/portalmf.com.br\/?p=29880"},"modified":"2024-09-18T17:35:11","modified_gmt":"2024-09-18T20:35:11","slug":"candidato-a-vice-prefeito-sandro-nazireu-diz-que-a-sua-religiao-nao-vai-afetar-o-fazer-cultural-em-feira","status":"publish","type":"post","link":"https:\/\/portalmf.com.br\/index.php\/2024\/09\/18\/candidato-a-vice-prefeito-sandro-nazireu-diz-que-a-sua-religiao-nao-vai-afetar-o-fazer-cultural-em-feira\/","title":{"rendered":"Candidato a vice-prefeito, Sandro Nazireu, diz que\u00a0 a sua religi\u00e3o n\u00e3o vai afetar o fazer cultural em Feira"},"content":{"rendered":"\n<p>O candidato a vice-prefeito de Z\u00e9 Neto em Feira de Santana,&nbsp;<strong>Sandro Nazireu<\/strong>&nbsp;(Pode), participou na manh\u00e3 desta quarta-feira (18), anivers\u00e1rio de emancipa\u00e7\u00e3o pol\u00edtica de Feira de Santana, da sabatina do Pool de Comunica\u00e7\u00e3o liderado pelo Jornal Folha do Estado e com a maior cobertura online da cidade (R\u00e1dio Geral, TV Geral, Conectado News, Levante a voz, Jornal Folha do Estado e Portal MF). Na entrevista, conduzida pelo jornalista Luiz Santos e moderada pelo jornalista Reginaldo J\u00fanior, o candidato come\u00e7ou respondendo porque quer ser vice-prefeito de Feira de Santana.<\/p>\n\n\n\n<p><em>\u201cPrimeiro para mim \u00e9 uma honra muito grande, uma oportunidade de retribuir todo esse carinho que eu tenho recebido em Feira, um povo que acolheu a minha vida, a minha miss\u00e3o, a minha casa, minha fam\u00edlia. Eu sempre digo que eu tenho uma miss\u00e3o muito grande, eu tenho um porque muito grande em estar nesse momento como vice desta cidade incr\u00edvel. Vamos promover um di\u00e1logo entre todas as partes para tirar Feira de Santana desse isolamento terr\u00edvel que tem sofrido nossa cidade, onde me coloquei \u00e0 disposi\u00e7\u00e3o para trabalhar e servir ao meu povo\u201d.<\/em><\/p>\n\n\n\n<figure class=\"wp-block-embed is-type-video is-provider-youtube wp-block-embed-youtube wp-embed-aspect-4-3 wp-has-aspect-ratio\"><div class=\"wp-block-embed__wrapper\">\n<iframe title=\"Entrevista com o candidato a Vice-Prefeito Sandro Nazireu  - 18\/09\/2024\" width=\"696\" height=\"522\" src=\"https:\/\/www.youtube.com\/embed\/RGvafzaEGKA?feature=oembed\" frameborder=\"0\" allow=\"accelerometer; autoplay; clipboard-write; encrypted-media; gyroscope; picture-in-picture; web-share\" referrerpolicy=\"strict-origin-when-cross-origin\" allowfullscreen><\/iframe>\n<\/div><\/figure>\n\n\n\n<p><strong>191 anos da Princesa do Sert\u00e3o<\/strong><\/p>\n\n\n\n<p>Aproveitando a data, o candidato falou sobre os votos e planos para Feira de Santana.<\/p>\n\n\n\n<p><em>\u201cFeira merece ser a melhor cidade do Brasil, a melhor cidade do pa\u00eds, merece ter o povo mais feliz do planeta terra, ter educa\u00e7\u00e3o, sa\u00fade, esporte, tudo de bom. Mas no dia 6 ser\u00e1 o melhor presente que o povo da cidade poder\u00e1 dar neste momento, porque a vontade que n\u00f3s temos de mudar essa cidade, de aben\u00e7oar esse povo, a vontade que n\u00f3s estamos de realmente transformar Feira \u00e9 muito grande. Tenho certeza que isso vai acontecer, que as pessoas est\u00e3o trabalhando para fazer com que nossa Princesa venha sorrir e ser feliz\u201d<\/em><\/p>\n\n\n\n<p><strong>Papel de um vice-prefeito<\/strong><\/p>\n\n\n\n<p>Nazireu ressalta que, caso ven\u00e7a a elei\u00e7\u00e3o, n\u00e3o ser\u00e1 um cargo figurativo.<\/p>\n\n\n\n<p>\u201cO pr\u00f3ximo vice de Feira de Santana como Sandro Nazireu vai ter uma atua\u00e7\u00e3o e import\u00e2ncia muito grande. Se a gente analisar a hist\u00f3ria da pol\u00edtica no Brasil, ent\u00e3o essa figura do vice est\u00e1 ali de uma forma somente ilustrativa, na nossa gest\u00e3o isso n\u00e3o existe porque n\u00f3s temos um prop\u00f3sito e o maior deles \u00e9 Feira de Santana. Estarei desenvolvendo um papel, junto com Z\u00e9 Neto, de extrema import\u00e2ncia. Acima de qualquer coisa poder trazer o bem-estar para nossa cidade. O meu papel, entre outros, al\u00e9m de promover o di\u00e1logo que acho muito importante, o papel de um vice tem que estar muito estruturado e n\u00e3o ser s\u00f3 ilustrativo. Comparo a uma esp\u00e9cie de co-piloto para a qualquer momento comandar junto com o prefeito\u201d<\/p>\n\n\n\n<p><strong>Cultura<\/strong><\/p>\n\n\n\n<p>Sandro Nazireu que \u00e9 evang\u00e9lico, cantor gospel, empres\u00e1rio da m\u00fasica e produtor cultural, diz que a cultura de Feira tem sido abandonada e tamb\u00e9m que a sua religi\u00e3o em nada vai afetar o fazer cultural do munic\u00edpio.<\/p>\n\n\n\n<p>\u201cO que eu j\u00e1 fa\u00e7o como cantor e empres\u00e1rio, na \u00e1rea da cultura tenho desenvolvido um trabalho (vou considerar muito bom, mas sempre querendo melhorar). Durante muito tempo fui tecladista da Banda Mel, Sarajane, Carla Cristina, Baby do Brasil e j\u00e1 tinha todo envolvimento em rela\u00e7\u00e3o a cultura que n\u00e3o tem rela\u00e7\u00e3o com religi\u00e3o, no meu entendimento toda arte \u00e9 de Deus. Quero usar como exemplo o que eu tenho feito na m\u00fasica gospel. Temos o exemplo do Canta Bahia, h\u00e1 2 anos estou como coordenador desse que j\u00e1 se tornou o maior evento Gospel do Brasil e quero trazer esse exemplo para nossa cidade. O Canta Bahia \u00e9 um evento que a gente valoriza, acima de tudo, os artistas da terra. Quando sai o pagamento, os primeiros artistas que recebem \u00e9 o povo da terra. Eu sei muito bem e conhe\u00e7o a dor do m\u00fasico e aquele artista que j\u00e1 tem uma express\u00e3o nacional consegue esperar um pouco mais, entretanto o da cidade que est\u00e1 na batalha, \u00e9 mais complicado para ele. Na minha gest\u00e3o isso vai mudar, \u00e9 horr\u00edvel, desumano, o que os artistas passam. S\u00e3o colocados nos piores hor\u00e1rios e piores palcos e quando acabam os eventos, \u00e9 muita luta para receberem os cach\u00eas. E se for necess\u00e1rio comparecer aos eventos eu irei, pois estarei como vice-prefeito e o que me importa s\u00e3o as pessoas. A cultura \u00e9 algo importante na cidade e interfere com todos os setores da economia\u201d.<\/p>\n\n\n\n<p><strong>Evang\u00e9licos e rejei\u00e7\u00e3o com a alian\u00e7a com a Esquerda<\/strong><\/p>\n\n\n\n<p>O artista diz que em todo ambiente temos pessoas que concordam com determinada situa\u00e7\u00e3o e outras que discordam. E diz ainda que a maioria das coisas que falam sobre o grupo e na uma guerra que colocaram os evang\u00e9licos, dizendo que s\u00e3o contra muitas coisas n\u00e3o existe.<\/p>\n\n\n\n<p><em>\u201cO evang\u00e9lico em si, o verdadeiro, ama, acolhe. \u00c0s vezes as pessoas pegam uma situa\u00e7\u00e3o isolada e transforma como se todos os evang\u00e9licos fossem uma coisa s\u00f3. A base do evangelho \u00e9 o amor acima de qualquer coisa. Meu posicionamento sempre foi respeitar aqueles que t\u00eam opini\u00e3o diferente da minha. Nosso projeto \u00e9 uma uni\u00e3o de 12 partidos com projetos diferentes. E na minha caminhada as pessoas foram entendendo o prop\u00f3sito, pois alguns chegaram a pensar que eu tinha deixado de ser evang\u00e9lico, mas quando viram que isso n\u00e3o tinha acontecido, aceitaram. Sofri um ataque programado, porque fizeram de tudo para eu poder desistir, mas sei que isso n\u00e3o veio dos verdadeiros evang\u00e9licos\u201d<\/em><\/p>\n","protected":false},"excerpt":{"rendered":"<p>O candidato a vice-prefeito de Z\u00e9 Neto em Feira de Santana,&nbsp;Sandro Nazireu&nbsp;(Pode), participou na manh\u00e3 desta quarta-feira (18), anivers\u00e1rio de emancipa\u00e7\u00e3o pol\u00edtica de Feira de Santana, da sabatina do Pool de Comunica\u00e7\u00e3o liderado pelo Jornal Folha do Estado e com a maior cobertura online da cidade (R\u00e1dio Geral, TV Geral, Conectado News, Levante a voz, [&hellip;]<\/p>\n","protected":false},"author":5,"featured_media":29881,"comment_status":"open","ping_status":"open","sticky":false,"template":"","format":"standard","meta":{"_monsterinsights_skip_tracking":false,"_monsterinsights_sitenote_active":false,"_monsterinsights_sitenote_note":"","_monsterinsights_sitenote_category":0,"footnotes":""},"categories":[47,301,34],"tags":[],"yoast_head":"<!-- This site is optimized with the Yoast SEO plugin v22.9 - https:\/\/yoast.com\/wordpress\/plugins\/seo\/ -->\n<title>Candidato a vice-prefeito, Sandro Nazireu, diz que\u00a0 a sua religi\u00e3o n\u00e3o vai afetar o fazer cultural em Feira - Portal MF<\/title>\n<meta name=\"robots\" content=\"index, follow, max-snippet:-1, max-image-preview:large, max-video-preview:-1\" \/>\n<link rel=\"canonical\" href=\"https:\/\/portalmf.com.br\/index.php\/2024\/09\/18\/candidato-a-vice-prefeito-sandro-nazireu-diz-que-a-sua-religiao-nao-vai-afetar-o-fazer-cultural-em-feira\/\" \/>\n<meta property=\"og:locale\" content=\"pt_BR\" \/>\n<meta property=\"og:type\" content=\"article\" \/>\n<meta property=\"og:title\" content=\"Candidato a vice-prefeito, Sandro Nazireu, diz que\u00a0 a sua religi\u00e3o n\u00e3o vai afetar o fazer cultural em Feira - Portal MF\" \/>\n<meta property=\"og:description\" content=\"O candidato a vice-prefeito de Z\u00e9 Neto em Feira de Santana,&nbsp;Sandro Nazireu&nbsp;(Pode), participou na manh\u00e3 desta quarta-feira (18), anivers\u00e1rio de emancipa\u00e7\u00e3o pol\u00edtica de Feira de Santana, da sabatina do Pool de Comunica\u00e7\u00e3o liderado pelo Jornal Folha do Estado e com a maior cobertura online da cidade (R\u00e1dio Geral, TV Geral, Conectado News, Levante a voz, [&hellip;]\" \/>\n<meta property=\"og:url\" content=\"https:\/\/portalmf.com.br\/index.php\/2024\/09\/18\/candidato-a-vice-prefeito-sandro-nazireu-diz-que-a-sua-religiao-nao-vai-afetar-o-fazer-cultural-em-feira\/\" \/>\n<meta property=\"og:site_name\" content=\"Portal MF\" \/>\n<meta property=\"article:published_time\" content=\"2024-09-18T20:35:10+00:00\" \/>\n<meta property=\"article:modified_time\" content=\"2024-09-18T20:35:11+00:00\" \/>\n<meta property=\"og:image\" content=\"https:\/\/portalmf.com.br\/wp-content\/uploads\/2024\/09\/Candidato-a-vice-prefeito-Sandro-Nazireu-diz-que-a-sua-religiao-nao-vai-afetar-o-fazer-cultural-em-Feira.jpg\" \/>\n\t<meta property=\"og:image:width\" content=\"800\" \/>\n\t<meta property=\"og:image:height\" content=\"668\" \/>\n\t<meta property=\"og:image:type\" content=\"image\/jpeg\" \/>\n<meta name=\"author\" content=\"Lila Oliveira\" \/>\n<meta name=\"twitter:card\" content=\"summary_large_image\" \/>\n<meta name=\"twitter:label1\" content=\"Escrito por\" \/>\n\t<meta name=\"twitter:data1\" content=\"Lila Oliveira\" \/>\n\t<meta name=\"twitter:label2\" content=\"Est. tempo de leitura\" \/>\n\t<meta name=\"twitter:data2\" content=\"6 minutos\" \/>\n<script type=\"application\/ld+json\" class=\"yoast-schema-graph\">{\"@context\":\"https:\/\/schema.org\",\"@graph\":[{\"@type\":\"WebPage\",\"@id\":\"https:\/\/portalmf.com.br\/index.php\/2024\/09\/18\/candidato-a-vice-prefeito-sandro-nazireu-diz-que-a-sua-religiao-nao-vai-afetar-o-fazer-cultural-em-feira\/\",\"url\":\"https:\/\/portalmf.com.br\/index.php\/2024\/09\/18\/candidato-a-vice-prefeito-sandro-nazireu-diz-que-a-sua-religiao-nao-vai-afetar-o-fazer-cultural-em-feira\/\",\"name\":\"Candidato a vice-prefeito, Sandro Nazireu, diz que\u00a0 a sua religi\u00e3o n\u00e3o vai afetar o fazer cultural em Feira - Portal MF\",\"isPartOf\":{\"@id\":\"https:\/\/portalmf.com.br\/#website\"},\"primaryImageOfPage\":{\"@id\":\"https:\/\/portalmf.com.br\/index.php\/2024\/09\/18\/candidato-a-vice-prefeito-sandro-nazireu-diz-que-a-sua-religiao-nao-vai-afetar-o-fazer-cultural-em-feira\/#primaryimage\"},\"image\":{\"@id\":\"https:\/\/portalmf.com.br\/index.php\/2024\/09\/18\/candidato-a-vice-prefeito-sandro-nazireu-diz-que-a-sua-religiao-nao-vai-afetar-o-fazer-cultural-em-feira\/#primaryimage\"},\"thumbnailUrl\":\"https:\/\/portalmf.com.br\/wp-content\/uploads\/2024\/09\/Candidato-a-vice-prefeito-Sandro-Nazireu-diz-que-a-sua-religiao-nao-vai-afetar-o-fazer-cultural-em-Feira.jpg\",\"datePublished\":\"2024-09-18T20:35:10+00:00\",\"dateModified\":\"2024-09-18T20:35:11+00:00\",\"author\":{\"@id\":\"https:\/\/portalmf.com.br\/#\/schema\/person\/19071c375ee7579b7300dd91d656ff97\"},\"breadcrumb\":{\"@id\":\"https:\/\/portalmf.com.br\/index.php\/2024\/09\/18\/candidato-a-vice-prefeito-sandro-nazireu-diz-que-a-sua-religiao-nao-vai-afetar-o-fazer-cultural-em-feira\/#breadcrumb\"},\"inLanguage\":\"pt-BR\",\"potentialAction\":[{\"@type\":\"ReadAction\",\"target\":[\"https:\/\/portalmf.com.br\/index.php\/2024\/09\/18\/candidato-a-vice-prefeito-sandro-nazireu-diz-que-a-sua-religiao-nao-vai-afetar-o-fazer-cultural-em-feira\/\"]}]},{\"@type\":\"ImageObject\",\"inLanguage\":\"pt-BR\",\"@id\":\"https:\/\/portalmf.com.br\/index.php\/2024\/09\/18\/candidato-a-vice-prefeito-sandro-nazireu-diz-que-a-sua-religiao-nao-vai-afetar-o-fazer-cultural-em-feira\/#primaryimage\",\"url\":\"https:\/\/portalmf.com.br\/wp-content\/uploads\/2024\/09\/Candidato-a-vice-prefeito-Sandro-Nazireu-diz-que-a-sua-religiao-nao-vai-afetar-o-fazer-cultural-em-Feira.jpg\",\"contentUrl\":\"https:\/\/portalmf.com.br\/wp-content\/uploads\/2024\/09\/Candidato-a-vice-prefeito-Sandro-Nazireu-diz-que-a-sua-religiao-nao-vai-afetar-o-fazer-cultural-em-Feira.jpg\",\"width\":800,\"height\":668},{\"@type\":\"BreadcrumbList\",\"@id\":\"https:\/\/portalmf.com.br\/index.php\/2024\/09\/18\/candidato-a-vice-prefeito-sandro-nazireu-diz-que-a-sua-religiao-nao-vai-afetar-o-fazer-cultural-em-feira\/#breadcrumb\",\"itemListElement\":[{\"@type\":\"ListItem\",\"position\":1,\"name\":\"In\u00edcio\",\"item\":\"https:\/\/portalmf.com.br\/\"},{\"@type\":\"ListItem\",\"position\":2,\"name\":\"Candidato a vice-prefeito, Sandro Nazireu, diz que\u00a0 a sua religi\u00e3o n\u00e3o vai afetar o fazer cultural em Feira\"}]},{\"@type\":\"WebSite\",\"@id\":\"https:\/\/portalmf.com.br\/#website\",\"url\":\"https:\/\/portalmf.com.br\/\",\"name\":\"Portal MF\",\"description\":\"Voc\u00ea conectado com a informa\u00e7\u00e3o\",\"potentialAction\":[{\"@type\":\"SearchAction\",\"target\":{\"@type\":\"EntryPoint\",\"urlTemplate\":\"https:\/\/portalmf.com.br\/?s={search_term_string}\"},\"query-input\":\"required name=search_term_string\"}],\"inLanguage\":\"pt-BR\"},{\"@type\":\"Person\",\"@id\":\"https:\/\/portalmf.com.br\/#\/schema\/person\/19071c375ee7579b7300dd91d656ff97\",\"name\":\"Lila Oliveira\",\"image\":{\"@type\":\"ImageObject\",\"inLanguage\":\"pt-BR\",\"@id\":\"https:\/\/portalmf.com.br\/#\/schema\/person\/image\/\",\"url\":\"https:\/\/secure.gravatar.com\/avatar\/344958fa973c4e824a6dde1b63c19431?s=96&d=mm&r=g\",\"contentUrl\":\"https:\/\/secure.gravatar.com\/avatar\/344958fa973c4e824a6dde1b63c19431?s=96&d=mm&r=g\",\"caption\":\"Lila Oliveira\"},\"sameAs\":[\"https:\/\/portalmf.com.br\/\"],\"url\":\"https:\/\/portalmf.com.br\/index.php\/author\/lilaoliveira\/\"}]}<\/script>\n<!-- \/ Yoast SEO plugin. -->","yoast_head_json":{"title":"Candidato a vice-prefeito, Sandro Nazireu, diz que\u00a0 a sua religi\u00e3o n\u00e3o vai afetar o fazer cultural em Feira - Portal MF","robots":{"index":"index","follow":"follow","max-snippet":"max-snippet:-1","max-image-preview":"max-image-preview:large","max-video-preview":"max-video-preview:-1"},"canonical":"https:\/\/portalmf.com.br\/index.php\/2024\/09\/18\/candidato-a-vice-prefeito-sandro-nazireu-diz-que-a-sua-religiao-nao-vai-afetar-o-fazer-cultural-em-feira\/","og_locale":"pt_BR","og_type":"article","og_title":"Candidato a vice-prefeito, Sandro Nazireu, diz que\u00a0 a sua religi\u00e3o n\u00e3o vai afetar o fazer cultural em Feira - Portal MF","og_description":"O candidato a vice-prefeito de Z\u00e9 Neto em Feira de Santana,&nbsp;Sandro Nazireu&nbsp;(Pode), participou na manh\u00e3 desta quarta-feira (18), anivers\u00e1rio de emancipa\u00e7\u00e3o pol\u00edtica de Feira de Santana, da sabatina do Pool de Comunica\u00e7\u00e3o liderado pelo Jornal Folha do Estado e com a maior cobertura online da cidade (R\u00e1dio Geral, TV Geral, Conectado News, Levante a voz, [&hellip;]","og_url":"https:\/\/portalmf.com.br\/index.php\/2024\/09\/18\/candidato-a-vice-prefeito-sandro-nazireu-diz-que-a-sua-religiao-nao-vai-afetar-o-fazer-cultural-em-feira\/","og_site_name":"Portal MF","article_published_time":"2024-09-18T20:35:10+00:00","article_modified_time":"2024-09-18T20:35:11+00:00","og_image":[{"width":800,"height":668,"url":"https:\/\/portalmf.com.br\/wp-content\/uploads\/2024\/09\/Candidato-a-vice-prefeito-Sandro-Nazireu-diz-que-a-sua-religiao-nao-vai-afetar-o-fazer-cultural-em-Feira.jpg","type":"image\/jpeg"}],"author":"Lila Oliveira","twitter_card":"summary_large_image","twitter_misc":{"Escrito por":"Lila Oliveira","Est. tempo de leitura":"6 minutos"},"schema":{"@context":"https:\/\/schema.org","@graph":[{"@type":"WebPage","@id":"https:\/\/portalmf.com.br\/index.php\/2024\/09\/18\/candidato-a-vice-prefeito-sandro-nazireu-diz-que-a-sua-religiao-nao-vai-afetar-o-fazer-cultural-em-feira\/","url":"https:\/\/portalmf.com.br\/index.php\/2024\/09\/18\/candidato-a-vice-prefeito-sandro-nazireu-diz-que-a-sua-religiao-nao-vai-afetar-o-fazer-cultural-em-feira\/","name":"Candidato a vice-prefeito, Sandro Nazireu, diz que\u00a0 a sua religi\u00e3o n\u00e3o vai afetar o fazer cultural em Feira - Portal MF","isPartOf":{"@id":"https:\/\/portalmf.com.br\/#website"},"primaryImageOfPage":{"@id":"https:\/\/portalmf.com.br\/index.php\/2024\/09\/18\/candidato-a-vice-prefeito-sandro-nazireu-diz-que-a-sua-religiao-nao-vai-afetar-o-fazer-cultural-em-feira\/#primaryimage"},"image":{"@id":"https:\/\/portalmf.com.br\/index.php\/2024\/09\/18\/candidato-a-vice-prefeito-sandro-nazireu-diz-que-a-sua-religiao-nao-vai-afetar-o-fazer-cultural-em-feira\/#primaryimage"},"thumbnailUrl":"https:\/\/portalmf.com.br\/wp-content\/uploads\/2024\/09\/Candidato-a-vice-prefeito-Sandro-Nazireu-diz-que-a-sua-religiao-nao-vai-afetar-o-fazer-cultural-em-Feira.jpg","datePublished":"2024-09-18T20:35:10+00:00","dateModified":"2024-09-18T20:35:11+00:00","author":{"@id":"https:\/\/portalmf.com.br\/#\/schema\/person\/19071c375ee7579b7300dd91d656ff97"},"breadcrumb":{"@id":"https:\/\/portalmf.com.br\/index.php\/2024\/09\/18\/candidato-a-vice-prefeito-sandro-nazireu-diz-que-a-sua-religiao-nao-vai-afetar-o-fazer-cultural-em-feira\/#breadcrumb"},"inLanguage":"pt-BR","potentialAction":[{"@type":"ReadAction","target":["https:\/\/portalmf.com.br\/index.php\/2024\/09\/18\/candidato-a-vice-prefeito-sandro-nazireu-diz-que-a-sua-religiao-nao-vai-afetar-o-fazer-cultural-em-feira\/"]}]},{"@type":"ImageObject","inLanguage":"pt-BR","@id":"https:\/\/portalmf.com.br\/index.php\/2024\/09\/18\/candidato-a-vice-prefeito-sandro-nazireu-diz-que-a-sua-religiao-nao-vai-afetar-o-fazer-cultural-em-feira\/#primaryimage","url":"https:\/\/portalmf.com.br\/wp-content\/uploads\/2024\/09\/Candidato-a-vice-prefeito-Sandro-Nazireu-diz-que-a-sua-religiao-nao-vai-afetar-o-fazer-cultural-em-Feira.jpg","contentUrl":"https:\/\/portalmf.com.br\/wp-content\/uploads\/2024\/09\/Candidato-a-vice-prefeito-Sandro-Nazireu-diz-que-a-sua-religiao-nao-vai-afetar-o-fazer-cultural-em-Feira.jpg","width":800,"height":668},{"@type":"BreadcrumbList","@id":"https:\/\/portalmf.com.br\/index.php\/2024\/09\/18\/candidato-a-vice-prefeito-sandro-nazireu-diz-que-a-sua-religiao-nao-vai-afetar-o-fazer-cultural-em-feira\/#breadcrumb","itemListElement":[{"@type":"ListItem","position":1,"name":"In\u00edcio","item":"https:\/\/portalmf.com.br\/"},{"@type":"ListItem","position":2,"name":"Candidato a vice-prefeito, Sandro Nazireu, diz que\u00a0 a sua religi\u00e3o n\u00e3o vai afetar o fazer cultural em Feira"}]},{"@type":"WebSite","@id":"https:\/\/portalmf.com.br\/#website","url":"https:\/\/portalmf.com.br\/","name":"Portal MF","description":"Voc\u00ea conectado com a informa\u00e7\u00e3o","potentialAction":[{"@type":"SearchAction","target":{"@type":"EntryPoint","urlTemplate":"https:\/\/portalmf.com.br\/?s={search_term_string}"},"query-input":"required name=search_term_string"}],"inLanguage":"pt-BR"},{"@type":"Person","@id":"https:\/\/portalmf.com.br\/#\/schema\/person\/19071c375ee7579b7300dd91d656ff97","name":"Lila Oliveira","image":{"@type":"ImageObject","inLanguage":"pt-BR","@id":"https:\/\/portalmf.com.br\/#\/schema\/person\/image\/","url":"https:\/\/secure.gravatar.com\/avatar\/344958fa973c4e824a6dde1b63c19431?s=96&d=mm&r=g","contentUrl":"https:\/\/secure.gravatar.com\/avatar\/344958fa973c4e824a6dde1b63c19431?s=96&d=mm&r=g","caption":"Lila Oliveira"},"sameAs":["https:\/\/portalmf.com.br\/"],"url":"https:\/\/portalmf.com.br\/index.php\/author\/lilaoliveira\/"}]}},"_links":{"self":[{"href":"https:\/\/portalmf.com.br\/index.php\/wp-json\/wp\/v2\/posts\/29880"}],"collection":[{"href":"https:\/\/portalmf.com.br\/index.php\/wp-json\/wp\/v2\/posts"}],"about":[{"href":"https:\/\/portalmf.com.br\/index.php\/wp-json\/wp\/v2\/types\/post"}],"author":[{"embeddable":true,"href":"https:\/\/portalmf.com.br\/index.php\/wp-json\/wp\/v2\/users\/5"}],"replies":[{"embeddable":true,"href":"https:\/\/portalmf.com.br\/index.php\/wp-json\/wp\/v2\/comments?post=29880"}],"version-history":[{"count":1,"href":"https:\/\/portalmf.com.br\/index.php\/wp-json\/wp\/v2\/posts\/29880\/revisions"}],"predecessor-version":[{"id":29882,"href":"https:\/\/portalmf.com.br\/index.php\/wp-json\/wp\/v2\/posts\/29880\/revisions\/29882"}],"wp:featuredmedia":[{"embeddable":true,"href":"https:\/\/portalmf.com.br\/index.php\/wp-json\/wp\/v2\/media\/29881"}],"wp:attachment":[{"href":"https:\/\/portalmf.com.br\/index.php\/wp-json\/wp\/v2\/media?parent=29880"}],"wp:term":[{"taxonomy":"category","embeddable":true,"href":"https:\/\/portalmf.com.br\/index.php\/wp-json\/wp\/v2\/categories?post=29880"},{"taxonomy":"post_tag","embeddable":true,"href":"https:\/\/portalmf.com.br\/index.php\/wp-json\/wp\/v2\/tags?post=29880"}],"curies":[{"name":"wp","href":"https:\/\/api.w.org\/{rel}","templated":true}]}}