{"id":29873,"date":"2024-09-18T16:31:45","date_gmt":"2024-09-18T19:31:45","guid":{"rendered":"https:\/\/portalmf.com.br\/?p=29873"},"modified":"2024-09-18T16:49:26","modified_gmt":"2024-09-18T19:49:26","slug":"governador-jeronimo-ze-neto-e-sandro-nazireu-realizam-grande-caminhada","status":"publish","type":"post","link":"https:\/\/portalmf.com.br\/index.php\/2024\/09\/18\/governador-jeronimo-ze-neto-e-sandro-nazireu-realizam-grande-caminhada\/","title":{"rendered":"Governador Jer\u00f4nimo, Z\u00e9 Neto e Sandro Nazireu realizam grande Caminhada"},"content":{"rendered":"\n<p>Com a presen\u00e7a do governador Jer\u00f4nimo Rodrigues, os candidatos a prefeito da coliga\u00e7\u00e3o Pra Fazer o Futuro Acontecer, Z\u00e9 Neto, e a vice-prefeito Sandro Nazireu realizam nesta quinta-feira (19), uma grande Caminhada da Vit\u00f3ria em Feira de Santana. A concentra\u00e7\u00e3o est\u00e1 marcada para \u00e0s 15h, na Pra\u00e7a da Matriz, no Centro.<\/p>\n\n\n\n<p>Entre as presen\u00e7as confirmadas na Caminhada da Vit\u00f3ria est\u00e3o os(as) deputados(as) federais L\u00eddice da Mata, Elis\u00e2ngela Ara\u00fajo, Jorge Solla, Joseildo Ramos e Sargento Isid\u00f3rio; os(as) deputados estaduais Robinson Almeida, Binho Galinha, Radiovaldo Costa, Rosemberg Pinto, Lucinha do MST, Ol\u00edvia Santana, Niltinho e Eduardo Salles; e os(as) secret\u00e1rios(as) estaduais Roberta Santana, Angelo Almeida, Osni Cardoso, \u00c2ngela Guimar\u00e3es e Andr\u00e9 Joazeiro.<\/p>\n\n\n\n<p>Outros nomes como o presidente do PT na Bahia, \u00c9den Valadares, e o vice-presidente Glauco Challegre; a diretora geral da Funda\u00e7\u00e3o da Crian\u00e7a e do Adolescente (Fundac), Regina Afonso; e o coordenador da campanha e ex-secret\u00e1rio de Justi\u00e7a e Direitos Humanos do Estado, Felipe Freitas.<\/p>\n","protected":false},"excerpt":{"rendered":"<p>Com a presen\u00e7a do governador Jer\u00f4nimo Rodrigues, os candidatos a prefeito da coliga\u00e7\u00e3o Pra Fazer o Futuro Acontecer, Z\u00e9 Neto, e a vice-prefeito Sandro Nazireu realizam nesta quinta-feira (19), uma grande Caminhada da Vit\u00f3ria em Feira de Santana. A concentra\u00e7\u00e3o est\u00e1 marcada para \u00e0s 15h, na Pra\u00e7a da Matriz, no Centro. Entre as presen\u00e7as confirmadas [&hellip;]<\/p>\n","protected":false},"author":3,"featured_media":29874,"comment_status":"open","ping_status":"open","sticky":false,"template":"","format":"standard","meta":{"_monsterinsights_skip_tracking":false,"_monsterinsights_sitenote_active":false,"_monsterinsights_sitenote_note":"","_monsterinsights_sitenote_category":0,"footnotes":""},"categories":[301,34],"tags":[],"yoast_head":"<!-- This site is optimized with the Yoast SEO plugin v22.9 - https:\/\/yoast.com\/wordpress\/plugins\/seo\/ -->\n<title>Governador Jer\u00f4nimo, Z\u00e9 Neto e Sandro Nazireu realizam grande Caminhada - Portal MF<\/title>\n<meta name=\"robots\" content=\"index, follow, max-snippet:-1, max-image-preview:large, max-video-preview:-1\" \/>\n<link rel=\"canonical\" href=\"https:\/\/portalmf.com.br\/index.php\/2024\/09\/18\/governador-jeronimo-ze-neto-e-sandro-nazireu-realizam-grande-caminhada\/\" \/>\n<meta property=\"og:locale\" content=\"pt_BR\" \/>\n<meta property=\"og:type\" content=\"article\" \/>\n<meta property=\"og:title\" content=\"Governador Jer\u00f4nimo, Z\u00e9 Neto e Sandro Nazireu realizam grande Caminhada - Portal MF\" \/>\n<meta property=\"og:description\" content=\"Com a presen\u00e7a do governador Jer\u00f4nimo Rodrigues, os candidatos a prefeito da coliga\u00e7\u00e3o Pra Fazer o Futuro Acontecer, Z\u00e9 Neto, e a vice-prefeito Sandro Nazireu realizam nesta quinta-feira (19), uma grande Caminhada da Vit\u00f3ria em Feira de Santana. A concentra\u00e7\u00e3o est\u00e1 marcada para \u00e0s 15h, na Pra\u00e7a da Matriz, no Centro. Entre as presen\u00e7as confirmadas [&hellip;]\" \/>\n<meta property=\"og:url\" content=\"https:\/\/portalmf.com.br\/index.php\/2024\/09\/18\/governador-jeronimo-ze-neto-e-sandro-nazireu-realizam-grande-caminhada\/\" \/>\n<meta property=\"og:site_name\" content=\"Portal MF\" \/>\n<meta property=\"article:author\" content=\"https:\/\/www.facebook.com\/portalmfoficial\" \/>\n<meta property=\"article:published_time\" content=\"2024-09-18T19:31:45+00:00\" \/>\n<meta property=\"article:modified_time\" content=\"2024-09-18T19:49:26+00:00\" \/>\n<meta property=\"og:image\" content=\"https:\/\/portalmf.com.br\/wp-content\/uploads\/2024\/09\/Governador-Jeronimo-Ze-Neto-e-Sandro-Nazireu-realizam-grande-Caminhada-da-Vitoria-em-Feira-nesta-quinta-19.jpeg\" \/>\n\t<meta property=\"og:image:width\" content=\"1080\" \/>\n\t<meta property=\"og:image:height\" content=\"515\" \/>\n\t<meta property=\"og:image:type\" content=\"image\/jpeg\" \/>\n<meta name=\"author\" content=\"Reda\u00e7\u00e3o Portal MF\" \/>\n<meta name=\"twitter:card\" content=\"summary_large_image\" \/>\n<meta name=\"twitter:creator\" content=\"@https:\/\/x.com\/portalmfoficial\" \/>\n<meta name=\"twitter:label1\" content=\"Escrito por\" \/>\n\t<meta name=\"twitter:data1\" content=\"Reda\u00e7\u00e3o Portal MF\" \/>\n\t<meta name=\"twitter:label2\" content=\"Est. tempo de leitura\" \/>\n\t<meta name=\"twitter:data2\" content=\"2 minutos\" \/>\n<script type=\"application\/ld+json\" class=\"yoast-schema-graph\">{\"@context\":\"https:\/\/schema.org\",\"@graph\":[{\"@type\":\"WebPage\",\"@id\":\"https:\/\/portalmf.com.br\/index.php\/2024\/09\/18\/governador-jeronimo-ze-neto-e-sandro-nazireu-realizam-grande-caminhada\/\",\"url\":\"https:\/\/portalmf.com.br\/index.php\/2024\/09\/18\/governador-jeronimo-ze-neto-e-sandro-nazireu-realizam-grande-caminhada\/\",\"name\":\"Governador Jer\u00f4nimo, Z\u00e9 Neto e Sandro Nazireu realizam grande Caminhada - Portal MF\",\"isPartOf\":{\"@id\":\"https:\/\/portalmf.com.br\/#website\"},\"primaryImageOfPage\":{\"@id\":\"https:\/\/portalmf.com.br\/index.php\/2024\/09\/18\/governador-jeronimo-ze-neto-e-sandro-nazireu-realizam-grande-caminhada\/#primaryimage\"},\"image\":{\"@id\":\"https:\/\/portalmf.com.br\/index.php\/2024\/09\/18\/governador-jeronimo-ze-neto-e-sandro-nazireu-realizam-grande-caminhada\/#primaryimage\"},\"thumbnailUrl\":\"https:\/\/portalmf.com.br\/wp-content\/uploads\/2024\/09\/Governador-Jeronimo-Ze-Neto-e-Sandro-Nazireu-realizam-grande-Caminhada-da-Vitoria-em-Feira-nesta-quinta-19.jpeg\",\"datePublished\":\"2024-09-18T19:31:45+00:00\",\"dateModified\":\"2024-09-18T19:49:26+00:00\",\"author\":{\"@id\":\"https:\/\/portalmf.com.br\/#\/schema\/person\/9ec101baf56233e53520c26de5d6f6f0\"},\"breadcrumb\":{\"@id\":\"https:\/\/portalmf.com.br\/index.php\/2024\/09\/18\/governador-jeronimo-ze-neto-e-sandro-nazireu-realizam-grande-caminhada\/#breadcrumb\"},\"inLanguage\":\"pt-BR\",\"potentialAction\":[{\"@type\":\"ReadAction\",\"target\":[\"https:\/\/portalmf.com.br\/index.php\/2024\/09\/18\/governador-jeronimo-ze-neto-e-sandro-nazireu-realizam-grande-caminhada\/\"]}]},{\"@type\":\"ImageObject\",\"inLanguage\":\"pt-BR\",\"@id\":\"https:\/\/portalmf.com.br\/index.php\/2024\/09\/18\/governador-jeronimo-ze-neto-e-sandro-nazireu-realizam-grande-caminhada\/#primaryimage\",\"url\":\"https:\/\/portalmf.com.br\/wp-content\/uploads\/2024\/09\/Governador-Jeronimo-Ze-Neto-e-Sandro-Nazireu-realizam-grande-Caminhada-da-Vitoria-em-Feira-nesta-quinta-19.jpeg\",\"contentUrl\":\"https:\/\/portalmf.com.br\/wp-content\/uploads\/2024\/09\/Governador-Jeronimo-Ze-Neto-e-Sandro-Nazireu-realizam-grande-Caminhada-da-Vitoria-em-Feira-nesta-quinta-19.jpeg\",\"width\":1080,\"height\":515},{\"@type\":\"BreadcrumbList\",\"@id\":\"https:\/\/portalmf.com.br\/index.php\/2024\/09\/18\/governador-jeronimo-ze-neto-e-sandro-nazireu-realizam-grande-caminhada\/#breadcrumb\",\"itemListElement\":[{\"@type\":\"ListItem\",\"position\":1,\"name\":\"In\u00edcio\",\"item\":\"https:\/\/portalmf.com.br\/\"},{\"@type\":\"ListItem\",\"position\":2,\"name\":\"Governador Jer\u00f4nimo, Z\u00e9 Neto e Sandro Nazireu realizam grande Caminhada\"}]},{\"@type\":\"WebSite\",\"@id\":\"https:\/\/portalmf.com.br\/#website\",\"url\":\"https:\/\/portalmf.com.br\/\",\"name\":\"Portal MF\",\"description\":\"Voc\u00ea conectado com a informa\u00e7\u00e3o\",\"potentialAction\":[{\"@type\":\"SearchAction\",\"target\":{\"@type\":\"EntryPoint\",\"urlTemplate\":\"https:\/\/portalmf.com.br\/?s={search_term_string}\"},\"query-input\":\"required name=search_term_string\"}],\"inLanguage\":\"pt-BR\"},{\"@type\":\"Person\",\"@id\":\"https:\/\/portalmf.com.br\/#\/schema\/person\/9ec101baf56233e53520c26de5d6f6f0\",\"name\":\"Reda\u00e7\u00e3o Portal MF\",\"image\":{\"@type\":\"ImageObject\",\"inLanguage\":\"pt-BR\",\"@id\":\"https:\/\/portalmf.com.br\/#\/schema\/person\/image\/\",\"url\":\"https:\/\/secure.gravatar.com\/avatar\/41b9aaeb2100835f7c64362330f74c7f?s=96&d=mm&r=g\",\"contentUrl\":\"https:\/\/secure.gravatar.com\/avatar\/41b9aaeb2100835f7c64362330f74c7f?s=96&d=mm&r=g\",\"caption\":\"Reda\u00e7\u00e3o Portal MF\"},\"description\":\"Sejam bem-vindos o portal de informa\u00e7\u00f5es de entretenimento de Feira de Santana, desde 2006 realiza coberturas dos principais eventos com entrevistas exclusivas com as principais personalidades mundiais. Fique conectado tamb\u00e9m nas redes sociais.\",\"sameAs\":[\"http:\/\/www.portalmf.com.br\/\",\"https:\/\/www.facebook.com\/portalmfoficial\",\"https:\/\/www.instagram.com\/portalmf\/\",\"https:\/\/x.com\/https:\/\/x.com\/portalmfoficial\",\"https:\/\/www.youtube.com\/@portalmfoficial\"],\"url\":\"https:\/\/portalmf.com.br\/index.php\/author\/junior\/\"}]}<\/script>\n<!-- \/ Yoast SEO plugin. -->","yoast_head_json":{"title":"Governador Jer\u00f4nimo, Z\u00e9 Neto e Sandro Nazireu realizam grande Caminhada - Portal MF","robots":{"index":"index","follow":"follow","max-snippet":"max-snippet:-1","max-image-preview":"max-image-preview:large","max-video-preview":"max-video-preview:-1"},"canonical":"https:\/\/portalmf.com.br\/index.php\/2024\/09\/18\/governador-jeronimo-ze-neto-e-sandro-nazireu-realizam-grande-caminhada\/","og_locale":"pt_BR","og_type":"article","og_title":"Governador Jer\u00f4nimo, Z\u00e9 Neto e Sandro Nazireu realizam grande Caminhada - Portal MF","og_description":"Com a presen\u00e7a do governador Jer\u00f4nimo Rodrigues, os candidatos a prefeito da coliga\u00e7\u00e3o Pra Fazer o Futuro Acontecer, Z\u00e9 Neto, e a vice-prefeito Sandro Nazireu realizam nesta quinta-feira (19), uma grande Caminhada da Vit\u00f3ria em Feira de Santana. A concentra\u00e7\u00e3o est\u00e1 marcada para \u00e0s 15h, na Pra\u00e7a da Matriz, no Centro. Entre as presen\u00e7as confirmadas [&hellip;]","og_url":"https:\/\/portalmf.com.br\/index.php\/2024\/09\/18\/governador-jeronimo-ze-neto-e-sandro-nazireu-realizam-grande-caminhada\/","og_site_name":"Portal MF","article_author":"https:\/\/www.facebook.com\/portalmfoficial","article_published_time":"2024-09-18T19:31:45+00:00","article_modified_time":"2024-09-18T19:49:26+00:00","og_image":[{"width":1080,"height":515,"url":"https:\/\/portalmf.com.br\/wp-content\/uploads\/2024\/09\/Governador-Jeronimo-Ze-Neto-e-Sandro-Nazireu-realizam-grande-Caminhada-da-Vitoria-em-Feira-nesta-quinta-19.jpeg","type":"image\/jpeg"}],"author":"Reda\u00e7\u00e3o Portal MF","twitter_card":"summary_large_image","twitter_creator":"@https:\/\/x.com\/portalmfoficial","twitter_misc":{"Escrito por":"Reda\u00e7\u00e3o Portal MF","Est. tempo de leitura":"2 minutos"},"schema":{"@context":"https:\/\/schema.org","@graph":[{"@type":"WebPage","@id":"https:\/\/portalmf.com.br\/index.php\/2024\/09\/18\/governador-jeronimo-ze-neto-e-sandro-nazireu-realizam-grande-caminhada\/","url":"https:\/\/portalmf.com.br\/index.php\/2024\/09\/18\/governador-jeronimo-ze-neto-e-sandro-nazireu-realizam-grande-caminhada\/","name":"Governador Jer\u00f4nimo, Z\u00e9 Neto e Sandro Nazireu realizam grande Caminhada - Portal MF","isPartOf":{"@id":"https:\/\/portalmf.com.br\/#website"},"primaryImageOfPage":{"@id":"https:\/\/portalmf.com.br\/index.php\/2024\/09\/18\/governador-jeronimo-ze-neto-e-sandro-nazireu-realizam-grande-caminhada\/#primaryimage"},"image":{"@id":"https:\/\/portalmf.com.br\/index.php\/2024\/09\/18\/governador-jeronimo-ze-neto-e-sandro-nazireu-realizam-grande-caminhada\/#primaryimage"},"thumbnailUrl":"https:\/\/portalmf.com.br\/wp-content\/uploads\/2024\/09\/Governador-Jeronimo-Ze-Neto-e-Sandro-Nazireu-realizam-grande-Caminhada-da-Vitoria-em-Feira-nesta-quinta-19.jpeg","datePublished":"2024-09-18T19:31:45+00:00","dateModified":"2024-09-18T19:49:26+00:00","author":{"@id":"https:\/\/portalmf.com.br\/#\/schema\/person\/9ec101baf56233e53520c26de5d6f6f0"},"breadcrumb":{"@id":"https:\/\/portalmf.com.br\/index.php\/2024\/09\/18\/governador-jeronimo-ze-neto-e-sandro-nazireu-realizam-grande-caminhada\/#breadcrumb"},"inLanguage":"pt-BR","potentialAction":[{"@type":"ReadAction","target":["https:\/\/portalmf.com.br\/index.php\/2024\/09\/18\/governador-jeronimo-ze-neto-e-sandro-nazireu-realizam-grande-caminhada\/"]}]},{"@type":"ImageObject","inLanguage":"pt-BR","@id":"https:\/\/portalmf.com.br\/index.php\/2024\/09\/18\/governador-jeronimo-ze-neto-e-sandro-nazireu-realizam-grande-caminhada\/#primaryimage","url":"https:\/\/portalmf.com.br\/wp-content\/uploads\/2024\/09\/Governador-Jeronimo-Ze-Neto-e-Sandro-Nazireu-realizam-grande-Caminhada-da-Vitoria-em-Feira-nesta-quinta-19.jpeg","contentUrl":"https:\/\/portalmf.com.br\/wp-content\/uploads\/2024\/09\/Governador-Jeronimo-Ze-Neto-e-Sandro-Nazireu-realizam-grande-Caminhada-da-Vitoria-em-Feira-nesta-quinta-19.jpeg","width":1080,"height":515},{"@type":"BreadcrumbList","@id":"https:\/\/portalmf.com.br\/index.php\/2024\/09\/18\/governador-jeronimo-ze-neto-e-sandro-nazireu-realizam-grande-caminhada\/#breadcrumb","itemListElement":[{"@type":"ListItem","position":1,"name":"In\u00edcio","item":"https:\/\/portalmf.com.br\/"},{"@type":"ListItem","position":2,"name":"Governador Jer\u00f4nimo, Z\u00e9 Neto e Sandro Nazireu realizam grande Caminhada"}]},{"@type":"WebSite","@id":"https:\/\/portalmf.com.br\/#website","url":"https:\/\/portalmf.com.br\/","name":"Portal MF","description":"Voc\u00ea conectado com a informa\u00e7\u00e3o","potentialAction":[{"@type":"SearchAction","target":{"@type":"EntryPoint","urlTemplate":"https:\/\/portalmf.com.br\/?s={search_term_string}"},"query-input":"required name=search_term_string"}],"inLanguage":"pt-BR"},{"@type":"Person","@id":"https:\/\/portalmf.com.br\/#\/schema\/person\/9ec101baf56233e53520c26de5d6f6f0","name":"Reda\u00e7\u00e3o Portal MF","image":{"@type":"ImageObject","inLanguage":"pt-BR","@id":"https:\/\/portalmf.com.br\/#\/schema\/person\/image\/","url":"https:\/\/secure.gravatar.com\/avatar\/41b9aaeb2100835f7c64362330f74c7f?s=96&d=mm&r=g","contentUrl":"https:\/\/secure.gravatar.com\/avatar\/41b9aaeb2100835f7c64362330f74c7f?s=96&d=mm&r=g","caption":"Reda\u00e7\u00e3o Portal MF"},"description":"Sejam bem-vindos o portal de informa\u00e7\u00f5es de entretenimento de Feira de Santana, desde 2006 realiza coberturas dos principais eventos com entrevistas exclusivas com as principais personalidades mundiais. Fique conectado tamb\u00e9m nas redes sociais.","sameAs":["http:\/\/www.portalmf.com.br\/","https:\/\/www.facebook.com\/portalmfoficial","https:\/\/www.instagram.com\/portalmf\/","https:\/\/x.com\/https:\/\/x.com\/portalmfoficial","https:\/\/www.youtube.com\/@portalmfoficial"],"url":"https:\/\/portalmf.com.br\/index.php\/author\/junior\/"}]}},"_links":{"self":[{"href":"https:\/\/portalmf.com.br\/index.php\/wp-json\/wp\/v2\/posts\/29873"}],"collection":[{"href":"https:\/\/portalmf.com.br\/index.php\/wp-json\/wp\/v2\/posts"}],"about":[{"href":"https:\/\/portalmf.com.br\/index.php\/wp-json\/wp\/v2\/types\/post"}],"author":[{"embeddable":true,"href":"https:\/\/portalmf.com.br\/index.php\/wp-json\/wp\/v2\/users\/3"}],"replies":[{"embeddable":true,"href":"https:\/\/portalmf.com.br\/index.php\/wp-json\/wp\/v2\/comments?post=29873"}],"version-history":[{"count":2,"href":"https:\/\/portalmf.com.br\/index.php\/wp-json\/wp\/v2\/posts\/29873\/revisions"}],"predecessor-version":[{"id":29876,"href":"https:\/\/portalmf.com.br\/index.php\/wp-json\/wp\/v2\/posts\/29873\/revisions\/29876"}],"wp:featuredmedia":[{"embeddable":true,"href":"https:\/\/portalmf.com.br\/index.php\/wp-json\/wp\/v2\/media\/29874"}],"wp:attachment":[{"href":"https:\/\/portalmf.com.br\/index.php\/wp-json\/wp\/v2\/media?parent=29873"}],"wp:term":[{"taxonomy":"category","embeddable":true,"href":"https:\/\/portalmf.com.br\/index.php\/wp-json\/wp\/v2\/categories?post=29873"},{"taxonomy":"post_tag","embeddable":true,"href":"https:\/\/portalmf.com.br\/index.php\/wp-json\/wp\/v2\/tags?post=29873"}],"curies":[{"name":"wp","href":"https:\/\/api.w.org\/{rel}","templated":true}]}}