{"id":29863,"date":"2024-09-17T22:33:34","date_gmt":"2024-09-18T01:33:34","guid":{"rendered":"https:\/\/portalmf.com.br\/?p=29863"},"modified":"2024-09-17T22:33:35","modified_gmt":"2024-09-18T01:33:35","slug":"com-apoio-de-lula-ze-neto-lidera-em-pesquisa-para-prefeito-de-feira-de-santana","status":"publish","type":"post","link":"https:\/\/portalmf.com.br\/index.php\/2024\/09\/17\/com-apoio-de-lula-ze-neto-lidera-em-pesquisa-para-prefeito-de-feira-de-santana\/","title":{"rendered":"Com apoio de Lula, Z\u00e9 Neto lidera em pesquisa para prefeito de Feira de Santana"},"content":{"rendered":"\n<p>Com o apoio do presidente Lula e do governador Jer\u00f4nimo Rodrigues, o candidato do PT \u00e0 prefeitura de Feira de Santana, Z\u00e9 Neto, lidera a disputa eleitoral com 46,2% das inten\u00e7\u00f5es de voto, revela pesquisa estimulada do IPM Brasil, contratado pela R\u00e1dio Andai\u00e1, da Rede Baiana de R\u00e1dio (RBR), e divulgado nesta ter\u00e7a-feira (17).\u00a0O estudo estimulado vincula os apoios aos principais candidatos \u00e0 prefeitura local.<\/p>\n\n\n\n<p>O principal concorrente do petista, Jos\u00e9 Ronaldo (UB), tem 39,8% das inten\u00e7\u00f5es dos votos v\u00e1lidos, apoiado pelo prefeito Colbert Martins, ACM Neto e pelo ex-presidente Jair Bolsonaro (PL). Carlos Medeiros (Novo) aparece com 5,5%.\u00a0<\/p>\n\n\n\n<p>No levantamento, os indecisos s\u00e3o 1,5% dos entrevistados e outros 2% optaram por branco ou nulo. Outros 4,9% n\u00e3o preferem nenhum dos candidatos.<\/p>\n\n\n\n<p>No cen\u00e1rio espont\u00e2neo,\u00a0onde os entrevistados indicaram seu candidato de prefer\u00eancia, o estudo\u00a0mostra um empate t\u00e9cnico entre os candidatos Z\u00e9 Neto (PT) e Jos\u00e9 Ronaldo (UB). Jos\u00e9 Ronaldo tem 33,6% e Z\u00e9 Neto desponta com 33,2%. Como a margem de erro \u00e9 de 4,61% para mais ou para menos, os dois candidatos est\u00e3o tecnicamente empatados.<\/p>\n\n\n\n<p>Nesse levantamento, Carlos Medeiros aparece com 1,5% das inten\u00e7\u00f5es de voto, enquanto 14,8% n\u00e3o souberam ou n\u00e3o responderam. Outros 5,1% disseram que votariam em branco ou nulo. Dos entrevistados, 11,5% disseram que n\u00e3o votaria em ningu\u00e9m e 0,2% disseram que votaria em outros.<\/p>\n\n\n\n<p>A pesquisa tamb\u00e9m simulou um poss\u00edvel segundo turno entre Z\u00e9 Neto e Jos\u00e9 Ronaldo. Neste cen\u00e1rio, Z\u00e9 Neto tem 48,5% das inten\u00e7\u00f5es de voto, enquanto Jos\u00e9 Ronaldo aparece com 41,8%.<\/p>\n\n\n\n<p>Dos entrevistados, 5,5% informaram n\u00e3o ter prefer\u00eancia por nenhum dos dois candidatos, votos brancos e nulo somam 2,2%, n\u00e3o sabe ou n\u00e3o respondeu s\u00e3o 2,0% dos entrevistados.<\/p>\n\n\n\n<p>Realizada entre os dias 05 e 07 de setembro, a pesquisa ouviu 451 pessoas em localidades urbanas e distritos rurais de Feira de Santana. O n\u00edvel de confian\u00e7a do levantamento \u00e9 de 95,5%. Ele foi registrado na Justi\u00e7a Eleitoral sob n\u00famero BA 01157\/2024.<\/p>\n\n\n\n<p>Com informa\u00e7\u00f5es da Ascom \/ Z\u00e9 Neto<\/p>\n","protected":false},"excerpt":{"rendered":"<p>Com o apoio do presidente Lula e do governador Jer\u00f4nimo Rodrigues, o candidato do PT \u00e0 prefeitura de Feira de Santana, Z\u00e9 Neto, lidera a disputa eleitoral com 46,2% das inten\u00e7\u00f5es de voto, revela pesquisa estimulada do IPM Brasil, contratado pela R\u00e1dio Andai\u00e1, da Rede Baiana de R\u00e1dio (RBR), e divulgado nesta ter\u00e7a-feira (17).\u00a0O estudo [&hellip;]<\/p>\n","protected":false},"author":3,"featured_media":29864,"comment_status":"open","ping_status":"open","sticky":false,"template":"","format":"standard","meta":{"_monsterinsights_skip_tracking":false,"_monsterinsights_sitenote_active":false,"_monsterinsights_sitenote_note":"","_monsterinsights_sitenote_category":0,"footnotes":""},"categories":[301,34],"tags":[],"yoast_head":"<!-- This site is optimized with the Yoast SEO plugin v22.9 - https:\/\/yoast.com\/wordpress\/plugins\/seo\/ -->\n<title>Com apoio de Lula, Z\u00e9 Neto lidera em pesquisa para prefeito de Feira de Santana - Portal MF<\/title>\n<meta name=\"robots\" content=\"index, follow, max-snippet:-1, max-image-preview:large, max-video-preview:-1\" \/>\n<link rel=\"canonical\" href=\"https:\/\/portalmf.com.br\/index.php\/2024\/09\/17\/com-apoio-de-lula-ze-neto-lidera-em-pesquisa-para-prefeito-de-feira-de-santana\/\" \/>\n<meta property=\"og:locale\" content=\"pt_BR\" \/>\n<meta property=\"og:type\" content=\"article\" \/>\n<meta property=\"og:title\" content=\"Com apoio de Lula, Z\u00e9 Neto lidera em pesquisa para prefeito de Feira de Santana - Portal MF\" \/>\n<meta property=\"og:description\" content=\"Com o apoio do presidente Lula e do governador Jer\u00f4nimo Rodrigues, o candidato do PT \u00e0 prefeitura de Feira de Santana, Z\u00e9 Neto, lidera a disputa eleitoral com 46,2% das inten\u00e7\u00f5es de voto, revela pesquisa estimulada do IPM Brasil, contratado pela R\u00e1dio Andai\u00e1, da Rede Baiana de R\u00e1dio (RBR), e divulgado nesta ter\u00e7a-feira (17).\u00a0O estudo [&hellip;]\" \/>\n<meta property=\"og:url\" content=\"https:\/\/portalmf.com.br\/index.php\/2024\/09\/17\/com-apoio-de-lula-ze-neto-lidera-em-pesquisa-para-prefeito-de-feira-de-santana\/\" \/>\n<meta property=\"og:site_name\" content=\"Portal MF\" \/>\n<meta property=\"article:author\" content=\"https:\/\/www.facebook.com\/portalmfoficial\" \/>\n<meta property=\"article:published_time\" content=\"2024-09-18T01:33:34+00:00\" \/>\n<meta property=\"article:modified_time\" content=\"2024-09-18T01:33:35+00:00\" \/>\n<meta property=\"og:image\" content=\"https:\/\/portalmf.com.br\/wp-content\/uploads\/2024\/09\/IMG-20240917-WA0153.jpg\" \/>\n\t<meta property=\"og:image:width\" content=\"682\" \/>\n\t<meta property=\"og:image:height\" content=\"638\" \/>\n\t<meta property=\"og:image:type\" content=\"image\/jpeg\" \/>\n<meta name=\"author\" content=\"Reda\u00e7\u00e3o Portal MF\" \/>\n<meta name=\"twitter:card\" content=\"summary_large_image\" \/>\n<meta name=\"twitter:creator\" content=\"@https:\/\/x.com\/portalmfoficial\" \/>\n<meta name=\"twitter:label1\" content=\"Escrito por\" \/>\n\t<meta name=\"twitter:data1\" content=\"Reda\u00e7\u00e3o Portal MF\" \/>\n\t<meta name=\"twitter:label2\" content=\"Est. tempo de leitura\" \/>\n\t<meta name=\"twitter:data2\" content=\"3 minutos\" \/>\n<script type=\"application\/ld+json\" class=\"yoast-schema-graph\">{\"@context\":\"https:\/\/schema.org\",\"@graph\":[{\"@type\":\"WebPage\",\"@id\":\"https:\/\/portalmf.com.br\/index.php\/2024\/09\/17\/com-apoio-de-lula-ze-neto-lidera-em-pesquisa-para-prefeito-de-feira-de-santana\/\",\"url\":\"https:\/\/portalmf.com.br\/index.php\/2024\/09\/17\/com-apoio-de-lula-ze-neto-lidera-em-pesquisa-para-prefeito-de-feira-de-santana\/\",\"name\":\"Com apoio de Lula, Z\u00e9 Neto lidera em pesquisa para prefeito de Feira de Santana - Portal MF\",\"isPartOf\":{\"@id\":\"https:\/\/portalmf.com.br\/#website\"},\"primaryImageOfPage\":{\"@id\":\"https:\/\/portalmf.com.br\/index.php\/2024\/09\/17\/com-apoio-de-lula-ze-neto-lidera-em-pesquisa-para-prefeito-de-feira-de-santana\/#primaryimage\"},\"image\":{\"@id\":\"https:\/\/portalmf.com.br\/index.php\/2024\/09\/17\/com-apoio-de-lula-ze-neto-lidera-em-pesquisa-para-prefeito-de-feira-de-santana\/#primaryimage\"},\"thumbnailUrl\":\"https:\/\/portalmf.com.br\/wp-content\/uploads\/2024\/09\/IMG-20240917-WA0153.jpg\",\"datePublished\":\"2024-09-18T01:33:34+00:00\",\"dateModified\":\"2024-09-18T01:33:35+00:00\",\"author\":{\"@id\":\"https:\/\/portalmf.com.br\/#\/schema\/person\/9ec101baf56233e53520c26de5d6f6f0\"},\"breadcrumb\":{\"@id\":\"https:\/\/portalmf.com.br\/index.php\/2024\/09\/17\/com-apoio-de-lula-ze-neto-lidera-em-pesquisa-para-prefeito-de-feira-de-santana\/#breadcrumb\"},\"inLanguage\":\"pt-BR\",\"potentialAction\":[{\"@type\":\"ReadAction\",\"target\":[\"https:\/\/portalmf.com.br\/index.php\/2024\/09\/17\/com-apoio-de-lula-ze-neto-lidera-em-pesquisa-para-prefeito-de-feira-de-santana\/\"]}]},{\"@type\":\"ImageObject\",\"inLanguage\":\"pt-BR\",\"@id\":\"https:\/\/portalmf.com.br\/index.php\/2024\/09\/17\/com-apoio-de-lula-ze-neto-lidera-em-pesquisa-para-prefeito-de-feira-de-santana\/#primaryimage\",\"url\":\"https:\/\/portalmf.com.br\/wp-content\/uploads\/2024\/09\/IMG-20240917-WA0153.jpg\",\"contentUrl\":\"https:\/\/portalmf.com.br\/wp-content\/uploads\/2024\/09\/IMG-20240917-WA0153.jpg\",\"width\":682,\"height\":638},{\"@type\":\"BreadcrumbList\",\"@id\":\"https:\/\/portalmf.com.br\/index.php\/2024\/09\/17\/com-apoio-de-lula-ze-neto-lidera-em-pesquisa-para-prefeito-de-feira-de-santana\/#breadcrumb\",\"itemListElement\":[{\"@type\":\"ListItem\",\"position\":1,\"name\":\"In\u00edcio\",\"item\":\"https:\/\/portalmf.com.br\/\"},{\"@type\":\"ListItem\",\"position\":2,\"name\":\"Com apoio de Lula, Z\u00e9 Neto lidera em pesquisa para prefeito de Feira de Santana\"}]},{\"@type\":\"WebSite\",\"@id\":\"https:\/\/portalmf.com.br\/#website\",\"url\":\"https:\/\/portalmf.com.br\/\",\"name\":\"Portal MF\",\"description\":\"Voc\u00ea conectado com a informa\u00e7\u00e3o\",\"potentialAction\":[{\"@type\":\"SearchAction\",\"target\":{\"@type\":\"EntryPoint\",\"urlTemplate\":\"https:\/\/portalmf.com.br\/?s={search_term_string}\"},\"query-input\":\"required name=search_term_string\"}],\"inLanguage\":\"pt-BR\"},{\"@type\":\"Person\",\"@id\":\"https:\/\/portalmf.com.br\/#\/schema\/person\/9ec101baf56233e53520c26de5d6f6f0\",\"name\":\"Reda\u00e7\u00e3o Portal MF\",\"image\":{\"@type\":\"ImageObject\",\"inLanguage\":\"pt-BR\",\"@id\":\"https:\/\/portalmf.com.br\/#\/schema\/person\/image\/\",\"url\":\"https:\/\/secure.gravatar.com\/avatar\/41b9aaeb2100835f7c64362330f74c7f?s=96&d=mm&r=g\",\"contentUrl\":\"https:\/\/secure.gravatar.com\/avatar\/41b9aaeb2100835f7c64362330f74c7f?s=96&d=mm&r=g\",\"caption\":\"Reda\u00e7\u00e3o Portal MF\"},\"description\":\"Sejam bem-vindos o portal de informa\u00e7\u00f5es de entretenimento de Feira de Santana, desde 2006 realiza coberturas dos principais eventos com entrevistas exclusivas com as principais personalidades mundiais. Fique conectado tamb\u00e9m nas redes sociais.\",\"sameAs\":[\"http:\/\/www.portalmf.com.br\/\",\"https:\/\/www.facebook.com\/portalmfoficial\",\"https:\/\/www.instagram.com\/portalmf\/\",\"https:\/\/x.com\/https:\/\/x.com\/portalmfoficial\",\"https:\/\/www.youtube.com\/@portalmfoficial\"],\"url\":\"https:\/\/portalmf.com.br\/index.php\/author\/junior\/\"}]}<\/script>\n<!-- \/ Yoast SEO plugin. -->","yoast_head_json":{"title":"Com apoio de Lula, Z\u00e9 Neto lidera em pesquisa para prefeito de Feira de Santana - Portal MF","robots":{"index":"index","follow":"follow","max-snippet":"max-snippet:-1","max-image-preview":"max-image-preview:large","max-video-preview":"max-video-preview:-1"},"canonical":"https:\/\/portalmf.com.br\/index.php\/2024\/09\/17\/com-apoio-de-lula-ze-neto-lidera-em-pesquisa-para-prefeito-de-feira-de-santana\/","og_locale":"pt_BR","og_type":"article","og_title":"Com apoio de Lula, Z\u00e9 Neto lidera em pesquisa para prefeito de Feira de Santana - Portal MF","og_description":"Com o apoio do presidente Lula e do governador Jer\u00f4nimo Rodrigues, o candidato do PT \u00e0 prefeitura de Feira de Santana, Z\u00e9 Neto, lidera a disputa eleitoral com 46,2% das inten\u00e7\u00f5es de voto, revela pesquisa estimulada do IPM Brasil, contratado pela R\u00e1dio Andai\u00e1, da Rede Baiana de R\u00e1dio (RBR), e divulgado nesta ter\u00e7a-feira (17).\u00a0O estudo [&hellip;]","og_url":"https:\/\/portalmf.com.br\/index.php\/2024\/09\/17\/com-apoio-de-lula-ze-neto-lidera-em-pesquisa-para-prefeito-de-feira-de-santana\/","og_site_name":"Portal MF","article_author":"https:\/\/www.facebook.com\/portalmfoficial","article_published_time":"2024-09-18T01:33:34+00:00","article_modified_time":"2024-09-18T01:33:35+00:00","og_image":[{"width":682,"height":638,"url":"https:\/\/portalmf.com.br\/wp-content\/uploads\/2024\/09\/IMG-20240917-WA0153.jpg","type":"image\/jpeg"}],"author":"Reda\u00e7\u00e3o Portal MF","twitter_card":"summary_large_image","twitter_creator":"@https:\/\/x.com\/portalmfoficial","twitter_misc":{"Escrito por":"Reda\u00e7\u00e3o Portal MF","Est. tempo de leitura":"3 minutos"},"schema":{"@context":"https:\/\/schema.org","@graph":[{"@type":"WebPage","@id":"https:\/\/portalmf.com.br\/index.php\/2024\/09\/17\/com-apoio-de-lula-ze-neto-lidera-em-pesquisa-para-prefeito-de-feira-de-santana\/","url":"https:\/\/portalmf.com.br\/index.php\/2024\/09\/17\/com-apoio-de-lula-ze-neto-lidera-em-pesquisa-para-prefeito-de-feira-de-santana\/","name":"Com apoio de Lula, Z\u00e9 Neto lidera em pesquisa para prefeito de Feira de Santana - Portal MF","isPartOf":{"@id":"https:\/\/portalmf.com.br\/#website"},"primaryImageOfPage":{"@id":"https:\/\/portalmf.com.br\/index.php\/2024\/09\/17\/com-apoio-de-lula-ze-neto-lidera-em-pesquisa-para-prefeito-de-feira-de-santana\/#primaryimage"},"image":{"@id":"https:\/\/portalmf.com.br\/index.php\/2024\/09\/17\/com-apoio-de-lula-ze-neto-lidera-em-pesquisa-para-prefeito-de-feira-de-santana\/#primaryimage"},"thumbnailUrl":"https:\/\/portalmf.com.br\/wp-content\/uploads\/2024\/09\/IMG-20240917-WA0153.jpg","datePublished":"2024-09-18T01:33:34+00:00","dateModified":"2024-09-18T01:33:35+00:00","author":{"@id":"https:\/\/portalmf.com.br\/#\/schema\/person\/9ec101baf56233e53520c26de5d6f6f0"},"breadcrumb":{"@id":"https:\/\/portalmf.com.br\/index.php\/2024\/09\/17\/com-apoio-de-lula-ze-neto-lidera-em-pesquisa-para-prefeito-de-feira-de-santana\/#breadcrumb"},"inLanguage":"pt-BR","potentialAction":[{"@type":"ReadAction","target":["https:\/\/portalmf.com.br\/index.php\/2024\/09\/17\/com-apoio-de-lula-ze-neto-lidera-em-pesquisa-para-prefeito-de-feira-de-santana\/"]}]},{"@type":"ImageObject","inLanguage":"pt-BR","@id":"https:\/\/portalmf.com.br\/index.php\/2024\/09\/17\/com-apoio-de-lula-ze-neto-lidera-em-pesquisa-para-prefeito-de-feira-de-santana\/#primaryimage","url":"https:\/\/portalmf.com.br\/wp-content\/uploads\/2024\/09\/IMG-20240917-WA0153.jpg","contentUrl":"https:\/\/portalmf.com.br\/wp-content\/uploads\/2024\/09\/IMG-20240917-WA0153.jpg","width":682,"height":638},{"@type":"BreadcrumbList","@id":"https:\/\/portalmf.com.br\/index.php\/2024\/09\/17\/com-apoio-de-lula-ze-neto-lidera-em-pesquisa-para-prefeito-de-feira-de-santana\/#breadcrumb","itemListElement":[{"@type":"ListItem","position":1,"name":"In\u00edcio","item":"https:\/\/portalmf.com.br\/"},{"@type":"ListItem","position":2,"name":"Com apoio de Lula, Z\u00e9 Neto lidera em pesquisa para prefeito de Feira de Santana"}]},{"@type":"WebSite","@id":"https:\/\/portalmf.com.br\/#website","url":"https:\/\/portalmf.com.br\/","name":"Portal MF","description":"Voc\u00ea conectado com a informa\u00e7\u00e3o","potentialAction":[{"@type":"SearchAction","target":{"@type":"EntryPoint","urlTemplate":"https:\/\/portalmf.com.br\/?s={search_term_string}"},"query-input":"required name=search_term_string"}],"inLanguage":"pt-BR"},{"@type":"Person","@id":"https:\/\/portalmf.com.br\/#\/schema\/person\/9ec101baf56233e53520c26de5d6f6f0","name":"Reda\u00e7\u00e3o Portal MF","image":{"@type":"ImageObject","inLanguage":"pt-BR","@id":"https:\/\/portalmf.com.br\/#\/schema\/person\/image\/","url":"https:\/\/secure.gravatar.com\/avatar\/41b9aaeb2100835f7c64362330f74c7f?s=96&d=mm&r=g","contentUrl":"https:\/\/secure.gravatar.com\/avatar\/41b9aaeb2100835f7c64362330f74c7f?s=96&d=mm&r=g","caption":"Reda\u00e7\u00e3o Portal MF"},"description":"Sejam bem-vindos o portal de informa\u00e7\u00f5es de entretenimento de Feira de Santana, desde 2006 realiza coberturas dos principais eventos com entrevistas exclusivas com as principais personalidades mundiais. Fique conectado tamb\u00e9m nas redes sociais.","sameAs":["http:\/\/www.portalmf.com.br\/","https:\/\/www.facebook.com\/portalmfoficial","https:\/\/www.instagram.com\/portalmf\/","https:\/\/x.com\/https:\/\/x.com\/portalmfoficial","https:\/\/www.youtube.com\/@portalmfoficial"],"url":"https:\/\/portalmf.com.br\/index.php\/author\/junior\/"}]}},"_links":{"self":[{"href":"https:\/\/portalmf.com.br\/index.php\/wp-json\/wp\/v2\/posts\/29863"}],"collection":[{"href":"https:\/\/portalmf.com.br\/index.php\/wp-json\/wp\/v2\/posts"}],"about":[{"href":"https:\/\/portalmf.com.br\/index.php\/wp-json\/wp\/v2\/types\/post"}],"author":[{"embeddable":true,"href":"https:\/\/portalmf.com.br\/index.php\/wp-json\/wp\/v2\/users\/3"}],"replies":[{"embeddable":true,"href":"https:\/\/portalmf.com.br\/index.php\/wp-json\/wp\/v2\/comments?post=29863"}],"version-history":[{"count":1,"href":"https:\/\/portalmf.com.br\/index.php\/wp-json\/wp\/v2\/posts\/29863\/revisions"}],"predecessor-version":[{"id":29865,"href":"https:\/\/portalmf.com.br\/index.php\/wp-json\/wp\/v2\/posts\/29863\/revisions\/29865"}],"wp:featuredmedia":[{"embeddable":true,"href":"https:\/\/portalmf.com.br\/index.php\/wp-json\/wp\/v2\/media\/29864"}],"wp:attachment":[{"href":"https:\/\/portalmf.com.br\/index.php\/wp-json\/wp\/v2\/media?parent=29863"}],"wp:term":[{"taxonomy":"category","embeddable":true,"href":"https:\/\/portalmf.com.br\/index.php\/wp-json\/wp\/v2\/categories?post=29863"},{"taxonomy":"post_tag","embeddable":true,"href":"https:\/\/portalmf.com.br\/index.php\/wp-json\/wp\/v2\/tags?post=29863"}],"curies":[{"name":"wp","href":"https:\/\/api.w.org\/{rel}","templated":true}]}}