{"id":29861,"date":"2024-09-17T22:25:14","date_gmt":"2024-09-18T01:25:14","guid":{"rendered":"https:\/\/portalmf.com.br\/?p=29861"},"modified":"2024-09-17T22:25:15","modified_gmt":"2024-09-18T01:25:15","slug":"pesquisa-aponta-empate-tecnico-entre-jose-ronaldo-e-ze-neto-em-feira-de-santana","status":"publish","type":"post","link":"https:\/\/portalmf.com.br\/index.php\/2024\/09\/17\/pesquisa-aponta-empate-tecnico-entre-jose-ronaldo-e-ze-neto-em-feira-de-santana\/","title":{"rendered":"Pesquisa aponta empate t\u00e9cnico entre Jos\u00e9 Ronaldo e Z\u00e9 Neto em Feira de santana"},"content":{"rendered":"\n<p>Pesquisa realizada pelo IPM Brasil, contratada pela R\u00e1dio Andai\u00e1, que integra a Rede Baiana de R\u00e1dio (RBR) e divulgada nesta ter\u00e7a-feira (17\/9), mostra um empate t\u00e9cnico entre os candidatos Z\u00e9 Neto (PT) e Jos\u00e9 Ronaldo (UB) na disputa pela Prefeitura de Feira de Santana. Este \u00e9 o primeiro resultado da pesquisa realizada tamb\u00e9m em outras cidades da \u00e1rea de cobertura da RBR.<\/p>\n\n\n\n<p>Na consulta espont\u00e2nea, onde os entrevistados indicaram seu candidato de prefer\u00eancia, Jos\u00e9 Ronaldo tem 33,6% e Z\u00e9 Neto desponta com 33,2%. Como a margem de erro \u00e9 de 4,61% para mais ou para menos, os candidatos est\u00e3o tecnicamente empatados.<\/p>\n\n\n\n<p>No levantamento, Carlos Medeiros aparece com 1,5% das inten\u00e7\u00f5es de voto, enquanto 17,8% n\u00e3o souberam ou n\u00e3o responderam. Outros 5,1% disseram que votariam em branco ou nulo.No segundo cen\u00e1rio, quando os nomes dos candidatos s\u00e3o apresentados na pesquisa estimulada, Jos\u00e9 Ronaldo surge com 42,5%, enquanto Z\u00e9 Neto tem 42% das inten\u00e7\u00f5es de voto. Carlos Medeiros recebeu 4,0% das prefer\u00eancias. 3,1% dos entrevistados n\u00e3o responderam ao questionamento e 2,7% declararam votar branco ou nulo.<\/p>\n\n\n\n<p>Quando o instituto vincula os apoios aos dois principais candidatos ao poder executivo local, Z\u00e9 Neto, com apoio do presidente Lula (PT) e do governador Jer\u00f4nimo (PT), lidera com 46,2%. Jos\u00e9 Ronaldo tem 39,8% das inten\u00e7\u00f5es de voto, apoiado pelo prefeito Colbert Martins, por ACM Neto e pelo ex-presidente Bolsonaro (PL).Carlos Medeiros aparece com 5,5%. Na pesquisa, 1,5% dos entrevistados n\u00e3o responderamquestionamento e outros 2% optaram por branco ou nulo.<\/p>\n\n\n\n<p>A pesquisa tamb\u00e9m simulou um poss\u00edvel segundo turno entre Z\u00e9 Neto e Jos\u00e9 Ronaldo. Neste cen\u00e1rio, Z\u00e9 Neto tem 48,5% das inten\u00e7\u00f5es de voto, enquanto Jos\u00e9 Ronaldo aparece com 41,8% dos entrevistados.  5,5% informaram n\u00e3o ter prefer\u00eancia por nenhum dos dois candidatos e votos em branco ou nulo somam 2,2%.<\/p>\n\n\n\n<p>Realizada entre os dias 05 e 07 de setembro, a pesquisa ouviu 451 pessoas em 57 localidades urbanas e 8 distritos rurais de Feira de Santana. O n\u00edvel de confian\u00e7a do levantamento \u00e9 de 95,5%. Ele foi registrado Justi\u00e7a Eleitoral sob n\u00famero BA 01157\/2024.<\/p>\n\n\n\n<p>Com informa\u00e7\u00f5es da R\u00e1dio Andaia <\/p>\n","protected":false},"excerpt":{"rendered":"<p>Pesquisa realizada pelo IPM Brasil, contratada pela R\u00e1dio Andai\u00e1, que integra a Rede Baiana de R\u00e1dio (RBR) e divulgada nesta ter\u00e7a-feira (17\/9), mostra um empate t\u00e9cnico entre os candidatos Z\u00e9 Neto (PT) e Jos\u00e9 Ronaldo (UB) na disputa pela Prefeitura de Feira de Santana. Este \u00e9 o primeiro resultado da pesquisa realizada tamb\u00e9m em outras [&hellip;]<\/p>\n","protected":false},"author":3,"featured_media":28569,"comment_status":"open","ping_status":"open","sticky":false,"template":"","format":"standard","meta":{"_monsterinsights_skip_tracking":false,"_monsterinsights_sitenote_active":false,"_monsterinsights_sitenote_note":"","_monsterinsights_sitenote_category":0,"footnotes":""},"categories":[48,301,34],"tags":[],"yoast_head":"<!-- This site is optimized with the Yoast SEO plugin v22.9 - https:\/\/yoast.com\/wordpress\/plugins\/seo\/ -->\n<title>Pesquisa aponta empate t\u00e9cnico entre Jos\u00e9 Ronaldo e Z\u00e9 Neto em Feira de santana - Portal MF<\/title>\n<meta name=\"robots\" content=\"index, follow, max-snippet:-1, max-image-preview:large, max-video-preview:-1\" \/>\n<link rel=\"canonical\" href=\"https:\/\/portalmf.com.br\/index.php\/2024\/09\/17\/pesquisa-aponta-empate-tecnico-entre-jose-ronaldo-e-ze-neto-em-feira-de-santana\/\" \/>\n<meta property=\"og:locale\" content=\"pt_BR\" \/>\n<meta property=\"og:type\" content=\"article\" \/>\n<meta property=\"og:title\" content=\"Pesquisa aponta empate t\u00e9cnico entre Jos\u00e9 Ronaldo e Z\u00e9 Neto em Feira de santana - Portal MF\" \/>\n<meta property=\"og:description\" content=\"Pesquisa realizada pelo IPM Brasil, contratada pela R\u00e1dio Andai\u00e1, que integra a Rede Baiana de R\u00e1dio (RBR) e divulgada nesta ter\u00e7a-feira (17\/9), mostra um empate t\u00e9cnico entre os candidatos Z\u00e9 Neto (PT) e Jos\u00e9 Ronaldo (UB) na disputa pela Prefeitura de Feira de Santana. Este \u00e9 o primeiro resultado da pesquisa realizada tamb\u00e9m em outras [&hellip;]\" \/>\n<meta property=\"og:url\" content=\"https:\/\/portalmf.com.br\/index.php\/2024\/09\/17\/pesquisa-aponta-empate-tecnico-entre-jose-ronaldo-e-ze-neto-em-feira-de-santana\/\" \/>\n<meta property=\"og:site_name\" content=\"Portal MF\" \/>\n<meta property=\"article:author\" content=\"https:\/\/www.facebook.com\/portalmfoficial\" \/>\n<meta property=\"article:published_time\" content=\"2024-09-18T01:25:14+00:00\" \/>\n<meta property=\"article:modified_time\" content=\"2024-09-18T01:25:15+00:00\" \/>\n<meta property=\"og:image\" content=\"https:\/\/portalmf.com.br\/wp-content\/uploads\/2024\/08\/IMG_20240805_074609-1.jpg\" \/>\n\t<meta property=\"og:image:width\" content=\"2160\" \/>\n\t<meta property=\"og:image:height\" content=\"1702\" \/>\n\t<meta property=\"og:image:type\" content=\"image\/jpeg\" \/>\n<meta name=\"author\" content=\"Reda\u00e7\u00e3o Portal MF\" \/>\n<meta name=\"twitter:card\" content=\"summary_large_image\" \/>\n<meta name=\"twitter:creator\" content=\"@https:\/\/x.com\/portalmfoficial\" \/>\n<meta name=\"twitter:label1\" content=\"Escrito por\" \/>\n\t<meta name=\"twitter:data1\" content=\"Reda\u00e7\u00e3o Portal MF\" \/>\n\t<meta name=\"twitter:label2\" content=\"Est. tempo de leitura\" \/>\n\t<meta name=\"twitter:data2\" content=\"3 minutos\" \/>\n<script type=\"application\/ld+json\" class=\"yoast-schema-graph\">{\"@context\":\"https:\/\/schema.org\",\"@graph\":[{\"@type\":\"WebPage\",\"@id\":\"https:\/\/portalmf.com.br\/index.php\/2024\/09\/17\/pesquisa-aponta-empate-tecnico-entre-jose-ronaldo-e-ze-neto-em-feira-de-santana\/\",\"url\":\"https:\/\/portalmf.com.br\/index.php\/2024\/09\/17\/pesquisa-aponta-empate-tecnico-entre-jose-ronaldo-e-ze-neto-em-feira-de-santana\/\",\"name\":\"Pesquisa aponta empate t\u00e9cnico entre Jos\u00e9 Ronaldo e Z\u00e9 Neto em Feira de santana - Portal MF\",\"isPartOf\":{\"@id\":\"https:\/\/portalmf.com.br\/#website\"},\"primaryImageOfPage\":{\"@id\":\"https:\/\/portalmf.com.br\/index.php\/2024\/09\/17\/pesquisa-aponta-empate-tecnico-entre-jose-ronaldo-e-ze-neto-em-feira-de-santana\/#primaryimage\"},\"image\":{\"@id\":\"https:\/\/portalmf.com.br\/index.php\/2024\/09\/17\/pesquisa-aponta-empate-tecnico-entre-jose-ronaldo-e-ze-neto-em-feira-de-santana\/#primaryimage\"},\"thumbnailUrl\":\"https:\/\/portalmf.com.br\/wp-content\/uploads\/2024\/08\/IMG_20240805_074609-1.jpg\",\"datePublished\":\"2024-09-18T01:25:14+00:00\",\"dateModified\":\"2024-09-18T01:25:15+00:00\",\"author\":{\"@id\":\"https:\/\/portalmf.com.br\/#\/schema\/person\/9ec101baf56233e53520c26de5d6f6f0\"},\"breadcrumb\":{\"@id\":\"https:\/\/portalmf.com.br\/index.php\/2024\/09\/17\/pesquisa-aponta-empate-tecnico-entre-jose-ronaldo-e-ze-neto-em-feira-de-santana\/#breadcrumb\"},\"inLanguage\":\"pt-BR\",\"potentialAction\":[{\"@type\":\"ReadAction\",\"target\":[\"https:\/\/portalmf.com.br\/index.php\/2024\/09\/17\/pesquisa-aponta-empate-tecnico-entre-jose-ronaldo-e-ze-neto-em-feira-de-santana\/\"]}]},{\"@type\":\"ImageObject\",\"inLanguage\":\"pt-BR\",\"@id\":\"https:\/\/portalmf.com.br\/index.php\/2024\/09\/17\/pesquisa-aponta-empate-tecnico-entre-jose-ronaldo-e-ze-neto-em-feira-de-santana\/#primaryimage\",\"url\":\"https:\/\/portalmf.com.br\/wp-content\/uploads\/2024\/08\/IMG_20240805_074609-1.jpg\",\"contentUrl\":\"https:\/\/portalmf.com.br\/wp-content\/uploads\/2024\/08\/IMG_20240805_074609-1.jpg\",\"width\":2160,\"height\":1702},{\"@type\":\"BreadcrumbList\",\"@id\":\"https:\/\/portalmf.com.br\/index.php\/2024\/09\/17\/pesquisa-aponta-empate-tecnico-entre-jose-ronaldo-e-ze-neto-em-feira-de-santana\/#breadcrumb\",\"itemListElement\":[{\"@type\":\"ListItem\",\"position\":1,\"name\":\"In\u00edcio\",\"item\":\"https:\/\/portalmf.com.br\/\"},{\"@type\":\"ListItem\",\"position\":2,\"name\":\"Pesquisa aponta empate t\u00e9cnico entre Jos\u00e9 Ronaldo e Z\u00e9 Neto em Feira de santana\"}]},{\"@type\":\"WebSite\",\"@id\":\"https:\/\/portalmf.com.br\/#website\",\"url\":\"https:\/\/portalmf.com.br\/\",\"name\":\"Portal MF\",\"description\":\"Voc\u00ea conectado com a informa\u00e7\u00e3o\",\"potentialAction\":[{\"@type\":\"SearchAction\",\"target\":{\"@type\":\"EntryPoint\",\"urlTemplate\":\"https:\/\/portalmf.com.br\/?s={search_term_string}\"},\"query-input\":\"required name=search_term_string\"}],\"inLanguage\":\"pt-BR\"},{\"@type\":\"Person\",\"@id\":\"https:\/\/portalmf.com.br\/#\/schema\/person\/9ec101baf56233e53520c26de5d6f6f0\",\"name\":\"Reda\u00e7\u00e3o Portal MF\",\"image\":{\"@type\":\"ImageObject\",\"inLanguage\":\"pt-BR\",\"@id\":\"https:\/\/portalmf.com.br\/#\/schema\/person\/image\/\",\"url\":\"https:\/\/secure.gravatar.com\/avatar\/41b9aaeb2100835f7c64362330f74c7f?s=96&d=mm&r=g\",\"contentUrl\":\"https:\/\/secure.gravatar.com\/avatar\/41b9aaeb2100835f7c64362330f74c7f?s=96&d=mm&r=g\",\"caption\":\"Reda\u00e7\u00e3o Portal MF\"},\"description\":\"Sejam bem-vindos o portal de informa\u00e7\u00f5es de entretenimento de Feira de Santana, desde 2006 realiza coberturas dos principais eventos com entrevistas exclusivas com as principais personalidades mundiais. Fique conectado tamb\u00e9m nas redes sociais.\",\"sameAs\":[\"http:\/\/www.portalmf.com.br\/\",\"https:\/\/www.facebook.com\/portalmfoficial\",\"https:\/\/www.instagram.com\/portalmf\/\",\"https:\/\/x.com\/https:\/\/x.com\/portalmfoficial\",\"https:\/\/www.youtube.com\/@portalmfoficial\"],\"url\":\"https:\/\/portalmf.com.br\/index.php\/author\/junior\/\"}]}<\/script>\n<!-- \/ Yoast SEO plugin. -->","yoast_head_json":{"title":"Pesquisa aponta empate t\u00e9cnico entre Jos\u00e9 Ronaldo e Z\u00e9 Neto em Feira de santana - Portal MF","robots":{"index":"index","follow":"follow","max-snippet":"max-snippet:-1","max-image-preview":"max-image-preview:large","max-video-preview":"max-video-preview:-1"},"canonical":"https:\/\/portalmf.com.br\/index.php\/2024\/09\/17\/pesquisa-aponta-empate-tecnico-entre-jose-ronaldo-e-ze-neto-em-feira-de-santana\/","og_locale":"pt_BR","og_type":"article","og_title":"Pesquisa aponta empate t\u00e9cnico entre Jos\u00e9 Ronaldo e Z\u00e9 Neto em Feira de santana - Portal MF","og_description":"Pesquisa realizada pelo IPM Brasil, contratada pela R\u00e1dio Andai\u00e1, que integra a Rede Baiana de R\u00e1dio (RBR) e divulgada nesta ter\u00e7a-feira (17\/9), mostra um empate t\u00e9cnico entre os candidatos Z\u00e9 Neto (PT) e Jos\u00e9 Ronaldo (UB) na disputa pela Prefeitura de Feira de Santana. Este \u00e9 o primeiro resultado da pesquisa realizada tamb\u00e9m em outras [&hellip;]","og_url":"https:\/\/portalmf.com.br\/index.php\/2024\/09\/17\/pesquisa-aponta-empate-tecnico-entre-jose-ronaldo-e-ze-neto-em-feira-de-santana\/","og_site_name":"Portal MF","article_author":"https:\/\/www.facebook.com\/portalmfoficial","article_published_time":"2024-09-18T01:25:14+00:00","article_modified_time":"2024-09-18T01:25:15+00:00","og_image":[{"width":2160,"height":1702,"url":"https:\/\/portalmf.com.br\/wp-content\/uploads\/2024\/08\/IMG_20240805_074609-1.jpg","type":"image\/jpeg"}],"author":"Reda\u00e7\u00e3o Portal MF","twitter_card":"summary_large_image","twitter_creator":"@https:\/\/x.com\/portalmfoficial","twitter_misc":{"Escrito por":"Reda\u00e7\u00e3o Portal MF","Est. tempo de leitura":"3 minutos"},"schema":{"@context":"https:\/\/schema.org","@graph":[{"@type":"WebPage","@id":"https:\/\/portalmf.com.br\/index.php\/2024\/09\/17\/pesquisa-aponta-empate-tecnico-entre-jose-ronaldo-e-ze-neto-em-feira-de-santana\/","url":"https:\/\/portalmf.com.br\/index.php\/2024\/09\/17\/pesquisa-aponta-empate-tecnico-entre-jose-ronaldo-e-ze-neto-em-feira-de-santana\/","name":"Pesquisa aponta empate t\u00e9cnico entre Jos\u00e9 Ronaldo e Z\u00e9 Neto em Feira de santana - Portal MF","isPartOf":{"@id":"https:\/\/portalmf.com.br\/#website"},"primaryImageOfPage":{"@id":"https:\/\/portalmf.com.br\/index.php\/2024\/09\/17\/pesquisa-aponta-empate-tecnico-entre-jose-ronaldo-e-ze-neto-em-feira-de-santana\/#primaryimage"},"image":{"@id":"https:\/\/portalmf.com.br\/index.php\/2024\/09\/17\/pesquisa-aponta-empate-tecnico-entre-jose-ronaldo-e-ze-neto-em-feira-de-santana\/#primaryimage"},"thumbnailUrl":"https:\/\/portalmf.com.br\/wp-content\/uploads\/2024\/08\/IMG_20240805_074609-1.jpg","datePublished":"2024-09-18T01:25:14+00:00","dateModified":"2024-09-18T01:25:15+00:00","author":{"@id":"https:\/\/portalmf.com.br\/#\/schema\/person\/9ec101baf56233e53520c26de5d6f6f0"},"breadcrumb":{"@id":"https:\/\/portalmf.com.br\/index.php\/2024\/09\/17\/pesquisa-aponta-empate-tecnico-entre-jose-ronaldo-e-ze-neto-em-feira-de-santana\/#breadcrumb"},"inLanguage":"pt-BR","potentialAction":[{"@type":"ReadAction","target":["https:\/\/portalmf.com.br\/index.php\/2024\/09\/17\/pesquisa-aponta-empate-tecnico-entre-jose-ronaldo-e-ze-neto-em-feira-de-santana\/"]}]},{"@type":"ImageObject","inLanguage":"pt-BR","@id":"https:\/\/portalmf.com.br\/index.php\/2024\/09\/17\/pesquisa-aponta-empate-tecnico-entre-jose-ronaldo-e-ze-neto-em-feira-de-santana\/#primaryimage","url":"https:\/\/portalmf.com.br\/wp-content\/uploads\/2024\/08\/IMG_20240805_074609-1.jpg","contentUrl":"https:\/\/portalmf.com.br\/wp-content\/uploads\/2024\/08\/IMG_20240805_074609-1.jpg","width":2160,"height":1702},{"@type":"BreadcrumbList","@id":"https:\/\/portalmf.com.br\/index.php\/2024\/09\/17\/pesquisa-aponta-empate-tecnico-entre-jose-ronaldo-e-ze-neto-em-feira-de-santana\/#breadcrumb","itemListElement":[{"@type":"ListItem","position":1,"name":"In\u00edcio","item":"https:\/\/portalmf.com.br\/"},{"@type":"ListItem","position":2,"name":"Pesquisa aponta empate t\u00e9cnico entre Jos\u00e9 Ronaldo e Z\u00e9 Neto em Feira de santana"}]},{"@type":"WebSite","@id":"https:\/\/portalmf.com.br\/#website","url":"https:\/\/portalmf.com.br\/","name":"Portal MF","description":"Voc\u00ea conectado com a informa\u00e7\u00e3o","potentialAction":[{"@type":"SearchAction","target":{"@type":"EntryPoint","urlTemplate":"https:\/\/portalmf.com.br\/?s={search_term_string}"},"query-input":"required name=search_term_string"}],"inLanguage":"pt-BR"},{"@type":"Person","@id":"https:\/\/portalmf.com.br\/#\/schema\/person\/9ec101baf56233e53520c26de5d6f6f0","name":"Reda\u00e7\u00e3o Portal MF","image":{"@type":"ImageObject","inLanguage":"pt-BR","@id":"https:\/\/portalmf.com.br\/#\/schema\/person\/image\/","url":"https:\/\/secure.gravatar.com\/avatar\/41b9aaeb2100835f7c64362330f74c7f?s=96&d=mm&r=g","contentUrl":"https:\/\/secure.gravatar.com\/avatar\/41b9aaeb2100835f7c64362330f74c7f?s=96&d=mm&r=g","caption":"Reda\u00e7\u00e3o Portal MF"},"description":"Sejam bem-vindos o portal de informa\u00e7\u00f5es de entretenimento de Feira de Santana, desde 2006 realiza coberturas dos principais eventos com entrevistas exclusivas com as principais personalidades mundiais. Fique conectado tamb\u00e9m nas redes sociais.","sameAs":["http:\/\/www.portalmf.com.br\/","https:\/\/www.facebook.com\/portalmfoficial","https:\/\/www.instagram.com\/portalmf\/","https:\/\/x.com\/https:\/\/x.com\/portalmfoficial","https:\/\/www.youtube.com\/@portalmfoficial"],"url":"https:\/\/portalmf.com.br\/index.php\/author\/junior\/"}]}},"_links":{"self":[{"href":"https:\/\/portalmf.com.br\/index.php\/wp-json\/wp\/v2\/posts\/29861"}],"collection":[{"href":"https:\/\/portalmf.com.br\/index.php\/wp-json\/wp\/v2\/posts"}],"about":[{"href":"https:\/\/portalmf.com.br\/index.php\/wp-json\/wp\/v2\/types\/post"}],"author":[{"embeddable":true,"href":"https:\/\/portalmf.com.br\/index.php\/wp-json\/wp\/v2\/users\/3"}],"replies":[{"embeddable":true,"href":"https:\/\/portalmf.com.br\/index.php\/wp-json\/wp\/v2\/comments?post=29861"}],"version-history":[{"count":1,"href":"https:\/\/portalmf.com.br\/index.php\/wp-json\/wp\/v2\/posts\/29861\/revisions"}],"predecessor-version":[{"id":29862,"href":"https:\/\/portalmf.com.br\/index.php\/wp-json\/wp\/v2\/posts\/29861\/revisions\/29862"}],"wp:featuredmedia":[{"embeddable":true,"href":"https:\/\/portalmf.com.br\/index.php\/wp-json\/wp\/v2\/media\/28569"}],"wp:attachment":[{"href":"https:\/\/portalmf.com.br\/index.php\/wp-json\/wp\/v2\/media?parent=29861"}],"wp:term":[{"taxonomy":"category","embeddable":true,"href":"https:\/\/portalmf.com.br\/index.php\/wp-json\/wp\/v2\/categories?post=29861"},{"taxonomy":"post_tag","embeddable":true,"href":"https:\/\/portalmf.com.br\/index.php\/wp-json\/wp\/v2\/tags?post=29861"}],"curies":[{"name":"wp","href":"https:\/\/api.w.org\/{rel}","templated":true}]}}