{"id":29799,"date":"2024-09-16T18:52:37","date_gmt":"2024-09-16T21:52:37","guid":{"rendered":"https:\/\/portalmf.com.br\/?p=29799"},"modified":"2024-09-16T18:52:37","modified_gmt":"2024-09-16T21:52:37","slug":"jose-ronaldo-assume-compromisso-de-modernizar-pista-de-bicicross","status":"publish","type":"post","link":"https:\/\/portalmf.com.br\/index.php\/2024\/09\/16\/jose-ronaldo-assume-compromisso-de-modernizar-pista-de-bicicross\/","title":{"rendered":"Jos\u00e9 Ronaldo assume compromisso de modernizar pista de bicicross"},"content":{"rendered":"\n<p>O candidato a prefeito de Feira de Santana, Jos\u00e9 Ronaldo (Uni\u00e3o Brasil), anunciou seu compromisso de revitalizar e modernizar a pista de bicicross no bairro Campo Limpo, constru\u00edda durante sua gest\u00e3o anterior. Em reuni\u00e3o com atletas amadores e profissionais da modalidade, Jos\u00e9 Ronaldo afirmou que, caso eleito, dar\u00e1 uma nova estrutura \u00e0 pista, tornando-a ainda mais moderna e adaptada para a pr\u00e1tica de pump track, circuito cont\u00ednuo que combina velocidade e saltos radicais.<\/p>\n\n\n\n<p>Durante o encontro, que reuniu destaques do bicicross nos cen\u00e1rios municipal, estadual e nacional, o candidato recebeu um projeto elaborado por um dos atletas, que tamb\u00e9m \u00e9 engenheiro. O documento prop\u00f5e uma nova configura\u00e7\u00e3o para a pista com o objetivo de preparar os atletas feirenses para competi\u00e7\u00f5es de alto n\u00edvel, tanto no Brasil quanto no exterior. A proposta foi recebida com entusiasmo por Jos\u00e9 Ronaldo, que destacou a import\u00e2ncia de oferecer uma estrutura adequada para que os esportistas da cidade continuem se destacando no cen\u00e1rio internacional.<\/p>\n\n\n\n<p>Acompanhado do candidato a vereador Jorge Oliveira, Ronaldo reafirmou seu compromisso com o incentivo ao esporte em Feira de Santana. &#8220;N\u00f3s sempre estivemos abertos para apoiar a pr\u00e1tica esportiva e agora n\u00e3o ser\u00e1 diferente. A revitaliza\u00e7\u00e3o da pista de bicicross ser\u00e1 uma das primeiras a\u00e7\u00f5es que vamos adotar. Queremos que nossos atletas tenham as melhores condi\u00e7\u00f5es para treinar e competir&#8221;, afirmou o candidato.<\/p>\n\n\n\n<p>O bicicross de Feira de Santana j\u00e1 revelou diversos talentos que conquistaram pr\u00eamios importantes em competi\u00e7\u00f5es internacionais, elevando o nome da cidade no cen\u00e1rio esportivo. A proposta de moderniza\u00e7\u00e3o da pista refor\u00e7a a aten\u00e7\u00e3o de Jos\u00e9 Ronaldo com o desenvolvimento esportivo local e seu compromisso de continuar incentivando as modalidades que fazem a diferen\u00e7a na vida dos jovens feirenses.<\/p>\n\n\n\n<p>Com esse compromisso, Jos\u00e9 Ronaldo refor\u00e7a sua plataforma de governo voltada para o esporte, prometendo uma gest\u00e3o que apoie n\u00e3o apenas o bicicross, mas outras modalidades, visando promover a sa\u00fade, bem-estar e inclus\u00e3o social atrav\u00e9s do esporte.<\/p>\n\n\n\n<p>Com informa\u00e7\u00f5es da Ascom\/Jos\u00e9 Ronaldo<\/p>\n","protected":false},"excerpt":{"rendered":"<p>O candidato a prefeito de Feira de Santana, Jos\u00e9 Ronaldo (Uni\u00e3o Brasil), anunciou seu compromisso de revitalizar e modernizar a pista de bicicross no bairro Campo Limpo, constru\u00edda durante sua gest\u00e3o anterior. Em reuni\u00e3o com atletas amadores e profissionais da modalidade, Jos\u00e9 Ronaldo afirmou que, caso eleito, dar\u00e1 uma nova estrutura \u00e0 pista, tornando-a ainda [&hellip;]<\/p>\n","protected":false},"author":3,"featured_media":29800,"comment_status":"open","ping_status":"open","sticky":false,"template":"","format":"standard","meta":{"_monsterinsights_skip_tracking":false,"_monsterinsights_sitenote_active":false,"_monsterinsights_sitenote_note":"","_monsterinsights_sitenote_category":0,"footnotes":""},"categories":[301,34],"tags":[],"yoast_head":"<!-- This site is optimized with the Yoast SEO plugin v22.9 - https:\/\/yoast.com\/wordpress\/plugins\/seo\/ -->\n<title>Jos\u00e9 Ronaldo assume compromisso de modernizar pista de bicicross - Portal MF<\/title>\n<meta name=\"robots\" content=\"index, follow, max-snippet:-1, max-image-preview:large, max-video-preview:-1\" \/>\n<link rel=\"canonical\" href=\"https:\/\/portalmf.com.br\/index.php\/2024\/09\/16\/jose-ronaldo-assume-compromisso-de-modernizar-pista-de-bicicross\/\" \/>\n<meta property=\"og:locale\" content=\"pt_BR\" \/>\n<meta property=\"og:type\" content=\"article\" \/>\n<meta property=\"og:title\" content=\"Jos\u00e9 Ronaldo assume compromisso de modernizar pista de bicicross - Portal MF\" \/>\n<meta property=\"og:description\" content=\"O candidato a prefeito de Feira de Santana, Jos\u00e9 Ronaldo (Uni\u00e3o Brasil), anunciou seu compromisso de revitalizar e modernizar a pista de bicicross no bairro Campo Limpo, constru\u00edda durante sua gest\u00e3o anterior. Em reuni\u00e3o com atletas amadores e profissionais da modalidade, Jos\u00e9 Ronaldo afirmou que, caso eleito, dar\u00e1 uma nova estrutura \u00e0 pista, tornando-a ainda [&hellip;]\" \/>\n<meta property=\"og:url\" content=\"https:\/\/portalmf.com.br\/index.php\/2024\/09\/16\/jose-ronaldo-assume-compromisso-de-modernizar-pista-de-bicicross\/\" \/>\n<meta property=\"og:site_name\" content=\"Portal MF\" \/>\n<meta property=\"article:author\" content=\"https:\/\/www.facebook.com\/portalmfoficial\" \/>\n<meta property=\"article:published_time\" content=\"2024-09-16T21:52:37+00:00\" \/>\n<meta property=\"og:image\" content=\"https:\/\/portalmf.com.br\/wp-content\/uploads\/2024\/09\/Jose-Ronaldo-assume-compromisso-de-modernizar-pista-de-bicicross.jpg\" \/>\n\t<meta property=\"og:image:width\" content=\"800\" \/>\n\t<meta property=\"og:image:height\" content=\"533\" \/>\n\t<meta property=\"og:image:type\" content=\"image\/jpeg\" \/>\n<meta name=\"author\" content=\"Reda\u00e7\u00e3o Portal MF\" \/>\n<meta name=\"twitter:card\" content=\"summary_large_image\" \/>\n<meta name=\"twitter:creator\" content=\"@https:\/\/x.com\/portalmfoficial\" \/>\n<meta name=\"twitter:label1\" content=\"Escrito por\" \/>\n\t<meta name=\"twitter:data1\" content=\"Reda\u00e7\u00e3o Portal MF\" \/>\n\t<meta name=\"twitter:label2\" content=\"Est. tempo de leitura\" \/>\n\t<meta name=\"twitter:data2\" content=\"2 minutos\" \/>\n<script type=\"application\/ld+json\" class=\"yoast-schema-graph\">{\"@context\":\"https:\/\/schema.org\",\"@graph\":[{\"@type\":\"WebPage\",\"@id\":\"https:\/\/portalmf.com.br\/index.php\/2024\/09\/16\/jose-ronaldo-assume-compromisso-de-modernizar-pista-de-bicicross\/\",\"url\":\"https:\/\/portalmf.com.br\/index.php\/2024\/09\/16\/jose-ronaldo-assume-compromisso-de-modernizar-pista-de-bicicross\/\",\"name\":\"Jos\u00e9 Ronaldo assume compromisso de modernizar pista de bicicross - Portal MF\",\"isPartOf\":{\"@id\":\"https:\/\/portalmf.com.br\/#website\"},\"primaryImageOfPage\":{\"@id\":\"https:\/\/portalmf.com.br\/index.php\/2024\/09\/16\/jose-ronaldo-assume-compromisso-de-modernizar-pista-de-bicicross\/#primaryimage\"},\"image\":{\"@id\":\"https:\/\/portalmf.com.br\/index.php\/2024\/09\/16\/jose-ronaldo-assume-compromisso-de-modernizar-pista-de-bicicross\/#primaryimage\"},\"thumbnailUrl\":\"https:\/\/portalmf.com.br\/wp-content\/uploads\/2024\/09\/Jose-Ronaldo-assume-compromisso-de-modernizar-pista-de-bicicross.jpg\",\"datePublished\":\"2024-09-16T21:52:37+00:00\",\"dateModified\":\"2024-09-16T21:52:37+00:00\",\"author\":{\"@id\":\"https:\/\/portalmf.com.br\/#\/schema\/person\/9ec101baf56233e53520c26de5d6f6f0\"},\"breadcrumb\":{\"@id\":\"https:\/\/portalmf.com.br\/index.php\/2024\/09\/16\/jose-ronaldo-assume-compromisso-de-modernizar-pista-de-bicicross\/#breadcrumb\"},\"inLanguage\":\"pt-BR\",\"potentialAction\":[{\"@type\":\"ReadAction\",\"target\":[\"https:\/\/portalmf.com.br\/index.php\/2024\/09\/16\/jose-ronaldo-assume-compromisso-de-modernizar-pista-de-bicicross\/\"]}]},{\"@type\":\"ImageObject\",\"inLanguage\":\"pt-BR\",\"@id\":\"https:\/\/portalmf.com.br\/index.php\/2024\/09\/16\/jose-ronaldo-assume-compromisso-de-modernizar-pista-de-bicicross\/#primaryimage\",\"url\":\"https:\/\/portalmf.com.br\/wp-content\/uploads\/2024\/09\/Jose-Ronaldo-assume-compromisso-de-modernizar-pista-de-bicicross.jpg\",\"contentUrl\":\"https:\/\/portalmf.com.br\/wp-content\/uploads\/2024\/09\/Jose-Ronaldo-assume-compromisso-de-modernizar-pista-de-bicicross.jpg\",\"width\":800,\"height\":533},{\"@type\":\"BreadcrumbList\",\"@id\":\"https:\/\/portalmf.com.br\/index.php\/2024\/09\/16\/jose-ronaldo-assume-compromisso-de-modernizar-pista-de-bicicross\/#breadcrumb\",\"itemListElement\":[{\"@type\":\"ListItem\",\"position\":1,\"name\":\"In\u00edcio\",\"item\":\"https:\/\/portalmf.com.br\/\"},{\"@type\":\"ListItem\",\"position\":2,\"name\":\"Jos\u00e9 Ronaldo assume compromisso de modernizar pista de bicicross\"}]},{\"@type\":\"WebSite\",\"@id\":\"https:\/\/portalmf.com.br\/#website\",\"url\":\"https:\/\/portalmf.com.br\/\",\"name\":\"Portal MF\",\"description\":\"Voc\u00ea conectado com a informa\u00e7\u00e3o\",\"potentialAction\":[{\"@type\":\"SearchAction\",\"target\":{\"@type\":\"EntryPoint\",\"urlTemplate\":\"https:\/\/portalmf.com.br\/?s={search_term_string}\"},\"query-input\":\"required name=search_term_string\"}],\"inLanguage\":\"pt-BR\"},{\"@type\":\"Person\",\"@id\":\"https:\/\/portalmf.com.br\/#\/schema\/person\/9ec101baf56233e53520c26de5d6f6f0\",\"name\":\"Reda\u00e7\u00e3o Portal MF\",\"image\":{\"@type\":\"ImageObject\",\"inLanguage\":\"pt-BR\",\"@id\":\"https:\/\/portalmf.com.br\/#\/schema\/person\/image\/\",\"url\":\"https:\/\/secure.gravatar.com\/avatar\/41b9aaeb2100835f7c64362330f74c7f?s=96&d=mm&r=g\",\"contentUrl\":\"https:\/\/secure.gravatar.com\/avatar\/41b9aaeb2100835f7c64362330f74c7f?s=96&d=mm&r=g\",\"caption\":\"Reda\u00e7\u00e3o Portal MF\"},\"description\":\"Sejam bem-vindos o portal de informa\u00e7\u00f5es de entretenimento de Feira de Santana, desde 2006 realiza coberturas dos principais eventos com entrevistas exclusivas com as principais personalidades mundiais. Fique conectado tamb\u00e9m nas redes sociais.\",\"sameAs\":[\"http:\/\/www.portalmf.com.br\/\",\"https:\/\/www.facebook.com\/portalmfoficial\",\"https:\/\/www.instagram.com\/portalmf\/\",\"https:\/\/x.com\/https:\/\/x.com\/portalmfoficial\",\"https:\/\/www.youtube.com\/@portalmfoficial\"],\"url\":\"https:\/\/portalmf.com.br\/index.php\/author\/junior\/\"}]}<\/script>\n<!-- \/ Yoast SEO plugin. -->","yoast_head_json":{"title":"Jos\u00e9 Ronaldo assume compromisso de modernizar pista de bicicross - Portal MF","robots":{"index":"index","follow":"follow","max-snippet":"max-snippet:-1","max-image-preview":"max-image-preview:large","max-video-preview":"max-video-preview:-1"},"canonical":"https:\/\/portalmf.com.br\/index.php\/2024\/09\/16\/jose-ronaldo-assume-compromisso-de-modernizar-pista-de-bicicross\/","og_locale":"pt_BR","og_type":"article","og_title":"Jos\u00e9 Ronaldo assume compromisso de modernizar pista de bicicross - Portal MF","og_description":"O candidato a prefeito de Feira de Santana, Jos\u00e9 Ronaldo (Uni\u00e3o Brasil), anunciou seu compromisso de revitalizar e modernizar a pista de bicicross no bairro Campo Limpo, constru\u00edda durante sua gest\u00e3o anterior. Em reuni\u00e3o com atletas amadores e profissionais da modalidade, Jos\u00e9 Ronaldo afirmou que, caso eleito, dar\u00e1 uma nova estrutura \u00e0 pista, tornando-a ainda [&hellip;]","og_url":"https:\/\/portalmf.com.br\/index.php\/2024\/09\/16\/jose-ronaldo-assume-compromisso-de-modernizar-pista-de-bicicross\/","og_site_name":"Portal MF","article_author":"https:\/\/www.facebook.com\/portalmfoficial","article_published_time":"2024-09-16T21:52:37+00:00","og_image":[{"width":800,"height":533,"url":"https:\/\/portalmf.com.br\/wp-content\/uploads\/2024\/09\/Jose-Ronaldo-assume-compromisso-de-modernizar-pista-de-bicicross.jpg","type":"image\/jpeg"}],"author":"Reda\u00e7\u00e3o Portal MF","twitter_card":"summary_large_image","twitter_creator":"@https:\/\/x.com\/portalmfoficial","twitter_misc":{"Escrito por":"Reda\u00e7\u00e3o Portal MF","Est. tempo de leitura":"2 minutos"},"schema":{"@context":"https:\/\/schema.org","@graph":[{"@type":"WebPage","@id":"https:\/\/portalmf.com.br\/index.php\/2024\/09\/16\/jose-ronaldo-assume-compromisso-de-modernizar-pista-de-bicicross\/","url":"https:\/\/portalmf.com.br\/index.php\/2024\/09\/16\/jose-ronaldo-assume-compromisso-de-modernizar-pista-de-bicicross\/","name":"Jos\u00e9 Ronaldo assume compromisso de modernizar pista de bicicross - Portal MF","isPartOf":{"@id":"https:\/\/portalmf.com.br\/#website"},"primaryImageOfPage":{"@id":"https:\/\/portalmf.com.br\/index.php\/2024\/09\/16\/jose-ronaldo-assume-compromisso-de-modernizar-pista-de-bicicross\/#primaryimage"},"image":{"@id":"https:\/\/portalmf.com.br\/index.php\/2024\/09\/16\/jose-ronaldo-assume-compromisso-de-modernizar-pista-de-bicicross\/#primaryimage"},"thumbnailUrl":"https:\/\/portalmf.com.br\/wp-content\/uploads\/2024\/09\/Jose-Ronaldo-assume-compromisso-de-modernizar-pista-de-bicicross.jpg","datePublished":"2024-09-16T21:52:37+00:00","dateModified":"2024-09-16T21:52:37+00:00","author":{"@id":"https:\/\/portalmf.com.br\/#\/schema\/person\/9ec101baf56233e53520c26de5d6f6f0"},"breadcrumb":{"@id":"https:\/\/portalmf.com.br\/index.php\/2024\/09\/16\/jose-ronaldo-assume-compromisso-de-modernizar-pista-de-bicicross\/#breadcrumb"},"inLanguage":"pt-BR","potentialAction":[{"@type":"ReadAction","target":["https:\/\/portalmf.com.br\/index.php\/2024\/09\/16\/jose-ronaldo-assume-compromisso-de-modernizar-pista-de-bicicross\/"]}]},{"@type":"ImageObject","inLanguage":"pt-BR","@id":"https:\/\/portalmf.com.br\/index.php\/2024\/09\/16\/jose-ronaldo-assume-compromisso-de-modernizar-pista-de-bicicross\/#primaryimage","url":"https:\/\/portalmf.com.br\/wp-content\/uploads\/2024\/09\/Jose-Ronaldo-assume-compromisso-de-modernizar-pista-de-bicicross.jpg","contentUrl":"https:\/\/portalmf.com.br\/wp-content\/uploads\/2024\/09\/Jose-Ronaldo-assume-compromisso-de-modernizar-pista-de-bicicross.jpg","width":800,"height":533},{"@type":"BreadcrumbList","@id":"https:\/\/portalmf.com.br\/index.php\/2024\/09\/16\/jose-ronaldo-assume-compromisso-de-modernizar-pista-de-bicicross\/#breadcrumb","itemListElement":[{"@type":"ListItem","position":1,"name":"In\u00edcio","item":"https:\/\/portalmf.com.br\/"},{"@type":"ListItem","position":2,"name":"Jos\u00e9 Ronaldo assume compromisso de modernizar pista de bicicross"}]},{"@type":"WebSite","@id":"https:\/\/portalmf.com.br\/#website","url":"https:\/\/portalmf.com.br\/","name":"Portal MF","description":"Voc\u00ea conectado com a informa\u00e7\u00e3o","potentialAction":[{"@type":"SearchAction","target":{"@type":"EntryPoint","urlTemplate":"https:\/\/portalmf.com.br\/?s={search_term_string}"},"query-input":"required name=search_term_string"}],"inLanguage":"pt-BR"},{"@type":"Person","@id":"https:\/\/portalmf.com.br\/#\/schema\/person\/9ec101baf56233e53520c26de5d6f6f0","name":"Reda\u00e7\u00e3o Portal MF","image":{"@type":"ImageObject","inLanguage":"pt-BR","@id":"https:\/\/portalmf.com.br\/#\/schema\/person\/image\/","url":"https:\/\/secure.gravatar.com\/avatar\/41b9aaeb2100835f7c64362330f74c7f?s=96&d=mm&r=g","contentUrl":"https:\/\/secure.gravatar.com\/avatar\/41b9aaeb2100835f7c64362330f74c7f?s=96&d=mm&r=g","caption":"Reda\u00e7\u00e3o Portal MF"},"description":"Sejam bem-vindos o portal de informa\u00e7\u00f5es de entretenimento de Feira de Santana, desde 2006 realiza coberturas dos principais eventos com entrevistas exclusivas com as principais personalidades mundiais. Fique conectado tamb\u00e9m nas redes sociais.","sameAs":["http:\/\/www.portalmf.com.br\/","https:\/\/www.facebook.com\/portalmfoficial","https:\/\/www.instagram.com\/portalmf\/","https:\/\/x.com\/https:\/\/x.com\/portalmfoficial","https:\/\/www.youtube.com\/@portalmfoficial"],"url":"https:\/\/portalmf.com.br\/index.php\/author\/junior\/"}]}},"_links":{"self":[{"href":"https:\/\/portalmf.com.br\/index.php\/wp-json\/wp\/v2\/posts\/29799"}],"collection":[{"href":"https:\/\/portalmf.com.br\/index.php\/wp-json\/wp\/v2\/posts"}],"about":[{"href":"https:\/\/portalmf.com.br\/index.php\/wp-json\/wp\/v2\/types\/post"}],"author":[{"embeddable":true,"href":"https:\/\/portalmf.com.br\/index.php\/wp-json\/wp\/v2\/users\/3"}],"replies":[{"embeddable":true,"href":"https:\/\/portalmf.com.br\/index.php\/wp-json\/wp\/v2\/comments?post=29799"}],"version-history":[{"count":1,"href":"https:\/\/portalmf.com.br\/index.php\/wp-json\/wp\/v2\/posts\/29799\/revisions"}],"predecessor-version":[{"id":29801,"href":"https:\/\/portalmf.com.br\/index.php\/wp-json\/wp\/v2\/posts\/29799\/revisions\/29801"}],"wp:featuredmedia":[{"embeddable":true,"href":"https:\/\/portalmf.com.br\/index.php\/wp-json\/wp\/v2\/media\/29800"}],"wp:attachment":[{"href":"https:\/\/portalmf.com.br\/index.php\/wp-json\/wp\/v2\/media?parent=29799"}],"wp:term":[{"taxonomy":"category","embeddable":true,"href":"https:\/\/portalmf.com.br\/index.php\/wp-json\/wp\/v2\/categories?post=29799"},{"taxonomy":"post_tag","embeddable":true,"href":"https:\/\/portalmf.com.br\/index.php\/wp-json\/wp\/v2\/tags?post=29799"}],"curies":[{"name":"wp","href":"https:\/\/api.w.org\/{rel}","templated":true}]}}