{"id":29796,"date":"2024-09-16T18:49:30","date_gmt":"2024-09-16T21:49:30","guid":{"rendered":"https:\/\/portalmf.com.br\/?p=29796"},"modified":"2024-09-16T18:49:31","modified_gmt":"2024-09-16T21:49:31","slug":"carlos-medeiros-propoe-reforma-administrativa-para-investir-em-servicos-essenciais","status":"publish","type":"post","link":"https:\/\/portalmf.com.br\/index.php\/2024\/09\/16\/carlos-medeiros-propoe-reforma-administrativa-para-investir-em-servicos-essenciais\/","title":{"rendered":"Carlos Medeiros prop\u00f5e reforma administrativa para investir em servi\u00e7os essenciais"},"content":{"rendered":"\n<p>O candidato \u00e0 prefeitura de Feira de Santana, Carlos Medeiros (Novo) apresentou uma proposta de reforma administrativa durante entrevista ao Jornal TransBrasil na manh\u00e3 desta segunda (16). Ele destacou seu compromisso em priorizar servi\u00e7os essenciais para a popula\u00e7\u00e3o.<\/p>\n\n\n\n<p>Carlos Medeiros anunciou que, se eleito, planeja cortar pela metade o n\u00famero de secretarias municipais. Ele acredita que com os recursos economizados pela redu\u00e7\u00e3o das secretarias, sobrar\u00e1 recursos para investir na contrata\u00e7\u00e3o de m\u00e9dicos, enfermeiros e guardas municipais, al\u00e9m de outros profissionais para a garantia de servi\u00e7os essenciais.<\/p>\n\n\n\n<p>&#8220;Atualmente, temos 32 secretarias, muitas das quais existem apenas para alimentar interesses pol\u00edticos e n\u00e3o para servir ao cidad\u00e3o. \u00c9 hora de mudar essa realidade. Precisamos de profissionais que realmente fa\u00e7am a diferen\u00e7a na vida das pessoas. Vamos direcionar o dinheiro para onde ele \u00e9 mais necess\u00e1rio: na sa\u00fade, educa\u00e7\u00e3o e seguran\u00e7a&#8221;, destacou.<\/p>\n\n\n\n<p>Carlos ainda criticou o que chamou de &#8220;loteamento pol\u00edtico&#8221;, onde secretarias s\u00e3o usadas para agradar partidos aliados, com troca de favores. Ele destacou que as secretarias devem existir para atender as necessidades da popula\u00e7\u00e3o.<\/p>\n\n\n\n<p>&#8220;Vamos acabar com essa panelinha e investir em quem realmente importa: o cidad\u00e3o de Feira de Santana, focando nas necessidades do povo, que \u00e9 quem realmente precisa.&#8221;<\/p>\n\n\n\n<p>Com informa\u00e7\u00f5es da Ascom \/ Carlos Medeiros<\/p>\n","protected":false},"excerpt":{"rendered":"<p>O candidato \u00e0 prefeitura de Feira de Santana, Carlos Medeiros (Novo) apresentou uma proposta de reforma administrativa durante entrevista ao Jornal TransBrasil na manh\u00e3 desta segunda (16). Ele destacou seu compromisso em priorizar servi\u00e7os essenciais para a popula\u00e7\u00e3o. Carlos Medeiros anunciou que, se eleito, planeja cortar pela metade o n\u00famero de secretarias municipais. Ele acredita [&hellip;]<\/p>\n","protected":false},"author":3,"featured_media":29797,"comment_status":"open","ping_status":"open","sticky":false,"template":"","format":"standard","meta":{"_monsterinsights_skip_tracking":false,"_monsterinsights_sitenote_active":false,"_monsterinsights_sitenote_note":"","_monsterinsights_sitenote_category":0,"footnotes":""},"categories":[301,34],"tags":[],"yoast_head":"<!-- This site is optimized with the Yoast SEO plugin v22.9 - https:\/\/yoast.com\/wordpress\/plugins\/seo\/ -->\n<title>Carlos Medeiros prop\u00f5e reforma administrativa para investir em servi\u00e7os essenciais - Portal MF<\/title>\n<meta name=\"robots\" content=\"index, follow, max-snippet:-1, max-image-preview:large, max-video-preview:-1\" \/>\n<link rel=\"canonical\" href=\"https:\/\/portalmf.com.br\/index.php\/2024\/09\/16\/carlos-medeiros-propoe-reforma-administrativa-para-investir-em-servicos-essenciais\/\" \/>\n<meta property=\"og:locale\" content=\"pt_BR\" \/>\n<meta property=\"og:type\" content=\"article\" \/>\n<meta property=\"og:title\" content=\"Carlos Medeiros prop\u00f5e reforma administrativa para investir em servi\u00e7os essenciais - Portal MF\" \/>\n<meta property=\"og:description\" content=\"O candidato \u00e0 prefeitura de Feira de Santana, Carlos Medeiros (Novo) apresentou uma proposta de reforma administrativa durante entrevista ao Jornal TransBrasil na manh\u00e3 desta segunda (16). Ele destacou seu compromisso em priorizar servi\u00e7os essenciais para a popula\u00e7\u00e3o. Carlos Medeiros anunciou que, se eleito, planeja cortar pela metade o n\u00famero de secretarias municipais. Ele acredita [&hellip;]\" \/>\n<meta property=\"og:url\" content=\"https:\/\/portalmf.com.br\/index.php\/2024\/09\/16\/carlos-medeiros-propoe-reforma-administrativa-para-investir-em-servicos-essenciais\/\" \/>\n<meta property=\"og:site_name\" content=\"Portal MF\" \/>\n<meta property=\"article:author\" content=\"https:\/\/www.facebook.com\/portalmfoficial\" \/>\n<meta property=\"article:published_time\" content=\"2024-09-16T21:49:30+00:00\" \/>\n<meta property=\"article:modified_time\" content=\"2024-09-16T21:49:31+00:00\" \/>\n<meta property=\"og:image\" content=\"https:\/\/portalmf.com.br\/wp-content\/uploads\/2024\/09\/Carlos-Medeiros-propoe-reforma-administrativa-para-investir-em-servicos-essenciais.jpg\" \/>\n\t<meta property=\"og:image:width\" content=\"800\" \/>\n\t<meta property=\"og:image:height\" content=\"487\" \/>\n\t<meta property=\"og:image:type\" content=\"image\/jpeg\" \/>\n<meta name=\"author\" content=\"Reda\u00e7\u00e3o Portal MF\" \/>\n<meta name=\"twitter:card\" content=\"summary_large_image\" \/>\n<meta name=\"twitter:creator\" content=\"@https:\/\/x.com\/portalmfoficial\" \/>\n<meta name=\"twitter:label1\" content=\"Escrito por\" \/>\n\t<meta name=\"twitter:data1\" content=\"Reda\u00e7\u00e3o Portal MF\" \/>\n\t<meta name=\"twitter:label2\" content=\"Est. tempo de leitura\" \/>\n\t<meta name=\"twitter:data2\" content=\"2 minutos\" \/>\n<script type=\"application\/ld+json\" class=\"yoast-schema-graph\">{\"@context\":\"https:\/\/schema.org\",\"@graph\":[{\"@type\":\"WebPage\",\"@id\":\"https:\/\/portalmf.com.br\/index.php\/2024\/09\/16\/carlos-medeiros-propoe-reforma-administrativa-para-investir-em-servicos-essenciais\/\",\"url\":\"https:\/\/portalmf.com.br\/index.php\/2024\/09\/16\/carlos-medeiros-propoe-reforma-administrativa-para-investir-em-servicos-essenciais\/\",\"name\":\"Carlos Medeiros prop\u00f5e reforma administrativa para investir em servi\u00e7os essenciais - Portal MF\",\"isPartOf\":{\"@id\":\"https:\/\/portalmf.com.br\/#website\"},\"primaryImageOfPage\":{\"@id\":\"https:\/\/portalmf.com.br\/index.php\/2024\/09\/16\/carlos-medeiros-propoe-reforma-administrativa-para-investir-em-servicos-essenciais\/#primaryimage\"},\"image\":{\"@id\":\"https:\/\/portalmf.com.br\/index.php\/2024\/09\/16\/carlos-medeiros-propoe-reforma-administrativa-para-investir-em-servicos-essenciais\/#primaryimage\"},\"thumbnailUrl\":\"https:\/\/portalmf.com.br\/wp-content\/uploads\/2024\/09\/Carlos-Medeiros-propoe-reforma-administrativa-para-investir-em-servicos-essenciais.jpg\",\"datePublished\":\"2024-09-16T21:49:30+00:00\",\"dateModified\":\"2024-09-16T21:49:31+00:00\",\"author\":{\"@id\":\"https:\/\/portalmf.com.br\/#\/schema\/person\/9ec101baf56233e53520c26de5d6f6f0\"},\"breadcrumb\":{\"@id\":\"https:\/\/portalmf.com.br\/index.php\/2024\/09\/16\/carlos-medeiros-propoe-reforma-administrativa-para-investir-em-servicos-essenciais\/#breadcrumb\"},\"inLanguage\":\"pt-BR\",\"potentialAction\":[{\"@type\":\"ReadAction\",\"target\":[\"https:\/\/portalmf.com.br\/index.php\/2024\/09\/16\/carlos-medeiros-propoe-reforma-administrativa-para-investir-em-servicos-essenciais\/\"]}]},{\"@type\":\"ImageObject\",\"inLanguage\":\"pt-BR\",\"@id\":\"https:\/\/portalmf.com.br\/index.php\/2024\/09\/16\/carlos-medeiros-propoe-reforma-administrativa-para-investir-em-servicos-essenciais\/#primaryimage\",\"url\":\"https:\/\/portalmf.com.br\/wp-content\/uploads\/2024\/09\/Carlos-Medeiros-propoe-reforma-administrativa-para-investir-em-servicos-essenciais.jpg\",\"contentUrl\":\"https:\/\/portalmf.com.br\/wp-content\/uploads\/2024\/09\/Carlos-Medeiros-propoe-reforma-administrativa-para-investir-em-servicos-essenciais.jpg\",\"width\":800,\"height\":487},{\"@type\":\"BreadcrumbList\",\"@id\":\"https:\/\/portalmf.com.br\/index.php\/2024\/09\/16\/carlos-medeiros-propoe-reforma-administrativa-para-investir-em-servicos-essenciais\/#breadcrumb\",\"itemListElement\":[{\"@type\":\"ListItem\",\"position\":1,\"name\":\"In\u00edcio\",\"item\":\"https:\/\/portalmf.com.br\/\"},{\"@type\":\"ListItem\",\"position\":2,\"name\":\"Carlos Medeiros prop\u00f5e reforma administrativa para investir em servi\u00e7os essenciais\"}]},{\"@type\":\"WebSite\",\"@id\":\"https:\/\/portalmf.com.br\/#website\",\"url\":\"https:\/\/portalmf.com.br\/\",\"name\":\"Portal MF\",\"description\":\"Voc\u00ea conectado com a informa\u00e7\u00e3o\",\"potentialAction\":[{\"@type\":\"SearchAction\",\"target\":{\"@type\":\"EntryPoint\",\"urlTemplate\":\"https:\/\/portalmf.com.br\/?s={search_term_string}\"},\"query-input\":\"required name=search_term_string\"}],\"inLanguage\":\"pt-BR\"},{\"@type\":\"Person\",\"@id\":\"https:\/\/portalmf.com.br\/#\/schema\/person\/9ec101baf56233e53520c26de5d6f6f0\",\"name\":\"Reda\u00e7\u00e3o Portal MF\",\"image\":{\"@type\":\"ImageObject\",\"inLanguage\":\"pt-BR\",\"@id\":\"https:\/\/portalmf.com.br\/#\/schema\/person\/image\/\",\"url\":\"https:\/\/secure.gravatar.com\/avatar\/41b9aaeb2100835f7c64362330f74c7f?s=96&d=mm&r=g\",\"contentUrl\":\"https:\/\/secure.gravatar.com\/avatar\/41b9aaeb2100835f7c64362330f74c7f?s=96&d=mm&r=g\",\"caption\":\"Reda\u00e7\u00e3o Portal MF\"},\"description\":\"Sejam bem-vindos o portal de informa\u00e7\u00f5es de entretenimento de Feira de Santana, desde 2006 realiza coberturas dos principais eventos com entrevistas exclusivas com as principais personalidades mundiais. Fique conectado tamb\u00e9m nas redes sociais.\",\"sameAs\":[\"http:\/\/www.portalmf.com.br\/\",\"https:\/\/www.facebook.com\/portalmfoficial\",\"https:\/\/www.instagram.com\/portalmf\/\",\"https:\/\/x.com\/https:\/\/x.com\/portalmfoficial\",\"https:\/\/www.youtube.com\/@portalmfoficial\"],\"url\":\"https:\/\/portalmf.com.br\/index.php\/author\/junior\/\"}]}<\/script>\n<!-- \/ Yoast SEO plugin. -->","yoast_head_json":{"title":"Carlos Medeiros prop\u00f5e reforma administrativa para investir em servi\u00e7os essenciais - Portal MF","robots":{"index":"index","follow":"follow","max-snippet":"max-snippet:-1","max-image-preview":"max-image-preview:large","max-video-preview":"max-video-preview:-1"},"canonical":"https:\/\/portalmf.com.br\/index.php\/2024\/09\/16\/carlos-medeiros-propoe-reforma-administrativa-para-investir-em-servicos-essenciais\/","og_locale":"pt_BR","og_type":"article","og_title":"Carlos Medeiros prop\u00f5e reforma administrativa para investir em servi\u00e7os essenciais - Portal MF","og_description":"O candidato \u00e0 prefeitura de Feira de Santana, Carlos Medeiros (Novo) apresentou uma proposta de reforma administrativa durante entrevista ao Jornal TransBrasil na manh\u00e3 desta segunda (16). Ele destacou seu compromisso em priorizar servi\u00e7os essenciais para a popula\u00e7\u00e3o. Carlos Medeiros anunciou que, se eleito, planeja cortar pela metade o n\u00famero de secretarias municipais. Ele acredita [&hellip;]","og_url":"https:\/\/portalmf.com.br\/index.php\/2024\/09\/16\/carlos-medeiros-propoe-reforma-administrativa-para-investir-em-servicos-essenciais\/","og_site_name":"Portal MF","article_author":"https:\/\/www.facebook.com\/portalmfoficial","article_published_time":"2024-09-16T21:49:30+00:00","article_modified_time":"2024-09-16T21:49:31+00:00","og_image":[{"width":800,"height":487,"url":"https:\/\/portalmf.com.br\/wp-content\/uploads\/2024\/09\/Carlos-Medeiros-propoe-reforma-administrativa-para-investir-em-servicos-essenciais.jpg","type":"image\/jpeg"}],"author":"Reda\u00e7\u00e3o Portal MF","twitter_card":"summary_large_image","twitter_creator":"@https:\/\/x.com\/portalmfoficial","twitter_misc":{"Escrito por":"Reda\u00e7\u00e3o Portal MF","Est. tempo de leitura":"2 minutos"},"schema":{"@context":"https:\/\/schema.org","@graph":[{"@type":"WebPage","@id":"https:\/\/portalmf.com.br\/index.php\/2024\/09\/16\/carlos-medeiros-propoe-reforma-administrativa-para-investir-em-servicos-essenciais\/","url":"https:\/\/portalmf.com.br\/index.php\/2024\/09\/16\/carlos-medeiros-propoe-reforma-administrativa-para-investir-em-servicos-essenciais\/","name":"Carlos Medeiros prop\u00f5e reforma administrativa para investir em servi\u00e7os essenciais - Portal MF","isPartOf":{"@id":"https:\/\/portalmf.com.br\/#website"},"primaryImageOfPage":{"@id":"https:\/\/portalmf.com.br\/index.php\/2024\/09\/16\/carlos-medeiros-propoe-reforma-administrativa-para-investir-em-servicos-essenciais\/#primaryimage"},"image":{"@id":"https:\/\/portalmf.com.br\/index.php\/2024\/09\/16\/carlos-medeiros-propoe-reforma-administrativa-para-investir-em-servicos-essenciais\/#primaryimage"},"thumbnailUrl":"https:\/\/portalmf.com.br\/wp-content\/uploads\/2024\/09\/Carlos-Medeiros-propoe-reforma-administrativa-para-investir-em-servicos-essenciais.jpg","datePublished":"2024-09-16T21:49:30+00:00","dateModified":"2024-09-16T21:49:31+00:00","author":{"@id":"https:\/\/portalmf.com.br\/#\/schema\/person\/9ec101baf56233e53520c26de5d6f6f0"},"breadcrumb":{"@id":"https:\/\/portalmf.com.br\/index.php\/2024\/09\/16\/carlos-medeiros-propoe-reforma-administrativa-para-investir-em-servicos-essenciais\/#breadcrumb"},"inLanguage":"pt-BR","potentialAction":[{"@type":"ReadAction","target":["https:\/\/portalmf.com.br\/index.php\/2024\/09\/16\/carlos-medeiros-propoe-reforma-administrativa-para-investir-em-servicos-essenciais\/"]}]},{"@type":"ImageObject","inLanguage":"pt-BR","@id":"https:\/\/portalmf.com.br\/index.php\/2024\/09\/16\/carlos-medeiros-propoe-reforma-administrativa-para-investir-em-servicos-essenciais\/#primaryimage","url":"https:\/\/portalmf.com.br\/wp-content\/uploads\/2024\/09\/Carlos-Medeiros-propoe-reforma-administrativa-para-investir-em-servicos-essenciais.jpg","contentUrl":"https:\/\/portalmf.com.br\/wp-content\/uploads\/2024\/09\/Carlos-Medeiros-propoe-reforma-administrativa-para-investir-em-servicos-essenciais.jpg","width":800,"height":487},{"@type":"BreadcrumbList","@id":"https:\/\/portalmf.com.br\/index.php\/2024\/09\/16\/carlos-medeiros-propoe-reforma-administrativa-para-investir-em-servicos-essenciais\/#breadcrumb","itemListElement":[{"@type":"ListItem","position":1,"name":"In\u00edcio","item":"https:\/\/portalmf.com.br\/"},{"@type":"ListItem","position":2,"name":"Carlos Medeiros prop\u00f5e reforma administrativa para investir em servi\u00e7os essenciais"}]},{"@type":"WebSite","@id":"https:\/\/portalmf.com.br\/#website","url":"https:\/\/portalmf.com.br\/","name":"Portal MF","description":"Voc\u00ea conectado com a informa\u00e7\u00e3o","potentialAction":[{"@type":"SearchAction","target":{"@type":"EntryPoint","urlTemplate":"https:\/\/portalmf.com.br\/?s={search_term_string}"},"query-input":"required name=search_term_string"}],"inLanguage":"pt-BR"},{"@type":"Person","@id":"https:\/\/portalmf.com.br\/#\/schema\/person\/9ec101baf56233e53520c26de5d6f6f0","name":"Reda\u00e7\u00e3o Portal MF","image":{"@type":"ImageObject","inLanguage":"pt-BR","@id":"https:\/\/portalmf.com.br\/#\/schema\/person\/image\/","url":"https:\/\/secure.gravatar.com\/avatar\/41b9aaeb2100835f7c64362330f74c7f?s=96&d=mm&r=g","contentUrl":"https:\/\/secure.gravatar.com\/avatar\/41b9aaeb2100835f7c64362330f74c7f?s=96&d=mm&r=g","caption":"Reda\u00e7\u00e3o Portal MF"},"description":"Sejam bem-vindos o portal de informa\u00e7\u00f5es de entretenimento de Feira de Santana, desde 2006 realiza coberturas dos principais eventos com entrevistas exclusivas com as principais personalidades mundiais. Fique conectado tamb\u00e9m nas redes sociais.","sameAs":["http:\/\/www.portalmf.com.br\/","https:\/\/www.facebook.com\/portalmfoficial","https:\/\/www.instagram.com\/portalmf\/","https:\/\/x.com\/https:\/\/x.com\/portalmfoficial","https:\/\/www.youtube.com\/@portalmfoficial"],"url":"https:\/\/portalmf.com.br\/index.php\/author\/junior\/"}]}},"_links":{"self":[{"href":"https:\/\/portalmf.com.br\/index.php\/wp-json\/wp\/v2\/posts\/29796"}],"collection":[{"href":"https:\/\/portalmf.com.br\/index.php\/wp-json\/wp\/v2\/posts"}],"about":[{"href":"https:\/\/portalmf.com.br\/index.php\/wp-json\/wp\/v2\/types\/post"}],"author":[{"embeddable":true,"href":"https:\/\/portalmf.com.br\/index.php\/wp-json\/wp\/v2\/users\/3"}],"replies":[{"embeddable":true,"href":"https:\/\/portalmf.com.br\/index.php\/wp-json\/wp\/v2\/comments?post=29796"}],"version-history":[{"count":1,"href":"https:\/\/portalmf.com.br\/index.php\/wp-json\/wp\/v2\/posts\/29796\/revisions"}],"predecessor-version":[{"id":29798,"href":"https:\/\/portalmf.com.br\/index.php\/wp-json\/wp\/v2\/posts\/29796\/revisions\/29798"}],"wp:featuredmedia":[{"embeddable":true,"href":"https:\/\/portalmf.com.br\/index.php\/wp-json\/wp\/v2\/media\/29797"}],"wp:attachment":[{"href":"https:\/\/portalmf.com.br\/index.php\/wp-json\/wp\/v2\/media?parent=29796"}],"wp:term":[{"taxonomy":"category","embeddable":true,"href":"https:\/\/portalmf.com.br\/index.php\/wp-json\/wp\/v2\/categories?post=29796"},{"taxonomy":"post_tag","embeddable":true,"href":"https:\/\/portalmf.com.br\/index.php\/wp-json\/wp\/v2\/tags?post=29796"}],"curies":[{"name":"wp","href":"https:\/\/api.w.org\/{rel}","templated":true}]}}