{"id":29792,"date":"2024-09-16T18:45:56","date_gmt":"2024-09-16T21:45:56","guid":{"rendered":"https:\/\/portalmf.com.br\/?p=29792"},"modified":"2024-09-16T18:45:56","modified_gmt":"2024-09-16T21:45:56","slug":"com-a-presenca-da-primeira-dama-do-estado-ze-neto-faz-caravana-por-tiquarucu-matinha-e-jaiba","status":"publish","type":"post","link":"https:\/\/portalmf.com.br\/index.php\/2024\/09\/16\/com-a-presenca-da-primeira-dama-do-estado-ze-neto-faz-caravana-por-tiquarucu-matinha-e-jaiba\/","title":{"rendered":"Com a presen\u00e7a da primeira-dama do Estado, Z\u00e9 Neto faz Caravana por Tiquaru\u00e7u, Matinha e Ja\u00edba"},"content":{"rendered":"\n<p>O candidato a prefeito da coliga\u00e7\u00e3o Pra Fazer o Futuro Acontecer, Z\u00e9 Neto, garantiu, durante a Caravana da Mudan\u00e7a nos distritos de Tiquaru\u00e7u, Matinha e Ja\u00edba, neste domingo (15), que vai priorizar no seu governo a partir de janeiro, caso seja eleito, melhorar o transporte p\u00fablico na zona rural de Feira de Santana.<\/p>\n\n\n\n<p>Z\u00e9 Neto, que estava acompanhado da primeira-dama do Estado e professora Tatiana Veloso, de seu candidato a vice-prefeito Sandro Nazireu, de candidatos(as) a vereador(a) e lideran\u00e7as pol\u00edticas, percorreu diversas comunidades e povoados da cidade, entre eles, Socorro, Caatinga, Candeia Grossa, Alecrim Mi\u00fado, Candeal 2, Tapera, Jac\u00fa, Mantiba, Santa Rita e Registro, onde defendeu uma reformula\u00e7\u00e3o no atual sistema de transporte p\u00fablico do munic\u00edpio que, segundo ele, n\u00e3o atende a demanda dessas localidades.<\/p>\n\n\n\n<figure class=\"wp-block-image size-full\"><img fetchpriority=\"high\" decoding=\"async\" width=\"800\" height=\"549\" src=\"https:\/\/portalmf.com.br\/wp-content\/uploads\/2024\/09\/Com-a-presenca-da-primeira-dama-do-Estado-Ze-Neto-faz-Caravana-por-Tiquarucu-Matinha-e-Jaiba.jpg\" alt=\"\" class=\"wp-image-29793\" srcset=\"https:\/\/portalmf.com.br\/wp-content\/uploads\/2024\/09\/Com-a-presenca-da-primeira-dama-do-Estado-Ze-Neto-faz-Caravana-por-Tiquarucu-Matinha-e-Jaiba.jpg 800w, https:\/\/portalmf.com.br\/wp-content\/uploads\/2024\/09\/Com-a-presenca-da-primeira-dama-do-Estado-Ze-Neto-faz-Caravana-por-Tiquarucu-Matinha-e-Jaiba-300x206.jpg 300w, https:\/\/portalmf.com.br\/wp-content\/uploads\/2024\/09\/Com-a-presenca-da-primeira-dama-do-Estado-Ze-Neto-faz-Caravana-por-Tiquarucu-Matinha-e-Jaiba-768x527.jpg 768w, https:\/\/portalmf.com.br\/wp-content\/uploads\/2024\/09\/Com-a-presenca-da-primeira-dama-do-Estado-Ze-Neto-faz-Caravana-por-Tiquarucu-Matinha-e-Jaiba-218x150.jpg 218w, https:\/\/portalmf.com.br\/wp-content\/uploads\/2024\/09\/Com-a-presenca-da-primeira-dama-do-Estado-Ze-Neto-faz-Caravana-por-Tiquarucu-Matinha-e-Jaiba-696x478.jpg 696w\" sizes=\"(max-width: 800px) 100vw, 800px\" \/><figcaption class=\"wp-element-caption\"><strong>Fotos: Paulo Amaral<\/strong><\/figcaption><\/figure>\n\n\n\n<p><em>\u201cA situa\u00e7\u00e3o do transporte p\u00fablico de Feira, especialmente no atendimento aos distritos, \u00e9 ca\u00f3tica e isso se deve \u00e0 falta de aten\u00e7\u00e3o do grupo pol\u00edtico comandado pela \u201cpanela\u201d do ex e do atual prefeito, que finge que administra a cidade h\u00e1 24 anos. Mas podem ter certeza de uma coisa: isto vai acabar, porque a partir de janeiro do ano que vem, vamos criar subprefeituras nessas localidades que, para n\u00f3s, s\u00e3o espa\u00e7os de excel\u00eancia, priorizando a reformula\u00e7\u00e3o desse sistema e recompondo as linhas de \u00f4nibus e vans complementares para que possam atender em tempo h\u00e1bil e com efici\u00eancia toda a popula\u00e7\u00e3o da nossa zona rural, assim como j\u00e1 trouxemos recentemente outros investimentos, com o apoio dos governos estadual e federal, a exemplo de \u00e1gua encanada e estrada nova\u201d<\/em>, afirmou.<\/p>\n\n\n\n<p>Com informa\u00e7\u00f5es da Ascom \/ Z\u00e9 Neto<\/p>\n","protected":false},"excerpt":{"rendered":"<p>O candidato a prefeito da coliga\u00e7\u00e3o Pra Fazer o Futuro Acontecer, Z\u00e9 Neto, garantiu, durante a Caravana da Mudan\u00e7a nos distritos de Tiquaru\u00e7u, Matinha e Ja\u00edba, neste domingo (15), que vai priorizar no seu governo a partir de janeiro, caso seja eleito, melhorar o transporte p\u00fablico na zona rural de Feira de Santana. Z\u00e9 Neto, [&hellip;]<\/p>\n","protected":false},"author":3,"featured_media":29794,"comment_status":"open","ping_status":"open","sticky":false,"template":"","format":"standard","meta":{"_monsterinsights_skip_tracking":false,"_monsterinsights_sitenote_active":false,"_monsterinsights_sitenote_note":"","_monsterinsights_sitenote_category":0,"footnotes":""},"categories":[301,34],"tags":[],"yoast_head":"<!-- This site is optimized with the Yoast SEO plugin v22.9 - https:\/\/yoast.com\/wordpress\/plugins\/seo\/ -->\n<title>Com a presen\u00e7a da primeira-dama do Estado, Z\u00e9 Neto faz Caravana por Tiquaru\u00e7u, Matinha e Ja\u00edba - Portal MF<\/title>\n<meta name=\"robots\" content=\"index, follow, max-snippet:-1, max-image-preview:large, max-video-preview:-1\" \/>\n<link rel=\"canonical\" href=\"https:\/\/portalmf.com.br\/index.php\/2024\/09\/16\/com-a-presenca-da-primeira-dama-do-estado-ze-neto-faz-caravana-por-tiquarucu-matinha-e-jaiba\/\" \/>\n<meta property=\"og:locale\" content=\"pt_BR\" \/>\n<meta property=\"og:type\" content=\"article\" \/>\n<meta property=\"og:title\" content=\"Com a presen\u00e7a da primeira-dama do Estado, Z\u00e9 Neto faz Caravana por Tiquaru\u00e7u, Matinha e Ja\u00edba - Portal MF\" \/>\n<meta property=\"og:description\" content=\"O candidato a prefeito da coliga\u00e7\u00e3o Pra Fazer o Futuro Acontecer, Z\u00e9 Neto, garantiu, durante a Caravana da Mudan\u00e7a nos distritos de Tiquaru\u00e7u, Matinha e Ja\u00edba, neste domingo (15), que vai priorizar no seu governo a partir de janeiro, caso seja eleito, melhorar o transporte p\u00fablico na zona rural de Feira de Santana. Z\u00e9 Neto, [&hellip;]\" \/>\n<meta property=\"og:url\" content=\"https:\/\/portalmf.com.br\/index.php\/2024\/09\/16\/com-a-presenca-da-primeira-dama-do-estado-ze-neto-faz-caravana-por-tiquarucu-matinha-e-jaiba\/\" \/>\n<meta property=\"og:site_name\" content=\"Portal MF\" \/>\n<meta property=\"article:author\" content=\"https:\/\/www.facebook.com\/portalmfoficial\" \/>\n<meta property=\"article:published_time\" content=\"2024-09-16T21:45:56+00:00\" \/>\n<meta property=\"og:image\" content=\"https:\/\/portalmf.com.br\/wp-content\/uploads\/2024\/09\/Com-a-presenca-da-primeira-dama-do-Estado-Ze-Neto-faz-Caravana-por-Tiquarucu-Matinha-e-Jaiba-1.jpg\" \/>\n\t<meta property=\"og:image:width\" content=\"800\" \/>\n\t<meta property=\"og:image:height\" content=\"997\" \/>\n\t<meta property=\"og:image:type\" content=\"image\/jpeg\" \/>\n<meta name=\"author\" content=\"Reda\u00e7\u00e3o Portal MF\" \/>\n<meta name=\"twitter:card\" content=\"summary_large_image\" \/>\n<meta name=\"twitter:creator\" content=\"@https:\/\/x.com\/portalmfoficial\" \/>\n<meta name=\"twitter:label1\" content=\"Escrito por\" \/>\n\t<meta name=\"twitter:data1\" content=\"Reda\u00e7\u00e3o Portal MF\" \/>\n\t<meta name=\"twitter:label2\" content=\"Est. tempo de leitura\" \/>\n\t<meta name=\"twitter:data2\" content=\"2 minutos\" \/>\n<script type=\"application\/ld+json\" class=\"yoast-schema-graph\">{\"@context\":\"https:\/\/schema.org\",\"@graph\":[{\"@type\":\"WebPage\",\"@id\":\"https:\/\/portalmf.com.br\/index.php\/2024\/09\/16\/com-a-presenca-da-primeira-dama-do-estado-ze-neto-faz-caravana-por-tiquarucu-matinha-e-jaiba\/\",\"url\":\"https:\/\/portalmf.com.br\/index.php\/2024\/09\/16\/com-a-presenca-da-primeira-dama-do-estado-ze-neto-faz-caravana-por-tiquarucu-matinha-e-jaiba\/\",\"name\":\"Com a presen\u00e7a da primeira-dama do Estado, Z\u00e9 Neto faz Caravana por Tiquaru\u00e7u, Matinha e Ja\u00edba - Portal MF\",\"isPartOf\":{\"@id\":\"https:\/\/portalmf.com.br\/#website\"},\"primaryImageOfPage\":{\"@id\":\"https:\/\/portalmf.com.br\/index.php\/2024\/09\/16\/com-a-presenca-da-primeira-dama-do-estado-ze-neto-faz-caravana-por-tiquarucu-matinha-e-jaiba\/#primaryimage\"},\"image\":{\"@id\":\"https:\/\/portalmf.com.br\/index.php\/2024\/09\/16\/com-a-presenca-da-primeira-dama-do-estado-ze-neto-faz-caravana-por-tiquarucu-matinha-e-jaiba\/#primaryimage\"},\"thumbnailUrl\":\"https:\/\/portalmf.com.br\/wp-content\/uploads\/2024\/09\/Com-a-presenca-da-primeira-dama-do-Estado-Ze-Neto-faz-Caravana-por-Tiquarucu-Matinha-e-Jaiba-1.jpg\",\"datePublished\":\"2024-09-16T21:45:56+00:00\",\"dateModified\":\"2024-09-16T21:45:56+00:00\",\"author\":{\"@id\":\"https:\/\/portalmf.com.br\/#\/schema\/person\/9ec101baf56233e53520c26de5d6f6f0\"},\"breadcrumb\":{\"@id\":\"https:\/\/portalmf.com.br\/index.php\/2024\/09\/16\/com-a-presenca-da-primeira-dama-do-estado-ze-neto-faz-caravana-por-tiquarucu-matinha-e-jaiba\/#breadcrumb\"},\"inLanguage\":\"pt-BR\",\"potentialAction\":[{\"@type\":\"ReadAction\",\"target\":[\"https:\/\/portalmf.com.br\/index.php\/2024\/09\/16\/com-a-presenca-da-primeira-dama-do-estado-ze-neto-faz-caravana-por-tiquarucu-matinha-e-jaiba\/\"]}]},{\"@type\":\"ImageObject\",\"inLanguage\":\"pt-BR\",\"@id\":\"https:\/\/portalmf.com.br\/index.php\/2024\/09\/16\/com-a-presenca-da-primeira-dama-do-estado-ze-neto-faz-caravana-por-tiquarucu-matinha-e-jaiba\/#primaryimage\",\"url\":\"https:\/\/portalmf.com.br\/wp-content\/uploads\/2024\/09\/Com-a-presenca-da-primeira-dama-do-Estado-Ze-Neto-faz-Caravana-por-Tiquarucu-Matinha-e-Jaiba-1.jpg\",\"contentUrl\":\"https:\/\/portalmf.com.br\/wp-content\/uploads\/2024\/09\/Com-a-presenca-da-primeira-dama-do-Estado-Ze-Neto-faz-Caravana-por-Tiquarucu-Matinha-e-Jaiba-1.jpg\",\"width\":800,\"height\":997},{\"@type\":\"BreadcrumbList\",\"@id\":\"https:\/\/portalmf.com.br\/index.php\/2024\/09\/16\/com-a-presenca-da-primeira-dama-do-estado-ze-neto-faz-caravana-por-tiquarucu-matinha-e-jaiba\/#breadcrumb\",\"itemListElement\":[{\"@type\":\"ListItem\",\"position\":1,\"name\":\"In\u00edcio\",\"item\":\"https:\/\/portalmf.com.br\/\"},{\"@type\":\"ListItem\",\"position\":2,\"name\":\"Com a presen\u00e7a da primeira-dama do Estado, Z\u00e9 Neto faz Caravana por Tiquaru\u00e7u, Matinha e Ja\u00edba\"}]},{\"@type\":\"WebSite\",\"@id\":\"https:\/\/portalmf.com.br\/#website\",\"url\":\"https:\/\/portalmf.com.br\/\",\"name\":\"Portal MF\",\"description\":\"Voc\u00ea conectado com a informa\u00e7\u00e3o\",\"potentialAction\":[{\"@type\":\"SearchAction\",\"target\":{\"@type\":\"EntryPoint\",\"urlTemplate\":\"https:\/\/portalmf.com.br\/?s={search_term_string}\"},\"query-input\":\"required name=search_term_string\"}],\"inLanguage\":\"pt-BR\"},{\"@type\":\"Person\",\"@id\":\"https:\/\/portalmf.com.br\/#\/schema\/person\/9ec101baf56233e53520c26de5d6f6f0\",\"name\":\"Reda\u00e7\u00e3o Portal MF\",\"image\":{\"@type\":\"ImageObject\",\"inLanguage\":\"pt-BR\",\"@id\":\"https:\/\/portalmf.com.br\/#\/schema\/person\/image\/\",\"url\":\"https:\/\/secure.gravatar.com\/avatar\/41b9aaeb2100835f7c64362330f74c7f?s=96&d=mm&r=g\",\"contentUrl\":\"https:\/\/secure.gravatar.com\/avatar\/41b9aaeb2100835f7c64362330f74c7f?s=96&d=mm&r=g\",\"caption\":\"Reda\u00e7\u00e3o Portal MF\"},\"description\":\"Sejam bem-vindos o portal de informa\u00e7\u00f5es de entretenimento de Feira de Santana, desde 2006 realiza coberturas dos principais eventos com entrevistas exclusivas com as principais personalidades mundiais. Fique conectado tamb\u00e9m nas redes sociais.\",\"sameAs\":[\"http:\/\/www.portalmf.com.br\/\",\"https:\/\/www.facebook.com\/portalmfoficial\",\"https:\/\/www.instagram.com\/portalmf\/\",\"https:\/\/x.com\/https:\/\/x.com\/portalmfoficial\",\"https:\/\/www.youtube.com\/@portalmfoficial\"],\"url\":\"https:\/\/portalmf.com.br\/index.php\/author\/junior\/\"}]}<\/script>\n<!-- \/ Yoast SEO plugin. -->","yoast_head_json":{"title":"Com a presen\u00e7a da primeira-dama do Estado, Z\u00e9 Neto faz Caravana por Tiquaru\u00e7u, Matinha e Ja\u00edba - Portal MF","robots":{"index":"index","follow":"follow","max-snippet":"max-snippet:-1","max-image-preview":"max-image-preview:large","max-video-preview":"max-video-preview:-1"},"canonical":"https:\/\/portalmf.com.br\/index.php\/2024\/09\/16\/com-a-presenca-da-primeira-dama-do-estado-ze-neto-faz-caravana-por-tiquarucu-matinha-e-jaiba\/","og_locale":"pt_BR","og_type":"article","og_title":"Com a presen\u00e7a da primeira-dama do Estado, Z\u00e9 Neto faz Caravana por Tiquaru\u00e7u, Matinha e Ja\u00edba - Portal MF","og_description":"O candidato a prefeito da coliga\u00e7\u00e3o Pra Fazer o Futuro Acontecer, Z\u00e9 Neto, garantiu, durante a Caravana da Mudan\u00e7a nos distritos de Tiquaru\u00e7u, Matinha e Ja\u00edba, neste domingo (15), que vai priorizar no seu governo a partir de janeiro, caso seja eleito, melhorar o transporte p\u00fablico na zona rural de Feira de Santana. Z\u00e9 Neto, [&hellip;]","og_url":"https:\/\/portalmf.com.br\/index.php\/2024\/09\/16\/com-a-presenca-da-primeira-dama-do-estado-ze-neto-faz-caravana-por-tiquarucu-matinha-e-jaiba\/","og_site_name":"Portal MF","article_author":"https:\/\/www.facebook.com\/portalmfoficial","article_published_time":"2024-09-16T21:45:56+00:00","og_image":[{"width":800,"height":997,"url":"https:\/\/portalmf.com.br\/wp-content\/uploads\/2024\/09\/Com-a-presenca-da-primeira-dama-do-Estado-Ze-Neto-faz-Caravana-por-Tiquarucu-Matinha-e-Jaiba-1.jpg","type":"image\/jpeg"}],"author":"Reda\u00e7\u00e3o Portal MF","twitter_card":"summary_large_image","twitter_creator":"@https:\/\/x.com\/portalmfoficial","twitter_misc":{"Escrito por":"Reda\u00e7\u00e3o Portal MF","Est. tempo de leitura":"2 minutos"},"schema":{"@context":"https:\/\/schema.org","@graph":[{"@type":"WebPage","@id":"https:\/\/portalmf.com.br\/index.php\/2024\/09\/16\/com-a-presenca-da-primeira-dama-do-estado-ze-neto-faz-caravana-por-tiquarucu-matinha-e-jaiba\/","url":"https:\/\/portalmf.com.br\/index.php\/2024\/09\/16\/com-a-presenca-da-primeira-dama-do-estado-ze-neto-faz-caravana-por-tiquarucu-matinha-e-jaiba\/","name":"Com a presen\u00e7a da primeira-dama do Estado, Z\u00e9 Neto faz Caravana por Tiquaru\u00e7u, Matinha e Ja\u00edba - Portal MF","isPartOf":{"@id":"https:\/\/portalmf.com.br\/#website"},"primaryImageOfPage":{"@id":"https:\/\/portalmf.com.br\/index.php\/2024\/09\/16\/com-a-presenca-da-primeira-dama-do-estado-ze-neto-faz-caravana-por-tiquarucu-matinha-e-jaiba\/#primaryimage"},"image":{"@id":"https:\/\/portalmf.com.br\/index.php\/2024\/09\/16\/com-a-presenca-da-primeira-dama-do-estado-ze-neto-faz-caravana-por-tiquarucu-matinha-e-jaiba\/#primaryimage"},"thumbnailUrl":"https:\/\/portalmf.com.br\/wp-content\/uploads\/2024\/09\/Com-a-presenca-da-primeira-dama-do-Estado-Ze-Neto-faz-Caravana-por-Tiquarucu-Matinha-e-Jaiba-1.jpg","datePublished":"2024-09-16T21:45:56+00:00","dateModified":"2024-09-16T21:45:56+00:00","author":{"@id":"https:\/\/portalmf.com.br\/#\/schema\/person\/9ec101baf56233e53520c26de5d6f6f0"},"breadcrumb":{"@id":"https:\/\/portalmf.com.br\/index.php\/2024\/09\/16\/com-a-presenca-da-primeira-dama-do-estado-ze-neto-faz-caravana-por-tiquarucu-matinha-e-jaiba\/#breadcrumb"},"inLanguage":"pt-BR","potentialAction":[{"@type":"ReadAction","target":["https:\/\/portalmf.com.br\/index.php\/2024\/09\/16\/com-a-presenca-da-primeira-dama-do-estado-ze-neto-faz-caravana-por-tiquarucu-matinha-e-jaiba\/"]}]},{"@type":"ImageObject","inLanguage":"pt-BR","@id":"https:\/\/portalmf.com.br\/index.php\/2024\/09\/16\/com-a-presenca-da-primeira-dama-do-estado-ze-neto-faz-caravana-por-tiquarucu-matinha-e-jaiba\/#primaryimage","url":"https:\/\/portalmf.com.br\/wp-content\/uploads\/2024\/09\/Com-a-presenca-da-primeira-dama-do-Estado-Ze-Neto-faz-Caravana-por-Tiquarucu-Matinha-e-Jaiba-1.jpg","contentUrl":"https:\/\/portalmf.com.br\/wp-content\/uploads\/2024\/09\/Com-a-presenca-da-primeira-dama-do-Estado-Ze-Neto-faz-Caravana-por-Tiquarucu-Matinha-e-Jaiba-1.jpg","width":800,"height":997},{"@type":"BreadcrumbList","@id":"https:\/\/portalmf.com.br\/index.php\/2024\/09\/16\/com-a-presenca-da-primeira-dama-do-estado-ze-neto-faz-caravana-por-tiquarucu-matinha-e-jaiba\/#breadcrumb","itemListElement":[{"@type":"ListItem","position":1,"name":"In\u00edcio","item":"https:\/\/portalmf.com.br\/"},{"@type":"ListItem","position":2,"name":"Com a presen\u00e7a da primeira-dama do Estado, Z\u00e9 Neto faz Caravana por Tiquaru\u00e7u, Matinha e Ja\u00edba"}]},{"@type":"WebSite","@id":"https:\/\/portalmf.com.br\/#website","url":"https:\/\/portalmf.com.br\/","name":"Portal MF","description":"Voc\u00ea conectado com a informa\u00e7\u00e3o","potentialAction":[{"@type":"SearchAction","target":{"@type":"EntryPoint","urlTemplate":"https:\/\/portalmf.com.br\/?s={search_term_string}"},"query-input":"required name=search_term_string"}],"inLanguage":"pt-BR"},{"@type":"Person","@id":"https:\/\/portalmf.com.br\/#\/schema\/person\/9ec101baf56233e53520c26de5d6f6f0","name":"Reda\u00e7\u00e3o Portal MF","image":{"@type":"ImageObject","inLanguage":"pt-BR","@id":"https:\/\/portalmf.com.br\/#\/schema\/person\/image\/","url":"https:\/\/secure.gravatar.com\/avatar\/41b9aaeb2100835f7c64362330f74c7f?s=96&d=mm&r=g","contentUrl":"https:\/\/secure.gravatar.com\/avatar\/41b9aaeb2100835f7c64362330f74c7f?s=96&d=mm&r=g","caption":"Reda\u00e7\u00e3o Portal MF"},"description":"Sejam bem-vindos o portal de informa\u00e7\u00f5es de entretenimento de Feira de Santana, desde 2006 realiza coberturas dos principais eventos com entrevistas exclusivas com as principais personalidades mundiais. Fique conectado tamb\u00e9m nas redes sociais.","sameAs":["http:\/\/www.portalmf.com.br\/","https:\/\/www.facebook.com\/portalmfoficial","https:\/\/www.instagram.com\/portalmf\/","https:\/\/x.com\/https:\/\/x.com\/portalmfoficial","https:\/\/www.youtube.com\/@portalmfoficial"],"url":"https:\/\/portalmf.com.br\/index.php\/author\/junior\/"}]}},"_links":{"self":[{"href":"https:\/\/portalmf.com.br\/index.php\/wp-json\/wp\/v2\/posts\/29792"}],"collection":[{"href":"https:\/\/portalmf.com.br\/index.php\/wp-json\/wp\/v2\/posts"}],"about":[{"href":"https:\/\/portalmf.com.br\/index.php\/wp-json\/wp\/v2\/types\/post"}],"author":[{"embeddable":true,"href":"https:\/\/portalmf.com.br\/index.php\/wp-json\/wp\/v2\/users\/3"}],"replies":[{"embeddable":true,"href":"https:\/\/portalmf.com.br\/index.php\/wp-json\/wp\/v2\/comments?post=29792"}],"version-history":[{"count":1,"href":"https:\/\/portalmf.com.br\/index.php\/wp-json\/wp\/v2\/posts\/29792\/revisions"}],"predecessor-version":[{"id":29795,"href":"https:\/\/portalmf.com.br\/index.php\/wp-json\/wp\/v2\/posts\/29792\/revisions\/29795"}],"wp:featuredmedia":[{"embeddable":true,"href":"https:\/\/portalmf.com.br\/index.php\/wp-json\/wp\/v2\/media\/29794"}],"wp:attachment":[{"href":"https:\/\/portalmf.com.br\/index.php\/wp-json\/wp\/v2\/media?parent=29792"}],"wp:term":[{"taxonomy":"category","embeddable":true,"href":"https:\/\/portalmf.com.br\/index.php\/wp-json\/wp\/v2\/categories?post=29792"},{"taxonomy":"post_tag","embeddable":true,"href":"https:\/\/portalmf.com.br\/index.php\/wp-json\/wp\/v2\/tags?post=29792"}],"curies":[{"name":"wp","href":"https:\/\/api.w.org\/{rel}","templated":true}]}}