{"id":29785,"date":"2024-09-14T18:36:27","date_gmt":"2024-09-14T21:36:27","guid":{"rendered":"https:\/\/portalmf.com.br\/?p=29785"},"modified":"2024-09-16T18:38:17","modified_gmt":"2024-09-16T21:38:17","slug":"jose-ronaldo-propoe-cis-norte-para-gerar-empregos-em-tres-distritos-durante-carreata-na-matinha-e-tiquarucu","status":"publish","type":"post","link":"https:\/\/portalmf.com.br\/index.php\/2024\/09\/14\/jose-ronaldo-propoe-cis-norte-para-gerar-empregos-em-tres-distritos-durante-carreata-na-matinha-e-tiquarucu\/","title":{"rendered":"Jos\u00e9 Ronaldo prop\u00f5e CIS Norte para gerar empregos em tr\u00eas distritos durante carreata na Matinha e Tiquaru\u00e7u"},"content":{"rendered":"\n<p>Em mais um compromisso de campanha, o candidato a prefeito de Feira de Santana, Jos\u00e9 Ronaldo (Uni\u00e3o Brasil), anunciou a cria\u00e7\u00e3o de um novo n\u00facleo industrial como parte de seu programa de governo. A proposta do Centro Industrial do Suba\u00e9 (CIS) Norte tem como objetivo gerar empregos nos distritos de Maria Quit\u00e9ria, Matinha e Tiquaru\u00e7u. O an\u00fancio foi feito ontem (14), durante carreata da coliga\u00e7\u00e3o \u201cO amor vai vencer\u201d pelos distritos da Matinha e Tiquaru\u00e7u e seus povoados.<\/p>\n\n\n\n<p>Jos\u00e9 Ronaldo destacou que, al\u00e9m de Maria Quit\u00e9ria e Matinha, o distrito de Ipua\u00e7u tamb\u00e9m ser\u00e1 beneficiado com a instala\u00e7\u00e3o de novas ind\u00fastrias, incentivando o desenvolvimento econ\u00f4mico da regi\u00e3o. Segundo o candidato, essa medida contribuir\u00e1 para a cria\u00e7\u00e3o de emprego e renda, proporcionando melhores condi\u00e7\u00f5es de vida para os moradores, que poder\u00e3o se fixar em suas comunidades sem a necessidade de buscar oportunidades em outras regi\u00f5es.<\/p>\n\n\n\n<p><em>\u201c\u00c9 fundamental atrair novas ind\u00fastrias para Feira de Santana e a cria\u00e7\u00e3o do CIS Norte nos distritos de Maria Quit\u00e9ria e Matinha ser\u00e1 a melhor op\u00e7\u00e3o. A \u00e1rea pr\u00f3xima ao munic\u00edpio de S\u00e3o Gon\u00e7alo j\u00e1 est\u00e1 saturada e as terras dispon\u00edveis na BR-324 s\u00e3o escassas e de custo elevado. O CIS Norte ser\u00e1 a solu\u00e7\u00e3o para a falta de espa\u00e7o, oferecendo novas oportunidades de emprego e desenvolvimento para essas localidades\u201d,<\/em> afirmou Jos\u00e9 Ronaldo.<\/p>\n\n\n\n<p>A proposta foi bem recebida pelos moradores que acompanharam a caminhada, ao lado do candidato a vice-prefeito Pablo Roberto (PSDB) e de diversos candidatos a vereador. Jos\u00e9 Ronaldo refor\u00e7ou seu compromisso em promover o crescimento econ\u00f4mico da cidade e proporcionar mais qualidade de vida para a popula\u00e7\u00e3o.<\/p>\n\n\n\n<p>Com a implanta\u00e7\u00e3o do CIS Norte, Jos\u00e9 Ronaldo espera alavancar o desenvolvimento industrial de Feira de Santana, ampliando a oferta de empregos e fortalecendo a economia local.<\/p>\n\n\n\n<p>Com informa\u00e7\u00f5es da Ascom\/Jos\u00e9 Ronaldo<\/p>\n","protected":false},"excerpt":{"rendered":"<p>Em mais um compromisso de campanha, o candidato a prefeito de Feira de Santana, Jos\u00e9 Ronaldo (Uni\u00e3o Brasil), anunciou a cria\u00e7\u00e3o de um novo n\u00facleo industrial como parte de seu programa de governo. A proposta do Centro Industrial do Suba\u00e9 (CIS) Norte tem como objetivo gerar empregos nos distritos de Maria Quit\u00e9ria, Matinha e Tiquaru\u00e7u. [&hellip;]<\/p>\n","protected":false},"author":3,"featured_media":29786,"comment_status":"open","ping_status":"open","sticky":false,"template":"","format":"standard","meta":{"_monsterinsights_skip_tracking":false,"_monsterinsights_sitenote_active":false,"_monsterinsights_sitenote_note":"","_monsterinsights_sitenote_category":0,"footnotes":""},"categories":[301,34],"tags":[],"yoast_head":"<!-- This site is optimized with the Yoast SEO plugin v22.9 - https:\/\/yoast.com\/wordpress\/plugins\/seo\/ -->\n<title>Jos\u00e9 Ronaldo prop\u00f5e CIS Norte para gerar empregos em tr\u00eas distritos durante carreata na Matinha e Tiquaru\u00e7u - Portal MF<\/title>\n<meta name=\"robots\" content=\"index, follow, max-snippet:-1, max-image-preview:large, max-video-preview:-1\" \/>\n<link rel=\"canonical\" href=\"https:\/\/portalmf.com.br\/index.php\/2024\/09\/14\/jose-ronaldo-propoe-cis-norte-para-gerar-empregos-em-tres-distritos-durante-carreata-na-matinha-e-tiquarucu\/\" \/>\n<meta property=\"og:locale\" content=\"pt_BR\" \/>\n<meta property=\"og:type\" content=\"article\" \/>\n<meta property=\"og:title\" content=\"Jos\u00e9 Ronaldo prop\u00f5e CIS Norte para gerar empregos em tr\u00eas distritos durante carreata na Matinha e Tiquaru\u00e7u - Portal MF\" \/>\n<meta property=\"og:description\" content=\"Em mais um compromisso de campanha, o candidato a prefeito de Feira de Santana, Jos\u00e9 Ronaldo (Uni\u00e3o Brasil), anunciou a cria\u00e7\u00e3o de um novo n\u00facleo industrial como parte de seu programa de governo. A proposta do Centro Industrial do Suba\u00e9 (CIS) Norte tem como objetivo gerar empregos nos distritos de Maria Quit\u00e9ria, Matinha e Tiquaru\u00e7u. [&hellip;]\" \/>\n<meta property=\"og:url\" content=\"https:\/\/portalmf.com.br\/index.php\/2024\/09\/14\/jose-ronaldo-propoe-cis-norte-para-gerar-empregos-em-tres-distritos-durante-carreata-na-matinha-e-tiquarucu\/\" \/>\n<meta property=\"og:site_name\" content=\"Portal MF\" \/>\n<meta property=\"article:author\" content=\"https:\/\/www.facebook.com\/portalmfoficial\" \/>\n<meta property=\"article:published_time\" content=\"2024-09-14T21:36:27+00:00\" \/>\n<meta property=\"article:modified_time\" content=\"2024-09-16T21:38:17+00:00\" \/>\n<meta property=\"og:image\" content=\"https:\/\/portalmf.com.br\/wp-content\/uploads\/2024\/09\/Jose-Ronaldo-propoe-CIS-Norte-para-gerar-empregos-em-tres-distritos-durante-carreata-na-Matinha-e-Tiquarucu.jpeg\" \/>\n\t<meta property=\"og:image:width\" content=\"1600\" \/>\n\t<meta property=\"og:image:height\" content=\"902\" \/>\n\t<meta property=\"og:image:type\" content=\"image\/jpeg\" \/>\n<meta name=\"author\" content=\"Reda\u00e7\u00e3o Portal MF\" \/>\n<meta name=\"twitter:card\" content=\"summary_large_image\" \/>\n<meta name=\"twitter:creator\" content=\"@https:\/\/x.com\/portalmfoficial\" \/>\n<meta name=\"twitter:label1\" content=\"Escrito por\" \/>\n\t<meta name=\"twitter:data1\" content=\"Reda\u00e7\u00e3o Portal MF\" \/>\n\t<meta name=\"twitter:label2\" content=\"Est. tempo de leitura\" \/>\n\t<meta name=\"twitter:data2\" content=\"2 minutos\" \/>\n<script type=\"application\/ld+json\" class=\"yoast-schema-graph\">{\"@context\":\"https:\/\/schema.org\",\"@graph\":[{\"@type\":\"WebPage\",\"@id\":\"https:\/\/portalmf.com.br\/index.php\/2024\/09\/14\/jose-ronaldo-propoe-cis-norte-para-gerar-empregos-em-tres-distritos-durante-carreata-na-matinha-e-tiquarucu\/\",\"url\":\"https:\/\/portalmf.com.br\/index.php\/2024\/09\/14\/jose-ronaldo-propoe-cis-norte-para-gerar-empregos-em-tres-distritos-durante-carreata-na-matinha-e-tiquarucu\/\",\"name\":\"Jos\u00e9 Ronaldo prop\u00f5e CIS Norte para gerar empregos em tr\u00eas distritos durante carreata na Matinha e Tiquaru\u00e7u - Portal MF\",\"isPartOf\":{\"@id\":\"https:\/\/portalmf.com.br\/#website\"},\"primaryImageOfPage\":{\"@id\":\"https:\/\/portalmf.com.br\/index.php\/2024\/09\/14\/jose-ronaldo-propoe-cis-norte-para-gerar-empregos-em-tres-distritos-durante-carreata-na-matinha-e-tiquarucu\/#primaryimage\"},\"image\":{\"@id\":\"https:\/\/portalmf.com.br\/index.php\/2024\/09\/14\/jose-ronaldo-propoe-cis-norte-para-gerar-empregos-em-tres-distritos-durante-carreata-na-matinha-e-tiquarucu\/#primaryimage\"},\"thumbnailUrl\":\"https:\/\/portalmf.com.br\/wp-content\/uploads\/2024\/09\/Jose-Ronaldo-propoe-CIS-Norte-para-gerar-empregos-em-tres-distritos-durante-carreata-na-Matinha-e-Tiquarucu.jpeg\",\"datePublished\":\"2024-09-14T21:36:27+00:00\",\"dateModified\":\"2024-09-16T21:38:17+00:00\",\"author\":{\"@id\":\"https:\/\/portalmf.com.br\/#\/schema\/person\/9ec101baf56233e53520c26de5d6f6f0\"},\"breadcrumb\":{\"@id\":\"https:\/\/portalmf.com.br\/index.php\/2024\/09\/14\/jose-ronaldo-propoe-cis-norte-para-gerar-empregos-em-tres-distritos-durante-carreata-na-matinha-e-tiquarucu\/#breadcrumb\"},\"inLanguage\":\"pt-BR\",\"potentialAction\":[{\"@type\":\"ReadAction\",\"target\":[\"https:\/\/portalmf.com.br\/index.php\/2024\/09\/14\/jose-ronaldo-propoe-cis-norte-para-gerar-empregos-em-tres-distritos-durante-carreata-na-matinha-e-tiquarucu\/\"]}]},{\"@type\":\"ImageObject\",\"inLanguage\":\"pt-BR\",\"@id\":\"https:\/\/portalmf.com.br\/index.php\/2024\/09\/14\/jose-ronaldo-propoe-cis-norte-para-gerar-empregos-em-tres-distritos-durante-carreata-na-matinha-e-tiquarucu\/#primaryimage\",\"url\":\"https:\/\/portalmf.com.br\/wp-content\/uploads\/2024\/09\/Jose-Ronaldo-propoe-CIS-Norte-para-gerar-empregos-em-tres-distritos-durante-carreata-na-Matinha-e-Tiquarucu.jpeg\",\"contentUrl\":\"https:\/\/portalmf.com.br\/wp-content\/uploads\/2024\/09\/Jose-Ronaldo-propoe-CIS-Norte-para-gerar-empregos-em-tres-distritos-durante-carreata-na-Matinha-e-Tiquarucu.jpeg\",\"width\":1600,\"height\":902},{\"@type\":\"BreadcrumbList\",\"@id\":\"https:\/\/portalmf.com.br\/index.php\/2024\/09\/14\/jose-ronaldo-propoe-cis-norte-para-gerar-empregos-em-tres-distritos-durante-carreata-na-matinha-e-tiquarucu\/#breadcrumb\",\"itemListElement\":[{\"@type\":\"ListItem\",\"position\":1,\"name\":\"In\u00edcio\",\"item\":\"https:\/\/portalmf.com.br\/\"},{\"@type\":\"ListItem\",\"position\":2,\"name\":\"Jos\u00e9 Ronaldo prop\u00f5e CIS Norte para gerar empregos em tr\u00eas distritos durante carreata na Matinha e Tiquaru\u00e7u\"}]},{\"@type\":\"WebSite\",\"@id\":\"https:\/\/portalmf.com.br\/#website\",\"url\":\"https:\/\/portalmf.com.br\/\",\"name\":\"Portal MF\",\"description\":\"Voc\u00ea conectado com a informa\u00e7\u00e3o\",\"potentialAction\":[{\"@type\":\"SearchAction\",\"target\":{\"@type\":\"EntryPoint\",\"urlTemplate\":\"https:\/\/portalmf.com.br\/?s={search_term_string}\"},\"query-input\":\"required name=search_term_string\"}],\"inLanguage\":\"pt-BR\"},{\"@type\":\"Person\",\"@id\":\"https:\/\/portalmf.com.br\/#\/schema\/person\/9ec101baf56233e53520c26de5d6f6f0\",\"name\":\"Reda\u00e7\u00e3o Portal MF\",\"image\":{\"@type\":\"ImageObject\",\"inLanguage\":\"pt-BR\",\"@id\":\"https:\/\/portalmf.com.br\/#\/schema\/person\/image\/\",\"url\":\"https:\/\/secure.gravatar.com\/avatar\/41b9aaeb2100835f7c64362330f74c7f?s=96&d=mm&r=g\",\"contentUrl\":\"https:\/\/secure.gravatar.com\/avatar\/41b9aaeb2100835f7c64362330f74c7f?s=96&d=mm&r=g\",\"caption\":\"Reda\u00e7\u00e3o Portal MF\"},\"description\":\"Sejam bem-vindos o portal de informa\u00e7\u00f5es de entretenimento de Feira de Santana, desde 2006 realiza coberturas dos principais eventos com entrevistas exclusivas com as principais personalidades mundiais. Fique conectado tamb\u00e9m nas redes sociais.\",\"sameAs\":[\"http:\/\/www.portalmf.com.br\/\",\"https:\/\/www.facebook.com\/portalmfoficial\",\"https:\/\/www.instagram.com\/portalmf\/\",\"https:\/\/x.com\/https:\/\/x.com\/portalmfoficial\",\"https:\/\/www.youtube.com\/@portalmfoficial\"],\"url\":\"https:\/\/portalmf.com.br\/index.php\/author\/junior\/\"}]}<\/script>\n<!-- \/ Yoast SEO plugin. -->","yoast_head_json":{"title":"Jos\u00e9 Ronaldo prop\u00f5e CIS Norte para gerar empregos em tr\u00eas distritos durante carreata na Matinha e Tiquaru\u00e7u - Portal MF","robots":{"index":"index","follow":"follow","max-snippet":"max-snippet:-1","max-image-preview":"max-image-preview:large","max-video-preview":"max-video-preview:-1"},"canonical":"https:\/\/portalmf.com.br\/index.php\/2024\/09\/14\/jose-ronaldo-propoe-cis-norte-para-gerar-empregos-em-tres-distritos-durante-carreata-na-matinha-e-tiquarucu\/","og_locale":"pt_BR","og_type":"article","og_title":"Jos\u00e9 Ronaldo prop\u00f5e CIS Norte para gerar empregos em tr\u00eas distritos durante carreata na Matinha e Tiquaru\u00e7u - Portal MF","og_description":"Em mais um compromisso de campanha, o candidato a prefeito de Feira de Santana, Jos\u00e9 Ronaldo (Uni\u00e3o Brasil), anunciou a cria\u00e7\u00e3o de um novo n\u00facleo industrial como parte de seu programa de governo. A proposta do Centro Industrial do Suba\u00e9 (CIS) Norte tem como objetivo gerar empregos nos distritos de Maria Quit\u00e9ria, Matinha e Tiquaru\u00e7u. [&hellip;]","og_url":"https:\/\/portalmf.com.br\/index.php\/2024\/09\/14\/jose-ronaldo-propoe-cis-norte-para-gerar-empregos-em-tres-distritos-durante-carreata-na-matinha-e-tiquarucu\/","og_site_name":"Portal MF","article_author":"https:\/\/www.facebook.com\/portalmfoficial","article_published_time":"2024-09-14T21:36:27+00:00","article_modified_time":"2024-09-16T21:38:17+00:00","og_image":[{"width":1600,"height":902,"url":"https:\/\/portalmf.com.br\/wp-content\/uploads\/2024\/09\/Jose-Ronaldo-propoe-CIS-Norte-para-gerar-empregos-em-tres-distritos-durante-carreata-na-Matinha-e-Tiquarucu.jpeg","type":"image\/jpeg"}],"author":"Reda\u00e7\u00e3o Portal MF","twitter_card":"summary_large_image","twitter_creator":"@https:\/\/x.com\/portalmfoficial","twitter_misc":{"Escrito por":"Reda\u00e7\u00e3o Portal MF","Est. tempo de leitura":"2 minutos"},"schema":{"@context":"https:\/\/schema.org","@graph":[{"@type":"WebPage","@id":"https:\/\/portalmf.com.br\/index.php\/2024\/09\/14\/jose-ronaldo-propoe-cis-norte-para-gerar-empregos-em-tres-distritos-durante-carreata-na-matinha-e-tiquarucu\/","url":"https:\/\/portalmf.com.br\/index.php\/2024\/09\/14\/jose-ronaldo-propoe-cis-norte-para-gerar-empregos-em-tres-distritos-durante-carreata-na-matinha-e-tiquarucu\/","name":"Jos\u00e9 Ronaldo prop\u00f5e CIS Norte para gerar empregos em tr\u00eas distritos durante carreata na Matinha e Tiquaru\u00e7u - Portal MF","isPartOf":{"@id":"https:\/\/portalmf.com.br\/#website"},"primaryImageOfPage":{"@id":"https:\/\/portalmf.com.br\/index.php\/2024\/09\/14\/jose-ronaldo-propoe-cis-norte-para-gerar-empregos-em-tres-distritos-durante-carreata-na-matinha-e-tiquarucu\/#primaryimage"},"image":{"@id":"https:\/\/portalmf.com.br\/index.php\/2024\/09\/14\/jose-ronaldo-propoe-cis-norte-para-gerar-empregos-em-tres-distritos-durante-carreata-na-matinha-e-tiquarucu\/#primaryimage"},"thumbnailUrl":"https:\/\/portalmf.com.br\/wp-content\/uploads\/2024\/09\/Jose-Ronaldo-propoe-CIS-Norte-para-gerar-empregos-em-tres-distritos-durante-carreata-na-Matinha-e-Tiquarucu.jpeg","datePublished":"2024-09-14T21:36:27+00:00","dateModified":"2024-09-16T21:38:17+00:00","author":{"@id":"https:\/\/portalmf.com.br\/#\/schema\/person\/9ec101baf56233e53520c26de5d6f6f0"},"breadcrumb":{"@id":"https:\/\/portalmf.com.br\/index.php\/2024\/09\/14\/jose-ronaldo-propoe-cis-norte-para-gerar-empregos-em-tres-distritos-durante-carreata-na-matinha-e-tiquarucu\/#breadcrumb"},"inLanguage":"pt-BR","potentialAction":[{"@type":"ReadAction","target":["https:\/\/portalmf.com.br\/index.php\/2024\/09\/14\/jose-ronaldo-propoe-cis-norte-para-gerar-empregos-em-tres-distritos-durante-carreata-na-matinha-e-tiquarucu\/"]}]},{"@type":"ImageObject","inLanguage":"pt-BR","@id":"https:\/\/portalmf.com.br\/index.php\/2024\/09\/14\/jose-ronaldo-propoe-cis-norte-para-gerar-empregos-em-tres-distritos-durante-carreata-na-matinha-e-tiquarucu\/#primaryimage","url":"https:\/\/portalmf.com.br\/wp-content\/uploads\/2024\/09\/Jose-Ronaldo-propoe-CIS-Norte-para-gerar-empregos-em-tres-distritos-durante-carreata-na-Matinha-e-Tiquarucu.jpeg","contentUrl":"https:\/\/portalmf.com.br\/wp-content\/uploads\/2024\/09\/Jose-Ronaldo-propoe-CIS-Norte-para-gerar-empregos-em-tres-distritos-durante-carreata-na-Matinha-e-Tiquarucu.jpeg","width":1600,"height":902},{"@type":"BreadcrumbList","@id":"https:\/\/portalmf.com.br\/index.php\/2024\/09\/14\/jose-ronaldo-propoe-cis-norte-para-gerar-empregos-em-tres-distritos-durante-carreata-na-matinha-e-tiquarucu\/#breadcrumb","itemListElement":[{"@type":"ListItem","position":1,"name":"In\u00edcio","item":"https:\/\/portalmf.com.br\/"},{"@type":"ListItem","position":2,"name":"Jos\u00e9 Ronaldo prop\u00f5e CIS Norte para gerar empregos em tr\u00eas distritos durante carreata na Matinha e Tiquaru\u00e7u"}]},{"@type":"WebSite","@id":"https:\/\/portalmf.com.br\/#website","url":"https:\/\/portalmf.com.br\/","name":"Portal MF","description":"Voc\u00ea conectado com a informa\u00e7\u00e3o","potentialAction":[{"@type":"SearchAction","target":{"@type":"EntryPoint","urlTemplate":"https:\/\/portalmf.com.br\/?s={search_term_string}"},"query-input":"required name=search_term_string"}],"inLanguage":"pt-BR"},{"@type":"Person","@id":"https:\/\/portalmf.com.br\/#\/schema\/person\/9ec101baf56233e53520c26de5d6f6f0","name":"Reda\u00e7\u00e3o Portal MF","image":{"@type":"ImageObject","inLanguage":"pt-BR","@id":"https:\/\/portalmf.com.br\/#\/schema\/person\/image\/","url":"https:\/\/secure.gravatar.com\/avatar\/41b9aaeb2100835f7c64362330f74c7f?s=96&d=mm&r=g","contentUrl":"https:\/\/secure.gravatar.com\/avatar\/41b9aaeb2100835f7c64362330f74c7f?s=96&d=mm&r=g","caption":"Reda\u00e7\u00e3o Portal MF"},"description":"Sejam bem-vindos o portal de informa\u00e7\u00f5es de entretenimento de Feira de Santana, desde 2006 realiza coberturas dos principais eventos com entrevistas exclusivas com as principais personalidades mundiais. Fique conectado tamb\u00e9m nas redes sociais.","sameAs":["http:\/\/www.portalmf.com.br\/","https:\/\/www.facebook.com\/portalmfoficial","https:\/\/www.instagram.com\/portalmf\/","https:\/\/x.com\/https:\/\/x.com\/portalmfoficial","https:\/\/www.youtube.com\/@portalmfoficial"],"url":"https:\/\/portalmf.com.br\/index.php\/author\/junior\/"}]}},"_links":{"self":[{"href":"https:\/\/portalmf.com.br\/index.php\/wp-json\/wp\/v2\/posts\/29785"}],"collection":[{"href":"https:\/\/portalmf.com.br\/index.php\/wp-json\/wp\/v2\/posts"}],"about":[{"href":"https:\/\/portalmf.com.br\/index.php\/wp-json\/wp\/v2\/types\/post"}],"author":[{"embeddable":true,"href":"https:\/\/portalmf.com.br\/index.php\/wp-json\/wp\/v2\/users\/3"}],"replies":[{"embeddable":true,"href":"https:\/\/portalmf.com.br\/index.php\/wp-json\/wp\/v2\/comments?post=29785"}],"version-history":[{"count":1,"href":"https:\/\/portalmf.com.br\/index.php\/wp-json\/wp\/v2\/posts\/29785\/revisions"}],"predecessor-version":[{"id":29787,"href":"https:\/\/portalmf.com.br\/index.php\/wp-json\/wp\/v2\/posts\/29785\/revisions\/29787"}],"wp:featuredmedia":[{"embeddable":true,"href":"https:\/\/portalmf.com.br\/index.php\/wp-json\/wp\/v2\/media\/29786"}],"wp:attachment":[{"href":"https:\/\/portalmf.com.br\/index.php\/wp-json\/wp\/v2\/media?parent=29785"}],"wp:term":[{"taxonomy":"category","embeddable":true,"href":"https:\/\/portalmf.com.br\/index.php\/wp-json\/wp\/v2\/categories?post=29785"},{"taxonomy":"post_tag","embeddable":true,"href":"https:\/\/portalmf.com.br\/index.php\/wp-json\/wp\/v2\/tags?post=29785"}],"curies":[{"name":"wp","href":"https:\/\/api.w.org\/{rel}","templated":true}]}}