{"id":2977,"date":"2022-08-12T15:45:46","date_gmt":"2022-08-12T18:45:46","guid":{"rendered":"http:\/\/portalmf.com.br\/?p=2977"},"modified":"2022-08-12T16:33:29","modified_gmt":"2022-08-12T19:33:29","slug":"homenageando-selecoes-torneio-associacao-tabajara-comeca-neste-sabado","status":"publish","type":"post","link":"https:\/\/portalmf.com.br\/index.php\/2022\/08\/12\/homenageando-selecoes-torneio-associacao-tabajara-comeca-neste-sabado\/","title":{"rendered":"Homenageando sele\u00e7\u00f5es, torneio Associa\u00e7\u00e3o Tabajara come\u00e7a neste s\u00e1bado"},"content":{"rendered":"\n<p>Um dos mais disputados torneios de futebol amador feirense, tem in\u00edcio neste s\u00e1bado (13). A 7\u00aa edi\u00e7\u00e3o do campeonato da Associa\u00e7\u00e3o Tabajara, acontecer\u00e1 no Campo da Pir\u00e2mide no conjunto Feira X, com jogos a partir das 7 da manh\u00e3.<\/p>\n\n\n\n<p>Neste ano, o evento faz uma homenagem as sele\u00e7\u00f5es que ir\u00e3o participar da Copa do Mundo 2022.&nbsp; 85 atletas jogaram o torneio, divididos em sete times: Brasil, Catar, Argentina, Fran\u00e7a, EUA, Holanda e M\u00e9xico.<\/p>\n\n\n\n<p><em>\u201cEstamos voltando ao formato tradicional do nosso campeonato, tendo in\u00edcio e final no mesmo ano, em 2022 vamos realizando a s\u00e9tima edi\u00e7\u00e3o do torneio e acreditamos que ser\u00e1 o maior de todos. Outra novidade que al\u00e9m dos seis times que fazem parte da associa\u00e7\u00e3o, abrimos uma vaga para um time convidado da Associa\u00e7\u00e3o Chapecoense\u201d,<\/em> conta Lucas Queiroz, um dos organizadores do campeonato.<\/p>\n\n\n\n<p>Na primeira fase do torneio os times ser\u00e3o divididos em dois grupos, jogando entre si. Os melhores passam para a fase semifinal em dois jogos e a grande final acontece em dezembro, uma semana antes dos festejos natalinos. Os jogos ser\u00e3o realizados sempre aos s\u00e1bados a partir das 7 horas.<\/p>\n\n\n\n<p>Al\u00e9m do trof\u00e9u e medalhas, o time vencedor ainda ganha uma premia\u00e7\u00e3o em dinheiro.<\/p>\n\n\n\n<p><strong>Esquenta<\/strong><\/p>\n\n\n<div class=\"wp-block-image\">\n<figure class=\"alignleft size-large is-resized\"><img decoding=\"async\" src=\"http:\/\/portalmf.com.br\/wp-content\/uploads\/2022\/08\/WhatsApp-Image-2022-08-09-at-11.44.31-1024x768.jpeg\" alt=\"\" class=\"wp-image-2979\" width=\"247\" height=\"184\" srcset=\"https:\/\/portalmf.com.br\/wp-content\/uploads\/2022\/08\/WhatsApp-Image-2022-08-09-at-11.44.31-1024x768.jpeg 1024w, https:\/\/portalmf.com.br\/wp-content\/uploads\/2022\/08\/WhatsApp-Image-2022-08-09-at-11.44.31-300x225.jpeg 300w, https:\/\/portalmf.com.br\/wp-content\/uploads\/2022\/08\/WhatsApp-Image-2022-08-09-at-11.44.31-768x576.jpeg 768w, https:\/\/portalmf.com.br\/wp-content\/uploads\/2022\/08\/WhatsApp-Image-2022-08-09-at-11.44.31-1536x1152.jpeg 1536w, https:\/\/portalmf.com.br\/wp-content\/uploads\/2022\/08\/WhatsApp-Image-2022-08-09-at-11.44.31-1170x878.jpeg 1170w, https:\/\/portalmf.com.br\/wp-content\/uploads\/2022\/08\/WhatsApp-Image-2022-08-09-at-11.44.31-585x439.jpeg 585w, https:\/\/portalmf.com.br\/wp-content\/uploads\/2022\/08\/WhatsApp-Image-2022-08-09-at-11.44.31.jpeg 1600w\" sizes=\"(max-width: 247px) 100vw, 247px\" \/><\/figure><\/div>\n\n\n<p>Antes da realiza\u00e7\u00e3o oficial do evento, aconteceu no \u00faltimo s\u00e1bado (6) o torneio in\u00edcio, uma apresenta\u00e7\u00e3o e prepara\u00e7\u00e3o dos times que v\u00e3o disputar o campeonato. Em 2022, o time do EUA foi o campe\u00e3o, tendo como destaque o jogador Alan Ferreira<\/p>\n\n\n\n<p><em>\u201cEstamos sem favoritismo, mas com muita for\u00e7a de vontade e conquistamos o trof\u00e9u derrotando o time que foi campe\u00e3o da competi\u00e7\u00e3o em 2021 e ainda fiquei mais feliz por ter sido eleito o destaque da competi\u00e7\u00e3o, fruto de um trabalho em conjunto com meu time, aproveito para deixar meu agradecimento a todos da Associa\u00e7\u00e3o e agora avante EUA rumo ao t\u00edtulo\u201d,<\/em> falou o jogador.<\/p>\n\n\n\n<p><strong>Primeira Rodada<\/strong><\/p>\n\n\n\n<p>A primeira rodada acontece neste s\u00e1bado (13) com os seguintes jogos:<\/p>\n\n\n\n<p>7h<\/p>\n\n\n\n<p>Catar x Fran\u00e7a<\/p>\n\n\n\n<p>8h<\/p>\n\n\n\n<p>Argentina x Holanda<\/p>\n\n\n\n<p>9h<\/p>\n","protected":false},"excerpt":{"rendered":"<p>Um dos mais disputados torneios de futebol amador feirense, tem in\u00edcio neste s\u00e1bado (13). A 7\u00aa edi\u00e7\u00e3o do campeonato da Associa\u00e7\u00e3o Tabajara, acontecer\u00e1 no Campo da Pir\u00e2mide no conjunto Feira X, com jogos a partir das 7 da manh\u00e3. Neste ano, o evento faz uma homenagem as sele\u00e7\u00f5es que ir\u00e3o participar da Copa do Mundo [&hellip;]<\/p>\n","protected":false},"author":2,"featured_media":2981,"comment_status":"open","ping_status":"open","sticky":false,"template":"","format":"standard","meta":{"_monsterinsights_skip_tracking":false,"_monsterinsights_sitenote_active":false,"_monsterinsights_sitenote_note":"","_monsterinsights_sitenote_category":0,"footnotes":""},"categories":[47,42],"tags":[],"yoast_head":"<!-- This site is optimized with the Yoast SEO plugin v22.9 - https:\/\/yoast.com\/wordpress\/plugins\/seo\/ -->\n<title>Homenageando sele\u00e7\u00f5es, torneio Associa\u00e7\u00e3o Tabajara come\u00e7a neste s\u00e1bado - Portal MF<\/title>\n<meta name=\"robots\" content=\"index, follow, max-snippet:-1, max-image-preview:large, max-video-preview:-1\" \/>\n<link rel=\"canonical\" href=\"https:\/\/portalmf.com.br\/index.php\/2022\/08\/12\/homenageando-selecoes-torneio-associacao-tabajara-comeca-neste-sabado\/\" \/>\n<meta property=\"og:locale\" content=\"pt_BR\" \/>\n<meta property=\"og:type\" content=\"article\" \/>\n<meta property=\"og:title\" content=\"Homenageando sele\u00e7\u00f5es, torneio Associa\u00e7\u00e3o Tabajara come\u00e7a neste s\u00e1bado - Portal MF\" \/>\n<meta property=\"og:description\" content=\"Um dos mais disputados torneios de futebol amador feirense, tem in\u00edcio neste s\u00e1bado (13). A 7\u00aa edi\u00e7\u00e3o do campeonato da Associa\u00e7\u00e3o Tabajara, acontecer\u00e1 no Campo da Pir\u00e2mide no conjunto Feira X, com jogos a partir das 7 da manh\u00e3. Neste ano, o evento faz uma homenagem as sele\u00e7\u00f5es que ir\u00e3o participar da Copa do Mundo [&hellip;]\" \/>\n<meta property=\"og:url\" content=\"https:\/\/portalmf.com.br\/index.php\/2022\/08\/12\/homenageando-selecoes-torneio-associacao-tabajara-comeca-neste-sabado\/\" \/>\n<meta property=\"og:site_name\" content=\"Portal MF\" \/>\n<meta property=\"article:author\" content=\"reginaldojrfsa\" \/>\n<meta property=\"article:published_time\" content=\"2022-08-12T18:45:46+00:00\" \/>\n<meta property=\"article:modified_time\" content=\"2022-08-12T19:33:29+00:00\" \/>\n<meta property=\"og:image\" content=\"https:\/\/portalmf.com.br\/wp-content\/uploads\/2022\/08\/FOTO-TORNEIO-DA-ASSOCIACAO-TABAJARA-REGINALDO-JUNIOR-PORTAL-MFp.jpg\" \/>\n\t<meta property=\"og:image:width\" content=\"1000\" \/>\n\t<meta property=\"og:image:height\" content=\"667\" \/>\n\t<meta property=\"og:image:type\" content=\"image\/jpeg\" \/>\n<meta name=\"author\" content=\"Reginaldo J\u00fanior\" \/>\n<meta name=\"twitter:card\" content=\"summary_large_image\" \/>\n<meta name=\"twitter:creator\" content=\"@reginaldojrmf\" \/>\n<meta name=\"twitter:label1\" content=\"Escrito por\" \/>\n\t<meta name=\"twitter:data1\" content=\"Reginaldo J\u00fanior\" \/>\n\t<meta name=\"twitter:label2\" content=\"Est. tempo de leitura\" \/>\n\t<meta name=\"twitter:data2\" content=\"3 minutos\" \/>\n<script type=\"application\/ld+json\" class=\"yoast-schema-graph\">{\"@context\":\"https:\/\/schema.org\",\"@graph\":[{\"@type\":\"WebPage\",\"@id\":\"https:\/\/portalmf.com.br\/index.php\/2022\/08\/12\/homenageando-selecoes-torneio-associacao-tabajara-comeca-neste-sabado\/\",\"url\":\"https:\/\/portalmf.com.br\/index.php\/2022\/08\/12\/homenageando-selecoes-torneio-associacao-tabajara-comeca-neste-sabado\/\",\"name\":\"Homenageando sele\u00e7\u00f5es, torneio Associa\u00e7\u00e3o Tabajara come\u00e7a neste s\u00e1bado - Portal MF\",\"isPartOf\":{\"@id\":\"https:\/\/portalmf.com.br\/#website\"},\"primaryImageOfPage\":{\"@id\":\"https:\/\/portalmf.com.br\/index.php\/2022\/08\/12\/homenageando-selecoes-torneio-associacao-tabajara-comeca-neste-sabado\/#primaryimage\"},\"image\":{\"@id\":\"https:\/\/portalmf.com.br\/index.php\/2022\/08\/12\/homenageando-selecoes-torneio-associacao-tabajara-comeca-neste-sabado\/#primaryimage\"},\"thumbnailUrl\":\"https:\/\/portalmf.com.br\/wp-content\/uploads\/2022\/08\/FOTO-TORNEIO-DA-ASSOCIACAO-TABAJARA-REGINALDO-JUNIOR-PORTAL-MFp.jpg\",\"datePublished\":\"2022-08-12T18:45:46+00:00\",\"dateModified\":\"2022-08-12T19:33:29+00:00\",\"author\":{\"@id\":\"https:\/\/portalmf.com.br\/#\/schema\/person\/11c82086fe8abc05a19147e964587285\"},\"breadcrumb\":{\"@id\":\"https:\/\/portalmf.com.br\/index.php\/2022\/08\/12\/homenageando-selecoes-torneio-associacao-tabajara-comeca-neste-sabado\/#breadcrumb\"},\"inLanguage\":\"pt-BR\",\"potentialAction\":[{\"@type\":\"ReadAction\",\"target\":[\"https:\/\/portalmf.com.br\/index.php\/2022\/08\/12\/homenageando-selecoes-torneio-associacao-tabajara-comeca-neste-sabado\/\"]}]},{\"@type\":\"ImageObject\",\"inLanguage\":\"pt-BR\",\"@id\":\"https:\/\/portalmf.com.br\/index.php\/2022\/08\/12\/homenageando-selecoes-torneio-associacao-tabajara-comeca-neste-sabado\/#primaryimage\",\"url\":\"https:\/\/portalmf.com.br\/wp-content\/uploads\/2022\/08\/FOTO-TORNEIO-DA-ASSOCIACAO-TABAJARA-REGINALDO-JUNIOR-PORTAL-MFp.jpg\",\"contentUrl\":\"https:\/\/portalmf.com.br\/wp-content\/uploads\/2022\/08\/FOTO-TORNEIO-DA-ASSOCIACAO-TABAJARA-REGINALDO-JUNIOR-PORTAL-MFp.jpg\",\"width\":1000,\"height\":667},{\"@type\":\"BreadcrumbList\",\"@id\":\"https:\/\/portalmf.com.br\/index.php\/2022\/08\/12\/homenageando-selecoes-torneio-associacao-tabajara-comeca-neste-sabado\/#breadcrumb\",\"itemListElement\":[{\"@type\":\"ListItem\",\"position\":1,\"name\":\"In\u00edcio\",\"item\":\"https:\/\/portalmf.com.br\/\"},{\"@type\":\"ListItem\",\"position\":2,\"name\":\"Homenageando sele\u00e7\u00f5es, torneio Associa\u00e7\u00e3o Tabajara come\u00e7a neste s\u00e1bado\"}]},{\"@type\":\"WebSite\",\"@id\":\"https:\/\/portalmf.com.br\/#website\",\"url\":\"https:\/\/portalmf.com.br\/\",\"name\":\"Portal MF\",\"description\":\"Voc\u00ea conectado com a informa\u00e7\u00e3o\",\"potentialAction\":[{\"@type\":\"SearchAction\",\"target\":{\"@type\":\"EntryPoint\",\"urlTemplate\":\"https:\/\/portalmf.com.br\/?s={search_term_string}\"},\"query-input\":\"required name=search_term_string\"}],\"inLanguage\":\"pt-BR\"},{\"@type\":\"Person\",\"@id\":\"https:\/\/portalmf.com.br\/#\/schema\/person\/11c82086fe8abc05a19147e964587285\",\"name\":\"Reginaldo J\u00fanior\",\"image\":{\"@type\":\"ImageObject\",\"inLanguage\":\"pt-BR\",\"@id\":\"https:\/\/portalmf.com.br\/#\/schema\/person\/image\/\",\"url\":\"https:\/\/secure.gravatar.com\/avatar\/32a3c797cd0ac47cc53b8644c62776f9?s=96&d=mm&r=g\",\"contentUrl\":\"https:\/\/secure.gravatar.com\/avatar\/32a3c797cd0ac47cc53b8644c62776f9?s=96&d=mm&r=g\",\"caption\":\"Reginaldo J\u00fanior\"},\"description\":\"Jornalista e idealizador Portal MF\",\"sameAs\":[\"https:\/\/portalmf.com.br\/index.php\/author\/reginaldojr\/\",\"reginaldojrfsa\",\"reginaldojuniormf\",\"https:\/\/x.com\/reginaldojrmf\"],\"url\":\"https:\/\/portalmf.com.br\/index.php\/author\/reginaldojr\/\"}]}<\/script>\n<!-- \/ Yoast SEO plugin. -->","yoast_head_json":{"title":"Homenageando sele\u00e7\u00f5es, torneio Associa\u00e7\u00e3o Tabajara come\u00e7a neste s\u00e1bado - Portal MF","robots":{"index":"index","follow":"follow","max-snippet":"max-snippet:-1","max-image-preview":"max-image-preview:large","max-video-preview":"max-video-preview:-1"},"canonical":"https:\/\/portalmf.com.br\/index.php\/2022\/08\/12\/homenageando-selecoes-torneio-associacao-tabajara-comeca-neste-sabado\/","og_locale":"pt_BR","og_type":"article","og_title":"Homenageando sele\u00e7\u00f5es, torneio Associa\u00e7\u00e3o Tabajara come\u00e7a neste s\u00e1bado - Portal MF","og_description":"Um dos mais disputados torneios de futebol amador feirense, tem in\u00edcio neste s\u00e1bado (13). A 7\u00aa edi\u00e7\u00e3o do campeonato da Associa\u00e7\u00e3o Tabajara, acontecer\u00e1 no Campo da Pir\u00e2mide no conjunto Feira X, com jogos a partir das 7 da manh\u00e3. Neste ano, o evento faz uma homenagem as sele\u00e7\u00f5es que ir\u00e3o participar da Copa do Mundo [&hellip;]","og_url":"https:\/\/portalmf.com.br\/index.php\/2022\/08\/12\/homenageando-selecoes-torneio-associacao-tabajara-comeca-neste-sabado\/","og_site_name":"Portal MF","article_author":"reginaldojrfsa","article_published_time":"2022-08-12T18:45:46+00:00","article_modified_time":"2022-08-12T19:33:29+00:00","og_image":[{"width":1000,"height":667,"url":"https:\/\/portalmf.com.br\/wp-content\/uploads\/2022\/08\/FOTO-TORNEIO-DA-ASSOCIACAO-TABAJARA-REGINALDO-JUNIOR-PORTAL-MFp.jpg","type":"image\/jpeg"}],"author":"Reginaldo J\u00fanior","twitter_card":"summary_large_image","twitter_creator":"@reginaldojrmf","twitter_misc":{"Escrito por":"Reginaldo J\u00fanior","Est. tempo de leitura":"3 minutos"},"schema":{"@context":"https:\/\/schema.org","@graph":[{"@type":"WebPage","@id":"https:\/\/portalmf.com.br\/index.php\/2022\/08\/12\/homenageando-selecoes-torneio-associacao-tabajara-comeca-neste-sabado\/","url":"https:\/\/portalmf.com.br\/index.php\/2022\/08\/12\/homenageando-selecoes-torneio-associacao-tabajara-comeca-neste-sabado\/","name":"Homenageando sele\u00e7\u00f5es, torneio Associa\u00e7\u00e3o Tabajara come\u00e7a neste s\u00e1bado - Portal MF","isPartOf":{"@id":"https:\/\/portalmf.com.br\/#website"},"primaryImageOfPage":{"@id":"https:\/\/portalmf.com.br\/index.php\/2022\/08\/12\/homenageando-selecoes-torneio-associacao-tabajara-comeca-neste-sabado\/#primaryimage"},"image":{"@id":"https:\/\/portalmf.com.br\/index.php\/2022\/08\/12\/homenageando-selecoes-torneio-associacao-tabajara-comeca-neste-sabado\/#primaryimage"},"thumbnailUrl":"https:\/\/portalmf.com.br\/wp-content\/uploads\/2022\/08\/FOTO-TORNEIO-DA-ASSOCIACAO-TABAJARA-REGINALDO-JUNIOR-PORTAL-MFp.jpg","datePublished":"2022-08-12T18:45:46+00:00","dateModified":"2022-08-12T19:33:29+00:00","author":{"@id":"https:\/\/portalmf.com.br\/#\/schema\/person\/11c82086fe8abc05a19147e964587285"},"breadcrumb":{"@id":"https:\/\/portalmf.com.br\/index.php\/2022\/08\/12\/homenageando-selecoes-torneio-associacao-tabajara-comeca-neste-sabado\/#breadcrumb"},"inLanguage":"pt-BR","potentialAction":[{"@type":"ReadAction","target":["https:\/\/portalmf.com.br\/index.php\/2022\/08\/12\/homenageando-selecoes-torneio-associacao-tabajara-comeca-neste-sabado\/"]}]},{"@type":"ImageObject","inLanguage":"pt-BR","@id":"https:\/\/portalmf.com.br\/index.php\/2022\/08\/12\/homenageando-selecoes-torneio-associacao-tabajara-comeca-neste-sabado\/#primaryimage","url":"https:\/\/portalmf.com.br\/wp-content\/uploads\/2022\/08\/FOTO-TORNEIO-DA-ASSOCIACAO-TABAJARA-REGINALDO-JUNIOR-PORTAL-MFp.jpg","contentUrl":"https:\/\/portalmf.com.br\/wp-content\/uploads\/2022\/08\/FOTO-TORNEIO-DA-ASSOCIACAO-TABAJARA-REGINALDO-JUNIOR-PORTAL-MFp.jpg","width":1000,"height":667},{"@type":"BreadcrumbList","@id":"https:\/\/portalmf.com.br\/index.php\/2022\/08\/12\/homenageando-selecoes-torneio-associacao-tabajara-comeca-neste-sabado\/#breadcrumb","itemListElement":[{"@type":"ListItem","position":1,"name":"In\u00edcio","item":"https:\/\/portalmf.com.br\/"},{"@type":"ListItem","position":2,"name":"Homenageando sele\u00e7\u00f5es, torneio Associa\u00e7\u00e3o Tabajara come\u00e7a neste s\u00e1bado"}]},{"@type":"WebSite","@id":"https:\/\/portalmf.com.br\/#website","url":"https:\/\/portalmf.com.br\/","name":"Portal MF","description":"Voc\u00ea conectado com a informa\u00e7\u00e3o","potentialAction":[{"@type":"SearchAction","target":{"@type":"EntryPoint","urlTemplate":"https:\/\/portalmf.com.br\/?s={search_term_string}"},"query-input":"required name=search_term_string"}],"inLanguage":"pt-BR"},{"@type":"Person","@id":"https:\/\/portalmf.com.br\/#\/schema\/person\/11c82086fe8abc05a19147e964587285","name":"Reginaldo J\u00fanior","image":{"@type":"ImageObject","inLanguage":"pt-BR","@id":"https:\/\/portalmf.com.br\/#\/schema\/person\/image\/","url":"https:\/\/secure.gravatar.com\/avatar\/32a3c797cd0ac47cc53b8644c62776f9?s=96&d=mm&r=g","contentUrl":"https:\/\/secure.gravatar.com\/avatar\/32a3c797cd0ac47cc53b8644c62776f9?s=96&d=mm&r=g","caption":"Reginaldo J\u00fanior"},"description":"Jornalista e idealizador Portal MF","sameAs":["https:\/\/portalmf.com.br\/index.php\/author\/reginaldojr\/","reginaldojrfsa","reginaldojuniormf","https:\/\/x.com\/reginaldojrmf"],"url":"https:\/\/portalmf.com.br\/index.php\/author\/reginaldojr\/"}]}},"_links":{"self":[{"href":"https:\/\/portalmf.com.br\/index.php\/wp-json\/wp\/v2\/posts\/2977"}],"collection":[{"href":"https:\/\/portalmf.com.br\/index.php\/wp-json\/wp\/v2\/posts"}],"about":[{"href":"https:\/\/portalmf.com.br\/index.php\/wp-json\/wp\/v2\/types\/post"}],"author":[{"embeddable":true,"href":"https:\/\/portalmf.com.br\/index.php\/wp-json\/wp\/v2\/users\/2"}],"replies":[{"embeddable":true,"href":"https:\/\/portalmf.com.br\/index.php\/wp-json\/wp\/v2\/comments?post=2977"}],"version-history":[{"count":1,"href":"https:\/\/portalmf.com.br\/index.php\/wp-json\/wp\/v2\/posts\/2977\/revisions"}],"predecessor-version":[{"id":2980,"href":"https:\/\/portalmf.com.br\/index.php\/wp-json\/wp\/v2\/posts\/2977\/revisions\/2980"}],"wp:featuredmedia":[{"embeddable":true,"href":"https:\/\/portalmf.com.br\/index.php\/wp-json\/wp\/v2\/media\/2981"}],"wp:attachment":[{"href":"https:\/\/portalmf.com.br\/index.php\/wp-json\/wp\/v2\/media?parent=2977"}],"wp:term":[{"taxonomy":"category","embeddable":true,"href":"https:\/\/portalmf.com.br\/index.php\/wp-json\/wp\/v2\/categories?post=2977"},{"taxonomy":"post_tag","embeddable":true,"href":"https:\/\/portalmf.com.br\/index.php\/wp-json\/wp\/v2\/tags?post=2977"}],"curies":[{"name":"wp","href":"https:\/\/api.w.org\/{rel}","templated":true}]}}