{"id":29733,"date":"2024-09-14T15:46:09","date_gmt":"2024-09-14T18:46:09","guid":{"rendered":"https:\/\/portalmf.com.br\/?p=29733"},"modified":"2024-09-14T15:46:13","modified_gmt":"2024-09-14T18:46:13","slug":"jose-ronaldo-realiza-caminhada-no-bairro-asa-branca-e-reafirma-compromisso-com-a-pavimentacao-de-ruas","status":"publish","type":"post","link":"https:\/\/portalmf.com.br\/index.php\/2024\/09\/14\/jose-ronaldo-realiza-caminhada-no-bairro-asa-branca-e-reafirma-compromisso-com-a-pavimentacao-de-ruas\/","title":{"rendered":"Jos\u00e9 Ronaldo realiza caminhada no bairro Asa Branca e reafirma compromisso com a pavimenta\u00e7\u00e3o de ruas"},"content":{"rendered":"\n<p>Na noite de ontem (13), o candidato a prefeito de Feira de Santana, Jos\u00e9 Ronaldo (Uni\u00e3o Brasil), participou de uma caminhada no bairro Asa Branca, onde reafirmou seu compromisso com a pavimenta\u00e7\u00e3o de ruas que ainda carecem de infraestrutura. Respons\u00e1vel pela urbaniza\u00e7\u00e3o de mais de 60% das vias p\u00fablicas da cidade durante seus mandatos, Jos\u00e9 Ronaldo atendeu \u00e0s reivindica\u00e7\u00f5es dos moradores que solicitaram a melhoria.<\/p>\n\n\n\n<p>Durante o evento, o ex-prefeito destacou que a demanda por pavimenta\u00e7\u00e3o \u00e9 um reflexo da confian\u00e7a dos feirenses em sua administra\u00e7\u00e3o. \u201cAssumo o compromisso de pavimentar essas ruas porque sei o quanto essa obra \u00e9 essencial para quem vive em vias sem infraestrutura\u201d, afirmou Ronaldo, ressaltando seu hist\u00f3rico de gest\u00e3o focado no desenvolvimento urbano de Feira de Santana.<\/p>\n\n\n\n<p>Acompanhado pelo candidato a vice, Pablo Roberto (PSDB), por centenas de moradores e candidatos a vereador, Jos\u00e9 Ronaldo contou com a participa\u00e7\u00e3o especial de seus netos, Ronaldinho e Marina, que estiveram presentes durante toda a caminhada. Ao lado do pai, F\u00e1bio Carvalho, eles acompanharam o av\u00f4 pela comunidade, demonstrando apoio \u00e0 sua candidatura e compartilhando do carinho que os moradores, especialmente as crian\u00e7as, t\u00eam pelo ex-prefeito. O gesto refor\u00e7ou a forte liga\u00e7\u00e3o de Jos\u00e9 Ronaldo com as fam\u00edlias feirenses, consolidada ao longo de sua trajet\u00f3ria pol\u00edtica e de realiza\u00e7\u00f5es na cidade.<\/p>\n\n\n\n<p>Ao final da caminhada, Jos\u00e9 Ronaldo reafirmou seu compromisso de continuar transformando a infraestrutura da cidade, ressaltando que a pavimenta\u00e7\u00e3o das ruas restantes ser\u00e1 uma de suas prioridades caso seja eleito.<\/p>\n\n\n\n<p>Com informa\u00e7\u00f5es Ascom\/Jos\u00e9 Ronaldo<\/p>\n","protected":false},"excerpt":{"rendered":"<p>Na noite de ontem (13), o candidato a prefeito de Feira de Santana, Jos\u00e9 Ronaldo (Uni\u00e3o Brasil), participou de uma caminhada no bairro Asa Branca, onde reafirmou seu compromisso com a pavimenta\u00e7\u00e3o de ruas que ainda carecem de infraestrutura. Respons\u00e1vel pela urbaniza\u00e7\u00e3o de mais de 60% das vias p\u00fablicas da cidade durante seus mandatos, Jos\u00e9 [&hellip;]<\/p>\n","protected":false},"author":3,"featured_media":29734,"comment_status":"open","ping_status":"open","sticky":false,"template":"","format":"standard","meta":{"_monsterinsights_skip_tracking":false,"_monsterinsights_sitenote_active":false,"_monsterinsights_sitenote_note":"","_monsterinsights_sitenote_category":0,"footnotes":""},"categories":[301,34],"tags":[],"yoast_head":"<!-- This site is optimized with the Yoast SEO plugin v22.9 - https:\/\/yoast.com\/wordpress\/plugins\/seo\/ -->\n<title>Jos\u00e9 Ronaldo realiza caminhada no bairro Asa Branca e reafirma compromisso com a pavimenta\u00e7\u00e3o de ruas - Portal MF<\/title>\n<meta name=\"robots\" content=\"index, follow, max-snippet:-1, max-image-preview:large, max-video-preview:-1\" \/>\n<link rel=\"canonical\" href=\"https:\/\/portalmf.com.br\/index.php\/2024\/09\/14\/jose-ronaldo-realiza-caminhada-no-bairro-asa-branca-e-reafirma-compromisso-com-a-pavimentacao-de-ruas\/\" \/>\n<meta property=\"og:locale\" content=\"pt_BR\" \/>\n<meta property=\"og:type\" content=\"article\" \/>\n<meta property=\"og:title\" content=\"Jos\u00e9 Ronaldo realiza caminhada no bairro Asa Branca e reafirma compromisso com a pavimenta\u00e7\u00e3o de ruas - Portal MF\" \/>\n<meta property=\"og:description\" content=\"Na noite de ontem (13), o candidato a prefeito de Feira de Santana, Jos\u00e9 Ronaldo (Uni\u00e3o Brasil), participou de uma caminhada no bairro Asa Branca, onde reafirmou seu compromisso com a pavimenta\u00e7\u00e3o de ruas que ainda carecem de infraestrutura. Respons\u00e1vel pela urbaniza\u00e7\u00e3o de mais de 60% das vias p\u00fablicas da cidade durante seus mandatos, Jos\u00e9 [&hellip;]\" \/>\n<meta property=\"og:url\" content=\"https:\/\/portalmf.com.br\/index.php\/2024\/09\/14\/jose-ronaldo-realiza-caminhada-no-bairro-asa-branca-e-reafirma-compromisso-com-a-pavimentacao-de-ruas\/\" \/>\n<meta property=\"og:site_name\" content=\"Portal MF\" \/>\n<meta property=\"article:author\" content=\"https:\/\/www.facebook.com\/portalmfoficial\" \/>\n<meta property=\"article:published_time\" content=\"2024-09-14T18:46:09+00:00\" \/>\n<meta property=\"article:modified_time\" content=\"2024-09-14T18:46:13+00:00\" \/>\n<meta property=\"og:image\" content=\"https:\/\/portalmf.com.br\/wp-content\/uploads\/2024\/09\/Jose-Ronaldo-realiza-caminhada-no-bairro-Asa-Branca-e-reafirma-compromisso-com-a-pavimentacao-de-ruas.jpg\" \/>\n\t<meta property=\"og:image:width\" content=\"800\" \/>\n\t<meta property=\"og:image:height\" content=\"533\" \/>\n\t<meta property=\"og:image:type\" content=\"image\/jpeg\" \/>\n<meta name=\"author\" content=\"Reda\u00e7\u00e3o Portal MF\" \/>\n<meta name=\"twitter:card\" content=\"summary_large_image\" \/>\n<meta name=\"twitter:creator\" content=\"@https:\/\/x.com\/portalmfoficial\" \/>\n<meta name=\"twitter:label1\" content=\"Escrito por\" \/>\n\t<meta name=\"twitter:data1\" content=\"Reda\u00e7\u00e3o Portal MF\" \/>\n\t<meta name=\"twitter:label2\" content=\"Est. tempo de leitura\" \/>\n\t<meta name=\"twitter:data2\" content=\"2 minutos\" \/>\n<script type=\"application\/ld+json\" class=\"yoast-schema-graph\">{\"@context\":\"https:\/\/schema.org\",\"@graph\":[{\"@type\":\"WebPage\",\"@id\":\"https:\/\/portalmf.com.br\/index.php\/2024\/09\/14\/jose-ronaldo-realiza-caminhada-no-bairro-asa-branca-e-reafirma-compromisso-com-a-pavimentacao-de-ruas\/\",\"url\":\"https:\/\/portalmf.com.br\/index.php\/2024\/09\/14\/jose-ronaldo-realiza-caminhada-no-bairro-asa-branca-e-reafirma-compromisso-com-a-pavimentacao-de-ruas\/\",\"name\":\"Jos\u00e9 Ronaldo realiza caminhada no bairro Asa Branca e reafirma compromisso com a pavimenta\u00e7\u00e3o de ruas - Portal MF\",\"isPartOf\":{\"@id\":\"https:\/\/portalmf.com.br\/#website\"},\"primaryImageOfPage\":{\"@id\":\"https:\/\/portalmf.com.br\/index.php\/2024\/09\/14\/jose-ronaldo-realiza-caminhada-no-bairro-asa-branca-e-reafirma-compromisso-com-a-pavimentacao-de-ruas\/#primaryimage\"},\"image\":{\"@id\":\"https:\/\/portalmf.com.br\/index.php\/2024\/09\/14\/jose-ronaldo-realiza-caminhada-no-bairro-asa-branca-e-reafirma-compromisso-com-a-pavimentacao-de-ruas\/#primaryimage\"},\"thumbnailUrl\":\"https:\/\/portalmf.com.br\/wp-content\/uploads\/2024\/09\/Jose-Ronaldo-realiza-caminhada-no-bairro-Asa-Branca-e-reafirma-compromisso-com-a-pavimentacao-de-ruas.jpg\",\"datePublished\":\"2024-09-14T18:46:09+00:00\",\"dateModified\":\"2024-09-14T18:46:13+00:00\",\"author\":{\"@id\":\"https:\/\/portalmf.com.br\/#\/schema\/person\/9ec101baf56233e53520c26de5d6f6f0\"},\"breadcrumb\":{\"@id\":\"https:\/\/portalmf.com.br\/index.php\/2024\/09\/14\/jose-ronaldo-realiza-caminhada-no-bairro-asa-branca-e-reafirma-compromisso-com-a-pavimentacao-de-ruas\/#breadcrumb\"},\"inLanguage\":\"pt-BR\",\"potentialAction\":[{\"@type\":\"ReadAction\",\"target\":[\"https:\/\/portalmf.com.br\/index.php\/2024\/09\/14\/jose-ronaldo-realiza-caminhada-no-bairro-asa-branca-e-reafirma-compromisso-com-a-pavimentacao-de-ruas\/\"]}]},{\"@type\":\"ImageObject\",\"inLanguage\":\"pt-BR\",\"@id\":\"https:\/\/portalmf.com.br\/index.php\/2024\/09\/14\/jose-ronaldo-realiza-caminhada-no-bairro-asa-branca-e-reafirma-compromisso-com-a-pavimentacao-de-ruas\/#primaryimage\",\"url\":\"https:\/\/portalmf.com.br\/wp-content\/uploads\/2024\/09\/Jose-Ronaldo-realiza-caminhada-no-bairro-Asa-Branca-e-reafirma-compromisso-com-a-pavimentacao-de-ruas.jpg\",\"contentUrl\":\"https:\/\/portalmf.com.br\/wp-content\/uploads\/2024\/09\/Jose-Ronaldo-realiza-caminhada-no-bairro-Asa-Branca-e-reafirma-compromisso-com-a-pavimentacao-de-ruas.jpg\",\"width\":800,\"height\":533},{\"@type\":\"BreadcrumbList\",\"@id\":\"https:\/\/portalmf.com.br\/index.php\/2024\/09\/14\/jose-ronaldo-realiza-caminhada-no-bairro-asa-branca-e-reafirma-compromisso-com-a-pavimentacao-de-ruas\/#breadcrumb\",\"itemListElement\":[{\"@type\":\"ListItem\",\"position\":1,\"name\":\"In\u00edcio\",\"item\":\"https:\/\/portalmf.com.br\/\"},{\"@type\":\"ListItem\",\"position\":2,\"name\":\"Jos\u00e9 Ronaldo realiza caminhada no bairro Asa Branca e reafirma compromisso com a pavimenta\u00e7\u00e3o de ruas\"}]},{\"@type\":\"WebSite\",\"@id\":\"https:\/\/portalmf.com.br\/#website\",\"url\":\"https:\/\/portalmf.com.br\/\",\"name\":\"Portal MF\",\"description\":\"Voc\u00ea conectado com a informa\u00e7\u00e3o\",\"potentialAction\":[{\"@type\":\"SearchAction\",\"target\":{\"@type\":\"EntryPoint\",\"urlTemplate\":\"https:\/\/portalmf.com.br\/?s={search_term_string}\"},\"query-input\":\"required name=search_term_string\"}],\"inLanguage\":\"pt-BR\"},{\"@type\":\"Person\",\"@id\":\"https:\/\/portalmf.com.br\/#\/schema\/person\/9ec101baf56233e53520c26de5d6f6f0\",\"name\":\"Reda\u00e7\u00e3o Portal MF\",\"image\":{\"@type\":\"ImageObject\",\"inLanguage\":\"pt-BR\",\"@id\":\"https:\/\/portalmf.com.br\/#\/schema\/person\/image\/\",\"url\":\"https:\/\/secure.gravatar.com\/avatar\/41b9aaeb2100835f7c64362330f74c7f?s=96&d=mm&r=g\",\"contentUrl\":\"https:\/\/secure.gravatar.com\/avatar\/41b9aaeb2100835f7c64362330f74c7f?s=96&d=mm&r=g\",\"caption\":\"Reda\u00e7\u00e3o Portal MF\"},\"description\":\"Sejam bem-vindos o portal de informa\u00e7\u00f5es de entretenimento de Feira de Santana, desde 2006 realiza coberturas dos principais eventos com entrevistas exclusivas com as principais personalidades mundiais. Fique conectado tamb\u00e9m nas redes sociais.\",\"sameAs\":[\"http:\/\/www.portalmf.com.br\/\",\"https:\/\/www.facebook.com\/portalmfoficial\",\"https:\/\/www.instagram.com\/portalmf\/\",\"https:\/\/x.com\/https:\/\/x.com\/portalmfoficial\",\"https:\/\/www.youtube.com\/@portalmfoficial\"],\"url\":\"https:\/\/portalmf.com.br\/index.php\/author\/junior\/\"}]}<\/script>\n<!-- \/ Yoast SEO plugin. -->","yoast_head_json":{"title":"Jos\u00e9 Ronaldo realiza caminhada no bairro Asa Branca e reafirma compromisso com a pavimenta\u00e7\u00e3o de ruas - Portal MF","robots":{"index":"index","follow":"follow","max-snippet":"max-snippet:-1","max-image-preview":"max-image-preview:large","max-video-preview":"max-video-preview:-1"},"canonical":"https:\/\/portalmf.com.br\/index.php\/2024\/09\/14\/jose-ronaldo-realiza-caminhada-no-bairro-asa-branca-e-reafirma-compromisso-com-a-pavimentacao-de-ruas\/","og_locale":"pt_BR","og_type":"article","og_title":"Jos\u00e9 Ronaldo realiza caminhada no bairro Asa Branca e reafirma compromisso com a pavimenta\u00e7\u00e3o de ruas - Portal MF","og_description":"Na noite de ontem (13), o candidato a prefeito de Feira de Santana, Jos\u00e9 Ronaldo (Uni\u00e3o Brasil), participou de uma caminhada no bairro Asa Branca, onde reafirmou seu compromisso com a pavimenta\u00e7\u00e3o de ruas que ainda carecem de infraestrutura. Respons\u00e1vel pela urbaniza\u00e7\u00e3o de mais de 60% das vias p\u00fablicas da cidade durante seus mandatos, Jos\u00e9 [&hellip;]","og_url":"https:\/\/portalmf.com.br\/index.php\/2024\/09\/14\/jose-ronaldo-realiza-caminhada-no-bairro-asa-branca-e-reafirma-compromisso-com-a-pavimentacao-de-ruas\/","og_site_name":"Portal MF","article_author":"https:\/\/www.facebook.com\/portalmfoficial","article_published_time":"2024-09-14T18:46:09+00:00","article_modified_time":"2024-09-14T18:46:13+00:00","og_image":[{"width":800,"height":533,"url":"https:\/\/portalmf.com.br\/wp-content\/uploads\/2024\/09\/Jose-Ronaldo-realiza-caminhada-no-bairro-Asa-Branca-e-reafirma-compromisso-com-a-pavimentacao-de-ruas.jpg","type":"image\/jpeg"}],"author":"Reda\u00e7\u00e3o Portal MF","twitter_card":"summary_large_image","twitter_creator":"@https:\/\/x.com\/portalmfoficial","twitter_misc":{"Escrito por":"Reda\u00e7\u00e3o Portal MF","Est. tempo de leitura":"2 minutos"},"schema":{"@context":"https:\/\/schema.org","@graph":[{"@type":"WebPage","@id":"https:\/\/portalmf.com.br\/index.php\/2024\/09\/14\/jose-ronaldo-realiza-caminhada-no-bairro-asa-branca-e-reafirma-compromisso-com-a-pavimentacao-de-ruas\/","url":"https:\/\/portalmf.com.br\/index.php\/2024\/09\/14\/jose-ronaldo-realiza-caminhada-no-bairro-asa-branca-e-reafirma-compromisso-com-a-pavimentacao-de-ruas\/","name":"Jos\u00e9 Ronaldo realiza caminhada no bairro Asa Branca e reafirma compromisso com a pavimenta\u00e7\u00e3o de ruas - Portal MF","isPartOf":{"@id":"https:\/\/portalmf.com.br\/#website"},"primaryImageOfPage":{"@id":"https:\/\/portalmf.com.br\/index.php\/2024\/09\/14\/jose-ronaldo-realiza-caminhada-no-bairro-asa-branca-e-reafirma-compromisso-com-a-pavimentacao-de-ruas\/#primaryimage"},"image":{"@id":"https:\/\/portalmf.com.br\/index.php\/2024\/09\/14\/jose-ronaldo-realiza-caminhada-no-bairro-asa-branca-e-reafirma-compromisso-com-a-pavimentacao-de-ruas\/#primaryimage"},"thumbnailUrl":"https:\/\/portalmf.com.br\/wp-content\/uploads\/2024\/09\/Jose-Ronaldo-realiza-caminhada-no-bairro-Asa-Branca-e-reafirma-compromisso-com-a-pavimentacao-de-ruas.jpg","datePublished":"2024-09-14T18:46:09+00:00","dateModified":"2024-09-14T18:46:13+00:00","author":{"@id":"https:\/\/portalmf.com.br\/#\/schema\/person\/9ec101baf56233e53520c26de5d6f6f0"},"breadcrumb":{"@id":"https:\/\/portalmf.com.br\/index.php\/2024\/09\/14\/jose-ronaldo-realiza-caminhada-no-bairro-asa-branca-e-reafirma-compromisso-com-a-pavimentacao-de-ruas\/#breadcrumb"},"inLanguage":"pt-BR","potentialAction":[{"@type":"ReadAction","target":["https:\/\/portalmf.com.br\/index.php\/2024\/09\/14\/jose-ronaldo-realiza-caminhada-no-bairro-asa-branca-e-reafirma-compromisso-com-a-pavimentacao-de-ruas\/"]}]},{"@type":"ImageObject","inLanguage":"pt-BR","@id":"https:\/\/portalmf.com.br\/index.php\/2024\/09\/14\/jose-ronaldo-realiza-caminhada-no-bairro-asa-branca-e-reafirma-compromisso-com-a-pavimentacao-de-ruas\/#primaryimage","url":"https:\/\/portalmf.com.br\/wp-content\/uploads\/2024\/09\/Jose-Ronaldo-realiza-caminhada-no-bairro-Asa-Branca-e-reafirma-compromisso-com-a-pavimentacao-de-ruas.jpg","contentUrl":"https:\/\/portalmf.com.br\/wp-content\/uploads\/2024\/09\/Jose-Ronaldo-realiza-caminhada-no-bairro-Asa-Branca-e-reafirma-compromisso-com-a-pavimentacao-de-ruas.jpg","width":800,"height":533},{"@type":"BreadcrumbList","@id":"https:\/\/portalmf.com.br\/index.php\/2024\/09\/14\/jose-ronaldo-realiza-caminhada-no-bairro-asa-branca-e-reafirma-compromisso-com-a-pavimentacao-de-ruas\/#breadcrumb","itemListElement":[{"@type":"ListItem","position":1,"name":"In\u00edcio","item":"https:\/\/portalmf.com.br\/"},{"@type":"ListItem","position":2,"name":"Jos\u00e9 Ronaldo realiza caminhada no bairro Asa Branca e reafirma compromisso com a pavimenta\u00e7\u00e3o de ruas"}]},{"@type":"WebSite","@id":"https:\/\/portalmf.com.br\/#website","url":"https:\/\/portalmf.com.br\/","name":"Portal MF","description":"Voc\u00ea conectado com a informa\u00e7\u00e3o","potentialAction":[{"@type":"SearchAction","target":{"@type":"EntryPoint","urlTemplate":"https:\/\/portalmf.com.br\/?s={search_term_string}"},"query-input":"required name=search_term_string"}],"inLanguage":"pt-BR"},{"@type":"Person","@id":"https:\/\/portalmf.com.br\/#\/schema\/person\/9ec101baf56233e53520c26de5d6f6f0","name":"Reda\u00e7\u00e3o Portal MF","image":{"@type":"ImageObject","inLanguage":"pt-BR","@id":"https:\/\/portalmf.com.br\/#\/schema\/person\/image\/","url":"https:\/\/secure.gravatar.com\/avatar\/41b9aaeb2100835f7c64362330f74c7f?s=96&d=mm&r=g","contentUrl":"https:\/\/secure.gravatar.com\/avatar\/41b9aaeb2100835f7c64362330f74c7f?s=96&d=mm&r=g","caption":"Reda\u00e7\u00e3o Portal MF"},"description":"Sejam bem-vindos o portal de informa\u00e7\u00f5es de entretenimento de Feira de Santana, desde 2006 realiza coberturas dos principais eventos com entrevistas exclusivas com as principais personalidades mundiais. Fique conectado tamb\u00e9m nas redes sociais.","sameAs":["http:\/\/www.portalmf.com.br\/","https:\/\/www.facebook.com\/portalmfoficial","https:\/\/www.instagram.com\/portalmf\/","https:\/\/x.com\/https:\/\/x.com\/portalmfoficial","https:\/\/www.youtube.com\/@portalmfoficial"],"url":"https:\/\/portalmf.com.br\/index.php\/author\/junior\/"}]}},"_links":{"self":[{"href":"https:\/\/portalmf.com.br\/index.php\/wp-json\/wp\/v2\/posts\/29733"}],"collection":[{"href":"https:\/\/portalmf.com.br\/index.php\/wp-json\/wp\/v2\/posts"}],"about":[{"href":"https:\/\/portalmf.com.br\/index.php\/wp-json\/wp\/v2\/types\/post"}],"author":[{"embeddable":true,"href":"https:\/\/portalmf.com.br\/index.php\/wp-json\/wp\/v2\/users\/3"}],"replies":[{"embeddable":true,"href":"https:\/\/portalmf.com.br\/index.php\/wp-json\/wp\/v2\/comments?post=29733"}],"version-history":[{"count":1,"href":"https:\/\/portalmf.com.br\/index.php\/wp-json\/wp\/v2\/posts\/29733\/revisions"}],"predecessor-version":[{"id":29735,"href":"https:\/\/portalmf.com.br\/index.php\/wp-json\/wp\/v2\/posts\/29733\/revisions\/29735"}],"wp:featuredmedia":[{"embeddable":true,"href":"https:\/\/portalmf.com.br\/index.php\/wp-json\/wp\/v2\/media\/29734"}],"wp:attachment":[{"href":"https:\/\/portalmf.com.br\/index.php\/wp-json\/wp\/v2\/media?parent=29733"}],"wp:term":[{"taxonomy":"category","embeddable":true,"href":"https:\/\/portalmf.com.br\/index.php\/wp-json\/wp\/v2\/categories?post=29733"},{"taxonomy":"post_tag","embeddable":true,"href":"https:\/\/portalmf.com.br\/index.php\/wp-json\/wp\/v2\/tags?post=29733"}],"curies":[{"name":"wp","href":"https:\/\/api.w.org\/{rel}","templated":true}]}}