{"id":29730,"date":"2024-09-14T15:41:17","date_gmt":"2024-09-14T18:41:17","guid":{"rendered":"https:\/\/portalmf.com.br\/?p=29730"},"modified":"2024-09-14T15:41:18","modified_gmt":"2024-09-14T18:41:18","slug":"em-carreata-pelo-centro-e-bairros-ze-neto-critica-brt-e-propoe-novo-modelo-de-transporte-publico-para-feira-de-santana","status":"publish","type":"post","link":"https:\/\/portalmf.com.br\/index.php\/2024\/09\/14\/em-carreata-pelo-centro-e-bairros-ze-neto-critica-brt-e-propoe-novo-modelo-de-transporte-publico-para-feira-de-santana\/","title":{"rendered":"Em carreata pelo centro e bairros, Z\u00e9 Neto critica BRT e prop\u00f5e novo modelo de transporte p\u00fablico para Feira de Santana"},"content":{"rendered":"\n<p>O candidato a prefeito de Feira de Santana, Z\u00e9 Neto (PT), defendeu, em uma grande Carreata da Mudan\u00e7a, neste s\u00e1bado (14), um novo modelo de transporte p\u00fablico para a cidade. Ao percorrer as avenidas N\u00f3ide Cerqueira, Get\u00falio Vargas, Jo\u00e3o Durval, Maria Quit\u00e9ria e outras 21 localidades com a carreata, o candidato da coliga\u00e7\u00e3o Pra Fazer o Futuro Acontecer criticou o BRT, classificando-o como \u201cuma fraude e uma vergonha\u201d que consumiu mais de R$ 100 milh\u00f5es de recursos p\u00fablicos sem atender \u00e0 popula\u00e7\u00e3o e os requisitos t\u00e9cnicos para ser enquadrado como modal.<\/p>\n\n\n\n<p><em>\u201cO BRT \u00e9 uma fraude, uma vergonha, resultado de um projeto fracassado de quem governa nossa cidade h\u00e1 24 anos\u201d,<\/em> afirmou Z\u00e9 Neto. \u00a0<\/p>\n\n\n\n<p>Ele se comprometeu em fazer a integra\u00e7\u00e3o entre os modais de transporte, colocar os \u00f4nibus para rodar e integrar os bairros e distritos \u00e0 cidade, al\u00e9m de resolver problemas de infraestrutura que comprometem a mobilidade urbana. O candidato do PT tamb\u00e9m vai revitalizar as vias urbanas, construir novas esta\u00e7\u00f5es e pontos de integra\u00e7\u00e3o. Com isso, al\u00e9m de efici\u00eancia na mobilidade, os usu\u00e1rios v\u00e3o ter economia.<\/p>\n\n\n\n<p><em>\u201cVamos fortalecer o transporte p\u00fablico, tornar o sistema eficiente e a mobilidade urbana em Feira de Santana uma refer\u00eancia nacional. Ser\u00e1 um importante ganho para o usu\u00e1rio do sistema de \u00f4nibus e para toda a cidade\u201d<\/em>, observou o candidato, ao destacar a import\u00e2ncia do planejamento para o desenvolvimento urbano.<\/p>\n\n\n\n<p>Outra a\u00e7\u00e3o defendida por Z\u00e9 Neto \u00e9 inserir \u00f4nibus el\u00e9tricos na frota circulante na cidade, contribuindo tamb\u00e9m com a sustentabilidade e a qualidade do ar ao diminuir a polui\u00e7\u00e3o na atmosfera. Para isso, ele ressalta que tem o apoio do presidente Lula e do governador Jer\u00f4nimo Rodrigues.<\/p>\n\n\n\n<p><em>\u201cTemos que ter um sistema integrado, que funcione e atenda as necessidades da popula\u00e7\u00e3o. Vamos criar corredores exclusivos, acrescentar \u00e0 frota de \u00f4nibus el\u00e9tricos, contribuir com a diminui\u00e7\u00e3o da polui\u00e7\u00e3o e agilizar a vida de quem depende do transporte p\u00fablico\u201d,<\/em> projetou.<\/p>\n\n\n\n<p>Com o novo sistema, Z\u00e9 Neto pretende garantir a integra\u00e7\u00e3o, efici\u00eancia e sustentabilidade do transporte p\u00fablico em Feira de Santana. Ele acredita que a moderniza\u00e7\u00e3o da infraestrutura urbana e a coordena\u00e7\u00e3o entre os diferentes modais garantir\u00e1 uma experi\u00eancia mais fluida e eficiente para os passageiros. Isso vai, na sua opini\u00e3o, melhorar a acessibilidade e a capacidade do sistema de transporte em atender melhor \u00e0s necessidades da popula\u00e7\u00e3o na cidade.<\/p>\n\n\n\n<p><em>\u201cA mobilidade urbana \u00e9 determinante para a qualidade de vida e para o desenvolvimento econ\u00f4mico da nossa cidade. Com planejamento, apoio de Lula e Jer\u00f4nimo vamos fazer os investimentos necess\u00e1rios e fazer com que, de fato, haja melhora do transporte p\u00fablico e da mobilidade urbana em Feira de Santana\u201d<\/em>, enfatizou Z\u00e9 Neto.<\/p>\n\n\n\n<p>Com informa\u00e7\u00f5es da Ascom \/ Z\u00e9 Neto<\/p>\n","protected":false},"excerpt":{"rendered":"<p>O candidato a prefeito de Feira de Santana, Z\u00e9 Neto (PT), defendeu, em uma grande Carreata da Mudan\u00e7a, neste s\u00e1bado (14), um novo modelo de transporte p\u00fablico para a cidade. Ao percorrer as avenidas N\u00f3ide Cerqueira, Get\u00falio Vargas, Jo\u00e3o Durval, Maria Quit\u00e9ria e outras 21 localidades com a carreata, o candidato da coliga\u00e7\u00e3o Pra Fazer [&hellip;]<\/p>\n","protected":false},"author":3,"featured_media":29731,"comment_status":"open","ping_status":"open","sticky":false,"template":"","format":"standard","meta":{"_monsterinsights_skip_tracking":false,"_monsterinsights_sitenote_active":false,"_monsterinsights_sitenote_note":"","_monsterinsights_sitenote_category":0,"footnotes":""},"categories":[301,34],"tags":[],"yoast_head":"<!-- This site is optimized with the Yoast SEO plugin v22.9 - https:\/\/yoast.com\/wordpress\/plugins\/seo\/ -->\n<title>Em carreata pelo centro e bairros, Z\u00e9 Neto critica BRT e prop\u00f5e novo modelo de transporte p\u00fablico para Feira de Santana - Portal MF<\/title>\n<meta name=\"robots\" content=\"index, follow, max-snippet:-1, max-image-preview:large, max-video-preview:-1\" \/>\n<link rel=\"canonical\" href=\"https:\/\/portalmf.com.br\/index.php\/2024\/09\/14\/em-carreata-pelo-centro-e-bairros-ze-neto-critica-brt-e-propoe-novo-modelo-de-transporte-publico-para-feira-de-santana\/\" \/>\n<meta property=\"og:locale\" content=\"pt_BR\" \/>\n<meta property=\"og:type\" content=\"article\" \/>\n<meta property=\"og:title\" content=\"Em carreata pelo centro e bairros, Z\u00e9 Neto critica BRT e prop\u00f5e novo modelo de transporte p\u00fablico para Feira de Santana - Portal MF\" \/>\n<meta property=\"og:description\" content=\"O candidato a prefeito de Feira de Santana, Z\u00e9 Neto (PT), defendeu, em uma grande Carreata da Mudan\u00e7a, neste s\u00e1bado (14), um novo modelo de transporte p\u00fablico para a cidade. Ao percorrer as avenidas N\u00f3ide Cerqueira, Get\u00falio Vargas, Jo\u00e3o Durval, Maria Quit\u00e9ria e outras 21 localidades com a carreata, o candidato da coliga\u00e7\u00e3o Pra Fazer [&hellip;]\" \/>\n<meta property=\"og:url\" content=\"https:\/\/portalmf.com.br\/index.php\/2024\/09\/14\/em-carreata-pelo-centro-e-bairros-ze-neto-critica-brt-e-propoe-novo-modelo-de-transporte-publico-para-feira-de-santana\/\" \/>\n<meta property=\"og:site_name\" content=\"Portal MF\" \/>\n<meta property=\"article:author\" content=\"https:\/\/www.facebook.com\/portalmfoficial\" \/>\n<meta property=\"article:published_time\" content=\"2024-09-14T18:41:17+00:00\" \/>\n<meta property=\"article:modified_time\" content=\"2024-09-14T18:41:18+00:00\" \/>\n<meta property=\"og:image\" content=\"https:\/\/portalmf.com.br\/wp-content\/uploads\/2024\/09\/Em-carreata-pelo-centro-e-bairros-Ze-Neto-critica-BRT-e-propoe-novo-modelo-de-transporte-publico-para-Feira-de-Santana.jpg\" \/>\n\t<meta property=\"og:image:width\" content=\"1280\" \/>\n\t<meta property=\"og:image:height\" content=\"853\" \/>\n\t<meta property=\"og:image:type\" content=\"image\/jpeg\" \/>\n<meta name=\"author\" content=\"Reda\u00e7\u00e3o Portal MF\" \/>\n<meta name=\"twitter:card\" content=\"summary_large_image\" \/>\n<meta name=\"twitter:creator\" content=\"@https:\/\/x.com\/portalmfoficial\" \/>\n<meta name=\"twitter:label1\" content=\"Escrito por\" \/>\n\t<meta name=\"twitter:data1\" content=\"Reda\u00e7\u00e3o Portal MF\" \/>\n\t<meta name=\"twitter:label2\" content=\"Est. tempo de leitura\" \/>\n\t<meta name=\"twitter:data2\" content=\"3 minutos\" \/>\n<script type=\"application\/ld+json\" class=\"yoast-schema-graph\">{\"@context\":\"https:\/\/schema.org\",\"@graph\":[{\"@type\":\"WebPage\",\"@id\":\"https:\/\/portalmf.com.br\/index.php\/2024\/09\/14\/em-carreata-pelo-centro-e-bairros-ze-neto-critica-brt-e-propoe-novo-modelo-de-transporte-publico-para-feira-de-santana\/\",\"url\":\"https:\/\/portalmf.com.br\/index.php\/2024\/09\/14\/em-carreata-pelo-centro-e-bairros-ze-neto-critica-brt-e-propoe-novo-modelo-de-transporte-publico-para-feira-de-santana\/\",\"name\":\"Em carreata pelo centro e bairros, Z\u00e9 Neto critica BRT e prop\u00f5e novo modelo de transporte p\u00fablico para Feira de Santana - Portal MF\",\"isPartOf\":{\"@id\":\"https:\/\/portalmf.com.br\/#website\"},\"primaryImageOfPage\":{\"@id\":\"https:\/\/portalmf.com.br\/index.php\/2024\/09\/14\/em-carreata-pelo-centro-e-bairros-ze-neto-critica-brt-e-propoe-novo-modelo-de-transporte-publico-para-feira-de-santana\/#primaryimage\"},\"image\":{\"@id\":\"https:\/\/portalmf.com.br\/index.php\/2024\/09\/14\/em-carreata-pelo-centro-e-bairros-ze-neto-critica-brt-e-propoe-novo-modelo-de-transporte-publico-para-feira-de-santana\/#primaryimage\"},\"thumbnailUrl\":\"https:\/\/portalmf.com.br\/wp-content\/uploads\/2024\/09\/Em-carreata-pelo-centro-e-bairros-Ze-Neto-critica-BRT-e-propoe-novo-modelo-de-transporte-publico-para-Feira-de-Santana.jpg\",\"datePublished\":\"2024-09-14T18:41:17+00:00\",\"dateModified\":\"2024-09-14T18:41:18+00:00\",\"author\":{\"@id\":\"https:\/\/portalmf.com.br\/#\/schema\/person\/9ec101baf56233e53520c26de5d6f6f0\"},\"breadcrumb\":{\"@id\":\"https:\/\/portalmf.com.br\/index.php\/2024\/09\/14\/em-carreata-pelo-centro-e-bairros-ze-neto-critica-brt-e-propoe-novo-modelo-de-transporte-publico-para-feira-de-santana\/#breadcrumb\"},\"inLanguage\":\"pt-BR\",\"potentialAction\":[{\"@type\":\"ReadAction\",\"target\":[\"https:\/\/portalmf.com.br\/index.php\/2024\/09\/14\/em-carreata-pelo-centro-e-bairros-ze-neto-critica-brt-e-propoe-novo-modelo-de-transporte-publico-para-feira-de-santana\/\"]}]},{\"@type\":\"ImageObject\",\"inLanguage\":\"pt-BR\",\"@id\":\"https:\/\/portalmf.com.br\/index.php\/2024\/09\/14\/em-carreata-pelo-centro-e-bairros-ze-neto-critica-brt-e-propoe-novo-modelo-de-transporte-publico-para-feira-de-santana\/#primaryimage\",\"url\":\"https:\/\/portalmf.com.br\/wp-content\/uploads\/2024\/09\/Em-carreata-pelo-centro-e-bairros-Ze-Neto-critica-BRT-e-propoe-novo-modelo-de-transporte-publico-para-Feira-de-Santana.jpg\",\"contentUrl\":\"https:\/\/portalmf.com.br\/wp-content\/uploads\/2024\/09\/Em-carreata-pelo-centro-e-bairros-Ze-Neto-critica-BRT-e-propoe-novo-modelo-de-transporte-publico-para-Feira-de-Santana.jpg\",\"width\":1280,\"height\":853},{\"@type\":\"BreadcrumbList\",\"@id\":\"https:\/\/portalmf.com.br\/index.php\/2024\/09\/14\/em-carreata-pelo-centro-e-bairros-ze-neto-critica-brt-e-propoe-novo-modelo-de-transporte-publico-para-feira-de-santana\/#breadcrumb\",\"itemListElement\":[{\"@type\":\"ListItem\",\"position\":1,\"name\":\"In\u00edcio\",\"item\":\"https:\/\/portalmf.com.br\/\"},{\"@type\":\"ListItem\",\"position\":2,\"name\":\"Em carreata pelo centro e bairros, Z\u00e9 Neto critica BRT e prop\u00f5e novo modelo de transporte p\u00fablico para Feira de Santana\"}]},{\"@type\":\"WebSite\",\"@id\":\"https:\/\/portalmf.com.br\/#website\",\"url\":\"https:\/\/portalmf.com.br\/\",\"name\":\"Portal MF\",\"description\":\"Voc\u00ea conectado com a informa\u00e7\u00e3o\",\"potentialAction\":[{\"@type\":\"SearchAction\",\"target\":{\"@type\":\"EntryPoint\",\"urlTemplate\":\"https:\/\/portalmf.com.br\/?s={search_term_string}\"},\"query-input\":\"required name=search_term_string\"}],\"inLanguage\":\"pt-BR\"},{\"@type\":\"Person\",\"@id\":\"https:\/\/portalmf.com.br\/#\/schema\/person\/9ec101baf56233e53520c26de5d6f6f0\",\"name\":\"Reda\u00e7\u00e3o Portal MF\",\"image\":{\"@type\":\"ImageObject\",\"inLanguage\":\"pt-BR\",\"@id\":\"https:\/\/portalmf.com.br\/#\/schema\/person\/image\/\",\"url\":\"https:\/\/secure.gravatar.com\/avatar\/41b9aaeb2100835f7c64362330f74c7f?s=96&d=mm&r=g\",\"contentUrl\":\"https:\/\/secure.gravatar.com\/avatar\/41b9aaeb2100835f7c64362330f74c7f?s=96&d=mm&r=g\",\"caption\":\"Reda\u00e7\u00e3o Portal MF\"},\"description\":\"Sejam bem-vindos o portal de informa\u00e7\u00f5es de entretenimento de Feira de Santana, desde 2006 realiza coberturas dos principais eventos com entrevistas exclusivas com as principais personalidades mundiais. Fique conectado tamb\u00e9m nas redes sociais.\",\"sameAs\":[\"http:\/\/www.portalmf.com.br\/\",\"https:\/\/www.facebook.com\/portalmfoficial\",\"https:\/\/www.instagram.com\/portalmf\/\",\"https:\/\/x.com\/https:\/\/x.com\/portalmfoficial\",\"https:\/\/www.youtube.com\/@portalmfoficial\"],\"url\":\"https:\/\/portalmf.com.br\/index.php\/author\/junior\/\"}]}<\/script>\n<!-- \/ Yoast SEO plugin. -->","yoast_head_json":{"title":"Em carreata pelo centro e bairros, Z\u00e9 Neto critica BRT e prop\u00f5e novo modelo de transporte p\u00fablico para Feira de Santana - Portal MF","robots":{"index":"index","follow":"follow","max-snippet":"max-snippet:-1","max-image-preview":"max-image-preview:large","max-video-preview":"max-video-preview:-1"},"canonical":"https:\/\/portalmf.com.br\/index.php\/2024\/09\/14\/em-carreata-pelo-centro-e-bairros-ze-neto-critica-brt-e-propoe-novo-modelo-de-transporte-publico-para-feira-de-santana\/","og_locale":"pt_BR","og_type":"article","og_title":"Em carreata pelo centro e bairros, Z\u00e9 Neto critica BRT e prop\u00f5e novo modelo de transporte p\u00fablico para Feira de Santana - Portal MF","og_description":"O candidato a prefeito de Feira de Santana, Z\u00e9 Neto (PT), defendeu, em uma grande Carreata da Mudan\u00e7a, neste s\u00e1bado (14), um novo modelo de transporte p\u00fablico para a cidade. Ao percorrer as avenidas N\u00f3ide Cerqueira, Get\u00falio Vargas, Jo\u00e3o Durval, Maria Quit\u00e9ria e outras 21 localidades com a carreata, o candidato da coliga\u00e7\u00e3o Pra Fazer [&hellip;]","og_url":"https:\/\/portalmf.com.br\/index.php\/2024\/09\/14\/em-carreata-pelo-centro-e-bairros-ze-neto-critica-brt-e-propoe-novo-modelo-de-transporte-publico-para-feira-de-santana\/","og_site_name":"Portal MF","article_author":"https:\/\/www.facebook.com\/portalmfoficial","article_published_time":"2024-09-14T18:41:17+00:00","article_modified_time":"2024-09-14T18:41:18+00:00","og_image":[{"width":1280,"height":853,"url":"https:\/\/portalmf.com.br\/wp-content\/uploads\/2024\/09\/Em-carreata-pelo-centro-e-bairros-Ze-Neto-critica-BRT-e-propoe-novo-modelo-de-transporte-publico-para-Feira-de-Santana.jpg","type":"image\/jpeg"}],"author":"Reda\u00e7\u00e3o Portal MF","twitter_card":"summary_large_image","twitter_creator":"@https:\/\/x.com\/portalmfoficial","twitter_misc":{"Escrito por":"Reda\u00e7\u00e3o Portal MF","Est. tempo de leitura":"3 minutos"},"schema":{"@context":"https:\/\/schema.org","@graph":[{"@type":"WebPage","@id":"https:\/\/portalmf.com.br\/index.php\/2024\/09\/14\/em-carreata-pelo-centro-e-bairros-ze-neto-critica-brt-e-propoe-novo-modelo-de-transporte-publico-para-feira-de-santana\/","url":"https:\/\/portalmf.com.br\/index.php\/2024\/09\/14\/em-carreata-pelo-centro-e-bairros-ze-neto-critica-brt-e-propoe-novo-modelo-de-transporte-publico-para-feira-de-santana\/","name":"Em carreata pelo centro e bairros, Z\u00e9 Neto critica BRT e prop\u00f5e novo modelo de transporte p\u00fablico para Feira de Santana - Portal MF","isPartOf":{"@id":"https:\/\/portalmf.com.br\/#website"},"primaryImageOfPage":{"@id":"https:\/\/portalmf.com.br\/index.php\/2024\/09\/14\/em-carreata-pelo-centro-e-bairros-ze-neto-critica-brt-e-propoe-novo-modelo-de-transporte-publico-para-feira-de-santana\/#primaryimage"},"image":{"@id":"https:\/\/portalmf.com.br\/index.php\/2024\/09\/14\/em-carreata-pelo-centro-e-bairros-ze-neto-critica-brt-e-propoe-novo-modelo-de-transporte-publico-para-feira-de-santana\/#primaryimage"},"thumbnailUrl":"https:\/\/portalmf.com.br\/wp-content\/uploads\/2024\/09\/Em-carreata-pelo-centro-e-bairros-Ze-Neto-critica-BRT-e-propoe-novo-modelo-de-transporte-publico-para-Feira-de-Santana.jpg","datePublished":"2024-09-14T18:41:17+00:00","dateModified":"2024-09-14T18:41:18+00:00","author":{"@id":"https:\/\/portalmf.com.br\/#\/schema\/person\/9ec101baf56233e53520c26de5d6f6f0"},"breadcrumb":{"@id":"https:\/\/portalmf.com.br\/index.php\/2024\/09\/14\/em-carreata-pelo-centro-e-bairros-ze-neto-critica-brt-e-propoe-novo-modelo-de-transporte-publico-para-feira-de-santana\/#breadcrumb"},"inLanguage":"pt-BR","potentialAction":[{"@type":"ReadAction","target":["https:\/\/portalmf.com.br\/index.php\/2024\/09\/14\/em-carreata-pelo-centro-e-bairros-ze-neto-critica-brt-e-propoe-novo-modelo-de-transporte-publico-para-feira-de-santana\/"]}]},{"@type":"ImageObject","inLanguage":"pt-BR","@id":"https:\/\/portalmf.com.br\/index.php\/2024\/09\/14\/em-carreata-pelo-centro-e-bairros-ze-neto-critica-brt-e-propoe-novo-modelo-de-transporte-publico-para-feira-de-santana\/#primaryimage","url":"https:\/\/portalmf.com.br\/wp-content\/uploads\/2024\/09\/Em-carreata-pelo-centro-e-bairros-Ze-Neto-critica-BRT-e-propoe-novo-modelo-de-transporte-publico-para-Feira-de-Santana.jpg","contentUrl":"https:\/\/portalmf.com.br\/wp-content\/uploads\/2024\/09\/Em-carreata-pelo-centro-e-bairros-Ze-Neto-critica-BRT-e-propoe-novo-modelo-de-transporte-publico-para-Feira-de-Santana.jpg","width":1280,"height":853},{"@type":"BreadcrumbList","@id":"https:\/\/portalmf.com.br\/index.php\/2024\/09\/14\/em-carreata-pelo-centro-e-bairros-ze-neto-critica-brt-e-propoe-novo-modelo-de-transporte-publico-para-feira-de-santana\/#breadcrumb","itemListElement":[{"@type":"ListItem","position":1,"name":"In\u00edcio","item":"https:\/\/portalmf.com.br\/"},{"@type":"ListItem","position":2,"name":"Em carreata pelo centro e bairros, Z\u00e9 Neto critica BRT e prop\u00f5e novo modelo de transporte p\u00fablico para Feira de Santana"}]},{"@type":"WebSite","@id":"https:\/\/portalmf.com.br\/#website","url":"https:\/\/portalmf.com.br\/","name":"Portal MF","description":"Voc\u00ea conectado com a informa\u00e7\u00e3o","potentialAction":[{"@type":"SearchAction","target":{"@type":"EntryPoint","urlTemplate":"https:\/\/portalmf.com.br\/?s={search_term_string}"},"query-input":"required name=search_term_string"}],"inLanguage":"pt-BR"},{"@type":"Person","@id":"https:\/\/portalmf.com.br\/#\/schema\/person\/9ec101baf56233e53520c26de5d6f6f0","name":"Reda\u00e7\u00e3o Portal MF","image":{"@type":"ImageObject","inLanguage":"pt-BR","@id":"https:\/\/portalmf.com.br\/#\/schema\/person\/image\/","url":"https:\/\/secure.gravatar.com\/avatar\/41b9aaeb2100835f7c64362330f74c7f?s=96&d=mm&r=g","contentUrl":"https:\/\/secure.gravatar.com\/avatar\/41b9aaeb2100835f7c64362330f74c7f?s=96&d=mm&r=g","caption":"Reda\u00e7\u00e3o Portal MF"},"description":"Sejam bem-vindos o portal de informa\u00e7\u00f5es de entretenimento de Feira de Santana, desde 2006 realiza coberturas dos principais eventos com entrevistas exclusivas com as principais personalidades mundiais. Fique conectado tamb\u00e9m nas redes sociais.","sameAs":["http:\/\/www.portalmf.com.br\/","https:\/\/www.facebook.com\/portalmfoficial","https:\/\/www.instagram.com\/portalmf\/","https:\/\/x.com\/https:\/\/x.com\/portalmfoficial","https:\/\/www.youtube.com\/@portalmfoficial"],"url":"https:\/\/portalmf.com.br\/index.php\/author\/junior\/"}]}},"_links":{"self":[{"href":"https:\/\/portalmf.com.br\/index.php\/wp-json\/wp\/v2\/posts\/29730"}],"collection":[{"href":"https:\/\/portalmf.com.br\/index.php\/wp-json\/wp\/v2\/posts"}],"about":[{"href":"https:\/\/portalmf.com.br\/index.php\/wp-json\/wp\/v2\/types\/post"}],"author":[{"embeddable":true,"href":"https:\/\/portalmf.com.br\/index.php\/wp-json\/wp\/v2\/users\/3"}],"replies":[{"embeddable":true,"href":"https:\/\/portalmf.com.br\/index.php\/wp-json\/wp\/v2\/comments?post=29730"}],"version-history":[{"count":1,"href":"https:\/\/portalmf.com.br\/index.php\/wp-json\/wp\/v2\/posts\/29730\/revisions"}],"predecessor-version":[{"id":29732,"href":"https:\/\/portalmf.com.br\/index.php\/wp-json\/wp\/v2\/posts\/29730\/revisions\/29732"}],"wp:featuredmedia":[{"embeddable":true,"href":"https:\/\/portalmf.com.br\/index.php\/wp-json\/wp\/v2\/media\/29731"}],"wp:attachment":[{"href":"https:\/\/portalmf.com.br\/index.php\/wp-json\/wp\/v2\/media?parent=29730"}],"wp:term":[{"taxonomy":"category","embeddable":true,"href":"https:\/\/portalmf.com.br\/index.php\/wp-json\/wp\/v2\/categories?post=29730"},{"taxonomy":"post_tag","embeddable":true,"href":"https:\/\/portalmf.com.br\/index.php\/wp-json\/wp\/v2\/tags?post=29730"}],"curies":[{"name":"wp","href":"https:\/\/api.w.org\/{rel}","templated":true}]}}