{"id":29716,"date":"2024-09-14T13:15:20","date_gmt":"2024-09-14T16:15:20","guid":{"rendered":"https:\/\/portalmf.com.br\/?p=29716"},"modified":"2024-09-14T13:15:22","modified_gmt":"2024-09-14T16:15:22","slug":"banda-mel-celebra-samba-reggae-em-gravacao-de-audiovisual","status":"publish","type":"post","link":"https:\/\/portalmf.com.br\/index.php\/2024\/09\/14\/banda-mel-celebra-samba-reggae-em-gravacao-de-audiovisual\/","title":{"rendered":"Banda Mel celebra samba-reggae em grava\u00e7\u00e3o de audiovisual"},"content":{"rendered":"\n<p>O p\u00fablico que lotou a Concha Ac\u00fastica nesta sexta-feira (13) viveu uma noite especial de celebra\u00e7\u00e3o. Os 40 anos da Banda Mel foram comemorados com a grava\u00e7\u00e3o de um audiovisual, com o t\u00edtulo de \u201cOrigens\u201d, celebrando n\u00e3o s\u00f3 a trajet\u00f3ria do grupo pioneiro da m\u00fasica baiana, mas a do samba-reggae, cuja hist\u00f3ria se confunde com a de M\u00e1rcia Short e Robson Morais, nomes \u00e0 frente da Mel.<\/p>\n\n\n\n<p>Alguns dos maiores sucessos do repert\u00f3rio nacional s\u00e3o da Banda Mel e foram entoados em un\u00edssono com o p\u00fablico nesta noite. Parte dessas can\u00e7\u00f5es at\u00e9 hoje figuram na lista das mais tocadas no Brasil e, claro, ganharam espa\u00e7o no repert\u00f3rio. A festa teve dire\u00e7\u00e3o de Fred Soares, que dividiu o show em tr\u00eas blocos. O primeiro, \u201cAncestrais\u201d, trouxe o sagrado e o profano, com elementos presentes em nossas festas populares. Nele, estavam can\u00e7\u00f5es que retratam um clima de encantamento pelo calor baiano, como \u201cFesta na Bahia\u201d, \u201cInspira\u00e7\u00e3o\u201d e \u201cVeraneio\u201d.&nbsp;<\/p>\n\n\n\n<figure class=\"wp-block-image size-full\"><img fetchpriority=\"high\" decoding=\"async\" width=\"800\" height=\"533\" src=\"https:\/\/portalmf.com.br\/wp-content\/uploads\/2024\/09\/Com-participacao-de-Daniela-Mercury-Luiz-Caldas-e-Dida-Banda-Mel-celebra-samba-reggae-em-show-na-Concha-Acustica-Fotos-de-Felipe-Oliveira-Divulgacao-4.jpeg\" alt=\"\" class=\"wp-image-29719\" srcset=\"https:\/\/portalmf.com.br\/wp-content\/uploads\/2024\/09\/Com-participacao-de-Daniela-Mercury-Luiz-Caldas-e-Dida-Banda-Mel-celebra-samba-reggae-em-show-na-Concha-Acustica-Fotos-de-Felipe-Oliveira-Divulgacao-4.jpeg 800w, https:\/\/portalmf.com.br\/wp-content\/uploads\/2024\/09\/Com-participacao-de-Daniela-Mercury-Luiz-Caldas-e-Dida-Banda-Mel-celebra-samba-reggae-em-show-na-Concha-Acustica-Fotos-de-Felipe-Oliveira-Divulgacao-4-300x200.jpeg 300w, https:\/\/portalmf.com.br\/wp-content\/uploads\/2024\/09\/Com-participacao-de-Daniela-Mercury-Luiz-Caldas-e-Dida-Banda-Mel-celebra-samba-reggae-em-show-na-Concha-Acustica-Fotos-de-Felipe-Oliveira-Divulgacao-4-768x512.jpeg 768w, https:\/\/portalmf.com.br\/wp-content\/uploads\/2024\/09\/Com-participacao-de-Daniela-Mercury-Luiz-Caldas-e-Dida-Banda-Mel-celebra-samba-reggae-em-show-na-Concha-Acustica-Fotos-de-Felipe-Oliveira-Divulgacao-4-696x464.jpeg 696w\" sizes=\"(max-width: 800px) 100vw, 800px\" \/><figcaption class=\"wp-element-caption\"><strong>Fotos: Felipe Oliveira \/ Divulga\u00e7\u00e3o<\/strong><\/figcaption><\/figure>\n\n\n\n<p>Em seguida, \u201cPreta\u201d \u00e9 o bloco que apresentou um recorte sobre o olhar e orgulho da negritude que sempre se fez presente nas composi\u00e7\u00f5es da banda, como \u201c\u201dMulher Primazia\u201d, \u201cGinga e Express\u00e3o\u201d e \u201cNa\u00e7\u00e3o Rastafari\u201d, entre outras. Finalizando de maneira festiva, \u201cDel\u00edcias do Sol\u201d, que como o t\u00edtulo j\u00e1 sugere, um encontro carnavalesco e colorido entre os cantores e o p\u00fablico, consagrando mais uma vez os<\/p>\n\n\n\n<p>hits \u201cPrefixo de Ver\u00e3o\u201d, \u201cBaianidade Nag\u00f4\u201d, \u201cFara\u00f3\u201d e \u201cCren\u00e7a e F\u00e9\u201d.<\/p>\n\n\n\n<p><strong>Participa\u00e7\u00f5es especiais e m\u00fasicas in\u00e9ditas<\/strong><\/p>\n\n\n\n<p>Cl\u00e1ssico atemporal do repert\u00f3rio da banda, \u201cCren\u00e7a e F\u00e9\u201d \u00e9 conhecida pela poderosa voz de M\u00e1rcia Short entoando o refr\u00e3o&nbsp;<em>\u201cVou dar a volta no mundo, eu vou. Vou ver o mundo girar. Mas eu s\u00f3 saio daqui quando o coral negro passar\u201d<\/em>. No projeto especial gravado na Concha, a faixa ganhou uma nova vers\u00e3o com Daniela Mercury como convidada especial. A rainha do Ax\u00e9 Music, ali\u00e1s, j\u00e1 tinha gravado a m\u00fasica no \u00e1lbum \u201cSol da Liberdade\u201d, lan\u00e7ado no ano 2000. Do seu repert\u00f3rio, a artista levou \u201cM\u00fasica de Rua\u201d para o show.<\/p>\n\n\n\n<figure class=\"wp-block-image size-full\"><img decoding=\"async\" width=\"800\" height=\"533\" src=\"https:\/\/portalmf.com.br\/wp-content\/uploads\/2024\/09\/Com-participacao-de-Daniela-Mercury-Luiz-Caldas-e-Dida-Banda-Mel-celebra-samba-reggae-em-show-na-Concha-Acustica-Fotos-de-Felipe-Oliveira-Divulgacao-1.jpeg\" alt=\"\" class=\"wp-image-29720\" srcset=\"https:\/\/portalmf.com.br\/wp-content\/uploads\/2024\/09\/Com-participacao-de-Daniela-Mercury-Luiz-Caldas-e-Dida-Banda-Mel-celebra-samba-reggae-em-show-na-Concha-Acustica-Fotos-de-Felipe-Oliveira-Divulgacao-1.jpeg 800w, https:\/\/portalmf.com.br\/wp-content\/uploads\/2024\/09\/Com-participacao-de-Daniela-Mercury-Luiz-Caldas-e-Dida-Banda-Mel-celebra-samba-reggae-em-show-na-Concha-Acustica-Fotos-de-Felipe-Oliveira-Divulgacao-1-300x200.jpeg 300w, https:\/\/portalmf.com.br\/wp-content\/uploads\/2024\/09\/Com-participacao-de-Daniela-Mercury-Luiz-Caldas-e-Dida-Banda-Mel-celebra-samba-reggae-em-show-na-Concha-Acustica-Fotos-de-Felipe-Oliveira-Divulgacao-1-768x512.jpeg 768w, https:\/\/portalmf.com.br\/wp-content\/uploads\/2024\/09\/Com-participacao-de-Daniela-Mercury-Luiz-Caldas-e-Dida-Banda-Mel-celebra-samba-reggae-em-show-na-Concha-Acustica-Fotos-de-Felipe-Oliveira-Divulgacao-1-696x464.jpeg 696w\" sizes=\"(max-width: 800px) 100vw, 800px\" \/><figcaption class=\"wp-element-caption\"><strong>Fotos: Felipe Oliveira \/ Divulga\u00e7\u00e3o<\/strong><\/figcaption><\/figure>\n\n\n\n<p>Luiz Caldas tamb\u00e9m deu a sua contribui\u00e7\u00e3o para uma nova vers\u00e3o de outro&nbsp;<em>hit<\/em>&nbsp;da banda. \u201cPrefixo de Ver\u00e3o\u201d, at\u00e9 hoje cantada pela maioria dos artistas em seus shows no Carnaval de Salvador, ganhou nova roupagem no encontro de Luiz e Robson no show. A seguir, o p\u00fablico cantou junto \u201cHaja Amor\u201d, do repert\u00f3rio de Luiz. J\u00e1 na in\u00e9dita \u201cOlodum Bom Blues\u201d, foram as meninas da Did\u00e1 que subiram ao palco, que teve cenografia de Pedro Caldas e os conte\u00fados de v\u00eddeo cenografia assinados por Del Nudes, Dod\u00f4 Villar e Menelaw Sete.<\/p>\n\n\n\n<figure class=\"wp-block-image size-full\"><img decoding=\"async\" width=\"800\" height=\"533\" src=\"https:\/\/portalmf.com.br\/wp-content\/uploads\/2024\/09\/Com-participacao-de-Daniela-Mercury-Luiz-Caldas-e-Dida-Banda-Mel-celebra-samba-reggae-em-show-na-Concha-Acustica-Fotos-de-Felipe-Oliveira-Divulgacao-2.jpeg\" alt=\"\" class=\"wp-image-29717\" srcset=\"https:\/\/portalmf.com.br\/wp-content\/uploads\/2024\/09\/Com-participacao-de-Daniela-Mercury-Luiz-Caldas-e-Dida-Banda-Mel-celebra-samba-reggae-em-show-na-Concha-Acustica-Fotos-de-Felipe-Oliveira-Divulgacao-2.jpeg 800w, https:\/\/portalmf.com.br\/wp-content\/uploads\/2024\/09\/Com-participacao-de-Daniela-Mercury-Luiz-Caldas-e-Dida-Banda-Mel-celebra-samba-reggae-em-show-na-Concha-Acustica-Fotos-de-Felipe-Oliveira-Divulgacao-2-300x200.jpeg 300w, https:\/\/portalmf.com.br\/wp-content\/uploads\/2024\/09\/Com-participacao-de-Daniela-Mercury-Luiz-Caldas-e-Dida-Banda-Mel-celebra-samba-reggae-em-show-na-Concha-Acustica-Fotos-de-Felipe-Oliveira-Divulgacao-2-768x512.jpeg 768w, https:\/\/portalmf.com.br\/wp-content\/uploads\/2024\/09\/Com-participacao-de-Daniela-Mercury-Luiz-Caldas-e-Dida-Banda-Mel-celebra-samba-reggae-em-show-na-Concha-Acustica-Fotos-de-Felipe-Oliveira-Divulgacao-2-696x464.jpeg 696w\" sizes=\"(max-width: 800px) 100vw, 800px\" \/><figcaption class=\"wp-element-caption\"><strong>Fotos: Felipe Oliveira \/ Divulga\u00e7\u00e3o<\/strong><\/figcaption><\/figure>\n\n\n\n<p>O roteiro c\u00eanico-musical permitiu que o p\u00fablico fizesse uma imers\u00e3o nessa hist\u00f3ria. As mem\u00f3rias afetivas tiveram espa\u00e7o nas coreografias assinadas por Edileuza Santos e um corpo de baile que estabeleceu uma comunica\u00e7\u00e3o entre a ancestralidade e a releitura de express\u00f5es corporais contempor\u00e2neas.&nbsp;<\/p>\n","protected":false},"excerpt":{"rendered":"<p>O p\u00fablico que lotou a Concha Ac\u00fastica nesta sexta-feira (13) viveu uma noite especial de celebra\u00e7\u00e3o. Os 40 anos da Banda Mel foram comemorados com a grava\u00e7\u00e3o de um audiovisual, com o t\u00edtulo de \u201cOrigens\u201d, celebrando n\u00e3o s\u00f3 a trajet\u00f3ria do grupo pioneiro da m\u00fasica baiana, mas a do samba-reggae, cuja hist\u00f3ria se confunde com [&hellip;]<\/p>\n","protected":false},"author":3,"featured_media":29718,"comment_status":"open","ping_status":"open","sticky":false,"template":"","format":"standard","meta":{"_monsterinsights_skip_tracking":false,"_monsterinsights_sitenote_active":false,"_monsterinsights_sitenote_note":"","_monsterinsights_sitenote_category":0,"footnotes":""},"categories":[48,36],"tags":[],"yoast_head":"<!-- This site is optimized with the Yoast SEO plugin v22.9 - https:\/\/yoast.com\/wordpress\/plugins\/seo\/ -->\n<title>Banda Mel celebra samba-reggae em grava\u00e7\u00e3o de audiovisual - Portal MF<\/title>\n<meta name=\"robots\" content=\"index, follow, max-snippet:-1, max-image-preview:large, max-video-preview:-1\" \/>\n<link rel=\"canonical\" href=\"https:\/\/portalmf.com.br\/index.php\/2024\/09\/14\/banda-mel-celebra-samba-reggae-em-gravacao-de-audiovisual\/\" \/>\n<meta property=\"og:locale\" content=\"pt_BR\" \/>\n<meta property=\"og:type\" content=\"article\" \/>\n<meta property=\"og:title\" content=\"Banda Mel celebra samba-reggae em grava\u00e7\u00e3o de audiovisual - Portal MF\" \/>\n<meta property=\"og:description\" content=\"O p\u00fablico que lotou a Concha Ac\u00fastica nesta sexta-feira (13) viveu uma noite especial de celebra\u00e7\u00e3o. Os 40 anos da Banda Mel foram comemorados com a grava\u00e7\u00e3o de um audiovisual, com o t\u00edtulo de \u201cOrigens\u201d, celebrando n\u00e3o s\u00f3 a trajet\u00f3ria do grupo pioneiro da m\u00fasica baiana, mas a do samba-reggae, cuja hist\u00f3ria se confunde com [&hellip;]\" \/>\n<meta property=\"og:url\" content=\"https:\/\/portalmf.com.br\/index.php\/2024\/09\/14\/banda-mel-celebra-samba-reggae-em-gravacao-de-audiovisual\/\" \/>\n<meta property=\"og:site_name\" content=\"Portal MF\" \/>\n<meta property=\"article:author\" content=\"https:\/\/www.facebook.com\/portalmfoficial\" \/>\n<meta property=\"article:published_time\" content=\"2024-09-14T16:15:20+00:00\" \/>\n<meta property=\"article:modified_time\" content=\"2024-09-14T16:15:22+00:00\" \/>\n<meta property=\"og:image\" content=\"https:\/\/portalmf.com.br\/wp-content\/uploads\/2024\/09\/Com-participacao-de-Daniela-Mercury-Luiz-Caldas-e-Dida-Banda-Mel-celebra-samba-reggae-em-show-na-Concha-Acustica-Fotos-de-Felipe-Oliveira-Divulgacao-3.jpeg\" \/>\n\t<meta property=\"og:image:width\" content=\"800\" \/>\n\t<meta property=\"og:image:height\" content=\"533\" \/>\n\t<meta property=\"og:image:type\" content=\"image\/jpeg\" \/>\n<meta name=\"author\" content=\"Reda\u00e7\u00e3o Portal MF\" \/>\n<meta name=\"twitter:card\" content=\"summary_large_image\" \/>\n<meta name=\"twitter:creator\" content=\"@https:\/\/x.com\/portalmfoficial\" \/>\n<meta name=\"twitter:label1\" content=\"Escrito por\" \/>\n\t<meta name=\"twitter:data1\" content=\"Reda\u00e7\u00e3o Portal MF\" \/>\n\t<meta name=\"twitter:label2\" content=\"Est. tempo de leitura\" \/>\n\t<meta name=\"twitter:data2\" content=\"4 minutos\" \/>\n<script type=\"application\/ld+json\" class=\"yoast-schema-graph\">{\"@context\":\"https:\/\/schema.org\",\"@graph\":[{\"@type\":\"WebPage\",\"@id\":\"https:\/\/portalmf.com.br\/index.php\/2024\/09\/14\/banda-mel-celebra-samba-reggae-em-gravacao-de-audiovisual\/\",\"url\":\"https:\/\/portalmf.com.br\/index.php\/2024\/09\/14\/banda-mel-celebra-samba-reggae-em-gravacao-de-audiovisual\/\",\"name\":\"Banda Mel celebra samba-reggae em grava\u00e7\u00e3o de audiovisual - Portal MF\",\"isPartOf\":{\"@id\":\"https:\/\/portalmf.com.br\/#website\"},\"primaryImageOfPage\":{\"@id\":\"https:\/\/portalmf.com.br\/index.php\/2024\/09\/14\/banda-mel-celebra-samba-reggae-em-gravacao-de-audiovisual\/#primaryimage\"},\"image\":{\"@id\":\"https:\/\/portalmf.com.br\/index.php\/2024\/09\/14\/banda-mel-celebra-samba-reggae-em-gravacao-de-audiovisual\/#primaryimage\"},\"thumbnailUrl\":\"https:\/\/portalmf.com.br\/wp-content\/uploads\/2024\/09\/Com-participacao-de-Daniela-Mercury-Luiz-Caldas-e-Dida-Banda-Mel-celebra-samba-reggae-em-show-na-Concha-Acustica-Fotos-de-Felipe-Oliveira-Divulgacao-3.jpeg\",\"datePublished\":\"2024-09-14T16:15:20+00:00\",\"dateModified\":\"2024-09-14T16:15:22+00:00\",\"author\":{\"@id\":\"https:\/\/portalmf.com.br\/#\/schema\/person\/9ec101baf56233e53520c26de5d6f6f0\"},\"breadcrumb\":{\"@id\":\"https:\/\/portalmf.com.br\/index.php\/2024\/09\/14\/banda-mel-celebra-samba-reggae-em-gravacao-de-audiovisual\/#breadcrumb\"},\"inLanguage\":\"pt-BR\",\"potentialAction\":[{\"@type\":\"ReadAction\",\"target\":[\"https:\/\/portalmf.com.br\/index.php\/2024\/09\/14\/banda-mel-celebra-samba-reggae-em-gravacao-de-audiovisual\/\"]}]},{\"@type\":\"ImageObject\",\"inLanguage\":\"pt-BR\",\"@id\":\"https:\/\/portalmf.com.br\/index.php\/2024\/09\/14\/banda-mel-celebra-samba-reggae-em-gravacao-de-audiovisual\/#primaryimage\",\"url\":\"https:\/\/portalmf.com.br\/wp-content\/uploads\/2024\/09\/Com-participacao-de-Daniela-Mercury-Luiz-Caldas-e-Dida-Banda-Mel-celebra-samba-reggae-em-show-na-Concha-Acustica-Fotos-de-Felipe-Oliveira-Divulgacao-3.jpeg\",\"contentUrl\":\"https:\/\/portalmf.com.br\/wp-content\/uploads\/2024\/09\/Com-participacao-de-Daniela-Mercury-Luiz-Caldas-e-Dida-Banda-Mel-celebra-samba-reggae-em-show-na-Concha-Acustica-Fotos-de-Felipe-Oliveira-Divulgacao-3.jpeg\",\"width\":800,\"height\":533},{\"@type\":\"BreadcrumbList\",\"@id\":\"https:\/\/portalmf.com.br\/index.php\/2024\/09\/14\/banda-mel-celebra-samba-reggae-em-gravacao-de-audiovisual\/#breadcrumb\",\"itemListElement\":[{\"@type\":\"ListItem\",\"position\":1,\"name\":\"In\u00edcio\",\"item\":\"https:\/\/portalmf.com.br\/\"},{\"@type\":\"ListItem\",\"position\":2,\"name\":\"Banda Mel celebra samba-reggae em grava\u00e7\u00e3o de audiovisual\"}]},{\"@type\":\"WebSite\",\"@id\":\"https:\/\/portalmf.com.br\/#website\",\"url\":\"https:\/\/portalmf.com.br\/\",\"name\":\"Portal MF\",\"description\":\"Voc\u00ea conectado com a informa\u00e7\u00e3o\",\"potentialAction\":[{\"@type\":\"SearchAction\",\"target\":{\"@type\":\"EntryPoint\",\"urlTemplate\":\"https:\/\/portalmf.com.br\/?s={search_term_string}\"},\"query-input\":\"required name=search_term_string\"}],\"inLanguage\":\"pt-BR\"},{\"@type\":\"Person\",\"@id\":\"https:\/\/portalmf.com.br\/#\/schema\/person\/9ec101baf56233e53520c26de5d6f6f0\",\"name\":\"Reda\u00e7\u00e3o Portal MF\",\"image\":{\"@type\":\"ImageObject\",\"inLanguage\":\"pt-BR\",\"@id\":\"https:\/\/portalmf.com.br\/#\/schema\/person\/image\/\",\"url\":\"https:\/\/secure.gravatar.com\/avatar\/41b9aaeb2100835f7c64362330f74c7f?s=96&d=mm&r=g\",\"contentUrl\":\"https:\/\/secure.gravatar.com\/avatar\/41b9aaeb2100835f7c64362330f74c7f?s=96&d=mm&r=g\",\"caption\":\"Reda\u00e7\u00e3o Portal MF\"},\"description\":\"Sejam bem-vindos o portal de informa\u00e7\u00f5es de entretenimento de Feira de Santana, desde 2006 realiza coberturas dos principais eventos com entrevistas exclusivas com as principais personalidades mundiais. Fique conectado tamb\u00e9m nas redes sociais.\",\"sameAs\":[\"http:\/\/www.portalmf.com.br\/\",\"https:\/\/www.facebook.com\/portalmfoficial\",\"https:\/\/www.instagram.com\/portalmf\/\",\"https:\/\/x.com\/https:\/\/x.com\/portalmfoficial\",\"https:\/\/www.youtube.com\/@portalmfoficial\"],\"url\":\"https:\/\/portalmf.com.br\/index.php\/author\/junior\/\"}]}<\/script>\n<!-- \/ Yoast SEO plugin. -->","yoast_head_json":{"title":"Banda Mel celebra samba-reggae em grava\u00e7\u00e3o de audiovisual - Portal MF","robots":{"index":"index","follow":"follow","max-snippet":"max-snippet:-1","max-image-preview":"max-image-preview:large","max-video-preview":"max-video-preview:-1"},"canonical":"https:\/\/portalmf.com.br\/index.php\/2024\/09\/14\/banda-mel-celebra-samba-reggae-em-gravacao-de-audiovisual\/","og_locale":"pt_BR","og_type":"article","og_title":"Banda Mel celebra samba-reggae em grava\u00e7\u00e3o de audiovisual - Portal MF","og_description":"O p\u00fablico que lotou a Concha Ac\u00fastica nesta sexta-feira (13) viveu uma noite especial de celebra\u00e7\u00e3o. Os 40 anos da Banda Mel foram comemorados com a grava\u00e7\u00e3o de um audiovisual, com o t\u00edtulo de \u201cOrigens\u201d, celebrando n\u00e3o s\u00f3 a trajet\u00f3ria do grupo pioneiro da m\u00fasica baiana, mas a do samba-reggae, cuja hist\u00f3ria se confunde com [&hellip;]","og_url":"https:\/\/portalmf.com.br\/index.php\/2024\/09\/14\/banda-mel-celebra-samba-reggae-em-gravacao-de-audiovisual\/","og_site_name":"Portal MF","article_author":"https:\/\/www.facebook.com\/portalmfoficial","article_published_time":"2024-09-14T16:15:20+00:00","article_modified_time":"2024-09-14T16:15:22+00:00","og_image":[{"width":800,"height":533,"url":"https:\/\/portalmf.com.br\/wp-content\/uploads\/2024\/09\/Com-participacao-de-Daniela-Mercury-Luiz-Caldas-e-Dida-Banda-Mel-celebra-samba-reggae-em-show-na-Concha-Acustica-Fotos-de-Felipe-Oliveira-Divulgacao-3.jpeg","type":"image\/jpeg"}],"author":"Reda\u00e7\u00e3o Portal MF","twitter_card":"summary_large_image","twitter_creator":"@https:\/\/x.com\/portalmfoficial","twitter_misc":{"Escrito por":"Reda\u00e7\u00e3o Portal MF","Est. tempo de leitura":"4 minutos"},"schema":{"@context":"https:\/\/schema.org","@graph":[{"@type":"WebPage","@id":"https:\/\/portalmf.com.br\/index.php\/2024\/09\/14\/banda-mel-celebra-samba-reggae-em-gravacao-de-audiovisual\/","url":"https:\/\/portalmf.com.br\/index.php\/2024\/09\/14\/banda-mel-celebra-samba-reggae-em-gravacao-de-audiovisual\/","name":"Banda Mel celebra samba-reggae em grava\u00e7\u00e3o de audiovisual - Portal MF","isPartOf":{"@id":"https:\/\/portalmf.com.br\/#website"},"primaryImageOfPage":{"@id":"https:\/\/portalmf.com.br\/index.php\/2024\/09\/14\/banda-mel-celebra-samba-reggae-em-gravacao-de-audiovisual\/#primaryimage"},"image":{"@id":"https:\/\/portalmf.com.br\/index.php\/2024\/09\/14\/banda-mel-celebra-samba-reggae-em-gravacao-de-audiovisual\/#primaryimage"},"thumbnailUrl":"https:\/\/portalmf.com.br\/wp-content\/uploads\/2024\/09\/Com-participacao-de-Daniela-Mercury-Luiz-Caldas-e-Dida-Banda-Mel-celebra-samba-reggae-em-show-na-Concha-Acustica-Fotos-de-Felipe-Oliveira-Divulgacao-3.jpeg","datePublished":"2024-09-14T16:15:20+00:00","dateModified":"2024-09-14T16:15:22+00:00","author":{"@id":"https:\/\/portalmf.com.br\/#\/schema\/person\/9ec101baf56233e53520c26de5d6f6f0"},"breadcrumb":{"@id":"https:\/\/portalmf.com.br\/index.php\/2024\/09\/14\/banda-mel-celebra-samba-reggae-em-gravacao-de-audiovisual\/#breadcrumb"},"inLanguage":"pt-BR","potentialAction":[{"@type":"ReadAction","target":["https:\/\/portalmf.com.br\/index.php\/2024\/09\/14\/banda-mel-celebra-samba-reggae-em-gravacao-de-audiovisual\/"]}]},{"@type":"ImageObject","inLanguage":"pt-BR","@id":"https:\/\/portalmf.com.br\/index.php\/2024\/09\/14\/banda-mel-celebra-samba-reggae-em-gravacao-de-audiovisual\/#primaryimage","url":"https:\/\/portalmf.com.br\/wp-content\/uploads\/2024\/09\/Com-participacao-de-Daniela-Mercury-Luiz-Caldas-e-Dida-Banda-Mel-celebra-samba-reggae-em-show-na-Concha-Acustica-Fotos-de-Felipe-Oliveira-Divulgacao-3.jpeg","contentUrl":"https:\/\/portalmf.com.br\/wp-content\/uploads\/2024\/09\/Com-participacao-de-Daniela-Mercury-Luiz-Caldas-e-Dida-Banda-Mel-celebra-samba-reggae-em-show-na-Concha-Acustica-Fotos-de-Felipe-Oliveira-Divulgacao-3.jpeg","width":800,"height":533},{"@type":"BreadcrumbList","@id":"https:\/\/portalmf.com.br\/index.php\/2024\/09\/14\/banda-mel-celebra-samba-reggae-em-gravacao-de-audiovisual\/#breadcrumb","itemListElement":[{"@type":"ListItem","position":1,"name":"In\u00edcio","item":"https:\/\/portalmf.com.br\/"},{"@type":"ListItem","position":2,"name":"Banda Mel celebra samba-reggae em grava\u00e7\u00e3o de audiovisual"}]},{"@type":"WebSite","@id":"https:\/\/portalmf.com.br\/#website","url":"https:\/\/portalmf.com.br\/","name":"Portal MF","description":"Voc\u00ea conectado com a informa\u00e7\u00e3o","potentialAction":[{"@type":"SearchAction","target":{"@type":"EntryPoint","urlTemplate":"https:\/\/portalmf.com.br\/?s={search_term_string}"},"query-input":"required name=search_term_string"}],"inLanguage":"pt-BR"},{"@type":"Person","@id":"https:\/\/portalmf.com.br\/#\/schema\/person\/9ec101baf56233e53520c26de5d6f6f0","name":"Reda\u00e7\u00e3o Portal MF","image":{"@type":"ImageObject","inLanguage":"pt-BR","@id":"https:\/\/portalmf.com.br\/#\/schema\/person\/image\/","url":"https:\/\/secure.gravatar.com\/avatar\/41b9aaeb2100835f7c64362330f74c7f?s=96&d=mm&r=g","contentUrl":"https:\/\/secure.gravatar.com\/avatar\/41b9aaeb2100835f7c64362330f74c7f?s=96&d=mm&r=g","caption":"Reda\u00e7\u00e3o Portal MF"},"description":"Sejam bem-vindos o portal de informa\u00e7\u00f5es de entretenimento de Feira de Santana, desde 2006 realiza coberturas dos principais eventos com entrevistas exclusivas com as principais personalidades mundiais. Fique conectado tamb\u00e9m nas redes sociais.","sameAs":["http:\/\/www.portalmf.com.br\/","https:\/\/www.facebook.com\/portalmfoficial","https:\/\/www.instagram.com\/portalmf\/","https:\/\/x.com\/https:\/\/x.com\/portalmfoficial","https:\/\/www.youtube.com\/@portalmfoficial"],"url":"https:\/\/portalmf.com.br\/index.php\/author\/junior\/"}]}},"_links":{"self":[{"href":"https:\/\/portalmf.com.br\/index.php\/wp-json\/wp\/v2\/posts\/29716"}],"collection":[{"href":"https:\/\/portalmf.com.br\/index.php\/wp-json\/wp\/v2\/posts"}],"about":[{"href":"https:\/\/portalmf.com.br\/index.php\/wp-json\/wp\/v2\/types\/post"}],"author":[{"embeddable":true,"href":"https:\/\/portalmf.com.br\/index.php\/wp-json\/wp\/v2\/users\/3"}],"replies":[{"embeddable":true,"href":"https:\/\/portalmf.com.br\/index.php\/wp-json\/wp\/v2\/comments?post=29716"}],"version-history":[{"count":1,"href":"https:\/\/portalmf.com.br\/index.php\/wp-json\/wp\/v2\/posts\/29716\/revisions"}],"predecessor-version":[{"id":29721,"href":"https:\/\/portalmf.com.br\/index.php\/wp-json\/wp\/v2\/posts\/29716\/revisions\/29721"}],"wp:featuredmedia":[{"embeddable":true,"href":"https:\/\/portalmf.com.br\/index.php\/wp-json\/wp\/v2\/media\/29718"}],"wp:attachment":[{"href":"https:\/\/portalmf.com.br\/index.php\/wp-json\/wp\/v2\/media?parent=29716"}],"wp:term":[{"taxonomy":"category","embeddable":true,"href":"https:\/\/portalmf.com.br\/index.php\/wp-json\/wp\/v2\/categories?post=29716"},{"taxonomy":"post_tag","embeddable":true,"href":"https:\/\/portalmf.com.br\/index.php\/wp-json\/wp\/v2\/tags?post=29716"}],"curies":[{"name":"wp","href":"https:\/\/api.w.org\/{rel}","templated":true}]}}