{"id":2971,"date":"2022-08-12T14:31:36","date_gmt":"2022-08-12T17:31:36","guid":{"rendered":"http:\/\/portalmf.com.br\/?p=2971"},"modified":"2022-08-12T14:31:37","modified_gmt":"2022-08-12T17:31:37","slug":"atletas-de-desportos-aquaticos-da-bahia-estarao-em-feira-de-santana-neste-sabado","status":"publish","type":"post","link":"https:\/\/portalmf.com.br\/index.php\/2022\/08\/12\/atletas-de-desportos-aquaticos-da-bahia-estarao-em-feira-de-santana-neste-sabado\/","title":{"rendered":"Atletas de desportos aqu\u00e1ticos da Bahia estar\u00e3o em Feira de Santana neste s\u00e1bado"},"content":{"rendered":"\n<p>Neste s\u00e1bado, 13, a Federa\u00e7\u00e3o Baiana de Desportos Aqu\u00e1ticos (FBDA) desembarcar\u00e1 em nossa cidade para realizar o Trof\u00e9u FBDA, em comemora\u00e7\u00e3o \u00e0 edi\u00e7\u00e3o de 69 anos.<\/p>\n\n\n\n<p>O evento marcar\u00e1 o retorno das competi\u00e7\u00f5es de nata\u00e7\u00e3o em nossa cidade ap\u00f3s as suspens\u00f5es devido a pandemia de COVID-19. A competi\u00e7\u00e3o acontecer\u00e1 no SESI \u2013 Alto do Cruzeiro, a partir das 13h e contar\u00e1 com mais de 200 atletas de toda a Bahia e com seus principais clubes.<\/p>\n\n\n\n<p>O evento ser\u00e1 aberto ao p\u00fablico, que poder\u00e1 acompanhar de perto os principais atletas de nata\u00e7\u00e3o do nosso Estado. Ser\u00e1 a oportunidade, tamb\u00e9m, de torcer pelos atletas de nossa cidade.<\/p>\n\n\n\n<p>\u201c Os eventos desse n\u00edvel em nossa cidade, trazem grandes benef\u00edcios, uma vez que Feira de Santana sempre teve uma representa\u00e7\u00e3o forte na nata\u00e7\u00e3o, tanto em nosso Estado, quanto a n\u00edvel nacional. E a expectativa \u00e9 que possamos promover ainda mais nosso esporte no calend\u00e1rio de eventos estaduais. \u201d, diz Gil Carlos Leal, respons\u00e1vel pelo evento .<\/p>\n","protected":false},"excerpt":{"rendered":"<p>Neste s\u00e1bado, 13, a Federa\u00e7\u00e3o Baiana de Desportos Aqu\u00e1ticos (FBDA) desembarcar\u00e1 em nossa cidade para realizar o Trof\u00e9u FBDA, em comemora\u00e7\u00e3o \u00e0 edi\u00e7\u00e3o de 69 anos. O evento marcar\u00e1 o retorno das competi\u00e7\u00f5es de nata\u00e7\u00e3o em nossa cidade ap\u00f3s as suspens\u00f5es devido a pandemia de COVID-19. A competi\u00e7\u00e3o acontecer\u00e1 no SESI \u2013 Alto do Cruzeiro, [&hellip;]<\/p>\n","protected":false},"author":2,"featured_media":2972,"comment_status":"open","ping_status":"open","sticky":false,"template":"","format":"standard","meta":{"_monsterinsights_skip_tracking":false,"_monsterinsights_sitenote_active":false,"_monsterinsights_sitenote_note":"","_monsterinsights_sitenote_category":0,"footnotes":""},"categories":[42],"tags":[],"yoast_head":"<!-- This site is optimized with the Yoast SEO plugin v22.9 - https:\/\/yoast.com\/wordpress\/plugins\/seo\/ -->\n<title>Atletas de desportos aqu\u00e1ticos da Bahia estar\u00e3o em Feira de Santana neste s\u00e1bado - Portal MF<\/title>\n<meta name=\"robots\" content=\"index, follow, max-snippet:-1, max-image-preview:large, max-video-preview:-1\" \/>\n<link rel=\"canonical\" href=\"https:\/\/portalmf.com.br\/index.php\/2022\/08\/12\/atletas-de-desportos-aquaticos-da-bahia-estarao-em-feira-de-santana-neste-sabado\/\" \/>\n<meta property=\"og:locale\" content=\"pt_BR\" \/>\n<meta property=\"og:type\" content=\"article\" \/>\n<meta property=\"og:title\" content=\"Atletas de desportos aqu\u00e1ticos da Bahia estar\u00e3o em Feira de Santana neste s\u00e1bado - Portal MF\" \/>\n<meta property=\"og:description\" content=\"Neste s\u00e1bado, 13, a Federa\u00e7\u00e3o Baiana de Desportos Aqu\u00e1ticos (FBDA) desembarcar\u00e1 em nossa cidade para realizar o Trof\u00e9u FBDA, em comemora\u00e7\u00e3o \u00e0 edi\u00e7\u00e3o de 69 anos. O evento marcar\u00e1 o retorno das competi\u00e7\u00f5es de nata\u00e7\u00e3o em nossa cidade ap\u00f3s as suspens\u00f5es devido a pandemia de COVID-19. A competi\u00e7\u00e3o acontecer\u00e1 no SESI \u2013 Alto do Cruzeiro, [&hellip;]\" \/>\n<meta property=\"og:url\" content=\"https:\/\/portalmf.com.br\/index.php\/2022\/08\/12\/atletas-de-desportos-aquaticos-da-bahia-estarao-em-feira-de-santana-neste-sabado\/\" \/>\n<meta property=\"og:site_name\" content=\"Portal MF\" \/>\n<meta property=\"article:author\" content=\"reginaldojrfsa\" \/>\n<meta property=\"article:published_time\" content=\"2022-08-12T17:31:36+00:00\" \/>\n<meta property=\"article:modified_time\" content=\"2022-08-12T17:31:37+00:00\" \/>\n<meta property=\"og:image\" content=\"https:\/\/portalmf.com.br\/wp-content\/uploads\/2022\/08\/WhatsApp-Image-2022-08-10-at-14.49.47.jpeg\" \/>\n\t<meta property=\"og:image:width\" content=\"1080\" \/>\n\t<meta property=\"og:image:height\" content=\"1248\" \/>\n\t<meta property=\"og:image:type\" content=\"image\/jpeg\" \/>\n<meta name=\"author\" content=\"Reginaldo J\u00fanior\" \/>\n<meta name=\"twitter:card\" content=\"summary_large_image\" \/>\n<meta name=\"twitter:creator\" content=\"@reginaldojrmf\" \/>\n<meta name=\"twitter:label1\" content=\"Escrito por\" \/>\n\t<meta name=\"twitter:data1\" content=\"Reginaldo J\u00fanior\" \/>\n\t<meta name=\"twitter:label2\" content=\"Est. tempo de leitura\" \/>\n\t<meta name=\"twitter:data2\" content=\"1 minuto\" \/>\n<script type=\"application\/ld+json\" class=\"yoast-schema-graph\">{\"@context\":\"https:\/\/schema.org\",\"@graph\":[{\"@type\":\"WebPage\",\"@id\":\"https:\/\/portalmf.com.br\/index.php\/2022\/08\/12\/atletas-de-desportos-aquaticos-da-bahia-estarao-em-feira-de-santana-neste-sabado\/\",\"url\":\"https:\/\/portalmf.com.br\/index.php\/2022\/08\/12\/atletas-de-desportos-aquaticos-da-bahia-estarao-em-feira-de-santana-neste-sabado\/\",\"name\":\"Atletas de desportos aqu\u00e1ticos da Bahia estar\u00e3o em Feira de Santana neste s\u00e1bado - Portal MF\",\"isPartOf\":{\"@id\":\"https:\/\/portalmf.com.br\/#website\"},\"primaryImageOfPage\":{\"@id\":\"https:\/\/portalmf.com.br\/index.php\/2022\/08\/12\/atletas-de-desportos-aquaticos-da-bahia-estarao-em-feira-de-santana-neste-sabado\/#primaryimage\"},\"image\":{\"@id\":\"https:\/\/portalmf.com.br\/index.php\/2022\/08\/12\/atletas-de-desportos-aquaticos-da-bahia-estarao-em-feira-de-santana-neste-sabado\/#primaryimage\"},\"thumbnailUrl\":\"https:\/\/portalmf.com.br\/wp-content\/uploads\/2022\/08\/WhatsApp-Image-2022-08-10-at-14.49.47.jpeg\",\"datePublished\":\"2022-08-12T17:31:36+00:00\",\"dateModified\":\"2022-08-12T17:31:37+00:00\",\"author\":{\"@id\":\"https:\/\/portalmf.com.br\/#\/schema\/person\/11c82086fe8abc05a19147e964587285\"},\"breadcrumb\":{\"@id\":\"https:\/\/portalmf.com.br\/index.php\/2022\/08\/12\/atletas-de-desportos-aquaticos-da-bahia-estarao-em-feira-de-santana-neste-sabado\/#breadcrumb\"},\"inLanguage\":\"pt-BR\",\"potentialAction\":[{\"@type\":\"ReadAction\",\"target\":[\"https:\/\/portalmf.com.br\/index.php\/2022\/08\/12\/atletas-de-desportos-aquaticos-da-bahia-estarao-em-feira-de-santana-neste-sabado\/\"]}]},{\"@type\":\"ImageObject\",\"inLanguage\":\"pt-BR\",\"@id\":\"https:\/\/portalmf.com.br\/index.php\/2022\/08\/12\/atletas-de-desportos-aquaticos-da-bahia-estarao-em-feira-de-santana-neste-sabado\/#primaryimage\",\"url\":\"https:\/\/portalmf.com.br\/wp-content\/uploads\/2022\/08\/WhatsApp-Image-2022-08-10-at-14.49.47.jpeg\",\"contentUrl\":\"https:\/\/portalmf.com.br\/wp-content\/uploads\/2022\/08\/WhatsApp-Image-2022-08-10-at-14.49.47.jpeg\",\"width\":1080,\"height\":1248},{\"@type\":\"BreadcrumbList\",\"@id\":\"https:\/\/portalmf.com.br\/index.php\/2022\/08\/12\/atletas-de-desportos-aquaticos-da-bahia-estarao-em-feira-de-santana-neste-sabado\/#breadcrumb\",\"itemListElement\":[{\"@type\":\"ListItem\",\"position\":1,\"name\":\"In\u00edcio\",\"item\":\"https:\/\/portalmf.com.br\/\"},{\"@type\":\"ListItem\",\"position\":2,\"name\":\"Atletas de desportos aqu\u00e1ticos da Bahia estar\u00e3o em Feira de Santana neste s\u00e1bado\"}]},{\"@type\":\"WebSite\",\"@id\":\"https:\/\/portalmf.com.br\/#website\",\"url\":\"https:\/\/portalmf.com.br\/\",\"name\":\"Portal MF\",\"description\":\"Voc\u00ea conectado com a informa\u00e7\u00e3o\",\"potentialAction\":[{\"@type\":\"SearchAction\",\"target\":{\"@type\":\"EntryPoint\",\"urlTemplate\":\"https:\/\/portalmf.com.br\/?s={search_term_string}\"},\"query-input\":\"required name=search_term_string\"}],\"inLanguage\":\"pt-BR\"},{\"@type\":\"Person\",\"@id\":\"https:\/\/portalmf.com.br\/#\/schema\/person\/11c82086fe8abc05a19147e964587285\",\"name\":\"Reginaldo J\u00fanior\",\"image\":{\"@type\":\"ImageObject\",\"inLanguage\":\"pt-BR\",\"@id\":\"https:\/\/portalmf.com.br\/#\/schema\/person\/image\/\",\"url\":\"https:\/\/secure.gravatar.com\/avatar\/32a3c797cd0ac47cc53b8644c62776f9?s=96&d=mm&r=g\",\"contentUrl\":\"https:\/\/secure.gravatar.com\/avatar\/32a3c797cd0ac47cc53b8644c62776f9?s=96&d=mm&r=g\",\"caption\":\"Reginaldo J\u00fanior\"},\"description\":\"Jornalista e idealizador Portal MF\",\"sameAs\":[\"https:\/\/portalmf.com.br\/index.php\/author\/reginaldojr\/\",\"reginaldojrfsa\",\"reginaldojuniormf\",\"https:\/\/x.com\/reginaldojrmf\"],\"url\":\"https:\/\/portalmf.com.br\/index.php\/author\/reginaldojr\/\"}]}<\/script>\n<!-- \/ Yoast SEO plugin. -->","yoast_head_json":{"title":"Atletas de desportos aqu\u00e1ticos da Bahia estar\u00e3o em Feira de Santana neste s\u00e1bado - Portal MF","robots":{"index":"index","follow":"follow","max-snippet":"max-snippet:-1","max-image-preview":"max-image-preview:large","max-video-preview":"max-video-preview:-1"},"canonical":"https:\/\/portalmf.com.br\/index.php\/2022\/08\/12\/atletas-de-desportos-aquaticos-da-bahia-estarao-em-feira-de-santana-neste-sabado\/","og_locale":"pt_BR","og_type":"article","og_title":"Atletas de desportos aqu\u00e1ticos da Bahia estar\u00e3o em Feira de Santana neste s\u00e1bado - Portal MF","og_description":"Neste s\u00e1bado, 13, a Federa\u00e7\u00e3o Baiana de Desportos Aqu\u00e1ticos (FBDA) desembarcar\u00e1 em nossa cidade para realizar o Trof\u00e9u FBDA, em comemora\u00e7\u00e3o \u00e0 edi\u00e7\u00e3o de 69 anos. O evento marcar\u00e1 o retorno das competi\u00e7\u00f5es de nata\u00e7\u00e3o em nossa cidade ap\u00f3s as suspens\u00f5es devido a pandemia de COVID-19. A competi\u00e7\u00e3o acontecer\u00e1 no SESI \u2013 Alto do Cruzeiro, [&hellip;]","og_url":"https:\/\/portalmf.com.br\/index.php\/2022\/08\/12\/atletas-de-desportos-aquaticos-da-bahia-estarao-em-feira-de-santana-neste-sabado\/","og_site_name":"Portal MF","article_author":"reginaldojrfsa","article_published_time":"2022-08-12T17:31:36+00:00","article_modified_time":"2022-08-12T17:31:37+00:00","og_image":[{"width":1080,"height":1248,"url":"https:\/\/portalmf.com.br\/wp-content\/uploads\/2022\/08\/WhatsApp-Image-2022-08-10-at-14.49.47.jpeg","type":"image\/jpeg"}],"author":"Reginaldo J\u00fanior","twitter_card":"summary_large_image","twitter_creator":"@reginaldojrmf","twitter_misc":{"Escrito por":"Reginaldo J\u00fanior","Est. tempo de leitura":"1 minuto"},"schema":{"@context":"https:\/\/schema.org","@graph":[{"@type":"WebPage","@id":"https:\/\/portalmf.com.br\/index.php\/2022\/08\/12\/atletas-de-desportos-aquaticos-da-bahia-estarao-em-feira-de-santana-neste-sabado\/","url":"https:\/\/portalmf.com.br\/index.php\/2022\/08\/12\/atletas-de-desportos-aquaticos-da-bahia-estarao-em-feira-de-santana-neste-sabado\/","name":"Atletas de desportos aqu\u00e1ticos da Bahia estar\u00e3o em Feira de Santana neste s\u00e1bado - Portal MF","isPartOf":{"@id":"https:\/\/portalmf.com.br\/#website"},"primaryImageOfPage":{"@id":"https:\/\/portalmf.com.br\/index.php\/2022\/08\/12\/atletas-de-desportos-aquaticos-da-bahia-estarao-em-feira-de-santana-neste-sabado\/#primaryimage"},"image":{"@id":"https:\/\/portalmf.com.br\/index.php\/2022\/08\/12\/atletas-de-desportos-aquaticos-da-bahia-estarao-em-feira-de-santana-neste-sabado\/#primaryimage"},"thumbnailUrl":"https:\/\/portalmf.com.br\/wp-content\/uploads\/2022\/08\/WhatsApp-Image-2022-08-10-at-14.49.47.jpeg","datePublished":"2022-08-12T17:31:36+00:00","dateModified":"2022-08-12T17:31:37+00:00","author":{"@id":"https:\/\/portalmf.com.br\/#\/schema\/person\/11c82086fe8abc05a19147e964587285"},"breadcrumb":{"@id":"https:\/\/portalmf.com.br\/index.php\/2022\/08\/12\/atletas-de-desportos-aquaticos-da-bahia-estarao-em-feira-de-santana-neste-sabado\/#breadcrumb"},"inLanguage":"pt-BR","potentialAction":[{"@type":"ReadAction","target":["https:\/\/portalmf.com.br\/index.php\/2022\/08\/12\/atletas-de-desportos-aquaticos-da-bahia-estarao-em-feira-de-santana-neste-sabado\/"]}]},{"@type":"ImageObject","inLanguage":"pt-BR","@id":"https:\/\/portalmf.com.br\/index.php\/2022\/08\/12\/atletas-de-desportos-aquaticos-da-bahia-estarao-em-feira-de-santana-neste-sabado\/#primaryimage","url":"https:\/\/portalmf.com.br\/wp-content\/uploads\/2022\/08\/WhatsApp-Image-2022-08-10-at-14.49.47.jpeg","contentUrl":"https:\/\/portalmf.com.br\/wp-content\/uploads\/2022\/08\/WhatsApp-Image-2022-08-10-at-14.49.47.jpeg","width":1080,"height":1248},{"@type":"BreadcrumbList","@id":"https:\/\/portalmf.com.br\/index.php\/2022\/08\/12\/atletas-de-desportos-aquaticos-da-bahia-estarao-em-feira-de-santana-neste-sabado\/#breadcrumb","itemListElement":[{"@type":"ListItem","position":1,"name":"In\u00edcio","item":"https:\/\/portalmf.com.br\/"},{"@type":"ListItem","position":2,"name":"Atletas de desportos aqu\u00e1ticos da Bahia estar\u00e3o em Feira de Santana neste s\u00e1bado"}]},{"@type":"WebSite","@id":"https:\/\/portalmf.com.br\/#website","url":"https:\/\/portalmf.com.br\/","name":"Portal MF","description":"Voc\u00ea conectado com a informa\u00e7\u00e3o","potentialAction":[{"@type":"SearchAction","target":{"@type":"EntryPoint","urlTemplate":"https:\/\/portalmf.com.br\/?s={search_term_string}"},"query-input":"required name=search_term_string"}],"inLanguage":"pt-BR"},{"@type":"Person","@id":"https:\/\/portalmf.com.br\/#\/schema\/person\/11c82086fe8abc05a19147e964587285","name":"Reginaldo J\u00fanior","image":{"@type":"ImageObject","inLanguage":"pt-BR","@id":"https:\/\/portalmf.com.br\/#\/schema\/person\/image\/","url":"https:\/\/secure.gravatar.com\/avatar\/32a3c797cd0ac47cc53b8644c62776f9?s=96&d=mm&r=g","contentUrl":"https:\/\/secure.gravatar.com\/avatar\/32a3c797cd0ac47cc53b8644c62776f9?s=96&d=mm&r=g","caption":"Reginaldo J\u00fanior"},"description":"Jornalista e idealizador Portal MF","sameAs":["https:\/\/portalmf.com.br\/index.php\/author\/reginaldojr\/","reginaldojrfsa","reginaldojuniormf","https:\/\/x.com\/reginaldojrmf"],"url":"https:\/\/portalmf.com.br\/index.php\/author\/reginaldojr\/"}]}},"_links":{"self":[{"href":"https:\/\/portalmf.com.br\/index.php\/wp-json\/wp\/v2\/posts\/2971"}],"collection":[{"href":"https:\/\/portalmf.com.br\/index.php\/wp-json\/wp\/v2\/posts"}],"about":[{"href":"https:\/\/portalmf.com.br\/index.php\/wp-json\/wp\/v2\/types\/post"}],"author":[{"embeddable":true,"href":"https:\/\/portalmf.com.br\/index.php\/wp-json\/wp\/v2\/users\/2"}],"replies":[{"embeddable":true,"href":"https:\/\/portalmf.com.br\/index.php\/wp-json\/wp\/v2\/comments?post=2971"}],"version-history":[{"count":1,"href":"https:\/\/portalmf.com.br\/index.php\/wp-json\/wp\/v2\/posts\/2971\/revisions"}],"predecessor-version":[{"id":2973,"href":"https:\/\/portalmf.com.br\/index.php\/wp-json\/wp\/v2\/posts\/2971\/revisions\/2973"}],"wp:featuredmedia":[{"embeddable":true,"href":"https:\/\/portalmf.com.br\/index.php\/wp-json\/wp\/v2\/media\/2972"}],"wp:attachment":[{"href":"https:\/\/portalmf.com.br\/index.php\/wp-json\/wp\/v2\/media?parent=2971"}],"wp:term":[{"taxonomy":"category","embeddable":true,"href":"https:\/\/portalmf.com.br\/index.php\/wp-json\/wp\/v2\/categories?post=2971"},{"taxonomy":"post_tag","embeddable":true,"href":"https:\/\/portalmf.com.br\/index.php\/wp-json\/wp\/v2\/tags?post=2971"}],"curies":[{"name":"wp","href":"https:\/\/api.w.org\/{rel}","templated":true}]}}