{"id":29674,"date":"2024-09-13T17:04:21","date_gmt":"2024-09-13T20:04:21","guid":{"rendered":"https:\/\/portalmf.com.br\/?p=29674"},"modified":"2024-09-13T17:15:14","modified_gmt":"2024-09-13T20:15:14","slug":"ze-neto-diz-que-vai-reinventar-o-sistema-de-transporte-coletivo-de-feira-de-santana","status":"publish","type":"post","link":"https:\/\/portalmf.com.br\/index.php\/2024\/09\/13\/ze-neto-diz-que-vai-reinventar-o-sistema-de-transporte-coletivo-de-feira-de-santana\/","title":{"rendered":"Z\u00e9 Neto diz que vai reinventar o sistema de transporte coletivo de Feira de Santana"},"content":{"rendered":"\n<p>Jos\u00e9 Neto, candidato do PT \u00e0 prefeitura de Feira de Santana, participou da sabatina do Pool de Comunica\u00e7\u00e3o liderado pelo Jornal Folha do Estado e com a maior cobertura online da cidade (R\u00e1dio Geral, TV Geral, Conectado News, Levante a voz, Jornal Folha do Estado e Portal MF). Na entrevista, conduzida pelo jornalista Luiz Santos e moderado pelo jornalista Reginaldo J\u00fanior, o candidato come\u00e7ou respondendo porque quer ser prefeito da Princesa do Sert\u00e3o<\/p>\n\n\n\n<p><em>&#8220;No ano de 96 o PT tinha tido apenas 100 votos e me tornei candidato e disse n\u00f3s vamos reestruturar o partido. Desde ent\u00e3o a gente vem numa ascens\u00e3o, fui deputado 2000, das 6 elei\u00e7\u00f5es entre deputado estadual e federal, eu fui o mais votado, principalmente nas duas \u00faltimas como federal. Por que Jos\u00e9 Neto quer ser prefeito? Porque tem um ac\u00famulo de participa\u00e7\u00f5es e disputas na cidade que acabaram me dando mais musculatura pol\u00edtica. Dentro do grupo eu digo todos os dias, n\u00e3o \u00e9 a elei\u00e7\u00e3o de Z\u00e9 Neto, \u00e9 a elei\u00e7\u00e3o de um grupo de pessoas na cidade que querem tirar a Feira do isolamento e de todo esse processo de dificuldade que ela vive. Eu n\u00e3o tenho d\u00favida nenhuma que essa elei\u00e7\u00e3o a gente vai ganhar, porque acumulamos for\u00e7as partid\u00e1rias, mais di\u00e1logos com setores da cidade e temos com o governo federal e estadual condi\u00e7\u00f5es de fazer com que Feira saia desse isolamento e com essa uni\u00e3o vamos fazer nossa cidade se desenvolver como merece<\/em>&#8220;, destaca.<\/p>\n\n\n\n<figure class=\"wp-block-embed is-type-video is-provider-youtube wp-block-embed-youtube wp-embed-aspect-4-3 wp-has-aspect-ratio\"><div class=\"wp-block-embed__wrapper\">\n<iframe title=\"Entrevista com candidato a Prefeito Z\u00e9 Neto (PT)  -  13\/09\/2024\" width=\"696\" height=\"522\" src=\"https:\/\/www.youtube.com\/embed\/w8YFDZJzvNc?feature=oembed\" frameborder=\"0\" allow=\"accelerometer; autoplay; clipboard-write; encrypted-media; gyroscope; picture-in-picture; web-share\" referrerpolicy=\"strict-origin-when-cross-origin\" allowfullscreen><\/iframe>\n<\/div><\/figure>\n\n\n\n<p>O advogado por forma\u00e7\u00e3o, se eleito, promete reinventar todo sistema de transporte coletivo da cidade com a colabora\u00e7\u00e3o do Minist\u00e9rio P\u00fablico, universidades e representantes das comunidades.<\/p>\n\n\n\n<p><em>&#8220;Meu advers\u00e1rio quando chegou em Feira tinha 48% da popula\u00e7\u00e3o pegando transporte p\u00fablico e de van, mas ele se juntou l\u00e1 com os donos das empresas de \u00f4nibus e acabou com os sistemas de vans. Ent\u00e3o as pessoas come\u00e7aram a ir pelos transbordos, mas apenas 7% da popula\u00e7\u00e3o fazia isso. Venderam &#8216;alhos por bugalhos&#8217;, vimos o transporte minguar e hoje \u00e9 um dos mais cr\u00edticos problemas da cidade. Vamos zerar tudo e chamar todo mundo, vamos para o Conselho de transporte, vamos colocar o Minist\u00e9rio P\u00fablico, as universidades e as representa\u00e7\u00f5es das comunidades. \u00c9 assim que tem que fazer! Porque \u00b4certo \u00e9 recriar linhas, compor um sistema de vans e \u00f4nibus que reintegre ao que no passado funcionou. Tem que ter um sistema integrado e \u00f4nibus como principal eixo\u201d<\/em><\/p>\n\n\n\n<p><strong>Movimento estudantis e organiza\u00e7\u00e3o sindical<\/strong><\/p>\n\n\n\n<p>O candidato fala da import\u00e2ncia dos movimentos estudantis e organiza\u00e7\u00f5es sindicais para sua forma\u00e7\u00e3o pol\u00edtica e de toda contribui\u00e7\u00e3o para a sociedade feirense.<\/p>\n\n\n\n<p><em>&#8220;Vim do movimento estudantil quando estudei na UFBA e era ligado ao PT. Comecei a trabalhar aqui na cidade muito antes de me formar, me projetei como um advogado conhecido de Feira. Ajudei a criar os sindicatos do radialista, dos padeiros, reestruturamos o sindicato da constru\u00e7\u00e3o civil, dos frentistas e outros tantos. Fui trabalhando sempre com foco nos movimentos trabalhistas, de uma pol\u00edtica de enfrentamento \u00e0s quest\u00f5es habitacionais dos bairros Feira X, do Fera IX e expans\u00e3o, do Viveiros e todos eles. Me envolvi tamb\u00e9m com as quest\u00f5es relacionadas ao Feiraguay, advogado da primeira associa\u00e7\u00e3o criamos o primeiro estatuto, conseguimos reverter uma situa\u00e7\u00e3o quando queriam tirar os trabalhadores do centro sem dar op\u00e7\u00e3o de outro caminho&#8221;.<\/em><\/p>\n\n\n\n<p><strong>Cultura e Esporte<\/strong><\/p>\n\n\n\n<p>Z\u00e9 Neto diz que far\u00e1 uma reforma administrativa em Feira de Santana.<\/p>\n\n\n\n<p><em>&#8220;Tem secretarias que precisam permanecer. Por exemplo a Secretaria de Cultura Esporte e Lazer, mas n\u00e3o na mesma pasta porque temos que ter pol\u00edticas claras nas duas secretarias. Eu sou muito ligado a cultura, fizemos muitos eventos culturais como o Festival de Forr\u00f3, a maior cavalgada da hist\u00f3ria de Feira com 35 mil pessoas, retomamos a Corrida de Jegues, al\u00e9m de um trabalho permanente com os eventos culturais da cidade isso est\u00e1 na minha constru\u00e7\u00e3o enquanto pessoa. Com o esporte a mesma coisa. Ajudamos as corridas, inclusive a primeira Maratona que aconteceu em Feira aconteceu porque ajudamos nesse desafio, colocamos a SUIDESB (A Superintend\u00eancia dos Desportos do Estado da Bahia), entre outros. Ent\u00e3o a gente tem que ter esporte e cultura, bem como a gente precisa ter, por exemplo, uma secretaria em defesa das mulheres &#8220;,<\/em> explica.<\/p>\n\n\n\n<p><strong>Seguran\u00e7a e A\u00e7\u00e3o Social<\/strong><\/p>\n\n\n\n<p>O petista argumenta que seguran\u00e7a p\u00fablica \u00e9 determinado por um conjunto de fatores sociais que v\u00e3o al\u00e9m do policiamento.<\/p>\n\n\n\n<p><em>&#8220;Voc\u00eas n\u00e3o ter\u00e3o mais um prefeito como esse da\u00ed que fica todo dia falando de seguran\u00e7a p\u00fablica como se fosse s\u00f3 pol\u00edcia. Seguran\u00e7a p\u00fablica \u00e9 acima de tudo acolhedor! Seguran\u00e7a p\u00fablica \u00e9 tratamento para que nossos jovens tenham pol\u00edticas p\u00fablicas. Se voc\u00ea chega em um bairro violento e da ilumina\u00e7\u00e3o, escola de tempo integral, faz um trabalho com esporte e com a cultura, quero ver n\u00e3o melhorar a situa\u00e7\u00e3o. Quem abra\u00e7ou o Caseb e a Rocinha fui eu. At\u00e9 a rua Colbert Martins na Rocinha quem cal\u00e7ou, at\u00e9 a rua com o nome dele estava toda destru\u00edda. Cal\u00e7amos l\u00e1 15 ruas e vamos cal\u00e7ar mais 6, n\u00e3o ficar\u00e1 uma rua na Rocinha sem cal\u00e7ar. Vamos fazer como fizemos na Lagoa Grande, onde eles criaram um fact\u00f3ide que a obra n\u00e3o estava entregue e n\u00e3o tinha acabado. Tudo mentira! A obra acabou em 2016, naquela etapa e eles n\u00e3o receberam. Fizeram isso para poder se esquivar do problema, ou melhor, da boa a\u00e7\u00e3o. Com essas a\u00e7\u00f5es da Lagoa Grande, Rocinha, a viol\u00eancia l\u00e1 foi reduzida em 80%, ent\u00e3o \u00e9 preciso ter uma Secretaria de Seguran\u00e7a da Cidade. N\u00e3o \u00e9 o n\u00famero de secretarias e sim a efici\u00eancia delas&#8221;.<\/em><\/p>\n\n\n\n<p>Conselhos de Desenvolvimento econ\u00f4mico e Desenvolvimento Social<\/p>\n\n\n\n<p>O postulante \u00e0 prefeitura diz que vai criar macros conselhos municipais em Feira de Santana<\/p>\n\n\n\n<p>&#8220;No meu governo ser\u00e1 constru\u00eddo dois grandes Conselhos de Desenvolvimento Econ\u00f4mico e um Conselho Geral de Desenvolvimento Social. Podem me cobrar isso! Em alguns momentos a gente vai reunir esses dois conselhos juntos, mas a gente vai ter que ter uma a\u00e7\u00e3o concreta na gera\u00e7\u00e3o de emprego, renda e desenvolvimento na cidade que \u00e9 a maior tarefa do mundo hoje \u00e9 a gera\u00e7\u00e3o de emprego e renda. Nesse mundo moderno que estamos vivendo essa inclus\u00e3o, al\u00e9m do emprego est\u00e1 ficando mais escasso, ele tamb\u00e9m est\u00e1 perdendo o valor. No mundo inteiro h\u00e1 uma redu\u00e7\u00e3o de ganhos salariais. No lado da a\u00e7\u00e3o social tamb\u00e9m temos que saber que precisa ser tratada em todos os seus aspectos, ent\u00e3o pode ter certeza que n\u00f3s vamos conseguir essa reforma administrativa ouvindo a popula\u00e7\u00e3o que sempre foi uma marca minha&#8221;.<\/p>\n","protected":false},"excerpt":{"rendered":"<p>Jos\u00e9 Neto, candidato do PT \u00e0 prefeitura de Feira de Santana, participou da sabatina do Pool de Comunica\u00e7\u00e3o liderado pelo Jornal Folha do Estado e com a maior cobertura online da cidade (R\u00e1dio Geral, TV Geral, Conectado News, Levante a voz, Jornal Folha do Estado e Portal MF). Na entrevista, conduzida pelo jornalista Luiz Santos [&hellip;]<\/p>\n","protected":false},"author":5,"featured_media":29675,"comment_status":"open","ping_status":"open","sticky":false,"template":"","format":"standard","meta":{"_monsterinsights_skip_tracking":false,"_monsterinsights_sitenote_active":false,"_monsterinsights_sitenote_note":"","_monsterinsights_sitenote_category":0,"footnotes":""},"categories":[48,301,34],"tags":[],"yoast_head":"<!-- This site is optimized with the Yoast SEO plugin v22.9 - https:\/\/yoast.com\/wordpress\/plugins\/seo\/ -->\n<title>Z\u00e9 Neto diz que vai reinventar o sistema de transporte coletivo de Feira de Santana - Portal MF<\/title>\n<meta name=\"robots\" content=\"index, follow, max-snippet:-1, max-image-preview:large, max-video-preview:-1\" \/>\n<link rel=\"canonical\" href=\"https:\/\/portalmf.com.br\/index.php\/2024\/09\/13\/ze-neto-diz-que-vai-reinventar-o-sistema-de-transporte-coletivo-de-feira-de-santana\/\" \/>\n<meta property=\"og:locale\" content=\"pt_BR\" \/>\n<meta property=\"og:type\" content=\"article\" \/>\n<meta property=\"og:title\" content=\"Z\u00e9 Neto diz que vai reinventar o sistema de transporte coletivo de Feira de Santana - Portal MF\" \/>\n<meta property=\"og:description\" content=\"Jos\u00e9 Neto, candidato do PT \u00e0 prefeitura de Feira de Santana, participou da sabatina do Pool de Comunica\u00e7\u00e3o liderado pelo Jornal Folha do Estado e com a maior cobertura online da cidade (R\u00e1dio Geral, TV Geral, Conectado News, Levante a voz, Jornal Folha do Estado e Portal MF). Na entrevista, conduzida pelo jornalista Luiz Santos [&hellip;]\" \/>\n<meta property=\"og:url\" content=\"https:\/\/portalmf.com.br\/index.php\/2024\/09\/13\/ze-neto-diz-que-vai-reinventar-o-sistema-de-transporte-coletivo-de-feira-de-santana\/\" \/>\n<meta property=\"og:site_name\" content=\"Portal MF\" \/>\n<meta property=\"article:published_time\" content=\"2024-09-13T20:04:21+00:00\" \/>\n<meta property=\"article:modified_time\" content=\"2024-09-13T20:15:14+00:00\" \/>\n<meta property=\"og:image\" content=\"https:\/\/portalmf.com.br\/wp-content\/uploads\/2024\/09\/sabatina_ze_neto.jpg\" \/>\n\t<meta property=\"og:image:width\" content=\"800\" \/>\n\t<meta property=\"og:image:height\" content=\"600\" \/>\n\t<meta property=\"og:image:type\" content=\"image\/jpeg\" \/>\n<meta name=\"author\" content=\"Lila Oliveira\" \/>\n<meta name=\"twitter:card\" content=\"summary_large_image\" \/>\n<meta name=\"twitter:label1\" content=\"Escrito por\" \/>\n\t<meta name=\"twitter:data1\" content=\"Lila Oliveira\" \/>\n\t<meta name=\"twitter:label2\" content=\"Est. tempo de leitura\" \/>\n\t<meta name=\"twitter:data2\" content=\"7 minutos\" \/>\n<script type=\"application\/ld+json\" class=\"yoast-schema-graph\">{\"@context\":\"https:\/\/schema.org\",\"@graph\":[{\"@type\":\"WebPage\",\"@id\":\"https:\/\/portalmf.com.br\/index.php\/2024\/09\/13\/ze-neto-diz-que-vai-reinventar-o-sistema-de-transporte-coletivo-de-feira-de-santana\/\",\"url\":\"https:\/\/portalmf.com.br\/index.php\/2024\/09\/13\/ze-neto-diz-que-vai-reinventar-o-sistema-de-transporte-coletivo-de-feira-de-santana\/\",\"name\":\"Z\u00e9 Neto diz que vai reinventar o sistema de transporte coletivo de Feira de Santana - Portal MF\",\"isPartOf\":{\"@id\":\"https:\/\/portalmf.com.br\/#website\"},\"primaryImageOfPage\":{\"@id\":\"https:\/\/portalmf.com.br\/index.php\/2024\/09\/13\/ze-neto-diz-que-vai-reinventar-o-sistema-de-transporte-coletivo-de-feira-de-santana\/#primaryimage\"},\"image\":{\"@id\":\"https:\/\/portalmf.com.br\/index.php\/2024\/09\/13\/ze-neto-diz-que-vai-reinventar-o-sistema-de-transporte-coletivo-de-feira-de-santana\/#primaryimage\"},\"thumbnailUrl\":\"https:\/\/portalmf.com.br\/wp-content\/uploads\/2024\/09\/sabatina_ze_neto.jpg\",\"datePublished\":\"2024-09-13T20:04:21+00:00\",\"dateModified\":\"2024-09-13T20:15:14+00:00\",\"author\":{\"@id\":\"https:\/\/portalmf.com.br\/#\/schema\/person\/19071c375ee7579b7300dd91d656ff97\"},\"breadcrumb\":{\"@id\":\"https:\/\/portalmf.com.br\/index.php\/2024\/09\/13\/ze-neto-diz-que-vai-reinventar-o-sistema-de-transporte-coletivo-de-feira-de-santana\/#breadcrumb\"},\"inLanguage\":\"pt-BR\",\"potentialAction\":[{\"@type\":\"ReadAction\",\"target\":[\"https:\/\/portalmf.com.br\/index.php\/2024\/09\/13\/ze-neto-diz-que-vai-reinventar-o-sistema-de-transporte-coletivo-de-feira-de-santana\/\"]}]},{\"@type\":\"ImageObject\",\"inLanguage\":\"pt-BR\",\"@id\":\"https:\/\/portalmf.com.br\/index.php\/2024\/09\/13\/ze-neto-diz-que-vai-reinventar-o-sistema-de-transporte-coletivo-de-feira-de-santana\/#primaryimage\",\"url\":\"https:\/\/portalmf.com.br\/wp-content\/uploads\/2024\/09\/sabatina_ze_neto.jpg\",\"contentUrl\":\"https:\/\/portalmf.com.br\/wp-content\/uploads\/2024\/09\/sabatina_ze_neto.jpg\",\"width\":800,\"height\":600},{\"@type\":\"BreadcrumbList\",\"@id\":\"https:\/\/portalmf.com.br\/index.php\/2024\/09\/13\/ze-neto-diz-que-vai-reinventar-o-sistema-de-transporte-coletivo-de-feira-de-santana\/#breadcrumb\",\"itemListElement\":[{\"@type\":\"ListItem\",\"position\":1,\"name\":\"In\u00edcio\",\"item\":\"https:\/\/portalmf.com.br\/\"},{\"@type\":\"ListItem\",\"position\":2,\"name\":\"Z\u00e9 Neto diz que vai reinventar o sistema de transporte coletivo de Feira de Santana\"}]},{\"@type\":\"WebSite\",\"@id\":\"https:\/\/portalmf.com.br\/#website\",\"url\":\"https:\/\/portalmf.com.br\/\",\"name\":\"Portal MF\",\"description\":\"Voc\u00ea conectado com a informa\u00e7\u00e3o\",\"potentialAction\":[{\"@type\":\"SearchAction\",\"target\":{\"@type\":\"EntryPoint\",\"urlTemplate\":\"https:\/\/portalmf.com.br\/?s={search_term_string}\"},\"query-input\":\"required name=search_term_string\"}],\"inLanguage\":\"pt-BR\"},{\"@type\":\"Person\",\"@id\":\"https:\/\/portalmf.com.br\/#\/schema\/person\/19071c375ee7579b7300dd91d656ff97\",\"name\":\"Lila Oliveira\",\"image\":{\"@type\":\"ImageObject\",\"inLanguage\":\"pt-BR\",\"@id\":\"https:\/\/portalmf.com.br\/#\/schema\/person\/image\/\",\"url\":\"https:\/\/secure.gravatar.com\/avatar\/344958fa973c4e824a6dde1b63c19431?s=96&d=mm&r=g\",\"contentUrl\":\"https:\/\/secure.gravatar.com\/avatar\/344958fa973c4e824a6dde1b63c19431?s=96&d=mm&r=g\",\"caption\":\"Lila Oliveira\"},\"sameAs\":[\"https:\/\/portalmf.com.br\/\"],\"url\":\"https:\/\/portalmf.com.br\/index.php\/author\/lilaoliveira\/\"}]}<\/script>\n<!-- \/ Yoast SEO plugin. -->","yoast_head_json":{"title":"Z\u00e9 Neto diz que vai reinventar o sistema de transporte coletivo de Feira de Santana - Portal MF","robots":{"index":"index","follow":"follow","max-snippet":"max-snippet:-1","max-image-preview":"max-image-preview:large","max-video-preview":"max-video-preview:-1"},"canonical":"https:\/\/portalmf.com.br\/index.php\/2024\/09\/13\/ze-neto-diz-que-vai-reinventar-o-sistema-de-transporte-coletivo-de-feira-de-santana\/","og_locale":"pt_BR","og_type":"article","og_title":"Z\u00e9 Neto diz que vai reinventar o sistema de transporte coletivo de Feira de Santana - Portal MF","og_description":"Jos\u00e9 Neto, candidato do PT \u00e0 prefeitura de Feira de Santana, participou da sabatina do Pool de Comunica\u00e7\u00e3o liderado pelo Jornal Folha do Estado e com a maior cobertura online da cidade (R\u00e1dio Geral, TV Geral, Conectado News, Levante a voz, Jornal Folha do Estado e Portal MF). Na entrevista, conduzida pelo jornalista Luiz Santos [&hellip;]","og_url":"https:\/\/portalmf.com.br\/index.php\/2024\/09\/13\/ze-neto-diz-que-vai-reinventar-o-sistema-de-transporte-coletivo-de-feira-de-santana\/","og_site_name":"Portal MF","article_published_time":"2024-09-13T20:04:21+00:00","article_modified_time":"2024-09-13T20:15:14+00:00","og_image":[{"width":800,"height":600,"url":"https:\/\/portalmf.com.br\/wp-content\/uploads\/2024\/09\/sabatina_ze_neto.jpg","type":"image\/jpeg"}],"author":"Lila Oliveira","twitter_card":"summary_large_image","twitter_misc":{"Escrito por":"Lila Oliveira","Est. tempo de leitura":"7 minutos"},"schema":{"@context":"https:\/\/schema.org","@graph":[{"@type":"WebPage","@id":"https:\/\/portalmf.com.br\/index.php\/2024\/09\/13\/ze-neto-diz-que-vai-reinventar-o-sistema-de-transporte-coletivo-de-feira-de-santana\/","url":"https:\/\/portalmf.com.br\/index.php\/2024\/09\/13\/ze-neto-diz-que-vai-reinventar-o-sistema-de-transporte-coletivo-de-feira-de-santana\/","name":"Z\u00e9 Neto diz que vai reinventar o sistema de transporte coletivo de Feira de Santana - Portal MF","isPartOf":{"@id":"https:\/\/portalmf.com.br\/#website"},"primaryImageOfPage":{"@id":"https:\/\/portalmf.com.br\/index.php\/2024\/09\/13\/ze-neto-diz-que-vai-reinventar-o-sistema-de-transporte-coletivo-de-feira-de-santana\/#primaryimage"},"image":{"@id":"https:\/\/portalmf.com.br\/index.php\/2024\/09\/13\/ze-neto-diz-que-vai-reinventar-o-sistema-de-transporte-coletivo-de-feira-de-santana\/#primaryimage"},"thumbnailUrl":"https:\/\/portalmf.com.br\/wp-content\/uploads\/2024\/09\/sabatina_ze_neto.jpg","datePublished":"2024-09-13T20:04:21+00:00","dateModified":"2024-09-13T20:15:14+00:00","author":{"@id":"https:\/\/portalmf.com.br\/#\/schema\/person\/19071c375ee7579b7300dd91d656ff97"},"breadcrumb":{"@id":"https:\/\/portalmf.com.br\/index.php\/2024\/09\/13\/ze-neto-diz-que-vai-reinventar-o-sistema-de-transporte-coletivo-de-feira-de-santana\/#breadcrumb"},"inLanguage":"pt-BR","potentialAction":[{"@type":"ReadAction","target":["https:\/\/portalmf.com.br\/index.php\/2024\/09\/13\/ze-neto-diz-que-vai-reinventar-o-sistema-de-transporte-coletivo-de-feira-de-santana\/"]}]},{"@type":"ImageObject","inLanguage":"pt-BR","@id":"https:\/\/portalmf.com.br\/index.php\/2024\/09\/13\/ze-neto-diz-que-vai-reinventar-o-sistema-de-transporte-coletivo-de-feira-de-santana\/#primaryimage","url":"https:\/\/portalmf.com.br\/wp-content\/uploads\/2024\/09\/sabatina_ze_neto.jpg","contentUrl":"https:\/\/portalmf.com.br\/wp-content\/uploads\/2024\/09\/sabatina_ze_neto.jpg","width":800,"height":600},{"@type":"BreadcrumbList","@id":"https:\/\/portalmf.com.br\/index.php\/2024\/09\/13\/ze-neto-diz-que-vai-reinventar-o-sistema-de-transporte-coletivo-de-feira-de-santana\/#breadcrumb","itemListElement":[{"@type":"ListItem","position":1,"name":"In\u00edcio","item":"https:\/\/portalmf.com.br\/"},{"@type":"ListItem","position":2,"name":"Z\u00e9 Neto diz que vai reinventar o sistema de transporte coletivo de Feira de Santana"}]},{"@type":"WebSite","@id":"https:\/\/portalmf.com.br\/#website","url":"https:\/\/portalmf.com.br\/","name":"Portal MF","description":"Voc\u00ea conectado com a informa\u00e7\u00e3o","potentialAction":[{"@type":"SearchAction","target":{"@type":"EntryPoint","urlTemplate":"https:\/\/portalmf.com.br\/?s={search_term_string}"},"query-input":"required name=search_term_string"}],"inLanguage":"pt-BR"},{"@type":"Person","@id":"https:\/\/portalmf.com.br\/#\/schema\/person\/19071c375ee7579b7300dd91d656ff97","name":"Lila Oliveira","image":{"@type":"ImageObject","inLanguage":"pt-BR","@id":"https:\/\/portalmf.com.br\/#\/schema\/person\/image\/","url":"https:\/\/secure.gravatar.com\/avatar\/344958fa973c4e824a6dde1b63c19431?s=96&d=mm&r=g","contentUrl":"https:\/\/secure.gravatar.com\/avatar\/344958fa973c4e824a6dde1b63c19431?s=96&d=mm&r=g","caption":"Lila Oliveira"},"sameAs":["https:\/\/portalmf.com.br\/"],"url":"https:\/\/portalmf.com.br\/index.php\/author\/lilaoliveira\/"}]}},"_links":{"self":[{"href":"https:\/\/portalmf.com.br\/index.php\/wp-json\/wp\/v2\/posts\/29674"}],"collection":[{"href":"https:\/\/portalmf.com.br\/index.php\/wp-json\/wp\/v2\/posts"}],"about":[{"href":"https:\/\/portalmf.com.br\/index.php\/wp-json\/wp\/v2\/types\/post"}],"author":[{"embeddable":true,"href":"https:\/\/portalmf.com.br\/index.php\/wp-json\/wp\/v2\/users\/5"}],"replies":[{"embeddable":true,"href":"https:\/\/portalmf.com.br\/index.php\/wp-json\/wp\/v2\/comments?post=29674"}],"version-history":[{"count":3,"href":"https:\/\/portalmf.com.br\/index.php\/wp-json\/wp\/v2\/posts\/29674\/revisions"}],"predecessor-version":[{"id":29682,"href":"https:\/\/portalmf.com.br\/index.php\/wp-json\/wp\/v2\/posts\/29674\/revisions\/29682"}],"wp:featuredmedia":[{"embeddable":true,"href":"https:\/\/portalmf.com.br\/index.php\/wp-json\/wp\/v2\/media\/29675"}],"wp:attachment":[{"href":"https:\/\/portalmf.com.br\/index.php\/wp-json\/wp\/v2\/media?parent=29674"}],"wp:term":[{"taxonomy":"category","embeddable":true,"href":"https:\/\/portalmf.com.br\/index.php\/wp-json\/wp\/v2\/categories?post=29674"},{"taxonomy":"post_tag","embeddable":true,"href":"https:\/\/portalmf.com.br\/index.php\/wp-json\/wp\/v2\/tags?post=29674"}],"curies":[{"name":"wp","href":"https:\/\/api.w.org\/{rel}","templated":true}]}}