{"id":29668,"date":"2024-09-13T16:44:12","date_gmt":"2024-09-13T19:44:12","guid":{"rendered":"https:\/\/portalmf.com.br\/?p=29668"},"modified":"2024-09-13T16:44:12","modified_gmt":"2024-09-13T19:44:12","slug":"carlos-medeiros-propoe-reducao-da-burocracia-para-incentivar-empreendedores-em-feira-de-santana","status":"publish","type":"post","link":"https:\/\/portalmf.com.br\/index.php\/2024\/09\/13\/carlos-medeiros-propoe-reducao-da-burocracia-para-incentivar-empreendedores-em-feira-de-santana\/","title":{"rendered":"Carlos Medeiros prop\u00f5e redu\u00e7\u00e3o da burocracia para incentivar empreendedores em Feira de Santana"},"content":{"rendered":"\n<p>O candidato \u00e0 prefeitura de Feira de Santana, Carlos Medeiros (Novo) visitou na tarde desta quinta-feira (12) uma empresa de fardamentos em Feira de Santana. Ele destacou que o papel da prefeitura, caso seja eleito, \u00e9 incentivar a cria\u00e7\u00e3o de novos postos de emprego atrav\u00e9s do incentivo e apoio as pessoas que querem empreender.<\/p>\n\n\n\n<p><em>\u201cA prefeitura deve criar um ambiente, facilitar a vida, reduzir a quantidade de burocracia para voc\u00ea abrir uma empresa, apoiar quem quer investir na nossa cidade e receber de portas abertas. Por isso que a nossa Secretaria de Desenvolvimento vai ser o grande representante do empreendedor, grande, m\u00e9dio e pequeno, dentro das outras secretarias, para poder agilizar e resolver tudo o que precisa para a pessoa ter vontade de vir investir em Feira de Santana, de abrir um neg\u00f3cio\u201d.<\/em><\/p>\n\n\n\n<p>O candidato afirmou que as pessoas precisam ter liberdade para investir e destacou que quando as empresas cresce.<\/p>\n\n\n\n<p>Com informa\u00e7\u00f5es da Ascom \/ Carlos Medeiros<\/p>\n","protected":false},"excerpt":{"rendered":"<p>O candidato \u00e0 prefeitura de Feira de Santana, Carlos Medeiros (Novo) visitou na tarde desta quinta-feira (12) uma empresa de fardamentos em Feira de Santana. Ele destacou que o papel da prefeitura, caso seja eleito, \u00e9 incentivar a cria\u00e7\u00e3o de novos postos de emprego atrav\u00e9s do incentivo e apoio as pessoas que querem empreender. \u201cA [&hellip;]<\/p>\n","protected":false},"author":3,"featured_media":29669,"comment_status":"open","ping_status":"open","sticky":false,"template":"","format":"standard","meta":{"_monsterinsights_skip_tracking":false,"_monsterinsights_sitenote_active":false,"_monsterinsights_sitenote_note":"","_monsterinsights_sitenote_category":0,"footnotes":""},"categories":[301,34],"tags":[],"yoast_head":"<!-- This site is optimized with the Yoast SEO plugin v22.9 - https:\/\/yoast.com\/wordpress\/plugins\/seo\/ -->\n<title>Carlos Medeiros prop\u00f5e redu\u00e7\u00e3o da burocracia para incentivar empreendedores em Feira de Santana - Portal MF<\/title>\n<meta name=\"robots\" content=\"index, follow, max-snippet:-1, max-image-preview:large, max-video-preview:-1\" \/>\n<link rel=\"canonical\" href=\"https:\/\/portalmf.com.br\/index.php\/2024\/09\/13\/carlos-medeiros-propoe-reducao-da-burocracia-para-incentivar-empreendedores-em-feira-de-santana\/\" \/>\n<meta property=\"og:locale\" content=\"pt_BR\" \/>\n<meta property=\"og:type\" content=\"article\" \/>\n<meta property=\"og:title\" content=\"Carlos Medeiros prop\u00f5e redu\u00e7\u00e3o da burocracia para incentivar empreendedores em Feira de Santana - Portal MF\" \/>\n<meta property=\"og:description\" content=\"O candidato \u00e0 prefeitura de Feira de Santana, Carlos Medeiros (Novo) visitou na tarde desta quinta-feira (12) uma empresa de fardamentos em Feira de Santana. Ele destacou que o papel da prefeitura, caso seja eleito, \u00e9 incentivar a cria\u00e7\u00e3o de novos postos de emprego atrav\u00e9s do incentivo e apoio as pessoas que querem empreender. \u201cA [&hellip;]\" \/>\n<meta property=\"og:url\" content=\"https:\/\/portalmf.com.br\/index.php\/2024\/09\/13\/carlos-medeiros-propoe-reducao-da-burocracia-para-incentivar-empreendedores-em-feira-de-santana\/\" \/>\n<meta property=\"og:site_name\" content=\"Portal MF\" \/>\n<meta property=\"article:author\" content=\"https:\/\/www.facebook.com\/portalmfoficial\" \/>\n<meta property=\"article:published_time\" content=\"2024-09-13T19:44:12+00:00\" \/>\n<meta property=\"og:image\" content=\"https:\/\/portalmf.com.br\/wp-content\/uploads\/2024\/09\/Carlos-Medeiros-propoe-reducao-da-burocracia-para-incentivar-empreendedores-em-Feira-de-Santana.jpg\" \/>\n\t<meta property=\"og:image:width\" content=\"800\" \/>\n\t<meta property=\"og:image:height\" content=\"552\" \/>\n\t<meta property=\"og:image:type\" content=\"image\/jpeg\" \/>\n<meta name=\"author\" content=\"Reda\u00e7\u00e3o Portal MF\" \/>\n<meta name=\"twitter:card\" content=\"summary_large_image\" \/>\n<meta name=\"twitter:creator\" content=\"@https:\/\/x.com\/portalmfoficial\" \/>\n<meta name=\"twitter:label1\" content=\"Escrito por\" \/>\n\t<meta name=\"twitter:data1\" content=\"Reda\u00e7\u00e3o Portal MF\" \/>\n\t<meta name=\"twitter:label2\" content=\"Est. tempo de leitura\" \/>\n\t<meta name=\"twitter:data2\" content=\"2 minutos\" \/>\n<script type=\"application\/ld+json\" class=\"yoast-schema-graph\">{\"@context\":\"https:\/\/schema.org\",\"@graph\":[{\"@type\":\"WebPage\",\"@id\":\"https:\/\/portalmf.com.br\/index.php\/2024\/09\/13\/carlos-medeiros-propoe-reducao-da-burocracia-para-incentivar-empreendedores-em-feira-de-santana\/\",\"url\":\"https:\/\/portalmf.com.br\/index.php\/2024\/09\/13\/carlos-medeiros-propoe-reducao-da-burocracia-para-incentivar-empreendedores-em-feira-de-santana\/\",\"name\":\"Carlos Medeiros prop\u00f5e redu\u00e7\u00e3o da burocracia para incentivar empreendedores em Feira de Santana - Portal MF\",\"isPartOf\":{\"@id\":\"https:\/\/portalmf.com.br\/#website\"},\"primaryImageOfPage\":{\"@id\":\"https:\/\/portalmf.com.br\/index.php\/2024\/09\/13\/carlos-medeiros-propoe-reducao-da-burocracia-para-incentivar-empreendedores-em-feira-de-santana\/#primaryimage\"},\"image\":{\"@id\":\"https:\/\/portalmf.com.br\/index.php\/2024\/09\/13\/carlos-medeiros-propoe-reducao-da-burocracia-para-incentivar-empreendedores-em-feira-de-santana\/#primaryimage\"},\"thumbnailUrl\":\"https:\/\/portalmf.com.br\/wp-content\/uploads\/2024\/09\/Carlos-Medeiros-propoe-reducao-da-burocracia-para-incentivar-empreendedores-em-Feira-de-Santana.jpg\",\"datePublished\":\"2024-09-13T19:44:12+00:00\",\"dateModified\":\"2024-09-13T19:44:12+00:00\",\"author\":{\"@id\":\"https:\/\/portalmf.com.br\/#\/schema\/person\/9ec101baf56233e53520c26de5d6f6f0\"},\"breadcrumb\":{\"@id\":\"https:\/\/portalmf.com.br\/index.php\/2024\/09\/13\/carlos-medeiros-propoe-reducao-da-burocracia-para-incentivar-empreendedores-em-feira-de-santana\/#breadcrumb\"},\"inLanguage\":\"pt-BR\",\"potentialAction\":[{\"@type\":\"ReadAction\",\"target\":[\"https:\/\/portalmf.com.br\/index.php\/2024\/09\/13\/carlos-medeiros-propoe-reducao-da-burocracia-para-incentivar-empreendedores-em-feira-de-santana\/\"]}]},{\"@type\":\"ImageObject\",\"inLanguage\":\"pt-BR\",\"@id\":\"https:\/\/portalmf.com.br\/index.php\/2024\/09\/13\/carlos-medeiros-propoe-reducao-da-burocracia-para-incentivar-empreendedores-em-feira-de-santana\/#primaryimage\",\"url\":\"https:\/\/portalmf.com.br\/wp-content\/uploads\/2024\/09\/Carlos-Medeiros-propoe-reducao-da-burocracia-para-incentivar-empreendedores-em-Feira-de-Santana.jpg\",\"contentUrl\":\"https:\/\/portalmf.com.br\/wp-content\/uploads\/2024\/09\/Carlos-Medeiros-propoe-reducao-da-burocracia-para-incentivar-empreendedores-em-Feira-de-Santana.jpg\",\"width\":800,\"height\":552},{\"@type\":\"BreadcrumbList\",\"@id\":\"https:\/\/portalmf.com.br\/index.php\/2024\/09\/13\/carlos-medeiros-propoe-reducao-da-burocracia-para-incentivar-empreendedores-em-feira-de-santana\/#breadcrumb\",\"itemListElement\":[{\"@type\":\"ListItem\",\"position\":1,\"name\":\"In\u00edcio\",\"item\":\"https:\/\/portalmf.com.br\/\"},{\"@type\":\"ListItem\",\"position\":2,\"name\":\"Carlos Medeiros prop\u00f5e redu\u00e7\u00e3o da burocracia para incentivar empreendedores em Feira de Santana\"}]},{\"@type\":\"WebSite\",\"@id\":\"https:\/\/portalmf.com.br\/#website\",\"url\":\"https:\/\/portalmf.com.br\/\",\"name\":\"Portal MF\",\"description\":\"Voc\u00ea conectado com a informa\u00e7\u00e3o\",\"potentialAction\":[{\"@type\":\"SearchAction\",\"target\":{\"@type\":\"EntryPoint\",\"urlTemplate\":\"https:\/\/portalmf.com.br\/?s={search_term_string}\"},\"query-input\":\"required name=search_term_string\"}],\"inLanguage\":\"pt-BR\"},{\"@type\":\"Person\",\"@id\":\"https:\/\/portalmf.com.br\/#\/schema\/person\/9ec101baf56233e53520c26de5d6f6f0\",\"name\":\"Reda\u00e7\u00e3o Portal MF\",\"image\":{\"@type\":\"ImageObject\",\"inLanguage\":\"pt-BR\",\"@id\":\"https:\/\/portalmf.com.br\/#\/schema\/person\/image\/\",\"url\":\"https:\/\/secure.gravatar.com\/avatar\/41b9aaeb2100835f7c64362330f74c7f?s=96&d=mm&r=g\",\"contentUrl\":\"https:\/\/secure.gravatar.com\/avatar\/41b9aaeb2100835f7c64362330f74c7f?s=96&d=mm&r=g\",\"caption\":\"Reda\u00e7\u00e3o Portal MF\"},\"description\":\"Sejam bem-vindos o portal de informa\u00e7\u00f5es de entretenimento de Feira de Santana, desde 2006 realiza coberturas dos principais eventos com entrevistas exclusivas com as principais personalidades mundiais. Fique conectado tamb\u00e9m nas redes sociais.\",\"sameAs\":[\"http:\/\/www.portalmf.com.br\/\",\"https:\/\/www.facebook.com\/portalmfoficial\",\"https:\/\/www.instagram.com\/portalmf\/\",\"https:\/\/x.com\/https:\/\/x.com\/portalmfoficial\",\"https:\/\/www.youtube.com\/@portalmfoficial\"],\"url\":\"https:\/\/portalmf.com.br\/index.php\/author\/junior\/\"}]}<\/script>\n<!-- \/ Yoast SEO plugin. -->","yoast_head_json":{"title":"Carlos Medeiros prop\u00f5e redu\u00e7\u00e3o da burocracia para incentivar empreendedores em Feira de Santana - Portal MF","robots":{"index":"index","follow":"follow","max-snippet":"max-snippet:-1","max-image-preview":"max-image-preview:large","max-video-preview":"max-video-preview:-1"},"canonical":"https:\/\/portalmf.com.br\/index.php\/2024\/09\/13\/carlos-medeiros-propoe-reducao-da-burocracia-para-incentivar-empreendedores-em-feira-de-santana\/","og_locale":"pt_BR","og_type":"article","og_title":"Carlos Medeiros prop\u00f5e redu\u00e7\u00e3o da burocracia para incentivar empreendedores em Feira de Santana - Portal MF","og_description":"O candidato \u00e0 prefeitura de Feira de Santana, Carlos Medeiros (Novo) visitou na tarde desta quinta-feira (12) uma empresa de fardamentos em Feira de Santana. Ele destacou que o papel da prefeitura, caso seja eleito, \u00e9 incentivar a cria\u00e7\u00e3o de novos postos de emprego atrav\u00e9s do incentivo e apoio as pessoas que querem empreender. \u201cA [&hellip;]","og_url":"https:\/\/portalmf.com.br\/index.php\/2024\/09\/13\/carlos-medeiros-propoe-reducao-da-burocracia-para-incentivar-empreendedores-em-feira-de-santana\/","og_site_name":"Portal MF","article_author":"https:\/\/www.facebook.com\/portalmfoficial","article_published_time":"2024-09-13T19:44:12+00:00","og_image":[{"width":800,"height":552,"url":"https:\/\/portalmf.com.br\/wp-content\/uploads\/2024\/09\/Carlos-Medeiros-propoe-reducao-da-burocracia-para-incentivar-empreendedores-em-Feira-de-Santana.jpg","type":"image\/jpeg"}],"author":"Reda\u00e7\u00e3o Portal MF","twitter_card":"summary_large_image","twitter_creator":"@https:\/\/x.com\/portalmfoficial","twitter_misc":{"Escrito por":"Reda\u00e7\u00e3o Portal MF","Est. tempo de leitura":"2 minutos"},"schema":{"@context":"https:\/\/schema.org","@graph":[{"@type":"WebPage","@id":"https:\/\/portalmf.com.br\/index.php\/2024\/09\/13\/carlos-medeiros-propoe-reducao-da-burocracia-para-incentivar-empreendedores-em-feira-de-santana\/","url":"https:\/\/portalmf.com.br\/index.php\/2024\/09\/13\/carlos-medeiros-propoe-reducao-da-burocracia-para-incentivar-empreendedores-em-feira-de-santana\/","name":"Carlos Medeiros prop\u00f5e redu\u00e7\u00e3o da burocracia para incentivar empreendedores em Feira de Santana - Portal MF","isPartOf":{"@id":"https:\/\/portalmf.com.br\/#website"},"primaryImageOfPage":{"@id":"https:\/\/portalmf.com.br\/index.php\/2024\/09\/13\/carlos-medeiros-propoe-reducao-da-burocracia-para-incentivar-empreendedores-em-feira-de-santana\/#primaryimage"},"image":{"@id":"https:\/\/portalmf.com.br\/index.php\/2024\/09\/13\/carlos-medeiros-propoe-reducao-da-burocracia-para-incentivar-empreendedores-em-feira-de-santana\/#primaryimage"},"thumbnailUrl":"https:\/\/portalmf.com.br\/wp-content\/uploads\/2024\/09\/Carlos-Medeiros-propoe-reducao-da-burocracia-para-incentivar-empreendedores-em-Feira-de-Santana.jpg","datePublished":"2024-09-13T19:44:12+00:00","dateModified":"2024-09-13T19:44:12+00:00","author":{"@id":"https:\/\/portalmf.com.br\/#\/schema\/person\/9ec101baf56233e53520c26de5d6f6f0"},"breadcrumb":{"@id":"https:\/\/portalmf.com.br\/index.php\/2024\/09\/13\/carlos-medeiros-propoe-reducao-da-burocracia-para-incentivar-empreendedores-em-feira-de-santana\/#breadcrumb"},"inLanguage":"pt-BR","potentialAction":[{"@type":"ReadAction","target":["https:\/\/portalmf.com.br\/index.php\/2024\/09\/13\/carlos-medeiros-propoe-reducao-da-burocracia-para-incentivar-empreendedores-em-feira-de-santana\/"]}]},{"@type":"ImageObject","inLanguage":"pt-BR","@id":"https:\/\/portalmf.com.br\/index.php\/2024\/09\/13\/carlos-medeiros-propoe-reducao-da-burocracia-para-incentivar-empreendedores-em-feira-de-santana\/#primaryimage","url":"https:\/\/portalmf.com.br\/wp-content\/uploads\/2024\/09\/Carlos-Medeiros-propoe-reducao-da-burocracia-para-incentivar-empreendedores-em-Feira-de-Santana.jpg","contentUrl":"https:\/\/portalmf.com.br\/wp-content\/uploads\/2024\/09\/Carlos-Medeiros-propoe-reducao-da-burocracia-para-incentivar-empreendedores-em-Feira-de-Santana.jpg","width":800,"height":552},{"@type":"BreadcrumbList","@id":"https:\/\/portalmf.com.br\/index.php\/2024\/09\/13\/carlos-medeiros-propoe-reducao-da-burocracia-para-incentivar-empreendedores-em-feira-de-santana\/#breadcrumb","itemListElement":[{"@type":"ListItem","position":1,"name":"In\u00edcio","item":"https:\/\/portalmf.com.br\/"},{"@type":"ListItem","position":2,"name":"Carlos Medeiros prop\u00f5e redu\u00e7\u00e3o da burocracia para incentivar empreendedores em Feira de Santana"}]},{"@type":"WebSite","@id":"https:\/\/portalmf.com.br\/#website","url":"https:\/\/portalmf.com.br\/","name":"Portal MF","description":"Voc\u00ea conectado com a informa\u00e7\u00e3o","potentialAction":[{"@type":"SearchAction","target":{"@type":"EntryPoint","urlTemplate":"https:\/\/portalmf.com.br\/?s={search_term_string}"},"query-input":"required name=search_term_string"}],"inLanguage":"pt-BR"},{"@type":"Person","@id":"https:\/\/portalmf.com.br\/#\/schema\/person\/9ec101baf56233e53520c26de5d6f6f0","name":"Reda\u00e7\u00e3o Portal MF","image":{"@type":"ImageObject","inLanguage":"pt-BR","@id":"https:\/\/portalmf.com.br\/#\/schema\/person\/image\/","url":"https:\/\/secure.gravatar.com\/avatar\/41b9aaeb2100835f7c64362330f74c7f?s=96&d=mm&r=g","contentUrl":"https:\/\/secure.gravatar.com\/avatar\/41b9aaeb2100835f7c64362330f74c7f?s=96&d=mm&r=g","caption":"Reda\u00e7\u00e3o Portal MF"},"description":"Sejam bem-vindos o portal de informa\u00e7\u00f5es de entretenimento de Feira de Santana, desde 2006 realiza coberturas dos principais eventos com entrevistas exclusivas com as principais personalidades mundiais. Fique conectado tamb\u00e9m nas redes sociais.","sameAs":["http:\/\/www.portalmf.com.br\/","https:\/\/www.facebook.com\/portalmfoficial","https:\/\/www.instagram.com\/portalmf\/","https:\/\/x.com\/https:\/\/x.com\/portalmfoficial","https:\/\/www.youtube.com\/@portalmfoficial"],"url":"https:\/\/portalmf.com.br\/index.php\/author\/junior\/"}]}},"_links":{"self":[{"href":"https:\/\/portalmf.com.br\/index.php\/wp-json\/wp\/v2\/posts\/29668"}],"collection":[{"href":"https:\/\/portalmf.com.br\/index.php\/wp-json\/wp\/v2\/posts"}],"about":[{"href":"https:\/\/portalmf.com.br\/index.php\/wp-json\/wp\/v2\/types\/post"}],"author":[{"embeddable":true,"href":"https:\/\/portalmf.com.br\/index.php\/wp-json\/wp\/v2\/users\/3"}],"replies":[{"embeddable":true,"href":"https:\/\/portalmf.com.br\/index.php\/wp-json\/wp\/v2\/comments?post=29668"}],"version-history":[{"count":1,"href":"https:\/\/portalmf.com.br\/index.php\/wp-json\/wp\/v2\/posts\/29668\/revisions"}],"predecessor-version":[{"id":29670,"href":"https:\/\/portalmf.com.br\/index.php\/wp-json\/wp\/v2\/posts\/29668\/revisions\/29670"}],"wp:featuredmedia":[{"embeddable":true,"href":"https:\/\/portalmf.com.br\/index.php\/wp-json\/wp\/v2\/media\/29669"}],"wp:attachment":[{"href":"https:\/\/portalmf.com.br\/index.php\/wp-json\/wp\/v2\/media?parent=29668"}],"wp:term":[{"taxonomy":"category","embeddable":true,"href":"https:\/\/portalmf.com.br\/index.php\/wp-json\/wp\/v2\/categories?post=29668"},{"taxonomy":"post_tag","embeddable":true,"href":"https:\/\/portalmf.com.br\/index.php\/wp-json\/wp\/v2\/tags?post=29668"}],"curies":[{"name":"wp","href":"https:\/\/api.w.org\/{rel}","templated":true}]}}