{"id":29665,"date":"2024-09-13T16:41:29","date_gmt":"2024-09-13T19:41:29","guid":{"rendered":"https:\/\/portalmf.com.br\/?p=29665"},"modified":"2024-09-13T16:41:29","modified_gmt":"2024-09-13T19:41:29","slug":"ze-neto-anuncia-plano-para-reordenar-transito-em-feira-com-sistemas-inteligentes","status":"publish","type":"post","link":"https:\/\/portalmf.com.br\/index.php\/2024\/09\/13\/ze-neto-anuncia-plano-para-reordenar-transito-em-feira-com-sistemas-inteligentes\/","title":{"rendered":"Z\u00e9 Neto anuncia plano para reordenar tr\u00e2nsito em Feira com sistemas inteligentes"},"content":{"rendered":"\n<p>O candidato a prefeito da coliga\u00e7\u00e3o Pra Fazer o Futuro Acontecer, Z\u00e9 Neto, anunciou na noite desta quinta-feira (12), durante caminhada de campanha no bairro Feira IX, que pretende implantar medidas, em seu governo, para melhorar o tr\u00e2nsito e a mobilidade urbana em Feira de Santana.<\/p>\n\n\n\n<p>A popula\u00e7\u00e3o, segundo ele, sofre atualmente com um sistema de tr\u00e2nsito defasado que contribui para constantes engarrafamentos, como por exemplo nas avenidas Get\u00falio Vargas, Presidente Dutra, Art\u00eamia Pires, Senhor dos Passos e a pra\u00e7a do Tomba.<\/p>\n\n\n\n<p>Entre as principais a\u00e7\u00f5es que pretende implantar a partir de janeiro de 2025, caso seja eleito, destaca-se a ado\u00e7\u00e3o de solu\u00e7\u00f5es inteligentes de fluxo em vias urbanas. Isso inclui a sincroniza\u00e7\u00e3o de sem\u00e1foros nas principais avenidas da cidade. <em>\u201cEsta medida visa otimizar o fluxo de ve\u00edculos e reduzir os congestionamentos, proporcionando um tr\u00e1fego mais \u00e1gil e eficiente. Al\u00e9m de garantir a fluidez no tr\u00e2nsito, isso vai melhorar a qualidade de vida da popula\u00e7\u00e3o, com economia de tempo nos deslocamentos\u201d<\/em>, enfatizou o candidato.<\/p>\n\n\n\n<p>Outra iniciativa proposta por Z\u00e9 Neto \u00e9 o reordenamento do tr\u00e2nsito, com o disciplinamento dos hor\u00e1rios de circula\u00e7\u00e3o de ve\u00edculos pesados dentro da cidade. A inten\u00e7\u00e3o \u00e9 minimizar o impacto desses ve\u00edculos em momentos de maior movimento, garantindo uma circula\u00e7\u00e3o mais \u00e1gil e menos tumultuada nas \u00e1reas urbanas.<\/p>\n\n\n\n<p><em>\u201cCom essas medidas, vamos, de imediato, melhorar o tr\u00e1fego, promover um ambiente urbano mais organizado, agrad\u00e1vel e contribuir diretamente com a qualidade de vida dos moradores de Feira\u201d<\/em>, afirmou.<\/p>\n\n\n\n<p>Com informa\u00e7\u00f5es da Ascom \/ Z\u00e9 Neto<\/p>\n","protected":false},"excerpt":{"rendered":"<p>O candidato a prefeito da coliga\u00e7\u00e3o Pra Fazer o Futuro Acontecer, Z\u00e9 Neto, anunciou na noite desta quinta-feira (12), durante caminhada de campanha no bairro Feira IX, que pretende implantar medidas, em seu governo, para melhorar o tr\u00e2nsito e a mobilidade urbana em Feira de Santana. A popula\u00e7\u00e3o, segundo ele, sofre atualmente com um sistema [&hellip;]<\/p>\n","protected":false},"author":3,"featured_media":29666,"comment_status":"open","ping_status":"open","sticky":false,"template":"","format":"standard","meta":{"_monsterinsights_skip_tracking":false,"_monsterinsights_sitenote_active":false,"_monsterinsights_sitenote_note":"","_monsterinsights_sitenote_category":0,"footnotes":""},"categories":[301,34],"tags":[],"yoast_head":"<!-- This site is optimized with the Yoast SEO plugin v22.9 - https:\/\/yoast.com\/wordpress\/plugins\/seo\/ -->\n<title>Z\u00e9 Neto anuncia plano para reordenar tr\u00e2nsito em Feira com sistemas inteligentes - Portal MF<\/title>\n<meta name=\"robots\" content=\"index, follow, max-snippet:-1, max-image-preview:large, max-video-preview:-1\" \/>\n<link rel=\"canonical\" href=\"https:\/\/portalmf.com.br\/index.php\/2024\/09\/13\/ze-neto-anuncia-plano-para-reordenar-transito-em-feira-com-sistemas-inteligentes\/\" \/>\n<meta property=\"og:locale\" content=\"pt_BR\" \/>\n<meta property=\"og:type\" content=\"article\" \/>\n<meta property=\"og:title\" content=\"Z\u00e9 Neto anuncia plano para reordenar tr\u00e2nsito em Feira com sistemas inteligentes - Portal MF\" \/>\n<meta property=\"og:description\" content=\"O candidato a prefeito da coliga\u00e7\u00e3o Pra Fazer o Futuro Acontecer, Z\u00e9 Neto, anunciou na noite desta quinta-feira (12), durante caminhada de campanha no bairro Feira IX, que pretende implantar medidas, em seu governo, para melhorar o tr\u00e2nsito e a mobilidade urbana em Feira de Santana. A popula\u00e7\u00e3o, segundo ele, sofre atualmente com um sistema [&hellip;]\" \/>\n<meta property=\"og:url\" content=\"https:\/\/portalmf.com.br\/index.php\/2024\/09\/13\/ze-neto-anuncia-plano-para-reordenar-transito-em-feira-com-sistemas-inteligentes\/\" \/>\n<meta property=\"og:site_name\" content=\"Portal MF\" \/>\n<meta property=\"article:author\" content=\"https:\/\/www.facebook.com\/portalmfoficial\" \/>\n<meta property=\"article:published_time\" content=\"2024-09-13T19:41:29+00:00\" \/>\n<meta property=\"og:image\" content=\"https:\/\/portalmf.com.br\/wp-content\/uploads\/2024\/09\/Ze-Neto-anuncia-plano-para-reordenar-transito-em-Feira-com-sistemas-inteligentes.jpg\" \/>\n\t<meta property=\"og:image:width\" content=\"1164\" \/>\n\t<meta property=\"og:image:height\" content=\"1336\" \/>\n\t<meta property=\"og:image:type\" content=\"image\/jpeg\" \/>\n<meta name=\"author\" content=\"Reda\u00e7\u00e3o Portal MF\" \/>\n<meta name=\"twitter:card\" content=\"summary_large_image\" \/>\n<meta name=\"twitter:creator\" content=\"@https:\/\/x.com\/portalmfoficial\" \/>\n<meta name=\"twitter:label1\" content=\"Escrito por\" \/>\n\t<meta name=\"twitter:data1\" content=\"Reda\u00e7\u00e3o Portal MF\" \/>\n\t<meta name=\"twitter:label2\" content=\"Est. tempo de leitura\" \/>\n\t<meta name=\"twitter:data2\" content=\"2 minutos\" \/>\n<script type=\"application\/ld+json\" class=\"yoast-schema-graph\">{\"@context\":\"https:\/\/schema.org\",\"@graph\":[{\"@type\":\"WebPage\",\"@id\":\"https:\/\/portalmf.com.br\/index.php\/2024\/09\/13\/ze-neto-anuncia-plano-para-reordenar-transito-em-feira-com-sistemas-inteligentes\/\",\"url\":\"https:\/\/portalmf.com.br\/index.php\/2024\/09\/13\/ze-neto-anuncia-plano-para-reordenar-transito-em-feira-com-sistemas-inteligentes\/\",\"name\":\"Z\u00e9 Neto anuncia plano para reordenar tr\u00e2nsito em Feira com sistemas inteligentes - Portal MF\",\"isPartOf\":{\"@id\":\"https:\/\/portalmf.com.br\/#website\"},\"primaryImageOfPage\":{\"@id\":\"https:\/\/portalmf.com.br\/index.php\/2024\/09\/13\/ze-neto-anuncia-plano-para-reordenar-transito-em-feira-com-sistemas-inteligentes\/#primaryimage\"},\"image\":{\"@id\":\"https:\/\/portalmf.com.br\/index.php\/2024\/09\/13\/ze-neto-anuncia-plano-para-reordenar-transito-em-feira-com-sistemas-inteligentes\/#primaryimage\"},\"thumbnailUrl\":\"https:\/\/portalmf.com.br\/wp-content\/uploads\/2024\/09\/Ze-Neto-anuncia-plano-para-reordenar-transito-em-Feira-com-sistemas-inteligentes.jpg\",\"datePublished\":\"2024-09-13T19:41:29+00:00\",\"dateModified\":\"2024-09-13T19:41:29+00:00\",\"author\":{\"@id\":\"https:\/\/portalmf.com.br\/#\/schema\/person\/9ec101baf56233e53520c26de5d6f6f0\"},\"breadcrumb\":{\"@id\":\"https:\/\/portalmf.com.br\/index.php\/2024\/09\/13\/ze-neto-anuncia-plano-para-reordenar-transito-em-feira-com-sistemas-inteligentes\/#breadcrumb\"},\"inLanguage\":\"pt-BR\",\"potentialAction\":[{\"@type\":\"ReadAction\",\"target\":[\"https:\/\/portalmf.com.br\/index.php\/2024\/09\/13\/ze-neto-anuncia-plano-para-reordenar-transito-em-feira-com-sistemas-inteligentes\/\"]}]},{\"@type\":\"ImageObject\",\"inLanguage\":\"pt-BR\",\"@id\":\"https:\/\/portalmf.com.br\/index.php\/2024\/09\/13\/ze-neto-anuncia-plano-para-reordenar-transito-em-feira-com-sistemas-inteligentes\/#primaryimage\",\"url\":\"https:\/\/portalmf.com.br\/wp-content\/uploads\/2024\/09\/Ze-Neto-anuncia-plano-para-reordenar-transito-em-Feira-com-sistemas-inteligentes.jpg\",\"contentUrl\":\"https:\/\/portalmf.com.br\/wp-content\/uploads\/2024\/09\/Ze-Neto-anuncia-plano-para-reordenar-transito-em-Feira-com-sistemas-inteligentes.jpg\",\"width\":1164,\"height\":1336},{\"@type\":\"BreadcrumbList\",\"@id\":\"https:\/\/portalmf.com.br\/index.php\/2024\/09\/13\/ze-neto-anuncia-plano-para-reordenar-transito-em-feira-com-sistemas-inteligentes\/#breadcrumb\",\"itemListElement\":[{\"@type\":\"ListItem\",\"position\":1,\"name\":\"In\u00edcio\",\"item\":\"https:\/\/portalmf.com.br\/\"},{\"@type\":\"ListItem\",\"position\":2,\"name\":\"Z\u00e9 Neto anuncia plano para reordenar tr\u00e2nsito em Feira com sistemas inteligentes\"}]},{\"@type\":\"WebSite\",\"@id\":\"https:\/\/portalmf.com.br\/#website\",\"url\":\"https:\/\/portalmf.com.br\/\",\"name\":\"Portal MF\",\"description\":\"Voc\u00ea conectado com a informa\u00e7\u00e3o\",\"potentialAction\":[{\"@type\":\"SearchAction\",\"target\":{\"@type\":\"EntryPoint\",\"urlTemplate\":\"https:\/\/portalmf.com.br\/?s={search_term_string}\"},\"query-input\":\"required name=search_term_string\"}],\"inLanguage\":\"pt-BR\"},{\"@type\":\"Person\",\"@id\":\"https:\/\/portalmf.com.br\/#\/schema\/person\/9ec101baf56233e53520c26de5d6f6f0\",\"name\":\"Reda\u00e7\u00e3o Portal MF\",\"image\":{\"@type\":\"ImageObject\",\"inLanguage\":\"pt-BR\",\"@id\":\"https:\/\/portalmf.com.br\/#\/schema\/person\/image\/\",\"url\":\"https:\/\/secure.gravatar.com\/avatar\/41b9aaeb2100835f7c64362330f74c7f?s=96&d=mm&r=g\",\"contentUrl\":\"https:\/\/secure.gravatar.com\/avatar\/41b9aaeb2100835f7c64362330f74c7f?s=96&d=mm&r=g\",\"caption\":\"Reda\u00e7\u00e3o Portal MF\"},\"description\":\"Sejam bem-vindos o portal de informa\u00e7\u00f5es de entretenimento de Feira de Santana, desde 2006 realiza coberturas dos principais eventos com entrevistas exclusivas com as principais personalidades mundiais. Fique conectado tamb\u00e9m nas redes sociais.\",\"sameAs\":[\"http:\/\/www.portalmf.com.br\/\",\"https:\/\/www.facebook.com\/portalmfoficial\",\"https:\/\/www.instagram.com\/portalmf\/\",\"https:\/\/x.com\/https:\/\/x.com\/portalmfoficial\",\"https:\/\/www.youtube.com\/@portalmfoficial\"],\"url\":\"https:\/\/portalmf.com.br\/index.php\/author\/junior\/\"}]}<\/script>\n<!-- \/ Yoast SEO plugin. -->","yoast_head_json":{"title":"Z\u00e9 Neto anuncia plano para reordenar tr\u00e2nsito em Feira com sistemas inteligentes - Portal MF","robots":{"index":"index","follow":"follow","max-snippet":"max-snippet:-1","max-image-preview":"max-image-preview:large","max-video-preview":"max-video-preview:-1"},"canonical":"https:\/\/portalmf.com.br\/index.php\/2024\/09\/13\/ze-neto-anuncia-plano-para-reordenar-transito-em-feira-com-sistemas-inteligentes\/","og_locale":"pt_BR","og_type":"article","og_title":"Z\u00e9 Neto anuncia plano para reordenar tr\u00e2nsito em Feira com sistemas inteligentes - Portal MF","og_description":"O candidato a prefeito da coliga\u00e7\u00e3o Pra Fazer o Futuro Acontecer, Z\u00e9 Neto, anunciou na noite desta quinta-feira (12), durante caminhada de campanha no bairro Feira IX, que pretende implantar medidas, em seu governo, para melhorar o tr\u00e2nsito e a mobilidade urbana em Feira de Santana. A popula\u00e7\u00e3o, segundo ele, sofre atualmente com um sistema [&hellip;]","og_url":"https:\/\/portalmf.com.br\/index.php\/2024\/09\/13\/ze-neto-anuncia-plano-para-reordenar-transito-em-feira-com-sistemas-inteligentes\/","og_site_name":"Portal MF","article_author":"https:\/\/www.facebook.com\/portalmfoficial","article_published_time":"2024-09-13T19:41:29+00:00","og_image":[{"width":1164,"height":1336,"url":"https:\/\/portalmf.com.br\/wp-content\/uploads\/2024\/09\/Ze-Neto-anuncia-plano-para-reordenar-transito-em-Feira-com-sistemas-inteligentes.jpg","type":"image\/jpeg"}],"author":"Reda\u00e7\u00e3o Portal MF","twitter_card":"summary_large_image","twitter_creator":"@https:\/\/x.com\/portalmfoficial","twitter_misc":{"Escrito por":"Reda\u00e7\u00e3o Portal MF","Est. tempo de leitura":"2 minutos"},"schema":{"@context":"https:\/\/schema.org","@graph":[{"@type":"WebPage","@id":"https:\/\/portalmf.com.br\/index.php\/2024\/09\/13\/ze-neto-anuncia-plano-para-reordenar-transito-em-feira-com-sistemas-inteligentes\/","url":"https:\/\/portalmf.com.br\/index.php\/2024\/09\/13\/ze-neto-anuncia-plano-para-reordenar-transito-em-feira-com-sistemas-inteligentes\/","name":"Z\u00e9 Neto anuncia plano para reordenar tr\u00e2nsito em Feira com sistemas inteligentes - Portal MF","isPartOf":{"@id":"https:\/\/portalmf.com.br\/#website"},"primaryImageOfPage":{"@id":"https:\/\/portalmf.com.br\/index.php\/2024\/09\/13\/ze-neto-anuncia-plano-para-reordenar-transito-em-feira-com-sistemas-inteligentes\/#primaryimage"},"image":{"@id":"https:\/\/portalmf.com.br\/index.php\/2024\/09\/13\/ze-neto-anuncia-plano-para-reordenar-transito-em-feira-com-sistemas-inteligentes\/#primaryimage"},"thumbnailUrl":"https:\/\/portalmf.com.br\/wp-content\/uploads\/2024\/09\/Ze-Neto-anuncia-plano-para-reordenar-transito-em-Feira-com-sistemas-inteligentes.jpg","datePublished":"2024-09-13T19:41:29+00:00","dateModified":"2024-09-13T19:41:29+00:00","author":{"@id":"https:\/\/portalmf.com.br\/#\/schema\/person\/9ec101baf56233e53520c26de5d6f6f0"},"breadcrumb":{"@id":"https:\/\/portalmf.com.br\/index.php\/2024\/09\/13\/ze-neto-anuncia-plano-para-reordenar-transito-em-feira-com-sistemas-inteligentes\/#breadcrumb"},"inLanguage":"pt-BR","potentialAction":[{"@type":"ReadAction","target":["https:\/\/portalmf.com.br\/index.php\/2024\/09\/13\/ze-neto-anuncia-plano-para-reordenar-transito-em-feira-com-sistemas-inteligentes\/"]}]},{"@type":"ImageObject","inLanguage":"pt-BR","@id":"https:\/\/portalmf.com.br\/index.php\/2024\/09\/13\/ze-neto-anuncia-plano-para-reordenar-transito-em-feira-com-sistemas-inteligentes\/#primaryimage","url":"https:\/\/portalmf.com.br\/wp-content\/uploads\/2024\/09\/Ze-Neto-anuncia-plano-para-reordenar-transito-em-Feira-com-sistemas-inteligentes.jpg","contentUrl":"https:\/\/portalmf.com.br\/wp-content\/uploads\/2024\/09\/Ze-Neto-anuncia-plano-para-reordenar-transito-em-Feira-com-sistemas-inteligentes.jpg","width":1164,"height":1336},{"@type":"BreadcrumbList","@id":"https:\/\/portalmf.com.br\/index.php\/2024\/09\/13\/ze-neto-anuncia-plano-para-reordenar-transito-em-feira-com-sistemas-inteligentes\/#breadcrumb","itemListElement":[{"@type":"ListItem","position":1,"name":"In\u00edcio","item":"https:\/\/portalmf.com.br\/"},{"@type":"ListItem","position":2,"name":"Z\u00e9 Neto anuncia plano para reordenar tr\u00e2nsito em Feira com sistemas inteligentes"}]},{"@type":"WebSite","@id":"https:\/\/portalmf.com.br\/#website","url":"https:\/\/portalmf.com.br\/","name":"Portal MF","description":"Voc\u00ea conectado com a informa\u00e7\u00e3o","potentialAction":[{"@type":"SearchAction","target":{"@type":"EntryPoint","urlTemplate":"https:\/\/portalmf.com.br\/?s={search_term_string}"},"query-input":"required name=search_term_string"}],"inLanguage":"pt-BR"},{"@type":"Person","@id":"https:\/\/portalmf.com.br\/#\/schema\/person\/9ec101baf56233e53520c26de5d6f6f0","name":"Reda\u00e7\u00e3o Portal MF","image":{"@type":"ImageObject","inLanguage":"pt-BR","@id":"https:\/\/portalmf.com.br\/#\/schema\/person\/image\/","url":"https:\/\/secure.gravatar.com\/avatar\/41b9aaeb2100835f7c64362330f74c7f?s=96&d=mm&r=g","contentUrl":"https:\/\/secure.gravatar.com\/avatar\/41b9aaeb2100835f7c64362330f74c7f?s=96&d=mm&r=g","caption":"Reda\u00e7\u00e3o Portal MF"},"description":"Sejam bem-vindos o portal de informa\u00e7\u00f5es de entretenimento de Feira de Santana, desde 2006 realiza coberturas dos principais eventos com entrevistas exclusivas com as principais personalidades mundiais. Fique conectado tamb\u00e9m nas redes sociais.","sameAs":["http:\/\/www.portalmf.com.br\/","https:\/\/www.facebook.com\/portalmfoficial","https:\/\/www.instagram.com\/portalmf\/","https:\/\/x.com\/https:\/\/x.com\/portalmfoficial","https:\/\/www.youtube.com\/@portalmfoficial"],"url":"https:\/\/portalmf.com.br\/index.php\/author\/junior\/"}]}},"_links":{"self":[{"href":"https:\/\/portalmf.com.br\/index.php\/wp-json\/wp\/v2\/posts\/29665"}],"collection":[{"href":"https:\/\/portalmf.com.br\/index.php\/wp-json\/wp\/v2\/posts"}],"about":[{"href":"https:\/\/portalmf.com.br\/index.php\/wp-json\/wp\/v2\/types\/post"}],"author":[{"embeddable":true,"href":"https:\/\/portalmf.com.br\/index.php\/wp-json\/wp\/v2\/users\/3"}],"replies":[{"embeddable":true,"href":"https:\/\/portalmf.com.br\/index.php\/wp-json\/wp\/v2\/comments?post=29665"}],"version-history":[{"count":1,"href":"https:\/\/portalmf.com.br\/index.php\/wp-json\/wp\/v2\/posts\/29665\/revisions"}],"predecessor-version":[{"id":29667,"href":"https:\/\/portalmf.com.br\/index.php\/wp-json\/wp\/v2\/posts\/29665\/revisions\/29667"}],"wp:featuredmedia":[{"embeddable":true,"href":"https:\/\/portalmf.com.br\/index.php\/wp-json\/wp\/v2\/media\/29666"}],"wp:attachment":[{"href":"https:\/\/portalmf.com.br\/index.php\/wp-json\/wp\/v2\/media?parent=29665"}],"wp:term":[{"taxonomy":"category","embeddable":true,"href":"https:\/\/portalmf.com.br\/index.php\/wp-json\/wp\/v2\/categories?post=29665"},{"taxonomy":"post_tag","embeddable":true,"href":"https:\/\/portalmf.com.br\/index.php\/wp-json\/wp\/v2\/tags?post=29665"}],"curies":[{"name":"wp","href":"https:\/\/api.w.org\/{rel}","templated":true}]}}