{"id":29660,"date":"2024-09-13T16:36:10","date_gmt":"2024-09-13T19:36:10","guid":{"rendered":"https:\/\/portalmf.com.br\/?p=29660"},"modified":"2024-09-13T16:36:51","modified_gmt":"2024-09-13T19:36:51","slug":"jose-ronaldo-anuncia-creche-e-ampliacao-da-rede-de-saude-durante-caminhada-no-bairro-tomba","status":"publish","type":"post","link":"https:\/\/portalmf.com.br\/index.php\/2024\/09\/13\/jose-ronaldo-anuncia-creche-e-ampliacao-da-rede-de-saude-durante-caminhada-no-bairro-tomba\/","title":{"rendered":"Jos\u00e9 Ronaldo anuncia creche e amplia\u00e7\u00e3o da rede de sa\u00fade durante caminhada no bairro Tomba"},"content":{"rendered":"\n<p>O candidato a prefeito de Feira de Santana, Jos\u00e9 Ronaldo (Uni\u00e3o Brasil), reafirmou seu compromisso com a comunidade do bairro Tomba durante uma caminhada na noite de ontem (12). Entre as propostas apresentadas, destaca-se a instala\u00e7\u00e3o de uma creche moderna da rede p\u00fablica municipal e a amplia\u00e7\u00e3o dos servi\u00e7os de sa\u00fade no bairro, um dos mais populosos da cidade.<\/p>\n\n\n\n<p>A nova creche visa atender \u00e0s m\u00e3es da comunidade, proporcionando a elas a oportunidade de ingressar no mercado de trabalho com a tranquilidade de saber que seus filhos estar\u00e3o em um ambiente seguro, com profissionais qualificados. \u201cQueremos que as m\u00e3es do Tomba possam trabalhar com a certeza de que seus filhos est\u00e3o sendo bem cuidados em um espa\u00e7o adequado e moderno\u201d, afirmou o candidato.<\/p>\n\n\n\n<p>Jos\u00e9 Ronaldo tamb\u00e9m anunciou que, caso eleito, dar\u00e1 prioridade \u00e0 amplia\u00e7\u00e3o da rede de sa\u00fade do bairro, prometendo zerar a fila de espera por exames nos primeiros 100 dias de sua gest\u00e3o. <em>&#8220;A sa\u00fade ser\u00e1 uma das nossas prioridades e vamos garantir que todos tenham acesso r\u00e1pido e eficaz aos servi\u00e7os de que precisam&#8221;, <\/em>ressaltou.<\/p>\n\n\n\n<p>A caminhada, parte da agenda da coliga\u00e7\u00e3o \u201cO Amor Vai Vencer\u201d, contou com a presen\u00e7a do candidato a vice-prefeito, Pablo Roberto (PSDB), e de v\u00e1rios candidatos a vereador, al\u00e9m de centenas de moradores. Esta foi a terceira visita de Jos\u00e9 Ronaldo ao bairro, onde j\u00e1 percorreu o Conjunto Fraternidade, o trecho que liga ao Conjunto Feira X e agora a parte que segue em dire\u00e7\u00e3o ao conjunto Jomafa, refor\u00e7ando sua proximidade com a comunidade e seu compromisso com as demandas locais.<\/p>\n\n\n\n<p>Com informa\u00e7\u00f5es das Ascom \/ Jos\u00e9 Ronaldo<\/p>\n","protected":false},"excerpt":{"rendered":"<p>O candidato a prefeito de Feira de Santana, Jos\u00e9 Ronaldo (Uni\u00e3o Brasil), reafirmou seu compromisso com a comunidade do bairro Tomba durante uma caminhada na noite de ontem (12). Entre as propostas apresentadas, destaca-se a instala\u00e7\u00e3o de uma creche moderna da rede p\u00fablica municipal e a amplia\u00e7\u00e3o dos servi\u00e7os de sa\u00fade no bairro, um dos [&hellip;]<\/p>\n","protected":false},"author":3,"featured_media":29661,"comment_status":"open","ping_status":"open","sticky":false,"template":"","format":"standard","meta":{"_monsterinsights_skip_tracking":false,"_monsterinsights_sitenote_active":false,"_monsterinsights_sitenote_note":"","_monsterinsights_sitenote_category":0,"footnotes":""},"categories":[301,34],"tags":[],"yoast_head":"<!-- This site is optimized with the Yoast SEO plugin v22.9 - https:\/\/yoast.com\/wordpress\/plugins\/seo\/ -->\n<title>Jos\u00e9 Ronaldo anuncia creche e amplia\u00e7\u00e3o da rede de sa\u00fade durante caminhada no bairro Tomba - Portal MF<\/title>\n<meta name=\"robots\" content=\"index, follow, max-snippet:-1, max-image-preview:large, max-video-preview:-1\" \/>\n<link rel=\"canonical\" href=\"https:\/\/portalmf.com.br\/index.php\/2024\/09\/13\/jose-ronaldo-anuncia-creche-e-ampliacao-da-rede-de-saude-durante-caminhada-no-bairro-tomba\/\" \/>\n<meta property=\"og:locale\" content=\"pt_BR\" \/>\n<meta property=\"og:type\" content=\"article\" \/>\n<meta property=\"og:title\" content=\"Jos\u00e9 Ronaldo anuncia creche e amplia\u00e7\u00e3o da rede de sa\u00fade durante caminhada no bairro Tomba - Portal MF\" \/>\n<meta property=\"og:description\" content=\"O candidato a prefeito de Feira de Santana, Jos\u00e9 Ronaldo (Uni\u00e3o Brasil), reafirmou seu compromisso com a comunidade do bairro Tomba durante uma caminhada na noite de ontem (12). Entre as propostas apresentadas, destaca-se a instala\u00e7\u00e3o de uma creche moderna da rede p\u00fablica municipal e a amplia\u00e7\u00e3o dos servi\u00e7os de sa\u00fade no bairro, um dos [&hellip;]\" \/>\n<meta property=\"og:url\" content=\"https:\/\/portalmf.com.br\/index.php\/2024\/09\/13\/jose-ronaldo-anuncia-creche-e-ampliacao-da-rede-de-saude-durante-caminhada-no-bairro-tomba\/\" \/>\n<meta property=\"og:site_name\" content=\"Portal MF\" \/>\n<meta property=\"article:author\" content=\"https:\/\/www.facebook.com\/portalmfoficial\" \/>\n<meta property=\"article:published_time\" content=\"2024-09-13T19:36:10+00:00\" \/>\n<meta property=\"article:modified_time\" content=\"2024-09-13T19:36:51+00:00\" \/>\n<meta property=\"og:image\" content=\"https:\/\/portalmf.com.br\/wp-content\/uploads\/2024\/09\/Jose-Ronaldo-anuncia-creche-e-ampliacao-da-rede-de-saude-durante-caminhada-no-bairro-Tomba.jpg\" \/>\n\t<meta property=\"og:image:width\" content=\"800\" \/>\n\t<meta property=\"og:image:height\" content=\"533\" \/>\n\t<meta property=\"og:image:type\" content=\"image\/jpeg\" \/>\n<meta name=\"author\" content=\"Reda\u00e7\u00e3o Portal MF\" \/>\n<meta name=\"twitter:card\" content=\"summary_large_image\" \/>\n<meta name=\"twitter:creator\" content=\"@https:\/\/x.com\/portalmfoficial\" \/>\n<meta name=\"twitter:label1\" content=\"Escrito por\" \/>\n\t<meta name=\"twitter:data1\" content=\"Reda\u00e7\u00e3o Portal MF\" \/>\n\t<meta name=\"twitter:label2\" content=\"Est. tempo de leitura\" \/>\n\t<meta name=\"twitter:data2\" content=\"2 minutos\" \/>\n<script type=\"application\/ld+json\" class=\"yoast-schema-graph\">{\"@context\":\"https:\/\/schema.org\",\"@graph\":[{\"@type\":\"WebPage\",\"@id\":\"https:\/\/portalmf.com.br\/index.php\/2024\/09\/13\/jose-ronaldo-anuncia-creche-e-ampliacao-da-rede-de-saude-durante-caminhada-no-bairro-tomba\/\",\"url\":\"https:\/\/portalmf.com.br\/index.php\/2024\/09\/13\/jose-ronaldo-anuncia-creche-e-ampliacao-da-rede-de-saude-durante-caminhada-no-bairro-tomba\/\",\"name\":\"Jos\u00e9 Ronaldo anuncia creche e amplia\u00e7\u00e3o da rede de sa\u00fade durante caminhada no bairro Tomba - Portal MF\",\"isPartOf\":{\"@id\":\"https:\/\/portalmf.com.br\/#website\"},\"primaryImageOfPage\":{\"@id\":\"https:\/\/portalmf.com.br\/index.php\/2024\/09\/13\/jose-ronaldo-anuncia-creche-e-ampliacao-da-rede-de-saude-durante-caminhada-no-bairro-tomba\/#primaryimage\"},\"image\":{\"@id\":\"https:\/\/portalmf.com.br\/index.php\/2024\/09\/13\/jose-ronaldo-anuncia-creche-e-ampliacao-da-rede-de-saude-durante-caminhada-no-bairro-tomba\/#primaryimage\"},\"thumbnailUrl\":\"https:\/\/portalmf.com.br\/wp-content\/uploads\/2024\/09\/Jose-Ronaldo-anuncia-creche-e-ampliacao-da-rede-de-saude-durante-caminhada-no-bairro-Tomba.jpg\",\"datePublished\":\"2024-09-13T19:36:10+00:00\",\"dateModified\":\"2024-09-13T19:36:51+00:00\",\"author\":{\"@id\":\"https:\/\/portalmf.com.br\/#\/schema\/person\/9ec101baf56233e53520c26de5d6f6f0\"},\"breadcrumb\":{\"@id\":\"https:\/\/portalmf.com.br\/index.php\/2024\/09\/13\/jose-ronaldo-anuncia-creche-e-ampliacao-da-rede-de-saude-durante-caminhada-no-bairro-tomba\/#breadcrumb\"},\"inLanguage\":\"pt-BR\",\"potentialAction\":[{\"@type\":\"ReadAction\",\"target\":[\"https:\/\/portalmf.com.br\/index.php\/2024\/09\/13\/jose-ronaldo-anuncia-creche-e-ampliacao-da-rede-de-saude-durante-caminhada-no-bairro-tomba\/\"]}]},{\"@type\":\"ImageObject\",\"inLanguage\":\"pt-BR\",\"@id\":\"https:\/\/portalmf.com.br\/index.php\/2024\/09\/13\/jose-ronaldo-anuncia-creche-e-ampliacao-da-rede-de-saude-durante-caminhada-no-bairro-tomba\/#primaryimage\",\"url\":\"https:\/\/portalmf.com.br\/wp-content\/uploads\/2024\/09\/Jose-Ronaldo-anuncia-creche-e-ampliacao-da-rede-de-saude-durante-caminhada-no-bairro-Tomba.jpg\",\"contentUrl\":\"https:\/\/portalmf.com.br\/wp-content\/uploads\/2024\/09\/Jose-Ronaldo-anuncia-creche-e-ampliacao-da-rede-de-saude-durante-caminhada-no-bairro-Tomba.jpg\",\"width\":800,\"height\":533},{\"@type\":\"BreadcrumbList\",\"@id\":\"https:\/\/portalmf.com.br\/index.php\/2024\/09\/13\/jose-ronaldo-anuncia-creche-e-ampliacao-da-rede-de-saude-durante-caminhada-no-bairro-tomba\/#breadcrumb\",\"itemListElement\":[{\"@type\":\"ListItem\",\"position\":1,\"name\":\"In\u00edcio\",\"item\":\"https:\/\/portalmf.com.br\/\"},{\"@type\":\"ListItem\",\"position\":2,\"name\":\"Jos\u00e9 Ronaldo anuncia creche e amplia\u00e7\u00e3o da rede de sa\u00fade durante caminhada no bairro Tomba\"}]},{\"@type\":\"WebSite\",\"@id\":\"https:\/\/portalmf.com.br\/#website\",\"url\":\"https:\/\/portalmf.com.br\/\",\"name\":\"Portal MF\",\"description\":\"Voc\u00ea conectado com a informa\u00e7\u00e3o\",\"potentialAction\":[{\"@type\":\"SearchAction\",\"target\":{\"@type\":\"EntryPoint\",\"urlTemplate\":\"https:\/\/portalmf.com.br\/?s={search_term_string}\"},\"query-input\":\"required name=search_term_string\"}],\"inLanguage\":\"pt-BR\"},{\"@type\":\"Person\",\"@id\":\"https:\/\/portalmf.com.br\/#\/schema\/person\/9ec101baf56233e53520c26de5d6f6f0\",\"name\":\"Reda\u00e7\u00e3o Portal MF\",\"image\":{\"@type\":\"ImageObject\",\"inLanguage\":\"pt-BR\",\"@id\":\"https:\/\/portalmf.com.br\/#\/schema\/person\/image\/\",\"url\":\"https:\/\/secure.gravatar.com\/avatar\/41b9aaeb2100835f7c64362330f74c7f?s=96&d=mm&r=g\",\"contentUrl\":\"https:\/\/secure.gravatar.com\/avatar\/41b9aaeb2100835f7c64362330f74c7f?s=96&d=mm&r=g\",\"caption\":\"Reda\u00e7\u00e3o Portal MF\"},\"description\":\"Sejam bem-vindos o portal de informa\u00e7\u00f5es de entretenimento de Feira de Santana, desde 2006 realiza coberturas dos principais eventos com entrevistas exclusivas com as principais personalidades mundiais. Fique conectado tamb\u00e9m nas redes sociais.\",\"sameAs\":[\"http:\/\/www.portalmf.com.br\/\",\"https:\/\/www.facebook.com\/portalmfoficial\",\"https:\/\/www.instagram.com\/portalmf\/\",\"https:\/\/x.com\/https:\/\/x.com\/portalmfoficial\",\"https:\/\/www.youtube.com\/@portalmfoficial\"],\"url\":\"https:\/\/portalmf.com.br\/index.php\/author\/junior\/\"}]}<\/script>\n<!-- \/ Yoast SEO plugin. -->","yoast_head_json":{"title":"Jos\u00e9 Ronaldo anuncia creche e amplia\u00e7\u00e3o da rede de sa\u00fade durante caminhada no bairro Tomba - Portal MF","robots":{"index":"index","follow":"follow","max-snippet":"max-snippet:-1","max-image-preview":"max-image-preview:large","max-video-preview":"max-video-preview:-1"},"canonical":"https:\/\/portalmf.com.br\/index.php\/2024\/09\/13\/jose-ronaldo-anuncia-creche-e-ampliacao-da-rede-de-saude-durante-caminhada-no-bairro-tomba\/","og_locale":"pt_BR","og_type":"article","og_title":"Jos\u00e9 Ronaldo anuncia creche e amplia\u00e7\u00e3o da rede de sa\u00fade durante caminhada no bairro Tomba - Portal MF","og_description":"O candidato a prefeito de Feira de Santana, Jos\u00e9 Ronaldo (Uni\u00e3o Brasil), reafirmou seu compromisso com a comunidade do bairro Tomba durante uma caminhada na noite de ontem (12). Entre as propostas apresentadas, destaca-se a instala\u00e7\u00e3o de uma creche moderna da rede p\u00fablica municipal e a amplia\u00e7\u00e3o dos servi\u00e7os de sa\u00fade no bairro, um dos [&hellip;]","og_url":"https:\/\/portalmf.com.br\/index.php\/2024\/09\/13\/jose-ronaldo-anuncia-creche-e-ampliacao-da-rede-de-saude-durante-caminhada-no-bairro-tomba\/","og_site_name":"Portal MF","article_author":"https:\/\/www.facebook.com\/portalmfoficial","article_published_time":"2024-09-13T19:36:10+00:00","article_modified_time":"2024-09-13T19:36:51+00:00","og_image":[{"width":800,"height":533,"url":"https:\/\/portalmf.com.br\/wp-content\/uploads\/2024\/09\/Jose-Ronaldo-anuncia-creche-e-ampliacao-da-rede-de-saude-durante-caminhada-no-bairro-Tomba.jpg","type":"image\/jpeg"}],"author":"Reda\u00e7\u00e3o Portal MF","twitter_card":"summary_large_image","twitter_creator":"@https:\/\/x.com\/portalmfoficial","twitter_misc":{"Escrito por":"Reda\u00e7\u00e3o Portal MF","Est. tempo de leitura":"2 minutos"},"schema":{"@context":"https:\/\/schema.org","@graph":[{"@type":"WebPage","@id":"https:\/\/portalmf.com.br\/index.php\/2024\/09\/13\/jose-ronaldo-anuncia-creche-e-ampliacao-da-rede-de-saude-durante-caminhada-no-bairro-tomba\/","url":"https:\/\/portalmf.com.br\/index.php\/2024\/09\/13\/jose-ronaldo-anuncia-creche-e-ampliacao-da-rede-de-saude-durante-caminhada-no-bairro-tomba\/","name":"Jos\u00e9 Ronaldo anuncia creche e amplia\u00e7\u00e3o da rede de sa\u00fade durante caminhada no bairro Tomba - Portal MF","isPartOf":{"@id":"https:\/\/portalmf.com.br\/#website"},"primaryImageOfPage":{"@id":"https:\/\/portalmf.com.br\/index.php\/2024\/09\/13\/jose-ronaldo-anuncia-creche-e-ampliacao-da-rede-de-saude-durante-caminhada-no-bairro-tomba\/#primaryimage"},"image":{"@id":"https:\/\/portalmf.com.br\/index.php\/2024\/09\/13\/jose-ronaldo-anuncia-creche-e-ampliacao-da-rede-de-saude-durante-caminhada-no-bairro-tomba\/#primaryimage"},"thumbnailUrl":"https:\/\/portalmf.com.br\/wp-content\/uploads\/2024\/09\/Jose-Ronaldo-anuncia-creche-e-ampliacao-da-rede-de-saude-durante-caminhada-no-bairro-Tomba.jpg","datePublished":"2024-09-13T19:36:10+00:00","dateModified":"2024-09-13T19:36:51+00:00","author":{"@id":"https:\/\/portalmf.com.br\/#\/schema\/person\/9ec101baf56233e53520c26de5d6f6f0"},"breadcrumb":{"@id":"https:\/\/portalmf.com.br\/index.php\/2024\/09\/13\/jose-ronaldo-anuncia-creche-e-ampliacao-da-rede-de-saude-durante-caminhada-no-bairro-tomba\/#breadcrumb"},"inLanguage":"pt-BR","potentialAction":[{"@type":"ReadAction","target":["https:\/\/portalmf.com.br\/index.php\/2024\/09\/13\/jose-ronaldo-anuncia-creche-e-ampliacao-da-rede-de-saude-durante-caminhada-no-bairro-tomba\/"]}]},{"@type":"ImageObject","inLanguage":"pt-BR","@id":"https:\/\/portalmf.com.br\/index.php\/2024\/09\/13\/jose-ronaldo-anuncia-creche-e-ampliacao-da-rede-de-saude-durante-caminhada-no-bairro-tomba\/#primaryimage","url":"https:\/\/portalmf.com.br\/wp-content\/uploads\/2024\/09\/Jose-Ronaldo-anuncia-creche-e-ampliacao-da-rede-de-saude-durante-caminhada-no-bairro-Tomba.jpg","contentUrl":"https:\/\/portalmf.com.br\/wp-content\/uploads\/2024\/09\/Jose-Ronaldo-anuncia-creche-e-ampliacao-da-rede-de-saude-durante-caminhada-no-bairro-Tomba.jpg","width":800,"height":533},{"@type":"BreadcrumbList","@id":"https:\/\/portalmf.com.br\/index.php\/2024\/09\/13\/jose-ronaldo-anuncia-creche-e-ampliacao-da-rede-de-saude-durante-caminhada-no-bairro-tomba\/#breadcrumb","itemListElement":[{"@type":"ListItem","position":1,"name":"In\u00edcio","item":"https:\/\/portalmf.com.br\/"},{"@type":"ListItem","position":2,"name":"Jos\u00e9 Ronaldo anuncia creche e amplia\u00e7\u00e3o da rede de sa\u00fade durante caminhada no bairro Tomba"}]},{"@type":"WebSite","@id":"https:\/\/portalmf.com.br\/#website","url":"https:\/\/portalmf.com.br\/","name":"Portal MF","description":"Voc\u00ea conectado com a informa\u00e7\u00e3o","potentialAction":[{"@type":"SearchAction","target":{"@type":"EntryPoint","urlTemplate":"https:\/\/portalmf.com.br\/?s={search_term_string}"},"query-input":"required name=search_term_string"}],"inLanguage":"pt-BR"},{"@type":"Person","@id":"https:\/\/portalmf.com.br\/#\/schema\/person\/9ec101baf56233e53520c26de5d6f6f0","name":"Reda\u00e7\u00e3o Portal MF","image":{"@type":"ImageObject","inLanguage":"pt-BR","@id":"https:\/\/portalmf.com.br\/#\/schema\/person\/image\/","url":"https:\/\/secure.gravatar.com\/avatar\/41b9aaeb2100835f7c64362330f74c7f?s=96&d=mm&r=g","contentUrl":"https:\/\/secure.gravatar.com\/avatar\/41b9aaeb2100835f7c64362330f74c7f?s=96&d=mm&r=g","caption":"Reda\u00e7\u00e3o Portal MF"},"description":"Sejam bem-vindos o portal de informa\u00e7\u00f5es de entretenimento de Feira de Santana, desde 2006 realiza coberturas dos principais eventos com entrevistas exclusivas com as principais personalidades mundiais. Fique conectado tamb\u00e9m nas redes sociais.","sameAs":["http:\/\/www.portalmf.com.br\/","https:\/\/www.facebook.com\/portalmfoficial","https:\/\/www.instagram.com\/portalmf\/","https:\/\/x.com\/https:\/\/x.com\/portalmfoficial","https:\/\/www.youtube.com\/@portalmfoficial"],"url":"https:\/\/portalmf.com.br\/index.php\/author\/junior\/"}]}},"_links":{"self":[{"href":"https:\/\/portalmf.com.br\/index.php\/wp-json\/wp\/v2\/posts\/29660"}],"collection":[{"href":"https:\/\/portalmf.com.br\/index.php\/wp-json\/wp\/v2\/posts"}],"about":[{"href":"https:\/\/portalmf.com.br\/index.php\/wp-json\/wp\/v2\/types\/post"}],"author":[{"embeddable":true,"href":"https:\/\/portalmf.com.br\/index.php\/wp-json\/wp\/v2\/users\/3"}],"replies":[{"embeddable":true,"href":"https:\/\/portalmf.com.br\/index.php\/wp-json\/wp\/v2\/comments?post=29660"}],"version-history":[{"count":2,"href":"https:\/\/portalmf.com.br\/index.php\/wp-json\/wp\/v2\/posts\/29660\/revisions"}],"predecessor-version":[{"id":29664,"href":"https:\/\/portalmf.com.br\/index.php\/wp-json\/wp\/v2\/posts\/29660\/revisions\/29664"}],"wp:featuredmedia":[{"embeddable":true,"href":"https:\/\/portalmf.com.br\/index.php\/wp-json\/wp\/v2\/media\/29661"}],"wp:attachment":[{"href":"https:\/\/portalmf.com.br\/index.php\/wp-json\/wp\/v2\/media?parent=29660"}],"wp:term":[{"taxonomy":"category","embeddable":true,"href":"https:\/\/portalmf.com.br\/index.php\/wp-json\/wp\/v2\/categories?post=29660"},{"taxonomy":"post_tag","embeddable":true,"href":"https:\/\/portalmf.com.br\/index.php\/wp-json\/wp\/v2\/tags?post=29660"}],"curies":[{"name":"wp","href":"https:\/\/api.w.org\/{rel}","templated":true}]}}