{"id":29641,"date":"2024-09-12T17:57:20","date_gmt":"2024-09-12T20:57:20","guid":{"rendered":"https:\/\/portalmf.com.br\/?p=29641"},"modified":"2024-09-12T18:12:20","modified_gmt":"2024-09-12T21:12:20","slug":"carlos-medeiros-promete-reduzir-secretarias-e-aumentar-efetivo-da-guarda-municipal","status":"publish","type":"post","link":"https:\/\/portalmf.com.br\/index.php\/2024\/09\/12\/carlos-medeiros-promete-reduzir-secretarias-e-aumentar-efetivo-da-guarda-municipal\/","title":{"rendered":"Carlos Medeiros promete reduzir secretarias e aumentar efetivo da Guarda Municipal"},"content":{"rendered":"\n<p>Carlos Medeiros, candidato pelo partido Novo \u00e0 prefeitura de Feira de Santana, participou da sabatina do&nbsp;Pool de Comunica\u00e7\u00e3o liderado pelo Jornal Folha do Estado e com a maior cobertura online da cidade (R\u00e1dio Geral, TV Geral, Conectado News, Levante a voz, Jornal Folha do Estado e Portal MF). Na entrevista, conduzida pelo jornalista Luiz Santos e moderado pelo jornalista Reginaldo J\u00fanior, o candidato come\u00e7ou respondendo porque quer ser prefeito da Princesa do Sert\u00e3o.<\/p>\n\n\n\n<p><em>\u201cPorque Feira de Santana precisa de uma pessoa como eu, de uma mudan\u00e7a de verdade. Eu sou a \u00fanica mudan\u00e7a que Feira de Santana tem neste momento. \u00c9 claro que n\u00e3o sou a \u00fanica pessoa a melhor pessoa, a cidade tem 650 mil habitantes, tem muita gente boa, tem muita gente melhor do que eu, mas quem est\u00e1 aqui hoje sou eu. Eu tenho a capacidade, o preparo, a condi\u00e7\u00e3o de fazer de Feira de Santana, um lugar muito melhor. Os meus concorrentes, os Z\u00e9s que est\u00e3o a\u00ed h\u00e1 muito tempo, com a mesma pol\u00edtica decadente, arcaica, do \u2018Toma l\u00e1 da c\u00e1\u2019 . Com incha\u00e7o da m\u00e1quina p\u00fablica, com 32 secretarias para alocar os amigos do rei. Um lote de puxa saco que, todo mundo com interesse pr\u00f3prio, ningu\u00e9m est\u00e1 pensando na popula\u00e7\u00e3o. Eu sou a esperan\u00e7a<\/em>\u201d.<\/p>\n\n\n\n<figure class=\"wp-block-embed is-type-video is-provider-youtube wp-block-embed-youtube wp-embed-aspect-4-3 wp-has-aspect-ratio\"><div class=\"wp-block-embed__wrapper\">\n<iframe title=\"Entrevista com candidato a Prefeito Carlos Medeiros (Novo) - 12\/09\/2024\" width=\"696\" height=\"522\" src=\"https:\/\/www.youtube.com\/embed\/cFA-UoaGMOs?feature=oembed\" frameborder=\"0\" allow=\"accelerometer; autoplay; clipboard-write; encrypted-media; gyroscope; picture-in-picture; web-share\" referrerpolicy=\"strict-origin-when-cross-origin\" allowfullscreen><\/iframe>\n<\/div><\/figure>\n\n\n\n<p>O administrador por forma\u00e7\u00e3o, promete reduzir os n\u00fameros de secretarias e aplicar o dinheiro economizado no aumento do efetivo da guarda municipal, al\u00e9m de construir um centro administrativo municipal.<\/p>\n\n\n\n<p>\u201c<em>\u00c9 imposs\u00edvel ser \u00e1gil com 32 secretarias para administrar. \u00c9 claro para qualquer pessoa, se voc\u00ea perguntar a qualquer gestor, p\u00fablico ou privado, ela vai dizer. Essas secretarias todas \u00e9 para alocar os amigos do rei que anda atr\u00e1s dos pol\u00edticos que tem que alimentar aquela matilha toda que anda atr\u00e1s dele sugando ainda tem que alimentar os vereadores que ele vai comprar. \u00c9 assim que funciona a pol\u00edtica e n\u00e3o estamos aqui para tapar o sol com a peneira. Muitas vezes temos procedimentos que passam por duas ou tr\u00eas institui\u00e7\u00f5es. Eu vim da administra\u00e7\u00e3o e sei que quanto mais gente voc\u00ea tem abaixo de voc\u00ea, mais lento fica. O sal\u00e1rio de um secret\u00e1rio voc\u00ea contrata 10 guardas municipais. Vamos dobrar o efetivo da guarda municipal, quero colocar uma viatura de pronto atendimento para qualquer lugar da cidade com uma resposta de, no m\u00e1ximo, 10 minutos. O sal\u00e1rio de um secret\u00e1rio d\u00e1 para pagar 7 ou 8 enfermeiros. Vamos tirar o privil\u00e9gio, o cara que est\u00e1 sugando. Tirando esse tanto de aluguel que a prefeitura paga por m\u00eas, n\u00f3s vamos construir um Centro Administrativo Municipal\u201d.<\/em>&nbsp;<\/p>\n\n\n\n<p><strong>Crise na sa\u00fade&nbsp;<\/strong><\/p>\n\n\n\n<p><em>\u201cSou a chance da popula\u00e7\u00e3o de Feira para n\u00e3o precisar ficar chorando nas filas das unidades de atendimento de sa\u00fade das UPAS e Policl\u00ednicas. Sou a chance da pessoa comum ter seu filho estudando perto da sua casa com qualidade, sou a \u00fanica chance das pessoas de melhorar nossa seguran\u00e7a com um trabalho em conjunto com as for\u00e7as policiais. Sou a \u00fanica esperan\u00e7a da popula\u00e7\u00e3o de retomar o orgulho porque feira de Santana \u00e9 nossa. Feira de Santana n\u00e3o tem dono, \u00e9 de cada cidad\u00e3o, n\u00e3o pode viver nessa era como se somente tivesse duas pessoas capazes de resolver a vida de Feira, mas nunca resolvem<\/em>\u201d, defende.<\/p>\n\n\n\n<p><strong>Nova op\u00e7\u00e3o<\/strong><\/p>\n\n\n\n<p>Sobre romper a bolha e a polariza\u00e7\u00e3o entre os advers\u00e1rios, Carlos diz que acorda todas as manh\u00e3s acreditando que existe sim outro caminho.<\/p>\n\n\n\n<p><em>\u201cEu n\u00e3o discuto credibilidade de pesquisas porque cada instituto tem sua metodologia e sua forma, mas o que a gente viu aqui nas pesquisas, principalmente na \u00faltima que saiu, dava que ACM Neto ganhava de no primeiro turno com 65% e ele quase perde no primeiro turno.Vemos que a popula\u00e7\u00e3o est\u00e1 extremamente carente&nbsp; de uma nova op\u00e7\u00e3o, a popula\u00e7\u00e3o na sua grande maioria ainda n\u00e3o me conhece e eu estou aqui fazendo isso, fazendo com que a popula\u00e7\u00e3o saiba que tem novos projetos, tem gente boa gente de verdade para fazer promessas de verdade que podem mudar a vida da popula\u00e7\u00e3o e n\u00e3o essas promessas enganosas que a gente tem aqui h\u00e1 muito tempo. Eu tenho coragem para romper com o sistema. Eu posso fazer isso porque eu n\u00e3o tenho rabo preso com ningu\u00e9m, n\u00e3o devo emprego para ningu\u00e9m, n\u00e3o prometi manter 32 secretarias para manter meus amigos e as pessoas que est\u00e3o trabalhando na minha campanha. Eu n\u00e3o consigo acreditar e nem vou aceitar que a popula\u00e7\u00e3o de Feira quer passar mais 4 anos nessa gest\u00e3o podre que temos em Feira de Santana\u201d<\/em><\/p>\n\n\n\n<p><strong>Reformula\u00e7\u00e3o<\/strong><\/p>\n\n\n\n<p>O candidato tamb\u00e9m ressaltou a necessidade de uma nova forma de fazer campanha eleitoral.<\/p>\n\n\n\n<p><em>\u201cS\u00e3o 6 bilh\u00f5es de reais que s\u00e3o jogados fora a t\u00edtulo de fundo eleitoral. A gente quer que tenha uma pol\u00edtica melhor, a gente quer que tenha respeito pelo dinheiro p\u00fablico e quer que fique gastando dinheiro p\u00fablico em santinho para sujar a rua? Se a gente quer mudar a cabe\u00e7a, a gente quer pol\u00edtica melhor, um pa\u00eds melhor, a gente tem que mudar. N\u00e3o \u00e9 culpa da popula\u00e7\u00e3o, hoje a gente est\u00e1 polarizado em Feira de Santana, a culpa \u00e9 nossa que n\u00e3o chegamos nela. Precisamos encontrar uma maneira de chegar em toda popula\u00e7\u00e3o tenho falado muito para turma que me acompanha que \u00e9 a\u2019 boca a boca\u2019 digital. Entretanto quando eu chego nos lugares a pessoa me pede o santinho \u00e9 porque ela quer, ela vai fazer essa \u2018boca a boca\u2019 sem estar sendo paga, como meus advers\u00e1rios fazem que contratam aquela \u2018porrada\u2019 de gente e que talvez seja o dinheiro mais bem empregado do fundo eleitoral, pois pelo menos est\u00e1 gerando renda para algumas pessoas que precisam. Mas aquelas pessoas n\u00e3o tem compromisso nenhum e se duvidar nem elas votam no candidato que est\u00e1 pagando-as porque j\u00e1 viram como \u00e9 por dentro\u201d<\/em><\/p>\n\n\n\n<p>A ordem de participa\u00e7\u00e3o foi estabelecida atrav\u00e9s de sorteio realizado na sede do Jornal Folha do Estado com a presen\u00e7a dos representantes de cada partido.<\/p>\n","protected":false},"excerpt":{"rendered":"<p>Carlos Medeiros, candidato pelo partido Novo \u00e0 prefeitura de Feira de Santana, participou da sabatina do&nbsp;Pool de Comunica\u00e7\u00e3o liderado pelo Jornal Folha do Estado e com a maior cobertura online da cidade (R\u00e1dio Geral, TV Geral, Conectado News, Levante a voz, Jornal Folha do Estado e Portal MF). Na entrevista, conduzida pelo jornalista Luiz Santos [&hellip;]<\/p>\n","protected":false},"author":5,"featured_media":29659,"comment_status":"open","ping_status":"open","sticky":false,"template":"","format":"standard","meta":{"_monsterinsights_skip_tracking":false,"_monsterinsights_sitenote_active":false,"_monsterinsights_sitenote_note":"","_monsterinsights_sitenote_category":0,"footnotes":""},"categories":[48,301],"tags":[],"yoast_head":"<!-- This site is optimized with the Yoast SEO plugin v22.9 - https:\/\/yoast.com\/wordpress\/plugins\/seo\/ -->\n<title>Carlos Medeiros promete reduzir secretarias e aumentar efetivo da Guarda Municipal - Portal MF<\/title>\n<meta name=\"robots\" content=\"index, follow, max-snippet:-1, max-image-preview:large, max-video-preview:-1\" \/>\n<link rel=\"canonical\" href=\"https:\/\/portalmf.com.br\/index.php\/2024\/09\/12\/carlos-medeiros-promete-reduzir-secretarias-e-aumentar-efetivo-da-guarda-municipal\/\" \/>\n<meta property=\"og:locale\" content=\"pt_BR\" \/>\n<meta property=\"og:type\" content=\"article\" \/>\n<meta property=\"og:title\" content=\"Carlos Medeiros promete reduzir secretarias e aumentar efetivo da Guarda Municipal - Portal MF\" \/>\n<meta property=\"og:description\" content=\"Carlos Medeiros, candidato pelo partido Novo \u00e0 prefeitura de Feira de Santana, participou da sabatina do&nbsp;Pool de Comunica\u00e7\u00e3o liderado pelo Jornal Folha do Estado e com a maior cobertura online da cidade (R\u00e1dio Geral, TV Geral, Conectado News, Levante a voz, Jornal Folha do Estado e Portal MF). Na entrevista, conduzida pelo jornalista Luiz Santos [&hellip;]\" \/>\n<meta property=\"og:url\" content=\"https:\/\/portalmf.com.br\/index.php\/2024\/09\/12\/carlos-medeiros-promete-reduzir-secretarias-e-aumentar-efetivo-da-guarda-municipal\/\" \/>\n<meta property=\"og:site_name\" content=\"Portal MF\" \/>\n<meta property=\"article:published_time\" content=\"2024-09-12T20:57:20+00:00\" \/>\n<meta property=\"article:modified_time\" content=\"2024-09-12T21:12:20+00:00\" \/>\n<meta property=\"og:image\" content=\"https:\/\/portalmf.com.br\/wp-content\/uploads\/2024\/09\/sabatina_carlos_medeiros.jpg\" \/>\n\t<meta property=\"og:image:width\" content=\"800\" \/>\n\t<meta property=\"og:image:height\" content=\"600\" \/>\n\t<meta property=\"og:image:type\" content=\"image\/jpeg\" \/>\n<meta name=\"author\" content=\"Lila Oliveira\" \/>\n<meta name=\"twitter:card\" content=\"summary_large_image\" \/>\n<meta name=\"twitter:label1\" content=\"Escrito por\" \/>\n\t<meta name=\"twitter:data1\" content=\"Lila Oliveira\" \/>\n\t<meta name=\"twitter:label2\" content=\"Est. tempo de leitura\" \/>\n\t<meta name=\"twitter:data2\" content=\"6 minutos\" \/>\n<script type=\"application\/ld+json\" class=\"yoast-schema-graph\">{\"@context\":\"https:\/\/schema.org\",\"@graph\":[{\"@type\":\"WebPage\",\"@id\":\"https:\/\/portalmf.com.br\/index.php\/2024\/09\/12\/carlos-medeiros-promete-reduzir-secretarias-e-aumentar-efetivo-da-guarda-municipal\/\",\"url\":\"https:\/\/portalmf.com.br\/index.php\/2024\/09\/12\/carlos-medeiros-promete-reduzir-secretarias-e-aumentar-efetivo-da-guarda-municipal\/\",\"name\":\"Carlos Medeiros promete reduzir secretarias e aumentar efetivo da Guarda Municipal - Portal MF\",\"isPartOf\":{\"@id\":\"https:\/\/portalmf.com.br\/#website\"},\"primaryImageOfPage\":{\"@id\":\"https:\/\/portalmf.com.br\/index.php\/2024\/09\/12\/carlos-medeiros-promete-reduzir-secretarias-e-aumentar-efetivo-da-guarda-municipal\/#primaryimage\"},\"image\":{\"@id\":\"https:\/\/portalmf.com.br\/index.php\/2024\/09\/12\/carlos-medeiros-promete-reduzir-secretarias-e-aumentar-efetivo-da-guarda-municipal\/#primaryimage\"},\"thumbnailUrl\":\"https:\/\/portalmf.com.br\/wp-content\/uploads\/2024\/09\/sabatina_carlos_medeiros.jpg\",\"datePublished\":\"2024-09-12T20:57:20+00:00\",\"dateModified\":\"2024-09-12T21:12:20+00:00\",\"author\":{\"@id\":\"https:\/\/portalmf.com.br\/#\/schema\/person\/19071c375ee7579b7300dd91d656ff97\"},\"breadcrumb\":{\"@id\":\"https:\/\/portalmf.com.br\/index.php\/2024\/09\/12\/carlos-medeiros-promete-reduzir-secretarias-e-aumentar-efetivo-da-guarda-municipal\/#breadcrumb\"},\"inLanguage\":\"pt-BR\",\"potentialAction\":[{\"@type\":\"ReadAction\",\"target\":[\"https:\/\/portalmf.com.br\/index.php\/2024\/09\/12\/carlos-medeiros-promete-reduzir-secretarias-e-aumentar-efetivo-da-guarda-municipal\/\"]}]},{\"@type\":\"ImageObject\",\"inLanguage\":\"pt-BR\",\"@id\":\"https:\/\/portalmf.com.br\/index.php\/2024\/09\/12\/carlos-medeiros-promete-reduzir-secretarias-e-aumentar-efetivo-da-guarda-municipal\/#primaryimage\",\"url\":\"https:\/\/portalmf.com.br\/wp-content\/uploads\/2024\/09\/sabatina_carlos_medeiros.jpg\",\"contentUrl\":\"https:\/\/portalmf.com.br\/wp-content\/uploads\/2024\/09\/sabatina_carlos_medeiros.jpg\",\"width\":800,\"height\":600},{\"@type\":\"BreadcrumbList\",\"@id\":\"https:\/\/portalmf.com.br\/index.php\/2024\/09\/12\/carlos-medeiros-promete-reduzir-secretarias-e-aumentar-efetivo-da-guarda-municipal\/#breadcrumb\",\"itemListElement\":[{\"@type\":\"ListItem\",\"position\":1,\"name\":\"In\u00edcio\",\"item\":\"https:\/\/portalmf.com.br\/\"},{\"@type\":\"ListItem\",\"position\":2,\"name\":\"Carlos Medeiros promete reduzir secretarias e aumentar efetivo da Guarda Municipal\"}]},{\"@type\":\"WebSite\",\"@id\":\"https:\/\/portalmf.com.br\/#website\",\"url\":\"https:\/\/portalmf.com.br\/\",\"name\":\"Portal MF\",\"description\":\"Voc\u00ea conectado com a informa\u00e7\u00e3o\",\"potentialAction\":[{\"@type\":\"SearchAction\",\"target\":{\"@type\":\"EntryPoint\",\"urlTemplate\":\"https:\/\/portalmf.com.br\/?s={search_term_string}\"},\"query-input\":\"required name=search_term_string\"}],\"inLanguage\":\"pt-BR\"},{\"@type\":\"Person\",\"@id\":\"https:\/\/portalmf.com.br\/#\/schema\/person\/19071c375ee7579b7300dd91d656ff97\",\"name\":\"Lila Oliveira\",\"image\":{\"@type\":\"ImageObject\",\"inLanguage\":\"pt-BR\",\"@id\":\"https:\/\/portalmf.com.br\/#\/schema\/person\/image\/\",\"url\":\"https:\/\/secure.gravatar.com\/avatar\/344958fa973c4e824a6dde1b63c19431?s=96&d=mm&r=g\",\"contentUrl\":\"https:\/\/secure.gravatar.com\/avatar\/344958fa973c4e824a6dde1b63c19431?s=96&d=mm&r=g\",\"caption\":\"Lila Oliveira\"},\"sameAs\":[\"https:\/\/portalmf.com.br\/\"],\"url\":\"https:\/\/portalmf.com.br\/index.php\/author\/lilaoliveira\/\"}]}<\/script>\n<!-- \/ Yoast SEO plugin. -->","yoast_head_json":{"title":"Carlos Medeiros promete reduzir secretarias e aumentar efetivo da Guarda Municipal - Portal MF","robots":{"index":"index","follow":"follow","max-snippet":"max-snippet:-1","max-image-preview":"max-image-preview:large","max-video-preview":"max-video-preview:-1"},"canonical":"https:\/\/portalmf.com.br\/index.php\/2024\/09\/12\/carlos-medeiros-promete-reduzir-secretarias-e-aumentar-efetivo-da-guarda-municipal\/","og_locale":"pt_BR","og_type":"article","og_title":"Carlos Medeiros promete reduzir secretarias e aumentar efetivo da Guarda Municipal - Portal MF","og_description":"Carlos Medeiros, candidato pelo partido Novo \u00e0 prefeitura de Feira de Santana, participou da sabatina do&nbsp;Pool de Comunica\u00e7\u00e3o liderado pelo Jornal Folha do Estado e com a maior cobertura online da cidade (R\u00e1dio Geral, TV Geral, Conectado News, Levante a voz, Jornal Folha do Estado e Portal MF). Na entrevista, conduzida pelo jornalista Luiz Santos [&hellip;]","og_url":"https:\/\/portalmf.com.br\/index.php\/2024\/09\/12\/carlos-medeiros-promete-reduzir-secretarias-e-aumentar-efetivo-da-guarda-municipal\/","og_site_name":"Portal MF","article_published_time":"2024-09-12T20:57:20+00:00","article_modified_time":"2024-09-12T21:12:20+00:00","og_image":[{"width":800,"height":600,"url":"https:\/\/portalmf.com.br\/wp-content\/uploads\/2024\/09\/sabatina_carlos_medeiros.jpg","type":"image\/jpeg"}],"author":"Lila Oliveira","twitter_card":"summary_large_image","twitter_misc":{"Escrito por":"Lila Oliveira","Est. tempo de leitura":"6 minutos"},"schema":{"@context":"https:\/\/schema.org","@graph":[{"@type":"WebPage","@id":"https:\/\/portalmf.com.br\/index.php\/2024\/09\/12\/carlos-medeiros-promete-reduzir-secretarias-e-aumentar-efetivo-da-guarda-municipal\/","url":"https:\/\/portalmf.com.br\/index.php\/2024\/09\/12\/carlos-medeiros-promete-reduzir-secretarias-e-aumentar-efetivo-da-guarda-municipal\/","name":"Carlos Medeiros promete reduzir secretarias e aumentar efetivo da Guarda Municipal - Portal MF","isPartOf":{"@id":"https:\/\/portalmf.com.br\/#website"},"primaryImageOfPage":{"@id":"https:\/\/portalmf.com.br\/index.php\/2024\/09\/12\/carlos-medeiros-promete-reduzir-secretarias-e-aumentar-efetivo-da-guarda-municipal\/#primaryimage"},"image":{"@id":"https:\/\/portalmf.com.br\/index.php\/2024\/09\/12\/carlos-medeiros-promete-reduzir-secretarias-e-aumentar-efetivo-da-guarda-municipal\/#primaryimage"},"thumbnailUrl":"https:\/\/portalmf.com.br\/wp-content\/uploads\/2024\/09\/sabatina_carlos_medeiros.jpg","datePublished":"2024-09-12T20:57:20+00:00","dateModified":"2024-09-12T21:12:20+00:00","author":{"@id":"https:\/\/portalmf.com.br\/#\/schema\/person\/19071c375ee7579b7300dd91d656ff97"},"breadcrumb":{"@id":"https:\/\/portalmf.com.br\/index.php\/2024\/09\/12\/carlos-medeiros-promete-reduzir-secretarias-e-aumentar-efetivo-da-guarda-municipal\/#breadcrumb"},"inLanguage":"pt-BR","potentialAction":[{"@type":"ReadAction","target":["https:\/\/portalmf.com.br\/index.php\/2024\/09\/12\/carlos-medeiros-promete-reduzir-secretarias-e-aumentar-efetivo-da-guarda-municipal\/"]}]},{"@type":"ImageObject","inLanguage":"pt-BR","@id":"https:\/\/portalmf.com.br\/index.php\/2024\/09\/12\/carlos-medeiros-promete-reduzir-secretarias-e-aumentar-efetivo-da-guarda-municipal\/#primaryimage","url":"https:\/\/portalmf.com.br\/wp-content\/uploads\/2024\/09\/sabatina_carlos_medeiros.jpg","contentUrl":"https:\/\/portalmf.com.br\/wp-content\/uploads\/2024\/09\/sabatina_carlos_medeiros.jpg","width":800,"height":600},{"@type":"BreadcrumbList","@id":"https:\/\/portalmf.com.br\/index.php\/2024\/09\/12\/carlos-medeiros-promete-reduzir-secretarias-e-aumentar-efetivo-da-guarda-municipal\/#breadcrumb","itemListElement":[{"@type":"ListItem","position":1,"name":"In\u00edcio","item":"https:\/\/portalmf.com.br\/"},{"@type":"ListItem","position":2,"name":"Carlos Medeiros promete reduzir secretarias e aumentar efetivo da Guarda Municipal"}]},{"@type":"WebSite","@id":"https:\/\/portalmf.com.br\/#website","url":"https:\/\/portalmf.com.br\/","name":"Portal MF","description":"Voc\u00ea conectado com a informa\u00e7\u00e3o","potentialAction":[{"@type":"SearchAction","target":{"@type":"EntryPoint","urlTemplate":"https:\/\/portalmf.com.br\/?s={search_term_string}"},"query-input":"required name=search_term_string"}],"inLanguage":"pt-BR"},{"@type":"Person","@id":"https:\/\/portalmf.com.br\/#\/schema\/person\/19071c375ee7579b7300dd91d656ff97","name":"Lila Oliveira","image":{"@type":"ImageObject","inLanguage":"pt-BR","@id":"https:\/\/portalmf.com.br\/#\/schema\/person\/image\/","url":"https:\/\/secure.gravatar.com\/avatar\/344958fa973c4e824a6dde1b63c19431?s=96&d=mm&r=g","contentUrl":"https:\/\/secure.gravatar.com\/avatar\/344958fa973c4e824a6dde1b63c19431?s=96&d=mm&r=g","caption":"Lila Oliveira"},"sameAs":["https:\/\/portalmf.com.br\/"],"url":"https:\/\/portalmf.com.br\/index.php\/author\/lilaoliveira\/"}]}},"_links":{"self":[{"href":"https:\/\/portalmf.com.br\/index.php\/wp-json\/wp\/v2\/posts\/29641"}],"collection":[{"href":"https:\/\/portalmf.com.br\/index.php\/wp-json\/wp\/v2\/posts"}],"about":[{"href":"https:\/\/portalmf.com.br\/index.php\/wp-json\/wp\/v2\/types\/post"}],"author":[{"embeddable":true,"href":"https:\/\/portalmf.com.br\/index.php\/wp-json\/wp\/v2\/users\/5"}],"replies":[{"embeddable":true,"href":"https:\/\/portalmf.com.br\/index.php\/wp-json\/wp\/v2\/comments?post=29641"}],"version-history":[{"count":1,"href":"https:\/\/portalmf.com.br\/index.php\/wp-json\/wp\/v2\/posts\/29641\/revisions"}],"predecessor-version":[{"id":29642,"href":"https:\/\/portalmf.com.br\/index.php\/wp-json\/wp\/v2\/posts\/29641\/revisions\/29642"}],"wp:featuredmedia":[{"embeddable":true,"href":"https:\/\/portalmf.com.br\/index.php\/wp-json\/wp\/v2\/media\/29659"}],"wp:attachment":[{"href":"https:\/\/portalmf.com.br\/index.php\/wp-json\/wp\/v2\/media?parent=29641"}],"wp:term":[{"taxonomy":"category","embeddable":true,"href":"https:\/\/portalmf.com.br\/index.php\/wp-json\/wp\/v2\/categories?post=29641"},{"taxonomy":"post_tag","embeddable":true,"href":"https:\/\/portalmf.com.br\/index.php\/wp-json\/wp\/v2\/tags?post=29641"}],"curies":[{"name":"wp","href":"https:\/\/api.w.org\/{rel}","templated":true}]}}