{"id":29632,"date":"2024-09-12T17:47:32","date_gmt":"2024-09-12T20:47:32","guid":{"rendered":"https:\/\/portalmf.com.br\/?p=29632"},"modified":"2024-09-12T17:47:33","modified_gmt":"2024-09-12T20:47:33","slug":"no-subae-ze-neto-garante-colocar-conselho-de-transportes-para-operar-em-feira","status":"publish","type":"post","link":"https:\/\/portalmf.com.br\/index.php\/2024\/09\/12\/no-subae-ze-neto-garante-colocar-conselho-de-transportes-para-operar-em-feira\/","title":{"rendered":"No Suba\u00e9, Z\u00e9 Neto garante colocar Conselho de Transportes para operar em Feira"},"content":{"rendered":"\n<p>Em caminhada de campanha no bairro Suba\u00e9, na noite de quarta-feira (11), o candidato a prefeito da coliga\u00e7\u00e3o Pra Fazer o Futuro Acontecer, Z\u00e9 Neto, que estava acompanhado de seu candidato a vice-prefeito Sandro Nazireu, garantiu que vai colocar o Conselho Municipal de Transportes para funcionar efetivamente, acabando de vez com o descumprimento de hor\u00e1rios dos \u00f4nibus, que \u00e9 uma das principais reivindica\u00e7\u00f5es dos usu\u00e1rios em Feira de Santana.<\/p>\n\n\n\n<p><em>\u201cAl\u00e9m do posto de sa\u00fade do bairro, que n\u00e3o tem nem gaze para fazer um curativo, da escola municipal que funciona dia sim dia n\u00e3o, da falta de \u00e1reas de lazer e de ilumina\u00e7\u00e3o nas ruas, como contou aqui a moradora Larissa Santana, o transporte p\u00fablico prec\u00e1rio, principalmente aos finais de semana, \u00e9 uma das principais reclama\u00e7\u00f5es da comunidade do Suba\u00e9 e regi\u00e3o. A solu\u00e7\u00e3o \u00e9 uma s\u00f3: colocarmos o Conselho Municipal de Transportes para operar, disciplinando os hor\u00e1rios dos \u00f4nibus para que possam atender efetivamente \u00e0 popula\u00e7\u00e3o, que tem urg\u00eancia no funcionamento do servi\u00e7o, ao inv\u00e9s de s\u00f3 aumentarem a tarifa de \u00f4nibus como vem acontecendo ao longo das \u00faltimas gest\u00f5es\u201d<\/em>, criticou.<\/p>\n\n\n\n<p>Presente na caminhada, o deputado estadual licenciado e atual secret\u00e1rio de Desenvolvimento Econ\u00f4mico da Bahia, Angelo Almeida, questionou que se \u201co grupo do atual e do ex-prefeito que governa a cidade h\u00e1 24 anos n\u00e3o consegue resolver problemas pontuais na mobilidade urbana de Feira, como querem que o povo acredite neles ainda?\u201d<\/p>\n\n\n\n<p><strong>Feira IX \u2013<\/strong> Ao final da caminhada no Suba\u00e9, que come\u00e7ou na rua Pax, Z\u00e9 Neto informou que hoje \u00e0 noite estar\u00e1 visitando os moradores do bairro Feira IX. A concentra\u00e7\u00e3o ser\u00e1 \u00e0s 18h30, na rua Tom\u00e9 de Souza, ao lado da Farm\u00e1cia Brito.<\/p>\n\n\n\n<p>Com informa\u00e7\u00f5es da Ascom \/ Z\u00e9 Neto<\/p>\n","protected":false},"excerpt":{"rendered":"<p>Em caminhada de campanha no bairro Suba\u00e9, na noite de quarta-feira (11), o candidato a prefeito da coliga\u00e7\u00e3o Pra Fazer o Futuro Acontecer, Z\u00e9 Neto, que estava acompanhado de seu candidato a vice-prefeito Sandro Nazireu, garantiu que vai colocar o Conselho Municipal de Transportes para funcionar efetivamente, acabando de vez com o descumprimento de hor\u00e1rios [&hellip;]<\/p>\n","protected":false},"author":3,"featured_media":29634,"comment_status":"open","ping_status":"open","sticky":false,"template":"","format":"standard","meta":{"_monsterinsights_skip_tracking":false,"_monsterinsights_sitenote_active":false,"_monsterinsights_sitenote_note":"","_monsterinsights_sitenote_category":0,"footnotes":""},"categories":[301,34],"tags":[],"yoast_head":"<!-- This site is optimized with the Yoast SEO plugin v22.9 - https:\/\/yoast.com\/wordpress\/plugins\/seo\/ -->\n<title>No Suba\u00e9, Z\u00e9 Neto garante colocar Conselho de Transportes para operar em Feira - Portal MF<\/title>\n<meta name=\"robots\" content=\"index, follow, max-snippet:-1, max-image-preview:large, max-video-preview:-1\" \/>\n<link rel=\"canonical\" href=\"https:\/\/portalmf.com.br\/index.php\/2024\/09\/12\/no-subae-ze-neto-garante-colocar-conselho-de-transportes-para-operar-em-feira\/\" \/>\n<meta property=\"og:locale\" content=\"pt_BR\" \/>\n<meta property=\"og:type\" content=\"article\" \/>\n<meta property=\"og:title\" content=\"No Suba\u00e9, Z\u00e9 Neto garante colocar Conselho de Transportes para operar em Feira - Portal MF\" \/>\n<meta property=\"og:description\" content=\"Em caminhada de campanha no bairro Suba\u00e9, na noite de quarta-feira (11), o candidato a prefeito da coliga\u00e7\u00e3o Pra Fazer o Futuro Acontecer, Z\u00e9 Neto, que estava acompanhado de seu candidato a vice-prefeito Sandro Nazireu, garantiu que vai colocar o Conselho Municipal de Transportes para funcionar efetivamente, acabando de vez com o descumprimento de hor\u00e1rios [&hellip;]\" \/>\n<meta property=\"og:url\" content=\"https:\/\/portalmf.com.br\/index.php\/2024\/09\/12\/no-subae-ze-neto-garante-colocar-conselho-de-transportes-para-operar-em-feira\/\" \/>\n<meta property=\"og:site_name\" content=\"Portal MF\" \/>\n<meta property=\"article:author\" content=\"https:\/\/www.facebook.com\/portalmfoficial\" \/>\n<meta property=\"article:published_time\" content=\"2024-09-12T20:47:32+00:00\" \/>\n<meta property=\"article:modified_time\" content=\"2024-09-12T20:47:33+00:00\" \/>\n<meta property=\"og:image\" content=\"https:\/\/portalmf.com.br\/wp-content\/uploads\/2024\/09\/No-Subae-Ze-Neto-garante-colocar-Conselho-de-Transportes-para-operar-em-Feira.jpg\" \/>\n\t<meta property=\"og:image:width\" content=\"800\" \/>\n\t<meta property=\"og:image:height\" content=\"533\" \/>\n\t<meta property=\"og:image:type\" content=\"image\/jpeg\" \/>\n<meta name=\"author\" content=\"Reda\u00e7\u00e3o Portal MF\" \/>\n<meta name=\"twitter:card\" content=\"summary_large_image\" \/>\n<meta name=\"twitter:creator\" content=\"@https:\/\/x.com\/portalmfoficial\" \/>\n<meta name=\"twitter:label1\" content=\"Escrito por\" \/>\n\t<meta name=\"twitter:data1\" content=\"Reda\u00e7\u00e3o Portal MF\" \/>\n\t<meta name=\"twitter:label2\" content=\"Est. tempo de leitura\" \/>\n\t<meta name=\"twitter:data2\" content=\"2 minutos\" \/>\n<script type=\"application\/ld+json\" class=\"yoast-schema-graph\">{\"@context\":\"https:\/\/schema.org\",\"@graph\":[{\"@type\":\"WebPage\",\"@id\":\"https:\/\/portalmf.com.br\/index.php\/2024\/09\/12\/no-subae-ze-neto-garante-colocar-conselho-de-transportes-para-operar-em-feira\/\",\"url\":\"https:\/\/portalmf.com.br\/index.php\/2024\/09\/12\/no-subae-ze-neto-garante-colocar-conselho-de-transportes-para-operar-em-feira\/\",\"name\":\"No Suba\u00e9, Z\u00e9 Neto garante colocar Conselho de Transportes para operar em Feira - Portal MF\",\"isPartOf\":{\"@id\":\"https:\/\/portalmf.com.br\/#website\"},\"primaryImageOfPage\":{\"@id\":\"https:\/\/portalmf.com.br\/index.php\/2024\/09\/12\/no-subae-ze-neto-garante-colocar-conselho-de-transportes-para-operar-em-feira\/#primaryimage\"},\"image\":{\"@id\":\"https:\/\/portalmf.com.br\/index.php\/2024\/09\/12\/no-subae-ze-neto-garante-colocar-conselho-de-transportes-para-operar-em-feira\/#primaryimage\"},\"thumbnailUrl\":\"https:\/\/portalmf.com.br\/wp-content\/uploads\/2024\/09\/No-Subae-Ze-Neto-garante-colocar-Conselho-de-Transportes-para-operar-em-Feira.jpg\",\"datePublished\":\"2024-09-12T20:47:32+00:00\",\"dateModified\":\"2024-09-12T20:47:33+00:00\",\"author\":{\"@id\":\"https:\/\/portalmf.com.br\/#\/schema\/person\/9ec101baf56233e53520c26de5d6f6f0\"},\"breadcrumb\":{\"@id\":\"https:\/\/portalmf.com.br\/index.php\/2024\/09\/12\/no-subae-ze-neto-garante-colocar-conselho-de-transportes-para-operar-em-feira\/#breadcrumb\"},\"inLanguage\":\"pt-BR\",\"potentialAction\":[{\"@type\":\"ReadAction\",\"target\":[\"https:\/\/portalmf.com.br\/index.php\/2024\/09\/12\/no-subae-ze-neto-garante-colocar-conselho-de-transportes-para-operar-em-feira\/\"]}]},{\"@type\":\"ImageObject\",\"inLanguage\":\"pt-BR\",\"@id\":\"https:\/\/portalmf.com.br\/index.php\/2024\/09\/12\/no-subae-ze-neto-garante-colocar-conselho-de-transportes-para-operar-em-feira\/#primaryimage\",\"url\":\"https:\/\/portalmf.com.br\/wp-content\/uploads\/2024\/09\/No-Subae-Ze-Neto-garante-colocar-Conselho-de-Transportes-para-operar-em-Feira.jpg\",\"contentUrl\":\"https:\/\/portalmf.com.br\/wp-content\/uploads\/2024\/09\/No-Subae-Ze-Neto-garante-colocar-Conselho-de-Transportes-para-operar-em-Feira.jpg\",\"width\":800,\"height\":533},{\"@type\":\"BreadcrumbList\",\"@id\":\"https:\/\/portalmf.com.br\/index.php\/2024\/09\/12\/no-subae-ze-neto-garante-colocar-conselho-de-transportes-para-operar-em-feira\/#breadcrumb\",\"itemListElement\":[{\"@type\":\"ListItem\",\"position\":1,\"name\":\"In\u00edcio\",\"item\":\"https:\/\/portalmf.com.br\/\"},{\"@type\":\"ListItem\",\"position\":2,\"name\":\"No Suba\u00e9, Z\u00e9 Neto garante colocar Conselho de Transportes para operar em Feira\"}]},{\"@type\":\"WebSite\",\"@id\":\"https:\/\/portalmf.com.br\/#website\",\"url\":\"https:\/\/portalmf.com.br\/\",\"name\":\"Portal MF\",\"description\":\"Voc\u00ea conectado com a informa\u00e7\u00e3o\",\"potentialAction\":[{\"@type\":\"SearchAction\",\"target\":{\"@type\":\"EntryPoint\",\"urlTemplate\":\"https:\/\/portalmf.com.br\/?s={search_term_string}\"},\"query-input\":\"required name=search_term_string\"}],\"inLanguage\":\"pt-BR\"},{\"@type\":\"Person\",\"@id\":\"https:\/\/portalmf.com.br\/#\/schema\/person\/9ec101baf56233e53520c26de5d6f6f0\",\"name\":\"Reda\u00e7\u00e3o Portal MF\",\"image\":{\"@type\":\"ImageObject\",\"inLanguage\":\"pt-BR\",\"@id\":\"https:\/\/portalmf.com.br\/#\/schema\/person\/image\/\",\"url\":\"https:\/\/secure.gravatar.com\/avatar\/41b9aaeb2100835f7c64362330f74c7f?s=96&d=mm&r=g\",\"contentUrl\":\"https:\/\/secure.gravatar.com\/avatar\/41b9aaeb2100835f7c64362330f74c7f?s=96&d=mm&r=g\",\"caption\":\"Reda\u00e7\u00e3o Portal MF\"},\"description\":\"Sejam bem-vindos o portal de informa\u00e7\u00f5es de entretenimento de Feira de Santana, desde 2006 realiza coberturas dos principais eventos com entrevistas exclusivas com as principais personalidades mundiais. Fique conectado tamb\u00e9m nas redes sociais.\",\"sameAs\":[\"http:\/\/www.portalmf.com.br\/\",\"https:\/\/www.facebook.com\/portalmfoficial\",\"https:\/\/www.instagram.com\/portalmf\/\",\"https:\/\/x.com\/https:\/\/x.com\/portalmfoficial\",\"https:\/\/www.youtube.com\/@portalmfoficial\"],\"url\":\"https:\/\/portalmf.com.br\/index.php\/author\/junior\/\"}]}<\/script>\n<!-- \/ Yoast SEO plugin. -->","yoast_head_json":{"title":"No Suba\u00e9, Z\u00e9 Neto garante colocar Conselho de Transportes para operar em Feira - Portal MF","robots":{"index":"index","follow":"follow","max-snippet":"max-snippet:-1","max-image-preview":"max-image-preview:large","max-video-preview":"max-video-preview:-1"},"canonical":"https:\/\/portalmf.com.br\/index.php\/2024\/09\/12\/no-subae-ze-neto-garante-colocar-conselho-de-transportes-para-operar-em-feira\/","og_locale":"pt_BR","og_type":"article","og_title":"No Suba\u00e9, Z\u00e9 Neto garante colocar Conselho de Transportes para operar em Feira - Portal MF","og_description":"Em caminhada de campanha no bairro Suba\u00e9, na noite de quarta-feira (11), o candidato a prefeito da coliga\u00e7\u00e3o Pra Fazer o Futuro Acontecer, Z\u00e9 Neto, que estava acompanhado de seu candidato a vice-prefeito Sandro Nazireu, garantiu que vai colocar o Conselho Municipal de Transportes para funcionar efetivamente, acabando de vez com o descumprimento de hor\u00e1rios [&hellip;]","og_url":"https:\/\/portalmf.com.br\/index.php\/2024\/09\/12\/no-subae-ze-neto-garante-colocar-conselho-de-transportes-para-operar-em-feira\/","og_site_name":"Portal MF","article_author":"https:\/\/www.facebook.com\/portalmfoficial","article_published_time":"2024-09-12T20:47:32+00:00","article_modified_time":"2024-09-12T20:47:33+00:00","og_image":[{"width":800,"height":533,"url":"https:\/\/portalmf.com.br\/wp-content\/uploads\/2024\/09\/No-Subae-Ze-Neto-garante-colocar-Conselho-de-Transportes-para-operar-em-Feira.jpg","type":"image\/jpeg"}],"author":"Reda\u00e7\u00e3o Portal MF","twitter_card":"summary_large_image","twitter_creator":"@https:\/\/x.com\/portalmfoficial","twitter_misc":{"Escrito por":"Reda\u00e7\u00e3o Portal MF","Est. tempo de leitura":"2 minutos"},"schema":{"@context":"https:\/\/schema.org","@graph":[{"@type":"WebPage","@id":"https:\/\/portalmf.com.br\/index.php\/2024\/09\/12\/no-subae-ze-neto-garante-colocar-conselho-de-transportes-para-operar-em-feira\/","url":"https:\/\/portalmf.com.br\/index.php\/2024\/09\/12\/no-subae-ze-neto-garante-colocar-conselho-de-transportes-para-operar-em-feira\/","name":"No Suba\u00e9, Z\u00e9 Neto garante colocar Conselho de Transportes para operar em Feira - Portal MF","isPartOf":{"@id":"https:\/\/portalmf.com.br\/#website"},"primaryImageOfPage":{"@id":"https:\/\/portalmf.com.br\/index.php\/2024\/09\/12\/no-subae-ze-neto-garante-colocar-conselho-de-transportes-para-operar-em-feira\/#primaryimage"},"image":{"@id":"https:\/\/portalmf.com.br\/index.php\/2024\/09\/12\/no-subae-ze-neto-garante-colocar-conselho-de-transportes-para-operar-em-feira\/#primaryimage"},"thumbnailUrl":"https:\/\/portalmf.com.br\/wp-content\/uploads\/2024\/09\/No-Subae-Ze-Neto-garante-colocar-Conselho-de-Transportes-para-operar-em-Feira.jpg","datePublished":"2024-09-12T20:47:32+00:00","dateModified":"2024-09-12T20:47:33+00:00","author":{"@id":"https:\/\/portalmf.com.br\/#\/schema\/person\/9ec101baf56233e53520c26de5d6f6f0"},"breadcrumb":{"@id":"https:\/\/portalmf.com.br\/index.php\/2024\/09\/12\/no-subae-ze-neto-garante-colocar-conselho-de-transportes-para-operar-em-feira\/#breadcrumb"},"inLanguage":"pt-BR","potentialAction":[{"@type":"ReadAction","target":["https:\/\/portalmf.com.br\/index.php\/2024\/09\/12\/no-subae-ze-neto-garante-colocar-conselho-de-transportes-para-operar-em-feira\/"]}]},{"@type":"ImageObject","inLanguage":"pt-BR","@id":"https:\/\/portalmf.com.br\/index.php\/2024\/09\/12\/no-subae-ze-neto-garante-colocar-conselho-de-transportes-para-operar-em-feira\/#primaryimage","url":"https:\/\/portalmf.com.br\/wp-content\/uploads\/2024\/09\/No-Subae-Ze-Neto-garante-colocar-Conselho-de-Transportes-para-operar-em-Feira.jpg","contentUrl":"https:\/\/portalmf.com.br\/wp-content\/uploads\/2024\/09\/No-Subae-Ze-Neto-garante-colocar-Conselho-de-Transportes-para-operar-em-Feira.jpg","width":800,"height":533},{"@type":"BreadcrumbList","@id":"https:\/\/portalmf.com.br\/index.php\/2024\/09\/12\/no-subae-ze-neto-garante-colocar-conselho-de-transportes-para-operar-em-feira\/#breadcrumb","itemListElement":[{"@type":"ListItem","position":1,"name":"In\u00edcio","item":"https:\/\/portalmf.com.br\/"},{"@type":"ListItem","position":2,"name":"No Suba\u00e9, Z\u00e9 Neto garante colocar Conselho de Transportes para operar em Feira"}]},{"@type":"WebSite","@id":"https:\/\/portalmf.com.br\/#website","url":"https:\/\/portalmf.com.br\/","name":"Portal MF","description":"Voc\u00ea conectado com a informa\u00e7\u00e3o","potentialAction":[{"@type":"SearchAction","target":{"@type":"EntryPoint","urlTemplate":"https:\/\/portalmf.com.br\/?s={search_term_string}"},"query-input":"required name=search_term_string"}],"inLanguage":"pt-BR"},{"@type":"Person","@id":"https:\/\/portalmf.com.br\/#\/schema\/person\/9ec101baf56233e53520c26de5d6f6f0","name":"Reda\u00e7\u00e3o Portal MF","image":{"@type":"ImageObject","inLanguage":"pt-BR","@id":"https:\/\/portalmf.com.br\/#\/schema\/person\/image\/","url":"https:\/\/secure.gravatar.com\/avatar\/41b9aaeb2100835f7c64362330f74c7f?s=96&d=mm&r=g","contentUrl":"https:\/\/secure.gravatar.com\/avatar\/41b9aaeb2100835f7c64362330f74c7f?s=96&d=mm&r=g","caption":"Reda\u00e7\u00e3o Portal MF"},"description":"Sejam bem-vindos o portal de informa\u00e7\u00f5es de entretenimento de Feira de Santana, desde 2006 realiza coberturas dos principais eventos com entrevistas exclusivas com as principais personalidades mundiais. Fique conectado tamb\u00e9m nas redes sociais.","sameAs":["http:\/\/www.portalmf.com.br\/","https:\/\/www.facebook.com\/portalmfoficial","https:\/\/www.instagram.com\/portalmf\/","https:\/\/x.com\/https:\/\/x.com\/portalmfoficial","https:\/\/www.youtube.com\/@portalmfoficial"],"url":"https:\/\/portalmf.com.br\/index.php\/author\/junior\/"}]}},"_links":{"self":[{"href":"https:\/\/portalmf.com.br\/index.php\/wp-json\/wp\/v2\/posts\/29632"}],"collection":[{"href":"https:\/\/portalmf.com.br\/index.php\/wp-json\/wp\/v2\/posts"}],"about":[{"href":"https:\/\/portalmf.com.br\/index.php\/wp-json\/wp\/v2\/types\/post"}],"author":[{"embeddable":true,"href":"https:\/\/portalmf.com.br\/index.php\/wp-json\/wp\/v2\/users\/3"}],"replies":[{"embeddable":true,"href":"https:\/\/portalmf.com.br\/index.php\/wp-json\/wp\/v2\/comments?post=29632"}],"version-history":[{"count":1,"href":"https:\/\/portalmf.com.br\/index.php\/wp-json\/wp\/v2\/posts\/29632\/revisions"}],"predecessor-version":[{"id":29635,"href":"https:\/\/portalmf.com.br\/index.php\/wp-json\/wp\/v2\/posts\/29632\/revisions\/29635"}],"wp:featuredmedia":[{"embeddable":true,"href":"https:\/\/portalmf.com.br\/index.php\/wp-json\/wp\/v2\/media\/29634"}],"wp:attachment":[{"href":"https:\/\/portalmf.com.br\/index.php\/wp-json\/wp\/v2\/media?parent=29632"}],"wp:term":[{"taxonomy":"category","embeddable":true,"href":"https:\/\/portalmf.com.br\/index.php\/wp-json\/wp\/v2\/categories?post=29632"},{"taxonomy":"post_tag","embeddable":true,"href":"https:\/\/portalmf.com.br\/index.php\/wp-json\/wp\/v2\/tags?post=29632"}],"curies":[{"name":"wp","href":"https:\/\/api.w.org\/{rel}","templated":true}]}}