{"id":29629,"date":"2024-09-12T17:43:48","date_gmt":"2024-09-12T20:43:48","guid":{"rendered":"https:\/\/portalmf.com.br\/?p=29629"},"modified":"2024-09-12T17:43:49","modified_gmt":"2024-09-12T20:43:49","slug":"jose-ronaldo-assume-compromisso-de-urbanizar-todas-as-pracas-e-acabar-com-alagamentos-na-cidade-nova","status":"publish","type":"post","link":"https:\/\/portalmf.com.br\/index.php\/2024\/09\/12\/jose-ronaldo-assume-compromisso-de-urbanizar-todas-as-pracas-e-acabar-com-alagamentos-na-cidade-nova\/","title":{"rendered":"Jos\u00e9 Ronaldo assume compromisso de urbanizar todas as pra\u00e7as e acabar com alagamentos na Cidade Nova"},"content":{"rendered":"\n<p>Durante uma caminhada pelo bairro Cidade Nova, ontem (11), o candidato a prefeito de Feira de Santana Jos\u00e9 Ronaldo (Uni\u00e3o Brasil) reafirmou seu compromisso com a comunidade ao garantir a urbaniza\u00e7\u00e3o de todas as pra\u00e7as e a resolu\u00e7\u00e3o do recorrente problema de alagamentos. O evento reuniu moradores e contou com a presen\u00e7a do candidato a vice-prefeito Pablo Roberto (PSDB) e do deputado estadual Jos\u00e9 de Arimat\u00e9ia (Republicanos).<\/p>\n\n\n\n<p>Um dos principais pontos abordados por Jos\u00e9 Ronaldo foi a quest\u00e3o dos alagamentos, que, segundo ele, afetam as ruas da Cidade Nova todos os anos, especialmente nos meses de janeiro e fevereiro. O candidato garantiu que, em sua gest\u00e3o, a prefeitura vai solucionar definitivamente o problema, n\u00e3o apenas no bairro, mas tamb\u00e9m em outras seis localidades de Feira de Santana. Ele destacou que um estudo de viabilidade j\u00e1 foi elaborado pela Escola Polit\u00e9cnica da Universidade Federal da Bahia (UFBA), apresentando solu\u00e7\u00f5es vi\u00e1veis para acabar com os alagamentos.<\/p>\n\n\n\n<p>Al\u00e9m disso, Jos\u00e9 Ronaldo enfatizou o compromisso de urbanizar todas as pra\u00e7as do bairro que ainda n\u00e3o receberam melhorias.<em> &#8220;Em meus governos, urbanizamos 28 pra\u00e7as aqui na Cidade Nova, mas ainda faltam 11, e essas ser\u00e3o prioridade na nossa administra\u00e7\u00e3o&#8221;,<\/em> assegurou o candidato. A urbaniza\u00e7\u00e3o das \u00e1reas p\u00fablicas faz parte de uma pol\u00edtica de revitaliza\u00e7\u00e3o dos espa\u00e7os de conviv\u00eancia, que, segundo ele, tem o objetivo de melhorar a qualidade de vida dos moradores.<\/p>\n\n\n\n<p>Ao longo da caminhada, Jos\u00e9 Ronaldo foi saudado pelos moradores do bairro e agradeceu o apoio que tem recebido dos feirenses.<em> &#8220;Sempre fui recebido com muito carinho aqui na Cidade Nova e sou muito grato por todo esse apoio&#8221;,<\/em> declarou.<\/p>\n\n\n\n<p>Com uma trajet\u00f3ria pol\u00edtica marcada por grandes obras de infraestrutura e servi\u00e7os urbanos, Jos\u00e9 Ronaldo espera que seus projetos possam refor\u00e7ar seu compromisso com o desenvolvimento de Feira de Santana e a melhoria das condi\u00e7\u00f5es de vida nos bairros mais afetados por problemas estruturais.<\/p>\n\n\n\n<p>Com informa\u00e7\u00f5es da Ascom\/Jos\u00e9 Ronaldo<\/p>\n","protected":false},"excerpt":{"rendered":"<p>Durante uma caminhada pelo bairro Cidade Nova, ontem (11), o candidato a prefeito de Feira de Santana Jos\u00e9 Ronaldo (Uni\u00e3o Brasil) reafirmou seu compromisso com a comunidade ao garantir a urbaniza\u00e7\u00e3o de todas as pra\u00e7as e a resolu\u00e7\u00e3o do recorrente problema de alagamentos. O evento reuniu moradores e contou com a presen\u00e7a do candidato a [&hellip;]<\/p>\n","protected":false},"author":3,"featured_media":29630,"comment_status":"open","ping_status":"open","sticky":false,"template":"","format":"standard","meta":{"_monsterinsights_skip_tracking":false,"_monsterinsights_sitenote_active":false,"_monsterinsights_sitenote_note":"","_monsterinsights_sitenote_category":0,"footnotes":""},"categories":[301,34],"tags":[],"yoast_head":"<!-- This site is optimized with the Yoast SEO plugin v22.9 - https:\/\/yoast.com\/wordpress\/plugins\/seo\/ -->\n<title>Jos\u00e9 Ronaldo assume compromisso de urbanizar todas as pra\u00e7as e acabar com alagamentos na Cidade Nova - Portal MF<\/title>\n<meta name=\"robots\" content=\"index, follow, max-snippet:-1, max-image-preview:large, max-video-preview:-1\" \/>\n<link rel=\"canonical\" href=\"https:\/\/portalmf.com.br\/index.php\/2024\/09\/12\/jose-ronaldo-assume-compromisso-de-urbanizar-todas-as-pracas-e-acabar-com-alagamentos-na-cidade-nova\/\" \/>\n<meta property=\"og:locale\" content=\"pt_BR\" \/>\n<meta property=\"og:type\" content=\"article\" \/>\n<meta property=\"og:title\" content=\"Jos\u00e9 Ronaldo assume compromisso de urbanizar todas as pra\u00e7as e acabar com alagamentos na Cidade Nova - Portal MF\" \/>\n<meta property=\"og:description\" content=\"Durante uma caminhada pelo bairro Cidade Nova, ontem (11), o candidato a prefeito de Feira de Santana Jos\u00e9 Ronaldo (Uni\u00e3o Brasil) reafirmou seu compromisso com a comunidade ao garantir a urbaniza\u00e7\u00e3o de todas as pra\u00e7as e a resolu\u00e7\u00e3o do recorrente problema de alagamentos. O evento reuniu moradores e contou com a presen\u00e7a do candidato a [&hellip;]\" \/>\n<meta property=\"og:url\" content=\"https:\/\/portalmf.com.br\/index.php\/2024\/09\/12\/jose-ronaldo-assume-compromisso-de-urbanizar-todas-as-pracas-e-acabar-com-alagamentos-na-cidade-nova\/\" \/>\n<meta property=\"og:site_name\" content=\"Portal MF\" \/>\n<meta property=\"article:author\" content=\"https:\/\/www.facebook.com\/portalmfoficial\" \/>\n<meta property=\"article:published_time\" content=\"2024-09-12T20:43:48+00:00\" \/>\n<meta property=\"article:modified_time\" content=\"2024-09-12T20:43:49+00:00\" \/>\n<meta property=\"og:image\" content=\"https:\/\/portalmf.com.br\/wp-content\/uploads\/2024\/09\/Jose-Ronaldo-assume-compromisso-de-urbanizar.jpg\" \/>\n\t<meta property=\"og:image:width\" content=\"800\" \/>\n\t<meta property=\"og:image:height\" content=\"632\" \/>\n\t<meta property=\"og:image:type\" content=\"image\/jpeg\" \/>\n<meta name=\"author\" content=\"Reda\u00e7\u00e3o Portal MF\" \/>\n<meta name=\"twitter:card\" content=\"summary_large_image\" \/>\n<meta name=\"twitter:creator\" content=\"@https:\/\/x.com\/portalmfoficial\" \/>\n<meta name=\"twitter:label1\" content=\"Escrito por\" \/>\n\t<meta name=\"twitter:data1\" content=\"Reda\u00e7\u00e3o Portal MF\" \/>\n\t<meta name=\"twitter:label2\" content=\"Est. tempo de leitura\" \/>\n\t<meta name=\"twitter:data2\" content=\"2 minutos\" \/>\n<script type=\"application\/ld+json\" class=\"yoast-schema-graph\">{\"@context\":\"https:\/\/schema.org\",\"@graph\":[{\"@type\":\"WebPage\",\"@id\":\"https:\/\/portalmf.com.br\/index.php\/2024\/09\/12\/jose-ronaldo-assume-compromisso-de-urbanizar-todas-as-pracas-e-acabar-com-alagamentos-na-cidade-nova\/\",\"url\":\"https:\/\/portalmf.com.br\/index.php\/2024\/09\/12\/jose-ronaldo-assume-compromisso-de-urbanizar-todas-as-pracas-e-acabar-com-alagamentos-na-cidade-nova\/\",\"name\":\"Jos\u00e9 Ronaldo assume compromisso de urbanizar todas as pra\u00e7as e acabar com alagamentos na Cidade Nova - Portal MF\",\"isPartOf\":{\"@id\":\"https:\/\/portalmf.com.br\/#website\"},\"primaryImageOfPage\":{\"@id\":\"https:\/\/portalmf.com.br\/index.php\/2024\/09\/12\/jose-ronaldo-assume-compromisso-de-urbanizar-todas-as-pracas-e-acabar-com-alagamentos-na-cidade-nova\/#primaryimage\"},\"image\":{\"@id\":\"https:\/\/portalmf.com.br\/index.php\/2024\/09\/12\/jose-ronaldo-assume-compromisso-de-urbanizar-todas-as-pracas-e-acabar-com-alagamentos-na-cidade-nova\/#primaryimage\"},\"thumbnailUrl\":\"https:\/\/portalmf.com.br\/wp-content\/uploads\/2024\/09\/Jose-Ronaldo-assume-compromisso-de-urbanizar.jpg\",\"datePublished\":\"2024-09-12T20:43:48+00:00\",\"dateModified\":\"2024-09-12T20:43:49+00:00\",\"author\":{\"@id\":\"https:\/\/portalmf.com.br\/#\/schema\/person\/9ec101baf56233e53520c26de5d6f6f0\"},\"breadcrumb\":{\"@id\":\"https:\/\/portalmf.com.br\/index.php\/2024\/09\/12\/jose-ronaldo-assume-compromisso-de-urbanizar-todas-as-pracas-e-acabar-com-alagamentos-na-cidade-nova\/#breadcrumb\"},\"inLanguage\":\"pt-BR\",\"potentialAction\":[{\"@type\":\"ReadAction\",\"target\":[\"https:\/\/portalmf.com.br\/index.php\/2024\/09\/12\/jose-ronaldo-assume-compromisso-de-urbanizar-todas-as-pracas-e-acabar-com-alagamentos-na-cidade-nova\/\"]}]},{\"@type\":\"ImageObject\",\"inLanguage\":\"pt-BR\",\"@id\":\"https:\/\/portalmf.com.br\/index.php\/2024\/09\/12\/jose-ronaldo-assume-compromisso-de-urbanizar-todas-as-pracas-e-acabar-com-alagamentos-na-cidade-nova\/#primaryimage\",\"url\":\"https:\/\/portalmf.com.br\/wp-content\/uploads\/2024\/09\/Jose-Ronaldo-assume-compromisso-de-urbanizar.jpg\",\"contentUrl\":\"https:\/\/portalmf.com.br\/wp-content\/uploads\/2024\/09\/Jose-Ronaldo-assume-compromisso-de-urbanizar.jpg\",\"width\":800,\"height\":632},{\"@type\":\"BreadcrumbList\",\"@id\":\"https:\/\/portalmf.com.br\/index.php\/2024\/09\/12\/jose-ronaldo-assume-compromisso-de-urbanizar-todas-as-pracas-e-acabar-com-alagamentos-na-cidade-nova\/#breadcrumb\",\"itemListElement\":[{\"@type\":\"ListItem\",\"position\":1,\"name\":\"In\u00edcio\",\"item\":\"https:\/\/portalmf.com.br\/\"},{\"@type\":\"ListItem\",\"position\":2,\"name\":\"Jos\u00e9 Ronaldo assume compromisso de urbanizar todas as pra\u00e7as e acabar com alagamentos na Cidade Nova\"}]},{\"@type\":\"WebSite\",\"@id\":\"https:\/\/portalmf.com.br\/#website\",\"url\":\"https:\/\/portalmf.com.br\/\",\"name\":\"Portal MF\",\"description\":\"Voc\u00ea conectado com a informa\u00e7\u00e3o\",\"potentialAction\":[{\"@type\":\"SearchAction\",\"target\":{\"@type\":\"EntryPoint\",\"urlTemplate\":\"https:\/\/portalmf.com.br\/?s={search_term_string}\"},\"query-input\":\"required name=search_term_string\"}],\"inLanguage\":\"pt-BR\"},{\"@type\":\"Person\",\"@id\":\"https:\/\/portalmf.com.br\/#\/schema\/person\/9ec101baf56233e53520c26de5d6f6f0\",\"name\":\"Reda\u00e7\u00e3o Portal MF\",\"image\":{\"@type\":\"ImageObject\",\"inLanguage\":\"pt-BR\",\"@id\":\"https:\/\/portalmf.com.br\/#\/schema\/person\/image\/\",\"url\":\"https:\/\/secure.gravatar.com\/avatar\/41b9aaeb2100835f7c64362330f74c7f?s=96&d=mm&r=g\",\"contentUrl\":\"https:\/\/secure.gravatar.com\/avatar\/41b9aaeb2100835f7c64362330f74c7f?s=96&d=mm&r=g\",\"caption\":\"Reda\u00e7\u00e3o Portal MF\"},\"description\":\"Sejam bem-vindos o portal de informa\u00e7\u00f5es de entretenimento de Feira de Santana, desde 2006 realiza coberturas dos principais eventos com entrevistas exclusivas com as principais personalidades mundiais. Fique conectado tamb\u00e9m nas redes sociais.\",\"sameAs\":[\"http:\/\/www.portalmf.com.br\/\",\"https:\/\/www.facebook.com\/portalmfoficial\",\"https:\/\/www.instagram.com\/portalmf\/\",\"https:\/\/x.com\/https:\/\/x.com\/portalmfoficial\",\"https:\/\/www.youtube.com\/@portalmfoficial\"],\"url\":\"https:\/\/portalmf.com.br\/index.php\/author\/junior\/\"}]}<\/script>\n<!-- \/ Yoast SEO plugin. -->","yoast_head_json":{"title":"Jos\u00e9 Ronaldo assume compromisso de urbanizar todas as pra\u00e7as e acabar com alagamentos na Cidade Nova - Portal MF","robots":{"index":"index","follow":"follow","max-snippet":"max-snippet:-1","max-image-preview":"max-image-preview:large","max-video-preview":"max-video-preview:-1"},"canonical":"https:\/\/portalmf.com.br\/index.php\/2024\/09\/12\/jose-ronaldo-assume-compromisso-de-urbanizar-todas-as-pracas-e-acabar-com-alagamentos-na-cidade-nova\/","og_locale":"pt_BR","og_type":"article","og_title":"Jos\u00e9 Ronaldo assume compromisso de urbanizar todas as pra\u00e7as e acabar com alagamentos na Cidade Nova - Portal MF","og_description":"Durante uma caminhada pelo bairro Cidade Nova, ontem (11), o candidato a prefeito de Feira de Santana Jos\u00e9 Ronaldo (Uni\u00e3o Brasil) reafirmou seu compromisso com a comunidade ao garantir a urbaniza\u00e7\u00e3o de todas as pra\u00e7as e a resolu\u00e7\u00e3o do recorrente problema de alagamentos. O evento reuniu moradores e contou com a presen\u00e7a do candidato a [&hellip;]","og_url":"https:\/\/portalmf.com.br\/index.php\/2024\/09\/12\/jose-ronaldo-assume-compromisso-de-urbanizar-todas-as-pracas-e-acabar-com-alagamentos-na-cidade-nova\/","og_site_name":"Portal MF","article_author":"https:\/\/www.facebook.com\/portalmfoficial","article_published_time":"2024-09-12T20:43:48+00:00","article_modified_time":"2024-09-12T20:43:49+00:00","og_image":[{"width":800,"height":632,"url":"https:\/\/portalmf.com.br\/wp-content\/uploads\/2024\/09\/Jose-Ronaldo-assume-compromisso-de-urbanizar.jpg","type":"image\/jpeg"}],"author":"Reda\u00e7\u00e3o Portal MF","twitter_card":"summary_large_image","twitter_creator":"@https:\/\/x.com\/portalmfoficial","twitter_misc":{"Escrito por":"Reda\u00e7\u00e3o Portal MF","Est. tempo de leitura":"2 minutos"},"schema":{"@context":"https:\/\/schema.org","@graph":[{"@type":"WebPage","@id":"https:\/\/portalmf.com.br\/index.php\/2024\/09\/12\/jose-ronaldo-assume-compromisso-de-urbanizar-todas-as-pracas-e-acabar-com-alagamentos-na-cidade-nova\/","url":"https:\/\/portalmf.com.br\/index.php\/2024\/09\/12\/jose-ronaldo-assume-compromisso-de-urbanizar-todas-as-pracas-e-acabar-com-alagamentos-na-cidade-nova\/","name":"Jos\u00e9 Ronaldo assume compromisso de urbanizar todas as pra\u00e7as e acabar com alagamentos na Cidade Nova - Portal MF","isPartOf":{"@id":"https:\/\/portalmf.com.br\/#website"},"primaryImageOfPage":{"@id":"https:\/\/portalmf.com.br\/index.php\/2024\/09\/12\/jose-ronaldo-assume-compromisso-de-urbanizar-todas-as-pracas-e-acabar-com-alagamentos-na-cidade-nova\/#primaryimage"},"image":{"@id":"https:\/\/portalmf.com.br\/index.php\/2024\/09\/12\/jose-ronaldo-assume-compromisso-de-urbanizar-todas-as-pracas-e-acabar-com-alagamentos-na-cidade-nova\/#primaryimage"},"thumbnailUrl":"https:\/\/portalmf.com.br\/wp-content\/uploads\/2024\/09\/Jose-Ronaldo-assume-compromisso-de-urbanizar.jpg","datePublished":"2024-09-12T20:43:48+00:00","dateModified":"2024-09-12T20:43:49+00:00","author":{"@id":"https:\/\/portalmf.com.br\/#\/schema\/person\/9ec101baf56233e53520c26de5d6f6f0"},"breadcrumb":{"@id":"https:\/\/portalmf.com.br\/index.php\/2024\/09\/12\/jose-ronaldo-assume-compromisso-de-urbanizar-todas-as-pracas-e-acabar-com-alagamentos-na-cidade-nova\/#breadcrumb"},"inLanguage":"pt-BR","potentialAction":[{"@type":"ReadAction","target":["https:\/\/portalmf.com.br\/index.php\/2024\/09\/12\/jose-ronaldo-assume-compromisso-de-urbanizar-todas-as-pracas-e-acabar-com-alagamentos-na-cidade-nova\/"]}]},{"@type":"ImageObject","inLanguage":"pt-BR","@id":"https:\/\/portalmf.com.br\/index.php\/2024\/09\/12\/jose-ronaldo-assume-compromisso-de-urbanizar-todas-as-pracas-e-acabar-com-alagamentos-na-cidade-nova\/#primaryimage","url":"https:\/\/portalmf.com.br\/wp-content\/uploads\/2024\/09\/Jose-Ronaldo-assume-compromisso-de-urbanizar.jpg","contentUrl":"https:\/\/portalmf.com.br\/wp-content\/uploads\/2024\/09\/Jose-Ronaldo-assume-compromisso-de-urbanizar.jpg","width":800,"height":632},{"@type":"BreadcrumbList","@id":"https:\/\/portalmf.com.br\/index.php\/2024\/09\/12\/jose-ronaldo-assume-compromisso-de-urbanizar-todas-as-pracas-e-acabar-com-alagamentos-na-cidade-nova\/#breadcrumb","itemListElement":[{"@type":"ListItem","position":1,"name":"In\u00edcio","item":"https:\/\/portalmf.com.br\/"},{"@type":"ListItem","position":2,"name":"Jos\u00e9 Ronaldo assume compromisso de urbanizar todas as pra\u00e7as e acabar com alagamentos na Cidade Nova"}]},{"@type":"WebSite","@id":"https:\/\/portalmf.com.br\/#website","url":"https:\/\/portalmf.com.br\/","name":"Portal MF","description":"Voc\u00ea conectado com a informa\u00e7\u00e3o","potentialAction":[{"@type":"SearchAction","target":{"@type":"EntryPoint","urlTemplate":"https:\/\/portalmf.com.br\/?s={search_term_string}"},"query-input":"required name=search_term_string"}],"inLanguage":"pt-BR"},{"@type":"Person","@id":"https:\/\/portalmf.com.br\/#\/schema\/person\/9ec101baf56233e53520c26de5d6f6f0","name":"Reda\u00e7\u00e3o Portal MF","image":{"@type":"ImageObject","inLanguage":"pt-BR","@id":"https:\/\/portalmf.com.br\/#\/schema\/person\/image\/","url":"https:\/\/secure.gravatar.com\/avatar\/41b9aaeb2100835f7c64362330f74c7f?s=96&d=mm&r=g","contentUrl":"https:\/\/secure.gravatar.com\/avatar\/41b9aaeb2100835f7c64362330f74c7f?s=96&d=mm&r=g","caption":"Reda\u00e7\u00e3o Portal MF"},"description":"Sejam bem-vindos o portal de informa\u00e7\u00f5es de entretenimento de Feira de Santana, desde 2006 realiza coberturas dos principais eventos com entrevistas exclusivas com as principais personalidades mundiais. Fique conectado tamb\u00e9m nas redes sociais.","sameAs":["http:\/\/www.portalmf.com.br\/","https:\/\/www.facebook.com\/portalmfoficial","https:\/\/www.instagram.com\/portalmf\/","https:\/\/x.com\/https:\/\/x.com\/portalmfoficial","https:\/\/www.youtube.com\/@portalmfoficial"],"url":"https:\/\/portalmf.com.br\/index.php\/author\/junior\/"}]}},"_links":{"self":[{"href":"https:\/\/portalmf.com.br\/index.php\/wp-json\/wp\/v2\/posts\/29629"}],"collection":[{"href":"https:\/\/portalmf.com.br\/index.php\/wp-json\/wp\/v2\/posts"}],"about":[{"href":"https:\/\/portalmf.com.br\/index.php\/wp-json\/wp\/v2\/types\/post"}],"author":[{"embeddable":true,"href":"https:\/\/portalmf.com.br\/index.php\/wp-json\/wp\/v2\/users\/3"}],"replies":[{"embeddable":true,"href":"https:\/\/portalmf.com.br\/index.php\/wp-json\/wp\/v2\/comments?post=29629"}],"version-history":[{"count":1,"href":"https:\/\/portalmf.com.br\/index.php\/wp-json\/wp\/v2\/posts\/29629\/revisions"}],"predecessor-version":[{"id":29631,"href":"https:\/\/portalmf.com.br\/index.php\/wp-json\/wp\/v2\/posts\/29629\/revisions\/29631"}],"wp:featuredmedia":[{"embeddable":true,"href":"https:\/\/portalmf.com.br\/index.php\/wp-json\/wp\/v2\/media\/29630"}],"wp:attachment":[{"href":"https:\/\/portalmf.com.br\/index.php\/wp-json\/wp\/v2\/media?parent=29629"}],"wp:term":[{"taxonomy":"category","embeddable":true,"href":"https:\/\/portalmf.com.br\/index.php\/wp-json\/wp\/v2\/categories?post=29629"},{"taxonomy":"post_tag","embeddable":true,"href":"https:\/\/portalmf.com.br\/index.php\/wp-json\/wp\/v2\/tags?post=29629"}],"curies":[{"name":"wp","href":"https:\/\/api.w.org\/{rel}","templated":true}]}}