{"id":29611,"date":"2024-09-11T17:23:07","date_gmt":"2024-09-11T20:23:07","guid":{"rendered":"https:\/\/portalmf.com.br\/?p=29611"},"modified":"2024-09-11T17:23:08","modified_gmt":"2024-09-11T20:23:08","slug":"jose-ronaldo-assume-compromisso-de-implantar-creche-no-fraternidade","status":"publish","type":"post","link":"https:\/\/portalmf.com.br\/index.php\/2024\/09\/11\/jose-ronaldo-assume-compromisso-de-implantar-creche-no-fraternidade\/","title":{"rendered":"Jos\u00e9 Ronaldo assume compromisso de implantar creche no Fraternidade"},"content":{"rendered":"\n<p>O candidato a prefeito de Feira de Santana, Jos\u00e9 Ronaldo (Uni\u00e3o Brasil), firmou o compromisso de implantar uma creche p\u00fablica municipal ampla e moderna no conjunto Fraternidade, no bairro do Tomba. A iniciativa foi anunciada durante uma caminhada pela comunidade, realizada na noite de ontem (10), em companhia do candidato a vice-prefeito Pablo Roberto (PSDB), do deputado estadual Jos\u00e9 de Arimat\u00e9ia (Republicanos), do ex-deputado Targino Machado, al\u00e9m de candidatos a vereador e centenas de moradores.<\/p>\n\n\n\n<p>Durante o percurso pelas ruas do conjunto Fraternidade, Jos\u00e9 Ronaldo recordou que grande parte da pavimenta\u00e7\u00e3o das vias foi realizada durante suas gest\u00f5es anteriores \u00e0 frente da prefeitura. Ele destacou ainda que, nos \u00faltimos meses, ao caminhar pela regi\u00e3o, ouviu diversas solicita\u00e7\u00f5es dos moradores para a constru\u00e7\u00e3o de uma creche.<\/p>\n\n\n\n<figure class=\"wp-block-image size-full\"><img fetchpriority=\"high\" decoding=\"async\" width=\"800\" height=\"600\" src=\"https:\/\/portalmf.com.br\/wp-content\/uploads\/2024\/09\/Jose-Ronaldo-assume-compromisso-de-implantar-creche-no-Fraternidade_.jpg\" alt=\"\" class=\"wp-image-29613\" srcset=\"https:\/\/portalmf.com.br\/wp-content\/uploads\/2024\/09\/Jose-Ronaldo-assume-compromisso-de-implantar-creche-no-Fraternidade_.jpg 800w, https:\/\/portalmf.com.br\/wp-content\/uploads\/2024\/09\/Jose-Ronaldo-assume-compromisso-de-implantar-creche-no-Fraternidade_-300x225.jpg 300w, https:\/\/portalmf.com.br\/wp-content\/uploads\/2024\/09\/Jose-Ronaldo-assume-compromisso-de-implantar-creche-no-Fraternidade_-768x576.jpg 768w, https:\/\/portalmf.com.br\/wp-content\/uploads\/2024\/09\/Jose-Ronaldo-assume-compromisso-de-implantar-creche-no-Fraternidade_-696x522.jpg 696w\" sizes=\"(max-width: 800px) 100vw, 800px\" \/><figcaption class=\"wp-element-caption\"><strong>Fotos: Ascom\/Jos\u00e9 Ronaldo<\/strong><\/figcaption><\/figure>\n\n\n\n<p>A expans\u00e3o da rede escolar, segundo Jos\u00e9 Ronaldo, ser\u00e1 uma das prioridades de seu plano de governo na \u00e1rea da educa\u00e7\u00e3o, com a constru\u00e7\u00e3o de creches tanto na zona urbana quanto na zona rural. O candidato ressaltou que a oferta desse tipo de equipamento \u00e9 essencial para dar tranquilidade \u00e0s m\u00e3es que precisam deixar seus filhos em seguran\u00e7a enquanto trabalham.<\/p>\n\n\n\n<p>Nos pr\u00f3ximos dias, Jos\u00e9 Ronaldo planeja voltar ao bairro do Tomba, o maior e mais populoso de Feira de Santana, para realizar caminhadas em outros conjuntos habitacionais da regi\u00e3o.<\/p>\n\n\n\n<p>Com informa\u00e7\u00f5es da Ascom\/Jos\u00e9 Ronaldo<\/p>\n","protected":false},"excerpt":{"rendered":"<p>O candidato a prefeito de Feira de Santana, Jos\u00e9 Ronaldo (Uni\u00e3o Brasil), firmou o compromisso de implantar uma creche p\u00fablica municipal ampla e moderna no conjunto Fraternidade, no bairro do Tomba. A iniciativa foi anunciada durante uma caminhada pela comunidade, realizada na noite de ontem (10), em companhia do candidato a vice-prefeito Pablo Roberto (PSDB), [&hellip;]<\/p>\n","protected":false},"author":3,"featured_media":29612,"comment_status":"open","ping_status":"open","sticky":false,"template":"","format":"standard","meta":{"_monsterinsights_skip_tracking":false,"_monsterinsights_sitenote_active":false,"_monsterinsights_sitenote_note":"","_monsterinsights_sitenote_category":0,"footnotes":""},"categories":[301,34],"tags":[],"yoast_head":"<!-- This site is optimized with the Yoast SEO plugin v22.9 - https:\/\/yoast.com\/wordpress\/plugins\/seo\/ -->\n<title>Jos\u00e9 Ronaldo assume compromisso de implantar creche no Fraternidade - Portal MF<\/title>\n<meta name=\"robots\" content=\"index, follow, max-snippet:-1, max-image-preview:large, max-video-preview:-1\" \/>\n<link rel=\"canonical\" href=\"https:\/\/portalmf.com.br\/index.php\/2024\/09\/11\/jose-ronaldo-assume-compromisso-de-implantar-creche-no-fraternidade\/\" \/>\n<meta property=\"og:locale\" content=\"pt_BR\" \/>\n<meta property=\"og:type\" content=\"article\" \/>\n<meta property=\"og:title\" content=\"Jos\u00e9 Ronaldo assume compromisso de implantar creche no Fraternidade - Portal MF\" \/>\n<meta property=\"og:description\" content=\"O candidato a prefeito de Feira de Santana, Jos\u00e9 Ronaldo (Uni\u00e3o Brasil), firmou o compromisso de implantar uma creche p\u00fablica municipal ampla e moderna no conjunto Fraternidade, no bairro do Tomba. A iniciativa foi anunciada durante uma caminhada pela comunidade, realizada na noite de ontem (10), em companhia do candidato a vice-prefeito Pablo Roberto (PSDB), [&hellip;]\" \/>\n<meta property=\"og:url\" content=\"https:\/\/portalmf.com.br\/index.php\/2024\/09\/11\/jose-ronaldo-assume-compromisso-de-implantar-creche-no-fraternidade\/\" \/>\n<meta property=\"og:site_name\" content=\"Portal MF\" \/>\n<meta property=\"article:author\" content=\"https:\/\/www.facebook.com\/portalmfoficial\" \/>\n<meta property=\"article:published_time\" content=\"2024-09-11T20:23:07+00:00\" \/>\n<meta property=\"article:modified_time\" content=\"2024-09-11T20:23:08+00:00\" \/>\n<meta property=\"og:image\" content=\"https:\/\/portalmf.com.br\/wp-content\/uploads\/2024\/09\/Jose-Ronaldo-assume-compromisso-de-implantar-creche-no-Fraternidade.jpg\" \/>\n\t<meta property=\"og:image:width\" content=\"800\" \/>\n\t<meta property=\"og:image:height\" content=\"600\" \/>\n\t<meta property=\"og:image:type\" content=\"image\/jpeg\" \/>\n<meta name=\"author\" content=\"Reda\u00e7\u00e3o Portal MF\" \/>\n<meta name=\"twitter:card\" content=\"summary_large_image\" \/>\n<meta name=\"twitter:creator\" content=\"@https:\/\/x.com\/portalmfoficial\" \/>\n<meta name=\"twitter:label1\" content=\"Escrito por\" \/>\n\t<meta name=\"twitter:data1\" content=\"Reda\u00e7\u00e3o Portal MF\" \/>\n\t<meta name=\"twitter:label2\" content=\"Est. tempo de leitura\" \/>\n\t<meta name=\"twitter:data2\" content=\"2 minutos\" \/>\n<script type=\"application\/ld+json\" class=\"yoast-schema-graph\">{\"@context\":\"https:\/\/schema.org\",\"@graph\":[{\"@type\":\"WebPage\",\"@id\":\"https:\/\/portalmf.com.br\/index.php\/2024\/09\/11\/jose-ronaldo-assume-compromisso-de-implantar-creche-no-fraternidade\/\",\"url\":\"https:\/\/portalmf.com.br\/index.php\/2024\/09\/11\/jose-ronaldo-assume-compromisso-de-implantar-creche-no-fraternidade\/\",\"name\":\"Jos\u00e9 Ronaldo assume compromisso de implantar creche no Fraternidade - Portal MF\",\"isPartOf\":{\"@id\":\"https:\/\/portalmf.com.br\/#website\"},\"primaryImageOfPage\":{\"@id\":\"https:\/\/portalmf.com.br\/index.php\/2024\/09\/11\/jose-ronaldo-assume-compromisso-de-implantar-creche-no-fraternidade\/#primaryimage\"},\"image\":{\"@id\":\"https:\/\/portalmf.com.br\/index.php\/2024\/09\/11\/jose-ronaldo-assume-compromisso-de-implantar-creche-no-fraternidade\/#primaryimage\"},\"thumbnailUrl\":\"https:\/\/portalmf.com.br\/wp-content\/uploads\/2024\/09\/Jose-Ronaldo-assume-compromisso-de-implantar-creche-no-Fraternidade.jpg\",\"datePublished\":\"2024-09-11T20:23:07+00:00\",\"dateModified\":\"2024-09-11T20:23:08+00:00\",\"author\":{\"@id\":\"https:\/\/portalmf.com.br\/#\/schema\/person\/9ec101baf56233e53520c26de5d6f6f0\"},\"breadcrumb\":{\"@id\":\"https:\/\/portalmf.com.br\/index.php\/2024\/09\/11\/jose-ronaldo-assume-compromisso-de-implantar-creche-no-fraternidade\/#breadcrumb\"},\"inLanguage\":\"pt-BR\",\"potentialAction\":[{\"@type\":\"ReadAction\",\"target\":[\"https:\/\/portalmf.com.br\/index.php\/2024\/09\/11\/jose-ronaldo-assume-compromisso-de-implantar-creche-no-fraternidade\/\"]}]},{\"@type\":\"ImageObject\",\"inLanguage\":\"pt-BR\",\"@id\":\"https:\/\/portalmf.com.br\/index.php\/2024\/09\/11\/jose-ronaldo-assume-compromisso-de-implantar-creche-no-fraternidade\/#primaryimage\",\"url\":\"https:\/\/portalmf.com.br\/wp-content\/uploads\/2024\/09\/Jose-Ronaldo-assume-compromisso-de-implantar-creche-no-Fraternidade.jpg\",\"contentUrl\":\"https:\/\/portalmf.com.br\/wp-content\/uploads\/2024\/09\/Jose-Ronaldo-assume-compromisso-de-implantar-creche-no-Fraternidade.jpg\",\"width\":800,\"height\":600},{\"@type\":\"BreadcrumbList\",\"@id\":\"https:\/\/portalmf.com.br\/index.php\/2024\/09\/11\/jose-ronaldo-assume-compromisso-de-implantar-creche-no-fraternidade\/#breadcrumb\",\"itemListElement\":[{\"@type\":\"ListItem\",\"position\":1,\"name\":\"In\u00edcio\",\"item\":\"https:\/\/portalmf.com.br\/\"},{\"@type\":\"ListItem\",\"position\":2,\"name\":\"Jos\u00e9 Ronaldo assume compromisso de implantar creche no Fraternidade\"}]},{\"@type\":\"WebSite\",\"@id\":\"https:\/\/portalmf.com.br\/#website\",\"url\":\"https:\/\/portalmf.com.br\/\",\"name\":\"Portal MF\",\"description\":\"Voc\u00ea conectado com a informa\u00e7\u00e3o\",\"potentialAction\":[{\"@type\":\"SearchAction\",\"target\":{\"@type\":\"EntryPoint\",\"urlTemplate\":\"https:\/\/portalmf.com.br\/?s={search_term_string}\"},\"query-input\":\"required name=search_term_string\"}],\"inLanguage\":\"pt-BR\"},{\"@type\":\"Person\",\"@id\":\"https:\/\/portalmf.com.br\/#\/schema\/person\/9ec101baf56233e53520c26de5d6f6f0\",\"name\":\"Reda\u00e7\u00e3o Portal MF\",\"image\":{\"@type\":\"ImageObject\",\"inLanguage\":\"pt-BR\",\"@id\":\"https:\/\/portalmf.com.br\/#\/schema\/person\/image\/\",\"url\":\"https:\/\/secure.gravatar.com\/avatar\/41b9aaeb2100835f7c64362330f74c7f?s=96&d=mm&r=g\",\"contentUrl\":\"https:\/\/secure.gravatar.com\/avatar\/41b9aaeb2100835f7c64362330f74c7f?s=96&d=mm&r=g\",\"caption\":\"Reda\u00e7\u00e3o Portal MF\"},\"description\":\"Sejam bem-vindos o portal de informa\u00e7\u00f5es de entretenimento de Feira de Santana, desde 2006 realiza coberturas dos principais eventos com entrevistas exclusivas com as principais personalidades mundiais. Fique conectado tamb\u00e9m nas redes sociais.\",\"sameAs\":[\"http:\/\/www.portalmf.com.br\/\",\"https:\/\/www.facebook.com\/portalmfoficial\",\"https:\/\/www.instagram.com\/portalmf\/\",\"https:\/\/x.com\/https:\/\/x.com\/portalmfoficial\",\"https:\/\/www.youtube.com\/@portalmfoficial\"],\"url\":\"https:\/\/portalmf.com.br\/index.php\/author\/junior\/\"}]}<\/script>\n<!-- \/ Yoast SEO plugin. -->","yoast_head_json":{"title":"Jos\u00e9 Ronaldo assume compromisso de implantar creche no Fraternidade - Portal MF","robots":{"index":"index","follow":"follow","max-snippet":"max-snippet:-1","max-image-preview":"max-image-preview:large","max-video-preview":"max-video-preview:-1"},"canonical":"https:\/\/portalmf.com.br\/index.php\/2024\/09\/11\/jose-ronaldo-assume-compromisso-de-implantar-creche-no-fraternidade\/","og_locale":"pt_BR","og_type":"article","og_title":"Jos\u00e9 Ronaldo assume compromisso de implantar creche no Fraternidade - Portal MF","og_description":"O candidato a prefeito de Feira de Santana, Jos\u00e9 Ronaldo (Uni\u00e3o Brasil), firmou o compromisso de implantar uma creche p\u00fablica municipal ampla e moderna no conjunto Fraternidade, no bairro do Tomba. A iniciativa foi anunciada durante uma caminhada pela comunidade, realizada na noite de ontem (10), em companhia do candidato a vice-prefeito Pablo Roberto (PSDB), [&hellip;]","og_url":"https:\/\/portalmf.com.br\/index.php\/2024\/09\/11\/jose-ronaldo-assume-compromisso-de-implantar-creche-no-fraternidade\/","og_site_name":"Portal MF","article_author":"https:\/\/www.facebook.com\/portalmfoficial","article_published_time":"2024-09-11T20:23:07+00:00","article_modified_time":"2024-09-11T20:23:08+00:00","og_image":[{"width":800,"height":600,"url":"https:\/\/portalmf.com.br\/wp-content\/uploads\/2024\/09\/Jose-Ronaldo-assume-compromisso-de-implantar-creche-no-Fraternidade.jpg","type":"image\/jpeg"}],"author":"Reda\u00e7\u00e3o Portal MF","twitter_card":"summary_large_image","twitter_creator":"@https:\/\/x.com\/portalmfoficial","twitter_misc":{"Escrito por":"Reda\u00e7\u00e3o Portal MF","Est. tempo de leitura":"2 minutos"},"schema":{"@context":"https:\/\/schema.org","@graph":[{"@type":"WebPage","@id":"https:\/\/portalmf.com.br\/index.php\/2024\/09\/11\/jose-ronaldo-assume-compromisso-de-implantar-creche-no-fraternidade\/","url":"https:\/\/portalmf.com.br\/index.php\/2024\/09\/11\/jose-ronaldo-assume-compromisso-de-implantar-creche-no-fraternidade\/","name":"Jos\u00e9 Ronaldo assume compromisso de implantar creche no Fraternidade - Portal MF","isPartOf":{"@id":"https:\/\/portalmf.com.br\/#website"},"primaryImageOfPage":{"@id":"https:\/\/portalmf.com.br\/index.php\/2024\/09\/11\/jose-ronaldo-assume-compromisso-de-implantar-creche-no-fraternidade\/#primaryimage"},"image":{"@id":"https:\/\/portalmf.com.br\/index.php\/2024\/09\/11\/jose-ronaldo-assume-compromisso-de-implantar-creche-no-fraternidade\/#primaryimage"},"thumbnailUrl":"https:\/\/portalmf.com.br\/wp-content\/uploads\/2024\/09\/Jose-Ronaldo-assume-compromisso-de-implantar-creche-no-Fraternidade.jpg","datePublished":"2024-09-11T20:23:07+00:00","dateModified":"2024-09-11T20:23:08+00:00","author":{"@id":"https:\/\/portalmf.com.br\/#\/schema\/person\/9ec101baf56233e53520c26de5d6f6f0"},"breadcrumb":{"@id":"https:\/\/portalmf.com.br\/index.php\/2024\/09\/11\/jose-ronaldo-assume-compromisso-de-implantar-creche-no-fraternidade\/#breadcrumb"},"inLanguage":"pt-BR","potentialAction":[{"@type":"ReadAction","target":["https:\/\/portalmf.com.br\/index.php\/2024\/09\/11\/jose-ronaldo-assume-compromisso-de-implantar-creche-no-fraternidade\/"]}]},{"@type":"ImageObject","inLanguage":"pt-BR","@id":"https:\/\/portalmf.com.br\/index.php\/2024\/09\/11\/jose-ronaldo-assume-compromisso-de-implantar-creche-no-fraternidade\/#primaryimage","url":"https:\/\/portalmf.com.br\/wp-content\/uploads\/2024\/09\/Jose-Ronaldo-assume-compromisso-de-implantar-creche-no-Fraternidade.jpg","contentUrl":"https:\/\/portalmf.com.br\/wp-content\/uploads\/2024\/09\/Jose-Ronaldo-assume-compromisso-de-implantar-creche-no-Fraternidade.jpg","width":800,"height":600},{"@type":"BreadcrumbList","@id":"https:\/\/portalmf.com.br\/index.php\/2024\/09\/11\/jose-ronaldo-assume-compromisso-de-implantar-creche-no-fraternidade\/#breadcrumb","itemListElement":[{"@type":"ListItem","position":1,"name":"In\u00edcio","item":"https:\/\/portalmf.com.br\/"},{"@type":"ListItem","position":2,"name":"Jos\u00e9 Ronaldo assume compromisso de implantar creche no Fraternidade"}]},{"@type":"WebSite","@id":"https:\/\/portalmf.com.br\/#website","url":"https:\/\/portalmf.com.br\/","name":"Portal MF","description":"Voc\u00ea conectado com a informa\u00e7\u00e3o","potentialAction":[{"@type":"SearchAction","target":{"@type":"EntryPoint","urlTemplate":"https:\/\/portalmf.com.br\/?s={search_term_string}"},"query-input":"required name=search_term_string"}],"inLanguage":"pt-BR"},{"@type":"Person","@id":"https:\/\/portalmf.com.br\/#\/schema\/person\/9ec101baf56233e53520c26de5d6f6f0","name":"Reda\u00e7\u00e3o Portal MF","image":{"@type":"ImageObject","inLanguage":"pt-BR","@id":"https:\/\/portalmf.com.br\/#\/schema\/person\/image\/","url":"https:\/\/secure.gravatar.com\/avatar\/41b9aaeb2100835f7c64362330f74c7f?s=96&d=mm&r=g","contentUrl":"https:\/\/secure.gravatar.com\/avatar\/41b9aaeb2100835f7c64362330f74c7f?s=96&d=mm&r=g","caption":"Reda\u00e7\u00e3o Portal MF"},"description":"Sejam bem-vindos o portal de informa\u00e7\u00f5es de entretenimento de Feira de Santana, desde 2006 realiza coberturas dos principais eventos com entrevistas exclusivas com as principais personalidades mundiais. Fique conectado tamb\u00e9m nas redes sociais.","sameAs":["http:\/\/www.portalmf.com.br\/","https:\/\/www.facebook.com\/portalmfoficial","https:\/\/www.instagram.com\/portalmf\/","https:\/\/x.com\/https:\/\/x.com\/portalmfoficial","https:\/\/www.youtube.com\/@portalmfoficial"],"url":"https:\/\/portalmf.com.br\/index.php\/author\/junior\/"}]}},"_links":{"self":[{"href":"https:\/\/portalmf.com.br\/index.php\/wp-json\/wp\/v2\/posts\/29611"}],"collection":[{"href":"https:\/\/portalmf.com.br\/index.php\/wp-json\/wp\/v2\/posts"}],"about":[{"href":"https:\/\/portalmf.com.br\/index.php\/wp-json\/wp\/v2\/types\/post"}],"author":[{"embeddable":true,"href":"https:\/\/portalmf.com.br\/index.php\/wp-json\/wp\/v2\/users\/3"}],"replies":[{"embeddable":true,"href":"https:\/\/portalmf.com.br\/index.php\/wp-json\/wp\/v2\/comments?post=29611"}],"version-history":[{"count":1,"href":"https:\/\/portalmf.com.br\/index.php\/wp-json\/wp\/v2\/posts\/29611\/revisions"}],"predecessor-version":[{"id":29614,"href":"https:\/\/portalmf.com.br\/index.php\/wp-json\/wp\/v2\/posts\/29611\/revisions\/29614"}],"wp:featuredmedia":[{"embeddable":true,"href":"https:\/\/portalmf.com.br\/index.php\/wp-json\/wp\/v2\/media\/29612"}],"wp:attachment":[{"href":"https:\/\/portalmf.com.br\/index.php\/wp-json\/wp\/v2\/media?parent=29611"}],"wp:term":[{"taxonomy":"category","embeddable":true,"href":"https:\/\/portalmf.com.br\/index.php\/wp-json\/wp\/v2\/categories?post=29611"},{"taxonomy":"post_tag","embeddable":true,"href":"https:\/\/portalmf.com.br\/index.php\/wp-json\/wp\/v2\/tags?post=29611"}],"curies":[{"name":"wp","href":"https:\/\/api.w.org\/{rel}","templated":true}]}}