{"id":29606,"date":"2024-09-11T17:14:26","date_gmt":"2024-09-11T20:14:26","guid":{"rendered":"https:\/\/portalmf.com.br\/?p=29606"},"modified":"2024-09-11T17:23:51","modified_gmt":"2024-09-11T20:23:51","slug":"ze-neto-apresenta-programa-para-expandir-transporte-publico-em-feira-de-santana","status":"publish","type":"post","link":"https:\/\/portalmf.com.br\/index.php\/2024\/09\/11\/ze-neto-apresenta-programa-para-expandir-transporte-publico-em-feira-de-santana\/","title":{"rendered":"Z\u00e9 Neto apresenta programa para expandir transporte p\u00fablico em Feira de Santana"},"content":{"rendered":"\n<p>O candidato a prefeito da coliga\u00e7\u00e3o Pra Fazer o Futuro Acontecer, Z\u00e9 Neto, afirmou na noite desta ter\u00e7a-feira (10), durante a Caminhada da Mudan\u00e7a no bairro Feira X, que com o programa \u201cDestrava Feira\u201d vai reativar linhas de \u00f4nibus extintas pela prefeitura e expandir o transporte p\u00fablico nos bairros e distritos de Feira de Santana.<\/p>\n\n\n\n<p>Durante a caminhada, Z\u00e9 Neto destacou que o Destrava Feira \u00e9 um dos compromissos de seu governo na \u00e1rea de mobilidade urbana, a partir do dia 01 de janeiro de 2025, caso seja eleito, uma vez que a situa\u00e7\u00e3o do transporte p\u00fablico na cidade \u00e9 prec\u00e1ria, apresenta defici\u00eancia na cobertura e no atendimento \u00e0 popula\u00e7\u00e3o.<\/p>\n\n\n\n<p><em>\u201cCom o Destrava Feira, vamos garantir que o transporte p\u00fablico volte a funcionar de forma eficiente. A partir da recomposi\u00e7\u00e3o de linhas que foram retiradas de circula\u00e7\u00e3o pelo grupo pol\u00edtico que governa a cidade h\u00e1 24 anos, iremos incluir novas frotas, a exemplo no Feira X, para atender melhor toda a popula\u00e7\u00e3o, integrando os bairros ao centro\u201c,<\/em> assegurou.<\/p>\n\n\n\n<figure class=\"wp-block-image size-full\"><img fetchpriority=\"high\" decoding=\"async\" width=\"800\" height=\"533\" src=\"https:\/\/portalmf.com.br\/wp-content\/uploads\/2024\/09\/Ze-Neto-apresenta-programa-para-expandir-transporte-publico-em-Feira-de-Santana.jpg\" alt=\"\" class=\"wp-image-29607\" srcset=\"https:\/\/portalmf.com.br\/wp-content\/uploads\/2024\/09\/Ze-Neto-apresenta-programa-para-expandir-transporte-publico-em-Feira-de-Santana.jpg 800w, https:\/\/portalmf.com.br\/wp-content\/uploads\/2024\/09\/Ze-Neto-apresenta-programa-para-expandir-transporte-publico-em-Feira-de-Santana-300x200.jpg 300w, https:\/\/portalmf.com.br\/wp-content\/uploads\/2024\/09\/Ze-Neto-apresenta-programa-para-expandir-transporte-publico-em-Feira-de-Santana-768x512.jpg 768w, https:\/\/portalmf.com.br\/wp-content\/uploads\/2024\/09\/Ze-Neto-apresenta-programa-para-expandir-transporte-publico-em-Feira-de-Santana-696x464.jpg 696w\" sizes=\"(max-width: 800px) 100vw, 800px\" \/><figcaption class=\"wp-element-caption\"><strong>Fotos: Paulo Amaral<\/strong><\/figcaption><\/figure>\n\n\n\n<p>Essa proposta visa, conforme Z\u00e9 Neto, \u201cmelhorar n\u00e3o apenas a acessibilidade, mas tamb\u00e9m promover um desenvolvimento mais equilibrado entre as \u00e1reas centrais e perif\u00e9ricas de Feira\u201d. Enfatizou ainda que \u201ca expans\u00e3o do transporte p\u00fablico ser\u00e1 fundamental para reduzir o tempo de deslocamento dos cidad\u00e3os e oferecer uma alternativa de modal mais eficiente e econ\u00f4mica\u201d.<\/p>\n\n\n\n<p>A Caminhada da Mudan\u00e7a no Feira X, que contou com a presen\u00e7a do candidato a vice-prefeito Sandro Nazireu, do deputado federal Pastor Sargento Isid\u00f3rio, pr\u00e9-candidatos(as) a vereador(a) aliados, lideran\u00e7as pol\u00edticas, da comunidade e regi\u00e3o, foi realizada em clima de Micareta devido a propor\u00e7\u00e3o que ganhou e embalada pelo jingle da campanha gravado pelo cantor Igor Kann\u00e1rio, tendo in\u00edcio na rotat\u00f3ria da rua Mac\u00e1rio Cerqueira, percorrendo as ruas L, A, B, C e D, e finalizando na pra\u00e7a de skate.<\/p>\n\n\n\n<p>Com informa\u00e7\u00f5es da Ascom\/Z\u00e9 Neto<\/p>\n","protected":false},"excerpt":{"rendered":"<p>O candidato a prefeito da coliga\u00e7\u00e3o Pra Fazer o Futuro Acontecer, Z\u00e9 Neto, afirmou na noite desta ter\u00e7a-feira (10), durante a Caminhada da Mudan\u00e7a no bairro Feira X, que com o programa \u201cDestrava Feira\u201d vai reativar linhas de \u00f4nibus extintas pela prefeitura e expandir o transporte p\u00fablico nos bairros e distritos de Feira de Santana. [&hellip;]<\/p>\n","protected":false},"author":3,"featured_media":29608,"comment_status":"open","ping_status":"open","sticky":false,"template":"","format":"standard","meta":{"_monsterinsights_skip_tracking":false,"_monsterinsights_sitenote_active":false,"_monsterinsights_sitenote_note":"","_monsterinsights_sitenote_category":0,"footnotes":""},"categories":[301,34],"tags":[],"yoast_head":"<!-- This site is optimized with the Yoast SEO plugin v22.9 - https:\/\/yoast.com\/wordpress\/plugins\/seo\/ -->\n<title>Z\u00e9 Neto apresenta programa para expandir transporte p\u00fablico em Feira de Santana - Portal MF<\/title>\n<meta name=\"robots\" content=\"index, follow, max-snippet:-1, max-image-preview:large, max-video-preview:-1\" \/>\n<link rel=\"canonical\" href=\"https:\/\/portalmf.com.br\/index.php\/2024\/09\/11\/ze-neto-apresenta-programa-para-expandir-transporte-publico-em-feira-de-santana\/\" \/>\n<meta property=\"og:locale\" content=\"pt_BR\" \/>\n<meta property=\"og:type\" content=\"article\" \/>\n<meta property=\"og:title\" content=\"Z\u00e9 Neto apresenta programa para expandir transporte p\u00fablico em Feira de Santana - Portal MF\" \/>\n<meta property=\"og:description\" content=\"O candidato a prefeito da coliga\u00e7\u00e3o Pra Fazer o Futuro Acontecer, Z\u00e9 Neto, afirmou na noite desta ter\u00e7a-feira (10), durante a Caminhada da Mudan\u00e7a no bairro Feira X, que com o programa \u201cDestrava Feira\u201d vai reativar linhas de \u00f4nibus extintas pela prefeitura e expandir o transporte p\u00fablico nos bairros e distritos de Feira de Santana. [&hellip;]\" \/>\n<meta property=\"og:url\" content=\"https:\/\/portalmf.com.br\/index.php\/2024\/09\/11\/ze-neto-apresenta-programa-para-expandir-transporte-publico-em-feira-de-santana\/\" \/>\n<meta property=\"og:site_name\" content=\"Portal MF\" \/>\n<meta property=\"article:author\" content=\"https:\/\/www.facebook.com\/portalmfoficial\" \/>\n<meta property=\"article:published_time\" content=\"2024-09-11T20:14:26+00:00\" \/>\n<meta property=\"article:modified_time\" content=\"2024-09-11T20:23:51+00:00\" \/>\n<meta property=\"og:image\" content=\"https:\/\/portalmf.com.br\/wp-content\/uploads\/2024\/09\/Ze-Neto-apresenta-programa-para-expandir-transporte-publico-em-Feira-de-Santana_.jpg\" \/>\n\t<meta property=\"og:image:width\" content=\"800\" \/>\n\t<meta property=\"og:image:height\" content=\"533\" \/>\n\t<meta property=\"og:image:type\" content=\"image\/jpeg\" \/>\n<meta name=\"author\" content=\"Reda\u00e7\u00e3o Portal MF\" \/>\n<meta name=\"twitter:card\" content=\"summary_large_image\" \/>\n<meta name=\"twitter:creator\" content=\"@https:\/\/x.com\/portalmfoficial\" \/>\n<meta name=\"twitter:label1\" content=\"Escrito por\" \/>\n\t<meta name=\"twitter:data1\" content=\"Reda\u00e7\u00e3o Portal MF\" \/>\n\t<meta name=\"twitter:label2\" content=\"Est. tempo de leitura\" \/>\n\t<meta name=\"twitter:data2\" content=\"3 minutos\" \/>\n<script type=\"application\/ld+json\" class=\"yoast-schema-graph\">{\"@context\":\"https:\/\/schema.org\",\"@graph\":[{\"@type\":\"WebPage\",\"@id\":\"https:\/\/portalmf.com.br\/index.php\/2024\/09\/11\/ze-neto-apresenta-programa-para-expandir-transporte-publico-em-feira-de-santana\/\",\"url\":\"https:\/\/portalmf.com.br\/index.php\/2024\/09\/11\/ze-neto-apresenta-programa-para-expandir-transporte-publico-em-feira-de-santana\/\",\"name\":\"Z\u00e9 Neto apresenta programa para expandir transporte p\u00fablico em Feira de Santana - Portal MF\",\"isPartOf\":{\"@id\":\"https:\/\/portalmf.com.br\/#website\"},\"primaryImageOfPage\":{\"@id\":\"https:\/\/portalmf.com.br\/index.php\/2024\/09\/11\/ze-neto-apresenta-programa-para-expandir-transporte-publico-em-feira-de-santana\/#primaryimage\"},\"image\":{\"@id\":\"https:\/\/portalmf.com.br\/index.php\/2024\/09\/11\/ze-neto-apresenta-programa-para-expandir-transporte-publico-em-feira-de-santana\/#primaryimage\"},\"thumbnailUrl\":\"https:\/\/portalmf.com.br\/wp-content\/uploads\/2024\/09\/Ze-Neto-apresenta-programa-para-expandir-transporte-publico-em-Feira-de-Santana_.jpg\",\"datePublished\":\"2024-09-11T20:14:26+00:00\",\"dateModified\":\"2024-09-11T20:23:51+00:00\",\"author\":{\"@id\":\"https:\/\/portalmf.com.br\/#\/schema\/person\/9ec101baf56233e53520c26de5d6f6f0\"},\"breadcrumb\":{\"@id\":\"https:\/\/portalmf.com.br\/index.php\/2024\/09\/11\/ze-neto-apresenta-programa-para-expandir-transporte-publico-em-feira-de-santana\/#breadcrumb\"},\"inLanguage\":\"pt-BR\",\"potentialAction\":[{\"@type\":\"ReadAction\",\"target\":[\"https:\/\/portalmf.com.br\/index.php\/2024\/09\/11\/ze-neto-apresenta-programa-para-expandir-transporte-publico-em-feira-de-santana\/\"]}]},{\"@type\":\"ImageObject\",\"inLanguage\":\"pt-BR\",\"@id\":\"https:\/\/portalmf.com.br\/index.php\/2024\/09\/11\/ze-neto-apresenta-programa-para-expandir-transporte-publico-em-feira-de-santana\/#primaryimage\",\"url\":\"https:\/\/portalmf.com.br\/wp-content\/uploads\/2024\/09\/Ze-Neto-apresenta-programa-para-expandir-transporte-publico-em-Feira-de-Santana_.jpg\",\"contentUrl\":\"https:\/\/portalmf.com.br\/wp-content\/uploads\/2024\/09\/Ze-Neto-apresenta-programa-para-expandir-transporte-publico-em-Feira-de-Santana_.jpg\",\"width\":800,\"height\":533},{\"@type\":\"BreadcrumbList\",\"@id\":\"https:\/\/portalmf.com.br\/index.php\/2024\/09\/11\/ze-neto-apresenta-programa-para-expandir-transporte-publico-em-feira-de-santana\/#breadcrumb\",\"itemListElement\":[{\"@type\":\"ListItem\",\"position\":1,\"name\":\"In\u00edcio\",\"item\":\"https:\/\/portalmf.com.br\/\"},{\"@type\":\"ListItem\",\"position\":2,\"name\":\"Z\u00e9 Neto apresenta programa para expandir transporte p\u00fablico em Feira de Santana\"}]},{\"@type\":\"WebSite\",\"@id\":\"https:\/\/portalmf.com.br\/#website\",\"url\":\"https:\/\/portalmf.com.br\/\",\"name\":\"Portal MF\",\"description\":\"Voc\u00ea conectado com a informa\u00e7\u00e3o\",\"potentialAction\":[{\"@type\":\"SearchAction\",\"target\":{\"@type\":\"EntryPoint\",\"urlTemplate\":\"https:\/\/portalmf.com.br\/?s={search_term_string}\"},\"query-input\":\"required name=search_term_string\"}],\"inLanguage\":\"pt-BR\"},{\"@type\":\"Person\",\"@id\":\"https:\/\/portalmf.com.br\/#\/schema\/person\/9ec101baf56233e53520c26de5d6f6f0\",\"name\":\"Reda\u00e7\u00e3o Portal MF\",\"image\":{\"@type\":\"ImageObject\",\"inLanguage\":\"pt-BR\",\"@id\":\"https:\/\/portalmf.com.br\/#\/schema\/person\/image\/\",\"url\":\"https:\/\/secure.gravatar.com\/avatar\/41b9aaeb2100835f7c64362330f74c7f?s=96&d=mm&r=g\",\"contentUrl\":\"https:\/\/secure.gravatar.com\/avatar\/41b9aaeb2100835f7c64362330f74c7f?s=96&d=mm&r=g\",\"caption\":\"Reda\u00e7\u00e3o Portal MF\"},\"description\":\"Sejam bem-vindos o portal de informa\u00e7\u00f5es de entretenimento de Feira de Santana, desde 2006 realiza coberturas dos principais eventos com entrevistas exclusivas com as principais personalidades mundiais. Fique conectado tamb\u00e9m nas redes sociais.\",\"sameAs\":[\"http:\/\/www.portalmf.com.br\/\",\"https:\/\/www.facebook.com\/portalmfoficial\",\"https:\/\/www.instagram.com\/portalmf\/\",\"https:\/\/x.com\/https:\/\/x.com\/portalmfoficial\",\"https:\/\/www.youtube.com\/@portalmfoficial\"],\"url\":\"https:\/\/portalmf.com.br\/index.php\/author\/junior\/\"}]}<\/script>\n<!-- \/ Yoast SEO plugin. -->","yoast_head_json":{"title":"Z\u00e9 Neto apresenta programa para expandir transporte p\u00fablico em Feira de Santana - Portal MF","robots":{"index":"index","follow":"follow","max-snippet":"max-snippet:-1","max-image-preview":"max-image-preview:large","max-video-preview":"max-video-preview:-1"},"canonical":"https:\/\/portalmf.com.br\/index.php\/2024\/09\/11\/ze-neto-apresenta-programa-para-expandir-transporte-publico-em-feira-de-santana\/","og_locale":"pt_BR","og_type":"article","og_title":"Z\u00e9 Neto apresenta programa para expandir transporte p\u00fablico em Feira de Santana - Portal MF","og_description":"O candidato a prefeito da coliga\u00e7\u00e3o Pra Fazer o Futuro Acontecer, Z\u00e9 Neto, afirmou na noite desta ter\u00e7a-feira (10), durante a Caminhada da Mudan\u00e7a no bairro Feira X, que com o programa \u201cDestrava Feira\u201d vai reativar linhas de \u00f4nibus extintas pela prefeitura e expandir o transporte p\u00fablico nos bairros e distritos de Feira de Santana. [&hellip;]","og_url":"https:\/\/portalmf.com.br\/index.php\/2024\/09\/11\/ze-neto-apresenta-programa-para-expandir-transporte-publico-em-feira-de-santana\/","og_site_name":"Portal MF","article_author":"https:\/\/www.facebook.com\/portalmfoficial","article_published_time":"2024-09-11T20:14:26+00:00","article_modified_time":"2024-09-11T20:23:51+00:00","og_image":[{"width":800,"height":533,"url":"https:\/\/portalmf.com.br\/wp-content\/uploads\/2024\/09\/Ze-Neto-apresenta-programa-para-expandir-transporte-publico-em-Feira-de-Santana_.jpg","type":"image\/jpeg"}],"author":"Reda\u00e7\u00e3o Portal MF","twitter_card":"summary_large_image","twitter_creator":"@https:\/\/x.com\/portalmfoficial","twitter_misc":{"Escrito por":"Reda\u00e7\u00e3o Portal MF","Est. tempo de leitura":"3 minutos"},"schema":{"@context":"https:\/\/schema.org","@graph":[{"@type":"WebPage","@id":"https:\/\/portalmf.com.br\/index.php\/2024\/09\/11\/ze-neto-apresenta-programa-para-expandir-transporte-publico-em-feira-de-santana\/","url":"https:\/\/portalmf.com.br\/index.php\/2024\/09\/11\/ze-neto-apresenta-programa-para-expandir-transporte-publico-em-feira-de-santana\/","name":"Z\u00e9 Neto apresenta programa para expandir transporte p\u00fablico em Feira de Santana - Portal MF","isPartOf":{"@id":"https:\/\/portalmf.com.br\/#website"},"primaryImageOfPage":{"@id":"https:\/\/portalmf.com.br\/index.php\/2024\/09\/11\/ze-neto-apresenta-programa-para-expandir-transporte-publico-em-feira-de-santana\/#primaryimage"},"image":{"@id":"https:\/\/portalmf.com.br\/index.php\/2024\/09\/11\/ze-neto-apresenta-programa-para-expandir-transporte-publico-em-feira-de-santana\/#primaryimage"},"thumbnailUrl":"https:\/\/portalmf.com.br\/wp-content\/uploads\/2024\/09\/Ze-Neto-apresenta-programa-para-expandir-transporte-publico-em-Feira-de-Santana_.jpg","datePublished":"2024-09-11T20:14:26+00:00","dateModified":"2024-09-11T20:23:51+00:00","author":{"@id":"https:\/\/portalmf.com.br\/#\/schema\/person\/9ec101baf56233e53520c26de5d6f6f0"},"breadcrumb":{"@id":"https:\/\/portalmf.com.br\/index.php\/2024\/09\/11\/ze-neto-apresenta-programa-para-expandir-transporte-publico-em-feira-de-santana\/#breadcrumb"},"inLanguage":"pt-BR","potentialAction":[{"@type":"ReadAction","target":["https:\/\/portalmf.com.br\/index.php\/2024\/09\/11\/ze-neto-apresenta-programa-para-expandir-transporte-publico-em-feira-de-santana\/"]}]},{"@type":"ImageObject","inLanguage":"pt-BR","@id":"https:\/\/portalmf.com.br\/index.php\/2024\/09\/11\/ze-neto-apresenta-programa-para-expandir-transporte-publico-em-feira-de-santana\/#primaryimage","url":"https:\/\/portalmf.com.br\/wp-content\/uploads\/2024\/09\/Ze-Neto-apresenta-programa-para-expandir-transporte-publico-em-Feira-de-Santana_.jpg","contentUrl":"https:\/\/portalmf.com.br\/wp-content\/uploads\/2024\/09\/Ze-Neto-apresenta-programa-para-expandir-transporte-publico-em-Feira-de-Santana_.jpg","width":800,"height":533},{"@type":"BreadcrumbList","@id":"https:\/\/portalmf.com.br\/index.php\/2024\/09\/11\/ze-neto-apresenta-programa-para-expandir-transporte-publico-em-feira-de-santana\/#breadcrumb","itemListElement":[{"@type":"ListItem","position":1,"name":"In\u00edcio","item":"https:\/\/portalmf.com.br\/"},{"@type":"ListItem","position":2,"name":"Z\u00e9 Neto apresenta programa para expandir transporte p\u00fablico em Feira de Santana"}]},{"@type":"WebSite","@id":"https:\/\/portalmf.com.br\/#website","url":"https:\/\/portalmf.com.br\/","name":"Portal MF","description":"Voc\u00ea conectado com a informa\u00e7\u00e3o","potentialAction":[{"@type":"SearchAction","target":{"@type":"EntryPoint","urlTemplate":"https:\/\/portalmf.com.br\/?s={search_term_string}"},"query-input":"required name=search_term_string"}],"inLanguage":"pt-BR"},{"@type":"Person","@id":"https:\/\/portalmf.com.br\/#\/schema\/person\/9ec101baf56233e53520c26de5d6f6f0","name":"Reda\u00e7\u00e3o Portal MF","image":{"@type":"ImageObject","inLanguage":"pt-BR","@id":"https:\/\/portalmf.com.br\/#\/schema\/person\/image\/","url":"https:\/\/secure.gravatar.com\/avatar\/41b9aaeb2100835f7c64362330f74c7f?s=96&d=mm&r=g","contentUrl":"https:\/\/secure.gravatar.com\/avatar\/41b9aaeb2100835f7c64362330f74c7f?s=96&d=mm&r=g","caption":"Reda\u00e7\u00e3o Portal MF"},"description":"Sejam bem-vindos o portal de informa\u00e7\u00f5es de entretenimento de Feira de Santana, desde 2006 realiza coberturas dos principais eventos com entrevistas exclusivas com as principais personalidades mundiais. Fique conectado tamb\u00e9m nas redes sociais.","sameAs":["http:\/\/www.portalmf.com.br\/","https:\/\/www.facebook.com\/portalmfoficial","https:\/\/www.instagram.com\/portalmf\/","https:\/\/x.com\/https:\/\/x.com\/portalmfoficial","https:\/\/www.youtube.com\/@portalmfoficial"],"url":"https:\/\/portalmf.com.br\/index.php\/author\/junior\/"}]}},"_links":{"self":[{"href":"https:\/\/portalmf.com.br\/index.php\/wp-json\/wp\/v2\/posts\/29606"}],"collection":[{"href":"https:\/\/portalmf.com.br\/index.php\/wp-json\/wp\/v2\/posts"}],"about":[{"href":"https:\/\/portalmf.com.br\/index.php\/wp-json\/wp\/v2\/types\/post"}],"author":[{"embeddable":true,"href":"https:\/\/portalmf.com.br\/index.php\/wp-json\/wp\/v2\/users\/3"}],"replies":[{"embeddable":true,"href":"https:\/\/portalmf.com.br\/index.php\/wp-json\/wp\/v2\/comments?post=29606"}],"version-history":[{"count":2,"href":"https:\/\/portalmf.com.br\/index.php\/wp-json\/wp\/v2\/posts\/29606\/revisions"}],"predecessor-version":[{"id":29615,"href":"https:\/\/portalmf.com.br\/index.php\/wp-json\/wp\/v2\/posts\/29606\/revisions\/29615"}],"wp:featuredmedia":[{"embeddable":true,"href":"https:\/\/portalmf.com.br\/index.php\/wp-json\/wp\/v2\/media\/29608"}],"wp:attachment":[{"href":"https:\/\/portalmf.com.br\/index.php\/wp-json\/wp\/v2\/media?parent=29606"}],"wp:term":[{"taxonomy":"category","embeddable":true,"href":"https:\/\/portalmf.com.br\/index.php\/wp-json\/wp\/v2\/categories?post=29606"},{"taxonomy":"post_tag","embeddable":true,"href":"https:\/\/portalmf.com.br\/index.php\/wp-json\/wp\/v2\/tags?post=29606"}],"curies":[{"name":"wp","href":"https:\/\/api.w.org\/{rel}","templated":true}]}}