{"id":29589,"date":"2024-09-10T17:39:14","date_gmt":"2024-09-10T20:39:14","guid":{"rendered":"https:\/\/portalmf.com.br\/?p=29589"},"modified":"2024-09-10T17:39:14","modified_gmt":"2024-09-10T20:39:14","slug":"quem-ama-feira-cuida-de-verdade-afirma-sandro-nazireu-candidato-a-vice-prefeito-de-ze-neto","status":"publish","type":"post","link":"https:\/\/portalmf.com.br\/index.php\/2024\/09\/10\/quem-ama-feira-cuida-de-verdade-afirma-sandro-nazireu-candidato-a-vice-prefeito-de-ze-neto\/","title":{"rendered":"\u201dQuem ama Feira cuida de verdade\u201d, afirma Sandro Nazireu, candidato a vice-prefeito de Z\u00e9 Neto"},"content":{"rendered":"\n<p>O candidato a vice-prefeito da coliga\u00e7\u00e3o Pra Fazer o Futuro Acontecer, Sandro Nazireu, afirmou nesta segunda-feira (9), durante entrevista ao De Olho na Cidade, na R\u00e1dio Sociedade News FM, que o grupo pol\u00edtico de Z\u00e9 Ronaldo e Colbert praticam \u201cingratid\u00e3o dentro de Feira de Santana\u201d.<\/p>\n\n\n\n<p>L\u00edder evang\u00e9lico e cantor, Sandro Nazireu destacou que diferente da chapa advers\u00e1ria, que governa a cidade h\u00e1 mais de 20 anos deixando a desejar, ele e seu candidato a prefeito Z\u00e9 Neto fazem parte de um projeto de uni\u00e3o e amor que vai cuidar da Princesa do Sert\u00e3o.<\/p>\n\n\n\n<p>\u201cA gratid\u00e3o \u00e9 um dom de Deus e o que est\u00e1 sendo praticado dentro de Feira nada mais \u00e9 do que ingratid\u00e3o. A cidade est\u00e1 sendo maltratada h\u00e1 mais de 20 anos. O meu porqu\u00ea de estar inserido nesse projeto pol\u00edtico com Z\u00e9 Neto \u00e9, acima de tudo, uma transi\u00e7\u00e3o de paz e amor na pol\u00edtica. Porque eu n\u00e3o acredito em partido de crente. Eu acredito em crente inserido na pol\u00edtica para fazer o papel dele, que \u00e9 servir ao povo. O que interessa agora n\u00e3o \u00e9 partido, \u00e9 cuidar de Feira. Quem ama cuida de verdade e eu me coloco como homem grato, de m\u00e3os limpas, para cuidar desse povo porque ele merece\u201c, declarou.<\/p>\n\n\n\n<p>Com informa\u00e7\u00f5es da Ascom \/ Z\u00e9 Neto<\/p>\n","protected":false},"excerpt":{"rendered":"<p>O candidato a vice-prefeito da coliga\u00e7\u00e3o Pra Fazer o Futuro Acontecer, Sandro Nazireu, afirmou nesta segunda-feira (9), durante entrevista ao De Olho na Cidade, na R\u00e1dio Sociedade News FM, que o grupo pol\u00edtico de Z\u00e9 Ronaldo e Colbert praticam \u201cingratid\u00e3o dentro de Feira de Santana\u201d. L\u00edder evang\u00e9lico e cantor, Sandro Nazireu destacou que diferente da [&hellip;]<\/p>\n","protected":false},"author":3,"featured_media":29590,"comment_status":"open","ping_status":"open","sticky":false,"template":"","format":"standard","meta":{"_monsterinsights_skip_tracking":false,"_monsterinsights_sitenote_active":false,"_monsterinsights_sitenote_note":"","_monsterinsights_sitenote_category":0,"footnotes":""},"categories":[301,34],"tags":[],"yoast_head":"<!-- This site is optimized with the Yoast SEO plugin v22.9 - https:\/\/yoast.com\/wordpress\/plugins\/seo\/ -->\n<title>\u201dQuem ama Feira cuida de verdade\u201d, afirma Sandro Nazireu, candidato a vice-prefeito de Z\u00e9 Neto - Portal MF<\/title>\n<meta name=\"robots\" content=\"index, follow, max-snippet:-1, max-image-preview:large, max-video-preview:-1\" \/>\n<link rel=\"canonical\" href=\"https:\/\/portalmf.com.br\/index.php\/2024\/09\/10\/quem-ama-feira-cuida-de-verdade-afirma-sandro-nazireu-candidato-a-vice-prefeito-de-ze-neto\/\" \/>\n<meta property=\"og:locale\" content=\"pt_BR\" \/>\n<meta property=\"og:type\" content=\"article\" \/>\n<meta property=\"og:title\" content=\"\u201dQuem ama Feira cuida de verdade\u201d, afirma Sandro Nazireu, candidato a vice-prefeito de Z\u00e9 Neto - Portal MF\" \/>\n<meta property=\"og:description\" content=\"O candidato a vice-prefeito da coliga\u00e7\u00e3o Pra Fazer o Futuro Acontecer, Sandro Nazireu, afirmou nesta segunda-feira (9), durante entrevista ao De Olho na Cidade, na R\u00e1dio Sociedade News FM, que o grupo pol\u00edtico de Z\u00e9 Ronaldo e Colbert praticam \u201cingratid\u00e3o dentro de Feira de Santana\u201d. L\u00edder evang\u00e9lico e cantor, Sandro Nazireu destacou que diferente da [&hellip;]\" \/>\n<meta property=\"og:url\" content=\"https:\/\/portalmf.com.br\/index.php\/2024\/09\/10\/quem-ama-feira-cuida-de-verdade-afirma-sandro-nazireu-candidato-a-vice-prefeito-de-ze-neto\/\" \/>\n<meta property=\"og:site_name\" content=\"Portal MF\" \/>\n<meta property=\"article:author\" content=\"https:\/\/www.facebook.com\/portalmfoficial\" \/>\n<meta property=\"article:published_time\" content=\"2024-09-10T20:39:14+00:00\" \/>\n<meta property=\"og:image\" content=\"https:\/\/portalmf.com.br\/wp-content\/uploads\/2024\/09\/Quem-ama-Feira-cuida-de-verdade-afirma-Sandro-Nazireu-candidato-a-vice-prefeito-de-Ze-Neto.jpg\" \/>\n\t<meta property=\"og:image:width\" content=\"800\" \/>\n\t<meta property=\"og:image:height\" content=\"650\" \/>\n\t<meta property=\"og:image:type\" content=\"image\/jpeg\" \/>\n<meta name=\"author\" content=\"Reda\u00e7\u00e3o Portal MF\" \/>\n<meta name=\"twitter:card\" content=\"summary_large_image\" \/>\n<meta name=\"twitter:creator\" content=\"@https:\/\/x.com\/portalmfoficial\" \/>\n<meta name=\"twitter:label1\" content=\"Escrito por\" \/>\n\t<meta name=\"twitter:data1\" content=\"Reda\u00e7\u00e3o Portal MF\" \/>\n\t<meta name=\"twitter:label2\" content=\"Est. tempo de leitura\" \/>\n\t<meta name=\"twitter:data2\" content=\"2 minutos\" \/>\n<script type=\"application\/ld+json\" class=\"yoast-schema-graph\">{\"@context\":\"https:\/\/schema.org\",\"@graph\":[{\"@type\":\"WebPage\",\"@id\":\"https:\/\/portalmf.com.br\/index.php\/2024\/09\/10\/quem-ama-feira-cuida-de-verdade-afirma-sandro-nazireu-candidato-a-vice-prefeito-de-ze-neto\/\",\"url\":\"https:\/\/portalmf.com.br\/index.php\/2024\/09\/10\/quem-ama-feira-cuida-de-verdade-afirma-sandro-nazireu-candidato-a-vice-prefeito-de-ze-neto\/\",\"name\":\"\u201dQuem ama Feira cuida de verdade\u201d, afirma Sandro Nazireu, candidato a vice-prefeito de Z\u00e9 Neto - Portal MF\",\"isPartOf\":{\"@id\":\"https:\/\/portalmf.com.br\/#website\"},\"primaryImageOfPage\":{\"@id\":\"https:\/\/portalmf.com.br\/index.php\/2024\/09\/10\/quem-ama-feira-cuida-de-verdade-afirma-sandro-nazireu-candidato-a-vice-prefeito-de-ze-neto\/#primaryimage\"},\"image\":{\"@id\":\"https:\/\/portalmf.com.br\/index.php\/2024\/09\/10\/quem-ama-feira-cuida-de-verdade-afirma-sandro-nazireu-candidato-a-vice-prefeito-de-ze-neto\/#primaryimage\"},\"thumbnailUrl\":\"https:\/\/portalmf.com.br\/wp-content\/uploads\/2024\/09\/Quem-ama-Feira-cuida-de-verdade-afirma-Sandro-Nazireu-candidato-a-vice-prefeito-de-Ze-Neto.jpg\",\"datePublished\":\"2024-09-10T20:39:14+00:00\",\"dateModified\":\"2024-09-10T20:39:14+00:00\",\"author\":{\"@id\":\"https:\/\/portalmf.com.br\/#\/schema\/person\/9ec101baf56233e53520c26de5d6f6f0\"},\"breadcrumb\":{\"@id\":\"https:\/\/portalmf.com.br\/index.php\/2024\/09\/10\/quem-ama-feira-cuida-de-verdade-afirma-sandro-nazireu-candidato-a-vice-prefeito-de-ze-neto\/#breadcrumb\"},\"inLanguage\":\"pt-BR\",\"potentialAction\":[{\"@type\":\"ReadAction\",\"target\":[\"https:\/\/portalmf.com.br\/index.php\/2024\/09\/10\/quem-ama-feira-cuida-de-verdade-afirma-sandro-nazireu-candidato-a-vice-prefeito-de-ze-neto\/\"]}]},{\"@type\":\"ImageObject\",\"inLanguage\":\"pt-BR\",\"@id\":\"https:\/\/portalmf.com.br\/index.php\/2024\/09\/10\/quem-ama-feira-cuida-de-verdade-afirma-sandro-nazireu-candidato-a-vice-prefeito-de-ze-neto\/#primaryimage\",\"url\":\"https:\/\/portalmf.com.br\/wp-content\/uploads\/2024\/09\/Quem-ama-Feira-cuida-de-verdade-afirma-Sandro-Nazireu-candidato-a-vice-prefeito-de-Ze-Neto.jpg\",\"contentUrl\":\"https:\/\/portalmf.com.br\/wp-content\/uploads\/2024\/09\/Quem-ama-Feira-cuida-de-verdade-afirma-Sandro-Nazireu-candidato-a-vice-prefeito-de-Ze-Neto.jpg\",\"width\":800,\"height\":650},{\"@type\":\"BreadcrumbList\",\"@id\":\"https:\/\/portalmf.com.br\/index.php\/2024\/09\/10\/quem-ama-feira-cuida-de-verdade-afirma-sandro-nazireu-candidato-a-vice-prefeito-de-ze-neto\/#breadcrumb\",\"itemListElement\":[{\"@type\":\"ListItem\",\"position\":1,\"name\":\"In\u00edcio\",\"item\":\"https:\/\/portalmf.com.br\/\"},{\"@type\":\"ListItem\",\"position\":2,\"name\":\"\u201dQuem ama Feira cuida de verdade\u201d, afirma Sandro Nazireu, candidato a vice-prefeito de Z\u00e9 Neto\"}]},{\"@type\":\"WebSite\",\"@id\":\"https:\/\/portalmf.com.br\/#website\",\"url\":\"https:\/\/portalmf.com.br\/\",\"name\":\"Portal MF\",\"description\":\"Voc\u00ea conectado com a informa\u00e7\u00e3o\",\"potentialAction\":[{\"@type\":\"SearchAction\",\"target\":{\"@type\":\"EntryPoint\",\"urlTemplate\":\"https:\/\/portalmf.com.br\/?s={search_term_string}\"},\"query-input\":\"required name=search_term_string\"}],\"inLanguage\":\"pt-BR\"},{\"@type\":\"Person\",\"@id\":\"https:\/\/portalmf.com.br\/#\/schema\/person\/9ec101baf56233e53520c26de5d6f6f0\",\"name\":\"Reda\u00e7\u00e3o Portal MF\",\"image\":{\"@type\":\"ImageObject\",\"inLanguage\":\"pt-BR\",\"@id\":\"https:\/\/portalmf.com.br\/#\/schema\/person\/image\/\",\"url\":\"https:\/\/secure.gravatar.com\/avatar\/41b9aaeb2100835f7c64362330f74c7f?s=96&d=mm&r=g\",\"contentUrl\":\"https:\/\/secure.gravatar.com\/avatar\/41b9aaeb2100835f7c64362330f74c7f?s=96&d=mm&r=g\",\"caption\":\"Reda\u00e7\u00e3o Portal MF\"},\"description\":\"Sejam bem-vindos o portal de informa\u00e7\u00f5es de entretenimento de Feira de Santana, desde 2006 realiza coberturas dos principais eventos com entrevistas exclusivas com as principais personalidades mundiais. Fique conectado tamb\u00e9m nas redes sociais.\",\"sameAs\":[\"http:\/\/www.portalmf.com.br\/\",\"https:\/\/www.facebook.com\/portalmfoficial\",\"https:\/\/www.instagram.com\/portalmf\/\",\"https:\/\/x.com\/https:\/\/x.com\/portalmfoficial\",\"https:\/\/www.youtube.com\/@portalmfoficial\"],\"url\":\"https:\/\/portalmf.com.br\/index.php\/author\/junior\/\"}]}<\/script>\n<!-- \/ Yoast SEO plugin. -->","yoast_head_json":{"title":"\u201dQuem ama Feira cuida de verdade\u201d, afirma Sandro Nazireu, candidato a vice-prefeito de Z\u00e9 Neto - Portal MF","robots":{"index":"index","follow":"follow","max-snippet":"max-snippet:-1","max-image-preview":"max-image-preview:large","max-video-preview":"max-video-preview:-1"},"canonical":"https:\/\/portalmf.com.br\/index.php\/2024\/09\/10\/quem-ama-feira-cuida-de-verdade-afirma-sandro-nazireu-candidato-a-vice-prefeito-de-ze-neto\/","og_locale":"pt_BR","og_type":"article","og_title":"\u201dQuem ama Feira cuida de verdade\u201d, afirma Sandro Nazireu, candidato a vice-prefeito de Z\u00e9 Neto - Portal MF","og_description":"O candidato a vice-prefeito da coliga\u00e7\u00e3o Pra Fazer o Futuro Acontecer, Sandro Nazireu, afirmou nesta segunda-feira (9), durante entrevista ao De Olho na Cidade, na R\u00e1dio Sociedade News FM, que o grupo pol\u00edtico de Z\u00e9 Ronaldo e Colbert praticam \u201cingratid\u00e3o dentro de Feira de Santana\u201d. L\u00edder evang\u00e9lico e cantor, Sandro Nazireu destacou que diferente da [&hellip;]","og_url":"https:\/\/portalmf.com.br\/index.php\/2024\/09\/10\/quem-ama-feira-cuida-de-verdade-afirma-sandro-nazireu-candidato-a-vice-prefeito-de-ze-neto\/","og_site_name":"Portal MF","article_author":"https:\/\/www.facebook.com\/portalmfoficial","article_published_time":"2024-09-10T20:39:14+00:00","og_image":[{"width":800,"height":650,"url":"https:\/\/portalmf.com.br\/wp-content\/uploads\/2024\/09\/Quem-ama-Feira-cuida-de-verdade-afirma-Sandro-Nazireu-candidato-a-vice-prefeito-de-Ze-Neto.jpg","type":"image\/jpeg"}],"author":"Reda\u00e7\u00e3o Portal MF","twitter_card":"summary_large_image","twitter_creator":"@https:\/\/x.com\/portalmfoficial","twitter_misc":{"Escrito por":"Reda\u00e7\u00e3o Portal MF","Est. tempo de leitura":"2 minutos"},"schema":{"@context":"https:\/\/schema.org","@graph":[{"@type":"WebPage","@id":"https:\/\/portalmf.com.br\/index.php\/2024\/09\/10\/quem-ama-feira-cuida-de-verdade-afirma-sandro-nazireu-candidato-a-vice-prefeito-de-ze-neto\/","url":"https:\/\/portalmf.com.br\/index.php\/2024\/09\/10\/quem-ama-feira-cuida-de-verdade-afirma-sandro-nazireu-candidato-a-vice-prefeito-de-ze-neto\/","name":"\u201dQuem ama Feira cuida de verdade\u201d, afirma Sandro Nazireu, candidato a vice-prefeito de Z\u00e9 Neto - Portal MF","isPartOf":{"@id":"https:\/\/portalmf.com.br\/#website"},"primaryImageOfPage":{"@id":"https:\/\/portalmf.com.br\/index.php\/2024\/09\/10\/quem-ama-feira-cuida-de-verdade-afirma-sandro-nazireu-candidato-a-vice-prefeito-de-ze-neto\/#primaryimage"},"image":{"@id":"https:\/\/portalmf.com.br\/index.php\/2024\/09\/10\/quem-ama-feira-cuida-de-verdade-afirma-sandro-nazireu-candidato-a-vice-prefeito-de-ze-neto\/#primaryimage"},"thumbnailUrl":"https:\/\/portalmf.com.br\/wp-content\/uploads\/2024\/09\/Quem-ama-Feira-cuida-de-verdade-afirma-Sandro-Nazireu-candidato-a-vice-prefeito-de-Ze-Neto.jpg","datePublished":"2024-09-10T20:39:14+00:00","dateModified":"2024-09-10T20:39:14+00:00","author":{"@id":"https:\/\/portalmf.com.br\/#\/schema\/person\/9ec101baf56233e53520c26de5d6f6f0"},"breadcrumb":{"@id":"https:\/\/portalmf.com.br\/index.php\/2024\/09\/10\/quem-ama-feira-cuida-de-verdade-afirma-sandro-nazireu-candidato-a-vice-prefeito-de-ze-neto\/#breadcrumb"},"inLanguage":"pt-BR","potentialAction":[{"@type":"ReadAction","target":["https:\/\/portalmf.com.br\/index.php\/2024\/09\/10\/quem-ama-feira-cuida-de-verdade-afirma-sandro-nazireu-candidato-a-vice-prefeito-de-ze-neto\/"]}]},{"@type":"ImageObject","inLanguage":"pt-BR","@id":"https:\/\/portalmf.com.br\/index.php\/2024\/09\/10\/quem-ama-feira-cuida-de-verdade-afirma-sandro-nazireu-candidato-a-vice-prefeito-de-ze-neto\/#primaryimage","url":"https:\/\/portalmf.com.br\/wp-content\/uploads\/2024\/09\/Quem-ama-Feira-cuida-de-verdade-afirma-Sandro-Nazireu-candidato-a-vice-prefeito-de-Ze-Neto.jpg","contentUrl":"https:\/\/portalmf.com.br\/wp-content\/uploads\/2024\/09\/Quem-ama-Feira-cuida-de-verdade-afirma-Sandro-Nazireu-candidato-a-vice-prefeito-de-Ze-Neto.jpg","width":800,"height":650},{"@type":"BreadcrumbList","@id":"https:\/\/portalmf.com.br\/index.php\/2024\/09\/10\/quem-ama-feira-cuida-de-verdade-afirma-sandro-nazireu-candidato-a-vice-prefeito-de-ze-neto\/#breadcrumb","itemListElement":[{"@type":"ListItem","position":1,"name":"In\u00edcio","item":"https:\/\/portalmf.com.br\/"},{"@type":"ListItem","position":2,"name":"\u201dQuem ama Feira cuida de verdade\u201d, afirma Sandro Nazireu, candidato a vice-prefeito de Z\u00e9 Neto"}]},{"@type":"WebSite","@id":"https:\/\/portalmf.com.br\/#website","url":"https:\/\/portalmf.com.br\/","name":"Portal MF","description":"Voc\u00ea conectado com a informa\u00e7\u00e3o","potentialAction":[{"@type":"SearchAction","target":{"@type":"EntryPoint","urlTemplate":"https:\/\/portalmf.com.br\/?s={search_term_string}"},"query-input":"required name=search_term_string"}],"inLanguage":"pt-BR"},{"@type":"Person","@id":"https:\/\/portalmf.com.br\/#\/schema\/person\/9ec101baf56233e53520c26de5d6f6f0","name":"Reda\u00e7\u00e3o Portal MF","image":{"@type":"ImageObject","inLanguage":"pt-BR","@id":"https:\/\/portalmf.com.br\/#\/schema\/person\/image\/","url":"https:\/\/secure.gravatar.com\/avatar\/41b9aaeb2100835f7c64362330f74c7f?s=96&d=mm&r=g","contentUrl":"https:\/\/secure.gravatar.com\/avatar\/41b9aaeb2100835f7c64362330f74c7f?s=96&d=mm&r=g","caption":"Reda\u00e7\u00e3o Portal MF"},"description":"Sejam bem-vindos o portal de informa\u00e7\u00f5es de entretenimento de Feira de Santana, desde 2006 realiza coberturas dos principais eventos com entrevistas exclusivas com as principais personalidades mundiais. Fique conectado tamb\u00e9m nas redes sociais.","sameAs":["http:\/\/www.portalmf.com.br\/","https:\/\/www.facebook.com\/portalmfoficial","https:\/\/www.instagram.com\/portalmf\/","https:\/\/x.com\/https:\/\/x.com\/portalmfoficial","https:\/\/www.youtube.com\/@portalmfoficial"],"url":"https:\/\/portalmf.com.br\/index.php\/author\/junior\/"}]}},"_links":{"self":[{"href":"https:\/\/portalmf.com.br\/index.php\/wp-json\/wp\/v2\/posts\/29589"}],"collection":[{"href":"https:\/\/portalmf.com.br\/index.php\/wp-json\/wp\/v2\/posts"}],"about":[{"href":"https:\/\/portalmf.com.br\/index.php\/wp-json\/wp\/v2\/types\/post"}],"author":[{"embeddable":true,"href":"https:\/\/portalmf.com.br\/index.php\/wp-json\/wp\/v2\/users\/3"}],"replies":[{"embeddable":true,"href":"https:\/\/portalmf.com.br\/index.php\/wp-json\/wp\/v2\/comments?post=29589"}],"version-history":[{"count":1,"href":"https:\/\/portalmf.com.br\/index.php\/wp-json\/wp\/v2\/posts\/29589\/revisions"}],"predecessor-version":[{"id":29591,"href":"https:\/\/portalmf.com.br\/index.php\/wp-json\/wp\/v2\/posts\/29589\/revisions\/29591"}],"wp:featuredmedia":[{"embeddable":true,"href":"https:\/\/portalmf.com.br\/index.php\/wp-json\/wp\/v2\/media\/29590"}],"wp:attachment":[{"href":"https:\/\/portalmf.com.br\/index.php\/wp-json\/wp\/v2\/media?parent=29589"}],"wp:term":[{"taxonomy":"category","embeddable":true,"href":"https:\/\/portalmf.com.br\/index.php\/wp-json\/wp\/v2\/categories?post=29589"},{"taxonomy":"post_tag","embeddable":true,"href":"https:\/\/portalmf.com.br\/index.php\/wp-json\/wp\/v2\/tags?post=29589"}],"curies":[{"name":"wp","href":"https:\/\/api.w.org\/{rel}","templated":true}]}}